{"id":9289,"date":"2020-10-27T16:56:39","date_gmt":"2020-10-27T16:56:39","guid":{"rendered":"http:\/\/tabernaculoprensadedios.com\/web\/?p=9289"},"modified":"2020-10-28T02:33:31","modified_gmt":"2020-10-28T02:33:31","slug":"el-patriotismo-y-nuestra-ciudadania-celestial","status":"publish","type":"post","link":"https:\/\/tabernaculoprensadedios.com\/web\/el-patriotismo-y-nuestra-ciudadania-celestial\/","title":{"rendered":"El patriotismo y nuestra ciudadan\u00eda celestial"},"content":{"rendered":"<p>En el \u00faltimo mes tuve la oportunidad de estar en seis pa\u00edses diferentes. En cada uno de ellos se notaba un orgullo patri\u00f3tico que un\u00eda a los habitantes y defin\u00eda la identidad de la naci\u00f3n. Los cuatro pa\u00edses europeos todav\u00eda tienen una monarqu\u00eda que se ha mantenido por generaciones, aunque son pa\u00edses democr\u00e1ticos y tambi\u00e9n tienen un parlamento que rige los destinos de las naciones. Un atractivo tur\u00edstico en estos pa\u00edses es el cambio de guardia que sucede cada d\u00eda en su Palacio Nacional en donde se puede notar c\u00f3mo la celebraci\u00f3n de la historia y herencia de la patria se promueven con orgullo.<\/p>\n<p>En M\u00e9xico hubo elecciones presidenciales y la alta participaci\u00f3n ciudadana hizo que los comicios fueran una verdadera fiesta democr\u00e1tica en la cual se deposita una esperanza por un pa\u00eds mejor para todos. Los mexicanos eligieron a un nuevo presidente y por primera vez en mucho tiempo todos los candidatos reconocieron al ganador y la sociedad unida espera que el ganador cumpla sus promesas de campa\u00f1a. Por \u00faltimo, en los Estados Unidos se celebr\u00f3 una vez m\u00e1s la independencia y esta festividad dio la oportunidad de mostrar el patriotismo de todos los que vivimos en este pa\u00eds.<\/p>\n<p>Tambi\u00e9n tuve la oportunidad de visitar algunas iglesias en estos pa\u00edses. Pude convivir con creyentes de diferentes nacionalidades y fue evidente la unidad y hermandad que Cristo ofrece la cual trasciende fronteras, idiomas y naciones. Me gusta escuchar m\u00fasica cristiana en diferentes idiomas y en Noruega pude comprar un disco de alabanza que disfruto, aunque solamente puedo entender un par de palabras porque creo que el lenguaje de la alabanza es universal. En una iglesia en M\u00e9xico la bandera mexicana estaba en el edificio y el mensaje se relacionaba con las elecciones que transcurr\u00edan ese d\u00eda, pero al mismo tiempo se les recordaba a los creyentes que su identidad y confianza primeramente deb\u00eda estar centrada en Cristo. En los Estados Unidos tanto creyentes como no creyentes celebran la independencia, pero afortunadamente \u00faltimamente muchos l\u00edderes cristianos est\u00e1n haciendo un llamado a no confundir la alabanza a Dios con la devoci\u00f3n a un pa\u00eds.<\/p>\n<p>Estas circunstancias me han puesto a pensar en dos asuntos fundamentales para todos los seguidores de Cristo sin importar su nacionalidad. En primer lugar, todos los cristianos tienen por lo menos dos nacionalidades en la que la ciudadan\u00eda celestial deber tener prioridad. En segundo lugar, los creyentes deben obedecer y apoyar al gobierno de la naci\u00f3n en donde viven, pero no deben confundir las leyes del gobierno con las leyes de Dios ya que \u00e9stas siempre deben ser su prioridad en todo momento.<\/p>\n<p>Un tema central del Nuevo Testamento es que todos los creyentes somos extranjeros y peregrinos (inmigrantes) en esta tierra porque tenemos una ciudadan\u00eda eterna y celestial como afirma <strong>Filipenses 3:20<\/strong>: \u00abMas nuestra ciudadan\u00eda est\u00e1 en los cielos, de donde tambi\u00e9n esperamos al Salvador, al Se\u00f1or Jesucristo\u00bb. Otros pasajes tambi\u00e9n ense\u00f1an esta importante realidad como \u00abAmados, yo os ruego como a extranjeros y peregrinos, que os absteng\u00e1is de los deseos carnales que batallan contra el alma\u00bb <strong>1 Pedro 2:11<\/strong>; \u00abY vino y anunci\u00f3 las buenas nuevas de paz a vosotros que estabais lejos, y a los que estaban cerca; porque por medio de \u00e9l los unos y los otros tenemos entrada por un mismo Esp\u00edritu al Padre. As\u00ed que ya no sois extranjeros ni advenedizos, sino conciudadanos de los santos, y miembros de la familia de Dios\u00bb <strong>Efesios 2:17-19<\/strong>; \u00abConforme a la fe murieron todos \u00e9stos sin haber recibido lo prometido, sino mir\u00e1ndolo de lejos, y crey\u00e9ndolo, y salud\u00e1ndolo, y confesando que eran extranjeros y peregrinos sobre la tierra\u00bb <strong>Hebreos 11:13.<\/strong><\/p>\n<p>As\u00ed que, todos los cristianos somos ciudadanos del pa\u00eds donde nacimos o vivimos, pero tambi\u00e9n somos inmigrantes en ese lugar porque tenemos una ciudadan\u00eda celestial y todos vivimos con la tensi\u00f3n de honrar nuestros deberes como ciudadanos de ambos lugares. A pesar de nuestra identidad nacional, los creyentes estamos unidos en Cristo y formamos parte de una comunidad mundial que trasciende fronteras. La iglesia universal no tiene muros o controles migratorios y es un verdadero placer encontrar miembros de la familia de Dios en otros pa\u00edses y alabar juntos al Se\u00f1or, aunque hablemos idiomas diferentes. Por lo tanto, es importante celebrar nuestra identidad nacional y apoyar a nuestro pa\u00eds como buenos ciudadanos, pero al mismo tiempo honrar nuestra ciudadan\u00eda celestial que compartimos con todos los creyentes del mundo.<\/p>\n<p>Como ciudadanos de un pa\u00eds tenemos que participar en las elecciones y respetar al gobierno, pero nunca debemos confundir las leyes de Dios con las leyes del mundo. Los gobiernos por m\u00e1s loables que sean son imperfectos y los cristianos debemos vivir bajo los est\u00e1ndares de conducta celestiales. Por ejemplo, la declaraci\u00f3n de Independencia de los Estados Unidos es un extraordinario documento que sirvi\u00f3 de modelo a muchas otras naciones. Al inicio contiene una de las afirmaciones m\u00e1s hermosas sobre el prop\u00f3sito de los seres humanos y la funci\u00f3n del gobierno para defender y promover este ideal: \u00abSostenemos que estas verdades son evidentes en s\u00ed mismas: que todos los hombres son creados iguales; que son dotados por su Creador de ciertos derechos inalienables; que entre \u00e9stos est\u00e1n la vida, la libertad y la b\u00fasqueda de la felicidad\u00bb.<\/p>\n<p>Desgraciadamente, en la misma declaraci\u00f3n se refiere a los habitantes nativos como \u00abinmisericordes indios salvajes, cuya conocida disposici\u00f3n para la guerra se distingue por la destrucci\u00f3n de vidas, sin considerar edades, sexos ni condiciones\u00bb a pesar de que ellos fueron los desplazados, aniquilados y sometidos. As\u00ed que, como seguidores de Cristo, debemos obedecer las leyes divinas en todo momento a\u00fan cuando las leyes humanas promuevan valores diferentes. La dignidad y valor de todos los seres humanos es un principio que siempre debemos apoyar, defender e impulsar.<\/p>\n<p>El te\u00f3logo Cornelius Plantinga describe acertadamente la relaci\u00f3n entre los creyentes y el gobierno de su pa\u00eds: \u00abLa Iglesia cristiana obedece al estado, pero obedece a Dios primero. El estado es el instrumento divino de justicia y paz, pero al igual que todo lo dem\u00e1s, necesita ser reformado. As\u00ed que, ofrecemos nuestra obediencia, pero no nuestra reverencia. Honramos al estado, pero tambi\u00e9n lo vigilamos \u2026 Algunas veces honramos al estado al protestar sus maldades y al rehusarnos rendirnos ante ellas. Despu\u00e9s de todo, C\u00e9sar es el emperador, pero Cristo es el Se\u00f1or, y los cristianos son personas que conocen la diferencia\u00bb (Beyond Doubt).<\/p>\n<p>Como cristianos podemos celebrar nuestra herencia y ser buenos patriotas, pero al mismo tiempo celebramos la unidad que tenemos con otros cristianos de todo el mundo. Nuestra ciudadan\u00eda celestial nos une y nos impulsa a vivir de acuerdo a los valores divinos que siempre son perfectos y siempre promueven la dignidad y valor de todos los seres humanos.<\/p>\n","protected":false},"excerpt":{"rendered":"<p>En el \u00faltimo mes tuve la oportunidad de estar en seis pa\u00edses diferentes. En cada uno de ellos se notaba un orgullo patri\u00f3tico que un\u00eda a los habitantes y defin\u00eda la identidad de la naci\u00f3n. Los cuatro pa\u00edses europeos todav\u00eda tienen una monarqu\u00eda que se ha mantenido por generaciones, aunque son pa\u00edses democr\u00e1ticos y tambi\u00e9n &hellip;<\/p>\n","protected":false},"author":1,"featured_media":9290,"comment_status":"open","ping_status":"open","sticky":false,"template":"","format":"standard","meta":{"footnotes":""},"categories":[34],"tags":[],"class_list":["post-9289","post","type-post","status-publish","format-standard","has-post-thumbnail","hentry","category-articulos"],"yoast_head":"<!-- This site is optimized with the Yoast SEO Premium plugin v24.2 (Yoast SEO v27.1.1) - https:\/\/yoast.com\/product\/yoast-seo-premium-wordpress\/ -->\n<title>El patriotismo y nuestra ciudadan\u00eda celestial - Tabernaculo Prensa de Dios<\/title>\n<meta name=\"robots\" content=\"index, follow, max-snippet:-1, max-image-preview:large, max-video-preview:-1\" \/>\n<link rel=\"canonical\" href=\"https:\/\/tabernaculoprensadedios.com\/web\/el-patriotismo-y-nuestra-ciudadania-celestial\/\" class=\"yoast-seo-meta-tag\" \/>\n<meta property=\"og:locale\" content=\"es_ES\" class=\"yoast-seo-meta-tag\" \/>\n<meta property=\"og:type\" content=\"article\" class=\"yoast-seo-meta-tag\" \/>\n<meta property=\"og:title\" content=\"El patriotismo y nuestra ciudadan\u00eda celestial\" class=\"yoast-seo-meta-tag\" \/>\n<meta property=\"og:description\" content=\"En el \u00faltimo mes tuve la oportunidad de estar en seis pa\u00edses diferentes. En cada uno de ellos se notaba un orgullo patri\u00f3tico que un\u00eda a los habitantes y defin\u00eda la identidad de la naci\u00f3n. Los cuatro pa\u00edses europeos todav\u00eda tienen una monarqu\u00eda que se ha mantenido por generaciones, aunque son pa\u00edses democr\u00e1ticos y tambi\u00e9n &hellip;\" class=\"yoast-seo-meta-tag\" \/>\n<meta property=\"og:url\" content=\"https:\/\/tabernaculoprensadedios.com\/web\/el-patriotismo-y-nuestra-ciudadania-celestial\/\" class=\"yoast-seo-meta-tag\" \/>\n<meta property=\"og:site_name\" content=\"Tabernaculo Prensa de Dios\" class=\"yoast-seo-meta-tag\" \/>\n<meta property=\"article:published_time\" content=\"2020-10-27T16:56:39+00:00\" class=\"yoast-seo-meta-tag\" \/>\n<meta property=\"article:modified_time\" content=\"2020-10-28T02:33:31+00:00\" class=\"yoast-seo-meta-tag\" \/>\n<meta property=\"og:image\" content=\"https:\/\/tabernaculoprensadedios.com\/web\/wp-content\/uploads\/2018\/08\/El-patriotismo-y-nuestra-ciudadan\u00eda-celestial.jpg\" class=\"yoast-seo-meta-tag\" \/>\n\t<meta property=\"og:image:width\" content=\"640\" class=\"yoast-seo-meta-tag\" \/>\n\t<meta property=\"og:image:height\" content=\"274\" class=\"yoast-seo-meta-tag\" \/>\n\t<meta property=\"og:image:type\" content=\"image\/jpeg\" class=\"yoast-seo-meta-tag\" \/>\n<meta name=\"author\" content=\"tabernaculo\" class=\"yoast-seo-meta-tag\" \/>\n<meta name=\"twitter:card\" content=\"summary_large_image\" class=\"yoast-seo-meta-tag\" \/>\n<meta name=\"twitter:creator\" content=\"@PrensadeDios\" class=\"yoast-seo-meta-tag\" \/>\n<meta name=\"twitter:site\" content=\"@PrensadeDios\" class=\"yoast-seo-meta-tag\" \/>\n<meta name=\"twitter:label1\" content=\"Escrito por\" class=\"yoast-seo-meta-tag\" \/>\n\t<meta name=\"twitter:data1\" content=\"tabernaculo\" class=\"yoast-seo-meta-tag\" \/>\n\t<meta name=\"twitter:label2\" content=\"Tiempo de lectura\" class=\"yoast-seo-meta-tag\" \/>\n\t<meta name=\"twitter:data2\" content=\"6 minutos\" class=\"yoast-seo-meta-tag\" \/>\n<script type=\"application\/ld+json\" class=\"yoast-schema-graph\">{\"@context\":\"https:\/\/schema.org\",\"@graph\":[{\"@type\":\"Article\",\"@id\":\"https:\/\/tabernaculoprensadedios.com\/web\/el-patriotismo-y-nuestra-ciudadania-celestial\/#article\",\"isPartOf\":{\"@id\":\"https:\/\/tabernaculoprensadedios.com\/web\/el-patriotismo-y-nuestra-ciudadania-celestial\/\"},\"author\":{\"name\":\"tabernaculo\",\"@id\":\"https:\/\/tabernaculoprensadedios.com\/web\/#\/schema\/person\/bc0e069fef56b38e177db6f098ae0b6e\"},\"headline\":\"El patriotismo y nuestra ciudadan\u00eda celestial\",\"datePublished\":\"2020-10-27T16:56:39+00:00\",\"dateModified\":\"2020-10-28T02:33:31+00:00\",\"mainEntityOfPage\":{\"@id\":\"https:\/\/tabernaculoprensadedios.com\/web\/el-patriotismo-y-nuestra-ciudadania-celestial\/\"},\"wordCount\":1196,\"commentCount\":0,\"publisher\":{\"@id\":\"https:\/\/tabernaculoprensadedios.com\/web\/#\/schema\/person\/bc0e069fef56b38e177db6f098ae0b6e\"},\"image\":{\"@id\":\"https:\/\/tabernaculoprensadedios.com\/web\/el-patriotismo-y-nuestra-ciudadania-celestial\/#primaryimage\"},\"thumbnailUrl\":\"https:\/\/tabernaculoprensadedios.com\/web\/wp-content\/uploads\/2018\/08\/El-patriotismo-y-nuestra-ciudadan\u00eda-celestial.jpg\",\"articleSection\":[\"Articulos\"],\"inLanguage\":\"es\",\"potentialAction\":[{\"@type\":\"CommentAction\",\"name\":\"Comment\",\"target\":[\"https:\/\/tabernaculoprensadedios.com\/web\/el-patriotismo-y-nuestra-ciudadania-celestial\/#respond\"]}]},{\"@type\":\"WebPage\",\"@id\":\"https:\/\/tabernaculoprensadedios.com\/web\/el-patriotismo-y-nuestra-ciudadania-celestial\/\",\"url\":\"https:\/\/tabernaculoprensadedios.com\/web\/el-patriotismo-y-nuestra-ciudadania-celestial\/\",\"name\":\"El patriotismo y nuestra ciudadan\u00eda celestial - Tabernaculo Prensa de Dios\",\"isPartOf\":{\"@id\":\"https:\/\/tabernaculoprensadedios.com\/web\/#website\"},\"primaryImageOfPage\":{\"@id\":\"https:\/\/tabernaculoprensadedios.com\/web\/el-patriotismo-y-nuestra-ciudadania-celestial\/#primaryimage\"},\"image\":{\"@id\":\"https:\/\/tabernaculoprensadedios.com\/web\/el-patriotismo-y-nuestra-ciudadania-celestial\/#primaryimage\"},\"thumbnailUrl\":\"https:\/\/tabernaculoprensadedios.com\/web\/wp-content\/uploads\/2018\/08\/El-patriotismo-y-nuestra-ciudadan\u00eda-celestial.jpg\",\"datePublished\":\"2020-10-27T16:56:39+00:00\",\"dateModified\":\"2020-10-28T02:33:31+00:00\",\"breadcrumb\":{\"@id\":\"https:\/\/tabernaculoprensadedios.com\/web\/el-patriotismo-y-nuestra-ciudadania-celestial\/#breadcrumb\"},\"inLanguage\":\"es\",\"potentialAction\":[{\"@type\":\"ReadAction\",\"target\":[\"https:\/\/tabernaculoprensadedios.com\/web\/el-patriotismo-y-nuestra-ciudadania-celestial\/\"]}]},{\"@type\":\"ImageObject\",\"inLanguage\":\"es\",\"@id\":\"https:\/\/tabernaculoprensadedios.com\/web\/el-patriotismo-y-nuestra-ciudadania-celestial\/#primaryimage\",\"url\":\"https:\/\/tabernaculoprensadedios.com\/web\/wp-content\/uploads\/2018\/08\/El-patriotismo-y-nuestra-ciudadan\u00eda-celestial.jpg\",\"contentUrl\":\"https:\/\/tabernaculoprensadedios.com\/web\/wp-content\/uploads\/2018\/08\/El-patriotismo-y-nuestra-ciudadan\u00eda-celestial.jpg\",\"width\":\"640\",\"height\":\"274\"},{\"@type\":\"BreadcrumbList\",\"@id\":\"https:\/\/tabernaculoprensadedios.com\/web\/el-patriotismo-y-nuestra-ciudadania-celestial\/#breadcrumb\",\"itemListElement\":[{\"@type\":\"ListItem\",\"position\":1,\"name\":\"Portada\",\"item\":\"https:\/\/tabernaculoprensadedios.com\/web\/\"},{\"@type\":\"ListItem\",\"position\":2,\"name\":\"El patriotismo y nuestra ciudadan\u00eda celestial\"}]},{\"@type\":\"WebSite\",\"@id\":\"https:\/\/tabernaculoprensadedios.com\/web\/#website\",\"url\":\"https:\/\/tabernaculoprensadedios.com\/web\/\",\"name\":\"Tabernaculo Prensa de Dios\",\"description\":\"Un medio a la manera de Dios\",\"publisher\":{\"@id\":\"https:\/\/tabernaculoprensadedios.com\/web\/#\/schema\/person\/bc0e069fef56b38e177db6f098ae0b6e\"},\"potentialAction\":[{\"@type\":\"SearchAction\",\"target\":{\"@type\":\"EntryPoint\",\"urlTemplate\":\"https:\/\/tabernaculoprensadedios.com\/web\/?s={search_term_string}\"},\"query-input\":{\"@type\":\"PropertyValueSpecification\",\"valueRequired\":true,\"valueName\":\"search_term_string\"}}],\"inLanguage\":\"es\"},{\"@type\":[\"Person\",\"Organization\"],\"@id\":\"https:\/\/tabernaculoprensadedios.com\/web\/#\/schema\/person\/bc0e069fef56b38e177db6f098ae0b6e\",\"name\":\"tabernaculo\",\"image\":{\"@type\":\"ImageObject\",\"inLanguage\":\"es\",\"@id\":\"https:\/\/tabernaculoprensadedios.com\/web\/#\/schema\/person\/image\/\",\"url\":\"https:\/\/tabernaculoprensadedios.com\/web\/wp-content\/uploads\/2015\/06\/login-logo1.png\",\"contentUrl\":\"https:\/\/tabernaculoprensadedios.com\/web\/wp-content\/uploads\/2015\/06\/login-logo1.png\",\"width\":300,\"height\":118,\"caption\":\"tabernaculo\"},\"logo\":{\"@id\":\"https:\/\/tabernaculoprensadedios.com\/web\/#\/schema\/person\/image\/\"},\"url\":\"https:\/\/tabernaculoprensadedios.com\/web\/author\/tabernaculo\/\"}]}<\/script>\n<!-- \/ Yoast SEO Premium plugin. -->","yoast_head_json":{"title":"El patriotismo y nuestra ciudadan\u00eda celestial - Tabernaculo Prensa de Dios","robots":{"index":"index","follow":"follow","max-snippet":"max-snippet:-1","max-image-preview":"max-image-preview:large","max-video-preview":"max-video-preview:-1"},"canonical":"https:\/\/tabernaculoprensadedios.com\/web\/el-patriotismo-y-nuestra-ciudadania-celestial\/","og_locale":"es_ES","og_type":"article","og_title":"El patriotismo y nuestra ciudadan\u00eda celestial","og_description":"En el \u00faltimo mes tuve la oportunidad de estar en seis pa\u00edses diferentes. En cada uno de ellos se notaba un orgullo patri\u00f3tico que un\u00eda a los habitantes y defin\u00eda la identidad de la naci\u00f3n. Los cuatro pa\u00edses europeos todav\u00eda tienen una monarqu\u00eda que se ha mantenido por generaciones, aunque son pa\u00edses democr\u00e1ticos y tambi\u00e9n &hellip;","og_url":"https:\/\/tabernaculoprensadedios.com\/web\/el-patriotismo-y-nuestra-ciudadania-celestial\/","og_site_name":"Tabernaculo Prensa de Dios","article_published_time":"2020-10-27T16:56:39+00:00","article_modified_time":"2020-10-28T02:33:31+00:00","og_image":[{"width":640,"height":274,"url":"https:\/\/tabernaculoprensadedios.com\/web\/wp-content\/uploads\/2018\/08\/El-patriotismo-y-nuestra-ciudadan\u00eda-celestial.jpg","type":"image\/jpeg"}],"author":"tabernaculo","twitter_card":"summary_large_image","twitter_creator":"@PrensadeDios","twitter_site":"@PrensadeDios","twitter_misc":{"Escrito por":"tabernaculo","Tiempo de lectura":"6 minutos"},"schema":{"@context":"https:\/\/schema.org","@graph":[{"@type":"Article","@id":"https:\/\/tabernaculoprensadedios.com\/web\/el-patriotismo-y-nuestra-ciudadania-celestial\/#article","isPartOf":{"@id":"https:\/\/tabernaculoprensadedios.com\/web\/el-patriotismo-y-nuestra-ciudadania-celestial\/"},"author":{"name":"tabernaculo","@id":"https:\/\/tabernaculoprensadedios.com\/web\/#\/schema\/person\/bc0e069fef56b38e177db6f098ae0b6e"},"headline":"El patriotismo y nuestra ciudadan\u00eda celestial","datePublished":"2020-10-27T16:56:39+00:00","dateModified":"2020-10-28T02:33:31+00:00","mainEntityOfPage":{"@id":"https:\/\/tabernaculoprensadedios.com\/web\/el-patriotismo-y-nuestra-ciudadania-celestial\/"},"wordCount":1196,"commentCount":0,"publisher":{"@id":"https:\/\/tabernaculoprensadedios.com\/web\/#\/schema\/person\/bc0e069fef56b38e177db6f098ae0b6e"},"image":{"@id":"https:\/\/tabernaculoprensadedios.com\/web\/el-patriotismo-y-nuestra-ciudadania-celestial\/#primaryimage"},"thumbnailUrl":"https:\/\/tabernaculoprensadedios.com\/web\/wp-content\/uploads\/2018\/08\/El-patriotismo-y-nuestra-ciudadan\u00eda-celestial.jpg","articleSection":["Articulos"],"inLanguage":"es","potentialAction":[{"@type":"CommentAction","name":"Comment","target":["https:\/\/tabernaculoprensadedios.com\/web\/el-patriotismo-y-nuestra-ciudadania-celestial\/#respond"]}]},{"@type":"WebPage","@id":"https:\/\/tabernaculoprensadedios.com\/web\/el-patriotismo-y-nuestra-ciudadania-celestial\/","url":"https:\/\/tabernaculoprensadedios.com\/web\/el-patriotismo-y-nuestra-ciudadania-celestial\/","name":"El patriotismo y nuestra ciudadan\u00eda celestial - Tabernaculo Prensa de Dios","isPartOf":{"@id":"https:\/\/tabernaculoprensadedios.com\/web\/#website"},"primaryImageOfPage":{"@id":"https:\/\/tabernaculoprensadedios.com\/web\/el-patriotismo-y-nuestra-ciudadania-celestial\/#primaryimage"},"image":{"@id":"https:\/\/tabernaculoprensadedios.com\/web\/el-patriotismo-y-nuestra-ciudadania-celestial\/#primaryimage"},"thumbnailUrl":"https:\/\/tabernaculoprensadedios.com\/web\/wp-content\/uploads\/2018\/08\/El-patriotismo-y-nuestra-ciudadan\u00eda-celestial.jpg","datePublished":"2020-10-27T16:56:39+00:00","dateModified":"2020-10-28T02:33:31+00:00","breadcrumb":{"@id":"https:\/\/tabernaculoprensadedios.com\/web\/el-patriotismo-y-nuestra-ciudadania-celestial\/#breadcrumb"},"inLanguage":"es","potentialAction":[{"@type":"ReadAction","target":["https:\/\/tabernaculoprensadedios.com\/web\/el-patriotismo-y-nuestra-ciudadania-celestial\/"]}]},{"@type":"ImageObject","inLanguage":"es","@id":"https:\/\/tabernaculoprensadedios.com\/web\/el-patriotismo-y-nuestra-ciudadania-celestial\/#primaryimage","url":"https:\/\/tabernaculoprensadedios.com\/web\/wp-content\/uploads\/2018\/08\/El-patriotismo-y-nuestra-ciudadan\u00eda-celestial.jpg","contentUrl":"https:\/\/tabernaculoprensadedios.com\/web\/wp-content\/uploads\/2018\/08\/El-patriotismo-y-nuestra-ciudadan\u00eda-celestial.jpg","width":"640","height":"274"},{"@type":"BreadcrumbList","@id":"https:\/\/tabernaculoprensadedios.com\/web\/el-patriotismo-y-nuestra-ciudadania-celestial\/#breadcrumb","itemListElement":[{"@type":"ListItem","position":1,"name":"Portada","item":"https:\/\/tabernaculoprensadedios.com\/web\/"},{"@type":"ListItem","position":2,"name":"El patriotismo y nuestra ciudadan\u00eda celestial"}]},{"@type":"WebSite","@id":"https:\/\/tabernaculoprensadedios.com\/web\/#website","url":"https:\/\/tabernaculoprensadedios.com\/web\/","name":"Tabernaculo Prensa de Dios","description":"Un medio a la manera de Dios","publisher":{"@id":"https:\/\/tabernaculoprensadedios.com\/web\/#\/schema\/person\/bc0e069fef56b38e177db6f098ae0b6e"},"potentialAction":[{"@type":"SearchAction","target":{"@type":"EntryPoint","urlTemplate":"https:\/\/tabernaculoprensadedios.com\/web\/?s={search_term_string}"},"query-input":{"@type":"PropertyValueSpecification","valueRequired":true,"valueName":"search_term_string"}}],"inLanguage":"es"},{"@type":["Person","Organization"],"@id":"https:\/\/tabernaculoprensadedios.com\/web\/#\/schema\/person\/bc0e069fef56b38e177db6f098ae0b6e","name":"tabernaculo","image":{"@type":"ImageObject","inLanguage":"es","@id":"https:\/\/tabernaculoprensadedios.com\/web\/#\/schema\/person\/image\/","url":"https:\/\/tabernaculoprensadedios.com\/web\/wp-content\/uploads\/2015\/06\/login-logo1.png","contentUrl":"https:\/\/tabernaculoprensadedios.com\/web\/wp-content\/uploads\/2015\/06\/login-logo1.png","width":300,"height":118,"caption":"tabernaculo"},"logo":{"@id":"https:\/\/tabernaculoprensadedios.com\/web\/#\/schema\/person\/image\/"},"url":"https:\/\/tabernaculoprensadedios.com\/web\/author\/tabernaculo\/"}]}},"_links":{"self":[{"href":"https:\/\/tabernaculoprensadedios.com\/web\/wp-json\/wp\/v2\/posts\/9289","targetHints":{"allow":["GET"]}}],"collection":[{"href":"https:\/\/tabernaculoprensadedios.com\/web\/wp-json\/wp\/v2\/posts"}],"about":[{"href":"https:\/\/tabernaculoprensadedios.com\/web\/wp-json\/wp\/v2\/types\/post"}],"author":[{"embeddable":true,"href":"https:\/\/tabernaculoprensadedios.com\/web\/wp-json\/wp\/v2\/users\/1"}],"replies":[{"embeddable":true,"href":"https:\/\/tabernaculoprensadedios.com\/web\/wp-json\/wp\/v2\/comments?post=9289"}],"version-history":[{"count":1,"href":"https:\/\/tabernaculoprensadedios.com\/web\/wp-json\/wp\/v2\/posts\/9289\/revisions"}],"predecessor-version":[{"id":9291,"href":"https:\/\/tabernaculoprensadedios.com\/web\/wp-json\/wp\/v2\/posts\/9289\/revisions\/9291"}],"wp:featuredmedia":[{"embeddable":true,"href":"https:\/\/tabernaculoprensadedios.com\/web\/wp-json\/wp\/v2\/media\/9290"}],"wp:attachment":[{"href":"https:\/\/tabernaculoprensadedios.com\/web\/wp-json\/wp\/v2\/media?parent=9289"}],"wp:term":[{"taxonomy":"category","embeddable":true,"href":"https:\/\/tabernaculoprensadedios.com\/web\/wp-json\/wp\/v2\/categories?post=9289"},{"taxonomy":"post_tag","embeddable":true,"href":"https:\/\/tabernaculoprensadedios.com\/web\/wp-json\/wp\/v2\/tags?post=9289"}],"curies":[{"name":"wp","href":"https:\/\/api.w.org\/{rel}","templated":true}]}}