{"id":5827,"date":"2018-02-12T00:20:31","date_gmt":"2018-02-12T00:20:31","guid":{"rendered":"http:\/\/tabernaculoprensadedios.com\/web\/?p=5827"},"modified":"2018-02-15T00:22:59","modified_gmt":"2018-02-15T00:22:59","slug":"el-poder-de-la-oracion-de-fe","status":"publish","type":"post","link":"https:\/\/tabernaculoprensadedios.com\/web\/el-poder-de-la-oracion-de-fe\/","title":{"rendered":"El poder de la oraci\u00f3n de fe"},"content":{"rendered":"<p class=\"m_8131024992826662861x_MsoNormal\">Cuando una persona que le da importancia a una vida de oraci\u00f3n, siempre Dios inclina sus o\u00eddos para escuchar sus peticiones y le responde de acuerdo a su santa y bendita voluntad. Es algo maravilloso al \u00a0ver que su oraci\u00f3n de fe ha sido o\u00edda y respondida por el Dios Todopoderoso, creador del cielo y de la tierra y del mundo y de todo lo que en \u00e9l hay.<\/p>\n<p class=\"m_8131024992826662861x_MsoNormal\">La fe es la certeza de lo que se espera, la convicci\u00f3n de lo que no se ve, <strong>Hebreos 11:2.<\/strong> Cuando vivimos la vida por fe en nuestro Se\u00f1or Jesucristo, estamos preparados para enfrentar toda situaci\u00f3n por adversa que sea, con la seguridad de salir victorioso.<\/p>\n<p class=\"m_8131024992826662861x_MsoNormal\">Nuestro Dios y Padre de nuestro Se\u00f1or Jesucristo\u00a0 nos manda a orar Siempre Con Acci\u00f3n De Gracias.<strong> Efesios 6:18<\/strong> dice: \u201cOrando en todo tiempo con toda oraci\u00f3n y s\u00faplica en el Esp\u00edritu, y velando en ello con toda perseverancia y s\u00faplica por todos los santos\u201d.<\/p>\n<p class=\"m_8131024992826662861x_MsoNormal\">El ap\u00f3stol Pablo nos dice en <strong>Filipenses 4:6-7:<\/strong> \u201cPor nada est\u00e9is afanosos, sino sean conocidas vuestras peticiones delante de Dios en toda oraci\u00f3n y ruego, con acci\u00f3n de gracias. Y la paz de Dios, que sobrepasa todo entendimiento, guardar\u00e1 vuestros corazones y vuestros pensamientos en Cristo Jes\u00fas\u201d.<\/p>\n<p class=\"m_8131024992826662861x_MsoNormal\">\u00a0La Sanidad divina no podemos dejar de testificarla cuando la hemos visto y o\u00eddo, \u00a0Hechos 4:20. D\u00e1ndole las \u00a0gracias a Dios por la participaci\u00f3n de un esp\u00edritu de paz, de amor y armon\u00eda\u00a0 que inspira alabar \u00a0a nuestro Se\u00f1or Jesucristo.<\/p>\n<p class=\"m_8131024992826662861x_MsoNormal\">Traigo esto a colaci\u00f3n, por una majestuosa entrevista en el desayuno del <strong>LISTIN DIARIO<\/strong> el martes 12 de septiembre 2017, que nos concedi\u00f3 su director Miguel Franjul, , donde se produjo un hecho sobresaliente que con humildad debemos testificar.<\/p>\n<p class=\"m_8131024992826662861x_MsoNormal\">Fue \u00a0el milagro ocurrido, \u00a0siendo testigo ocular de la Sanidad Divina, que se produjo en el cuerpo de \u00a0Miguel Franjul, ya que estando fuertemente afectado por un virus gripal, oramos a Dios y fue sanado que constituyo un divino regalo del Eterno, que ocurri\u00f3 antes de\u00a0 recibir a los invitados al \u00a0desayuno, en vista de que no se sent\u00eda nada bien de salud.<\/p>\n<p class=\"m_8131024992826662861x_MsoNormal\">\u00a0 Ore a mi Dios, creyendo que \u00e9l recibir\u00eda la sanidad para luego participar en el desayuno pautado.<strong> Franjul\u00a0 crey\u00f3 y vio su pronta\u00a0 recuperaci\u00f3n, producto de la oraci\u00f3n contestada.\u00a0<\/strong><\/p>\n<p class=\"m_8131024992826662861x_MsoNormal\">Cuando entramos volv\u00ed a pedirle al consejo acad\u00e9mico que sell\u00e1ramos por\u00a0 fe lo que ya DIOS hab\u00eda hecho con una oraci\u00f3n a su favor, y el Se\u00f1or hizo la obra devolviendo la salud a su cuerpo. Despu\u00e9s de eso, pues dimos\u00a0 las gracias a Dios, y la apertura a dicho encuentro pautado ya en la agenda de Dios.<\/p>\n<p class=\"m_8131024992826662861x_MsoNormal\">\u00a0Dice Dios en Su Palabra: \u201cPedid, y se os dar\u00e1; buscad, y hallar\u00e9is; llamad, y se os abrir\u00e1. Porque todo aquel que pide, recibe; y el que busca, halla; y al que llama, se le abrir\u00e1.\u201d <strong>Mateo 7-7-8.<\/strong><\/p>\n<p class=\"m_8131024992826662861x_MsoNormal\"><strong>Franjul dio gracias a Dios por el milagro recibido<\/strong>, y dijo: \u00bb Gracias Margarita, tu oraci\u00f3n de fe me ha sanado\u00bb.\u00a0\u00a0 \u201cMas \u00e9l herido fue por nuestras rebeliones, molido por nuestros pecados; el castigo de nuestra paz fue sobre \u00e9l, y por su llaga fuimos nosotros curados.\u201d <strong>Isa\u00edas 53:5.<\/strong><\/p>\n<p class=\"m_8131024992826662861x_MsoNormal\">\u00a0Al siguiente d\u00eda del Desayuno del List\u00edn,\u00a0 donde estuve que ir bien temprano a recoger el cd de las fotograf\u00edas, el director declar\u00f3, \u00a0en la redacci\u00f3n y a su asistente personal: \u00abPor el poder de la oraci\u00f3n de fe, estoy aqu\u00ed en el peri\u00f3dico en este d\u00eda\u00bb.\u00a0 La Palabra De Dios declara: \u201cPero pida con fe, no dudando nada; porque el que duda es semejante a la onda del mar, que es arrastrada por el viento y echada de una parte a otra.\u201d Santiago 1:6.<\/p>\n<p class=\"m_8131024992826662861x_MsoNormal\">\u00a0No importa d\u00f3nde se encuentre el enfermo, Dios sana en cualquier lugar, solamente oremos con fe, como\u00a0 se procedi\u00f3\u00a0 ante el virus que ten\u00eda el director en el Desayuno del List\u00edn Diario, y Dios se glorific\u00f3, a Su Nombre Gloria, \u201c\u00bfEst\u00e1 alguno enfermo entre vosotros? Llame a los ancianos de la iglesia, y oren por \u00e9l, ungi\u00e9ndole con aceite en el nombre del Se\u00f1or. Y la oraci\u00f3n de fe salvar\u00e1 al enfermo, y el Se\u00f1or lo levantar\u00e1; y si hubiere cometido pecados, le ser\u00e1n perdonados.\u201d <strong>Santiago 5:14-15.<\/strong><\/p>\n<p class=\"m_8131024992826662861x_MsoNormal\">\u00a0Esa es la fe, \u00a0una palabra de tan solo dos letras, pero grande en significado, de tal manera que las muchas p\u00e1ginas de un\u00a0 peri\u00f3dico no ser\u00edan suficientes para definir su amplio\u00a0 significado.<\/p>\n<p class=\"m_8131024992826662861x_MsoNormal\">\u00a0\u00a1<b>LA GLORIA Y LA HONRA SEA TODA PARA DIOS!<\/b><\/p>\n","protected":false},"excerpt":{"rendered":"<p>Cuando una persona que le da importancia a una vida de oraci\u00f3n, siempre Dios inclina sus o\u00eddos para escuchar sus peticiones y le responde de acuerdo a su santa y bendita voluntad. Es algo maravilloso al \u00a0ver que su oraci\u00f3n de fe ha sido o\u00edda y respondida por el Dios Todopoderoso, creador del cielo y &hellip;<\/p>\n","protected":false},"author":1,"featured_media":5828,"comment_status":"open","ping_status":"open","sticky":false,"template":"","format":"standard","meta":{"footnotes":""},"categories":[49],"tags":[],"class_list":["post-5827","post","type-post","status-publish","format-standard","has-post-thumbnail","hentry","category-testimonios-de-margarita"],"yoast_head":"<!-- This site is optimized with the Yoast SEO Premium plugin v24.2 (Yoast SEO v27.1.1) - https:\/\/yoast.com\/product\/yoast-seo-premium-wordpress\/ -->\n<title>El poder de la oraci\u00f3n de fe - Tabernaculo Prensa de Dios<\/title>\n<meta name=\"robots\" content=\"index, follow, max-snippet:-1, max-image-preview:large, max-video-preview:-1\" \/>\n<link rel=\"canonical\" href=\"https:\/\/tabernaculoprensadedios.com\/web\/el-poder-de-la-oracion-de-fe\/\" class=\"yoast-seo-meta-tag\" \/>\n<meta property=\"og:locale\" content=\"es_ES\" class=\"yoast-seo-meta-tag\" \/>\n<meta property=\"og:type\" content=\"article\" class=\"yoast-seo-meta-tag\" \/>\n<meta property=\"og:title\" content=\"El poder de la oraci\u00f3n de fe\" class=\"yoast-seo-meta-tag\" \/>\n<meta property=\"og:description\" content=\"Cuando una persona que le da importancia a una vida de oraci\u00f3n, siempre Dios inclina sus o\u00eddos para escuchar sus peticiones y le responde de acuerdo a su santa y bendita voluntad. Es algo maravilloso al \u00a0ver que su oraci\u00f3n de fe ha sido o\u00edda y respondida por el Dios Todopoderoso, creador del cielo y &hellip;\" class=\"yoast-seo-meta-tag\" \/>\n<meta property=\"og:url\" content=\"https:\/\/tabernaculoprensadedios.com\/web\/el-poder-de-la-oracion-de-fe\/\" class=\"yoast-seo-meta-tag\" \/>\n<meta property=\"og:site_name\" content=\"Tabernaculo Prensa de Dios\" class=\"yoast-seo-meta-tag\" \/>\n<meta property=\"article:published_time\" content=\"2018-02-12T00:20:31+00:00\" class=\"yoast-seo-meta-tag\" \/>\n<meta property=\"article:modified_time\" content=\"2018-02-15T00:22:59+00:00\" class=\"yoast-seo-meta-tag\" \/>\n<meta property=\"og:image\" content=\"https:\/\/tabernaculoprensadedios.com\/web\/wp-content\/uploads\/2018\/02\/unev1.jpg\" class=\"yoast-seo-meta-tag\" \/>\n\t<meta property=\"og:image:width\" content=\"948\" class=\"yoast-seo-meta-tag\" \/>\n\t<meta property=\"og:image:height\" content=\"407\" class=\"yoast-seo-meta-tag\" \/>\n\t<meta property=\"og:image:type\" content=\"image\/jpeg\" class=\"yoast-seo-meta-tag\" \/>\n<meta name=\"author\" content=\"tabernaculo\" class=\"yoast-seo-meta-tag\" \/>\n<meta name=\"twitter:card\" content=\"summary_large_image\" class=\"yoast-seo-meta-tag\" \/>\n<meta name=\"twitter:creator\" content=\"@PrensadeDios\" class=\"yoast-seo-meta-tag\" \/>\n<meta name=\"twitter:site\" content=\"@PrensadeDios\" class=\"yoast-seo-meta-tag\" \/>\n<meta name=\"twitter:label1\" content=\"Escrito por\" class=\"yoast-seo-meta-tag\" \/>\n\t<meta name=\"twitter:data1\" content=\"tabernaculo\" class=\"yoast-seo-meta-tag\" \/>\n\t<meta name=\"twitter:label2\" content=\"Tiempo de lectura\" class=\"yoast-seo-meta-tag\" \/>\n\t<meta name=\"twitter:data2\" content=\"4 minutos\" class=\"yoast-seo-meta-tag\" \/>\n<script type=\"application\/ld+json\" class=\"yoast-schema-graph\">{\"@context\":\"https:\/\/schema.org\",\"@graph\":[{\"@type\":\"Article\",\"@id\":\"https:\/\/tabernaculoprensadedios.com\/web\/el-poder-de-la-oracion-de-fe\/#article\",\"isPartOf\":{\"@id\":\"https:\/\/tabernaculoprensadedios.com\/web\/el-poder-de-la-oracion-de-fe\/\"},\"author\":{\"name\":\"tabernaculo\",\"@id\":\"https:\/\/tabernaculoprensadedios.com\/web\/#\/schema\/person\/bc0e069fef56b38e177db6f098ae0b6e\"},\"headline\":\"El poder de la oraci\u00f3n de fe\",\"datePublished\":\"2018-02-12T00:20:31+00:00\",\"dateModified\":\"2018-02-15T00:22:59+00:00\",\"mainEntityOfPage\":{\"@id\":\"https:\/\/tabernaculoprensadedios.com\/web\/el-poder-de-la-oracion-de-fe\/\"},\"wordCount\":793,\"commentCount\":0,\"publisher\":{\"@id\":\"https:\/\/tabernaculoprensadedios.com\/web\/#\/schema\/person\/bc0e069fef56b38e177db6f098ae0b6e\"},\"image\":{\"@id\":\"https:\/\/tabernaculoprensadedios.com\/web\/el-poder-de-la-oracion-de-fe\/#primaryimage\"},\"thumbnailUrl\":\"https:\/\/tabernaculoprensadedios.com\/web\/wp-content\/uploads\/2018\/02\/unev1.jpg\",\"articleSection\":[\"TESTIMONIOS DE MARGARITA\"],\"inLanguage\":\"es\",\"potentialAction\":[{\"@type\":\"CommentAction\",\"name\":\"Comment\",\"target\":[\"https:\/\/tabernaculoprensadedios.com\/web\/el-poder-de-la-oracion-de-fe\/#respond\"]}]},{\"@type\":\"WebPage\",\"@id\":\"https:\/\/tabernaculoprensadedios.com\/web\/el-poder-de-la-oracion-de-fe\/\",\"url\":\"https:\/\/tabernaculoprensadedios.com\/web\/el-poder-de-la-oracion-de-fe\/\",\"name\":\"El poder de la oraci\u00f3n de fe - Tabernaculo Prensa de Dios\",\"isPartOf\":{\"@id\":\"https:\/\/tabernaculoprensadedios.com\/web\/#website\"},\"primaryImageOfPage\":{\"@id\":\"https:\/\/tabernaculoprensadedios.com\/web\/el-poder-de-la-oracion-de-fe\/#primaryimage\"},\"image\":{\"@id\":\"https:\/\/tabernaculoprensadedios.com\/web\/el-poder-de-la-oracion-de-fe\/#primaryimage\"},\"thumbnailUrl\":\"https:\/\/tabernaculoprensadedios.com\/web\/wp-content\/uploads\/2018\/02\/unev1.jpg\",\"datePublished\":\"2018-02-12T00:20:31+00:00\",\"dateModified\":\"2018-02-15T00:22:59+00:00\",\"breadcrumb\":{\"@id\":\"https:\/\/tabernaculoprensadedios.com\/web\/el-poder-de-la-oracion-de-fe\/#breadcrumb\"},\"inLanguage\":\"es\",\"potentialAction\":[{\"@type\":\"ReadAction\",\"target\":[\"https:\/\/tabernaculoprensadedios.com\/web\/el-poder-de-la-oracion-de-fe\/\"]}]},{\"@type\":\"ImageObject\",\"inLanguage\":\"es\",\"@id\":\"https:\/\/tabernaculoprensadedios.com\/web\/el-poder-de-la-oracion-de-fe\/#primaryimage\",\"url\":\"https:\/\/tabernaculoprensadedios.com\/web\/wp-content\/uploads\/2018\/02\/unev1.jpg\",\"contentUrl\":\"https:\/\/tabernaculoprensadedios.com\/web\/wp-content\/uploads\/2018\/02\/unev1.jpg\",\"width\":948,\"height\":407},{\"@type\":\"BreadcrumbList\",\"@id\":\"https:\/\/tabernaculoprensadedios.com\/web\/el-poder-de-la-oracion-de-fe\/#breadcrumb\",\"itemListElement\":[{\"@type\":\"ListItem\",\"position\":1,\"name\":\"Portada\",\"item\":\"https:\/\/tabernaculoprensadedios.com\/web\/\"},{\"@type\":\"ListItem\",\"position\":2,\"name\":\"El poder de la oraci\u00f3n de fe\"}]},{\"@type\":\"WebSite\",\"@id\":\"https:\/\/tabernaculoprensadedios.com\/web\/#website\",\"url\":\"https:\/\/tabernaculoprensadedios.com\/web\/\",\"name\":\"Tabernaculo Prensa de Dios\",\"description\":\"Un medio a la manera de Dios\",\"publisher\":{\"@id\":\"https:\/\/tabernaculoprensadedios.com\/web\/#\/schema\/person\/bc0e069fef56b38e177db6f098ae0b6e\"},\"potentialAction\":[{\"@type\":\"SearchAction\",\"target\":{\"@type\":\"EntryPoint\",\"urlTemplate\":\"https:\/\/tabernaculoprensadedios.com\/web\/?s={search_term_string}\"},\"query-input\":{\"@type\":\"PropertyValueSpecification\",\"valueRequired\":true,\"valueName\":\"search_term_string\"}}],\"inLanguage\":\"es\"},{\"@type\":[\"Person\",\"Organization\"],\"@id\":\"https:\/\/tabernaculoprensadedios.com\/web\/#\/schema\/person\/bc0e069fef56b38e177db6f098ae0b6e\",\"name\":\"tabernaculo\",\"image\":{\"@type\":\"ImageObject\",\"inLanguage\":\"es\",\"@id\":\"https:\/\/tabernaculoprensadedios.com\/web\/#\/schema\/person\/image\/\",\"url\":\"https:\/\/tabernaculoprensadedios.com\/web\/wp-content\/uploads\/2015\/06\/login-logo1.png\",\"contentUrl\":\"https:\/\/tabernaculoprensadedios.com\/web\/wp-content\/uploads\/2015\/06\/login-logo1.png\",\"width\":300,\"height\":118,\"caption\":\"tabernaculo\"},\"logo\":{\"@id\":\"https:\/\/tabernaculoprensadedios.com\/web\/#\/schema\/person\/image\/\"},\"url\":\"https:\/\/tabernaculoprensadedios.com\/web\/author\/tabernaculo\/\"}]}<\/script>\n<!-- \/ Yoast SEO Premium plugin. -->","yoast_head_json":{"title":"El poder de la oraci\u00f3n de fe - Tabernaculo Prensa de Dios","robots":{"index":"index","follow":"follow","max-snippet":"max-snippet:-1","max-image-preview":"max-image-preview:large","max-video-preview":"max-video-preview:-1"},"canonical":"https:\/\/tabernaculoprensadedios.com\/web\/el-poder-de-la-oracion-de-fe\/","og_locale":"es_ES","og_type":"article","og_title":"El poder de la oraci\u00f3n de fe","og_description":"Cuando una persona que le da importancia a una vida de oraci\u00f3n, siempre Dios inclina sus o\u00eddos para escuchar sus peticiones y le responde de acuerdo a su santa y bendita voluntad. Es algo maravilloso al \u00a0ver que su oraci\u00f3n de fe ha sido o\u00edda y respondida por el Dios Todopoderoso, creador del cielo y &hellip;","og_url":"https:\/\/tabernaculoprensadedios.com\/web\/el-poder-de-la-oracion-de-fe\/","og_site_name":"Tabernaculo Prensa de Dios","article_published_time":"2018-02-12T00:20:31+00:00","article_modified_time":"2018-02-15T00:22:59+00:00","og_image":[{"width":948,"height":407,"url":"https:\/\/tabernaculoprensadedios.com\/web\/wp-content\/uploads\/2018\/02\/unev1.jpg","type":"image\/jpeg"}],"author":"tabernaculo","twitter_card":"summary_large_image","twitter_creator":"@PrensadeDios","twitter_site":"@PrensadeDios","twitter_misc":{"Escrito por":"tabernaculo","Tiempo de lectura":"4 minutos"},"schema":{"@context":"https:\/\/schema.org","@graph":[{"@type":"Article","@id":"https:\/\/tabernaculoprensadedios.com\/web\/el-poder-de-la-oracion-de-fe\/#article","isPartOf":{"@id":"https:\/\/tabernaculoprensadedios.com\/web\/el-poder-de-la-oracion-de-fe\/"},"author":{"name":"tabernaculo","@id":"https:\/\/tabernaculoprensadedios.com\/web\/#\/schema\/person\/bc0e069fef56b38e177db6f098ae0b6e"},"headline":"El poder de la oraci\u00f3n de fe","datePublished":"2018-02-12T00:20:31+00:00","dateModified":"2018-02-15T00:22:59+00:00","mainEntityOfPage":{"@id":"https:\/\/tabernaculoprensadedios.com\/web\/el-poder-de-la-oracion-de-fe\/"},"wordCount":793,"commentCount":0,"publisher":{"@id":"https:\/\/tabernaculoprensadedios.com\/web\/#\/schema\/person\/bc0e069fef56b38e177db6f098ae0b6e"},"image":{"@id":"https:\/\/tabernaculoprensadedios.com\/web\/el-poder-de-la-oracion-de-fe\/#primaryimage"},"thumbnailUrl":"https:\/\/tabernaculoprensadedios.com\/web\/wp-content\/uploads\/2018\/02\/unev1.jpg","articleSection":["TESTIMONIOS DE MARGARITA"],"inLanguage":"es","potentialAction":[{"@type":"CommentAction","name":"Comment","target":["https:\/\/tabernaculoprensadedios.com\/web\/el-poder-de-la-oracion-de-fe\/#respond"]}]},{"@type":"WebPage","@id":"https:\/\/tabernaculoprensadedios.com\/web\/el-poder-de-la-oracion-de-fe\/","url":"https:\/\/tabernaculoprensadedios.com\/web\/el-poder-de-la-oracion-de-fe\/","name":"El poder de la oraci\u00f3n de fe - Tabernaculo Prensa de Dios","isPartOf":{"@id":"https:\/\/tabernaculoprensadedios.com\/web\/#website"},"primaryImageOfPage":{"@id":"https:\/\/tabernaculoprensadedios.com\/web\/el-poder-de-la-oracion-de-fe\/#primaryimage"},"image":{"@id":"https:\/\/tabernaculoprensadedios.com\/web\/el-poder-de-la-oracion-de-fe\/#primaryimage"},"thumbnailUrl":"https:\/\/tabernaculoprensadedios.com\/web\/wp-content\/uploads\/2018\/02\/unev1.jpg","datePublished":"2018-02-12T00:20:31+00:00","dateModified":"2018-02-15T00:22:59+00:00","breadcrumb":{"@id":"https:\/\/tabernaculoprensadedios.com\/web\/el-poder-de-la-oracion-de-fe\/#breadcrumb"},"inLanguage":"es","potentialAction":[{"@type":"ReadAction","target":["https:\/\/tabernaculoprensadedios.com\/web\/el-poder-de-la-oracion-de-fe\/"]}]},{"@type":"ImageObject","inLanguage":"es","@id":"https:\/\/tabernaculoprensadedios.com\/web\/el-poder-de-la-oracion-de-fe\/#primaryimage","url":"https:\/\/tabernaculoprensadedios.com\/web\/wp-content\/uploads\/2018\/02\/unev1.jpg","contentUrl":"https:\/\/tabernaculoprensadedios.com\/web\/wp-content\/uploads\/2018\/02\/unev1.jpg","width":948,"height":407},{"@type":"BreadcrumbList","@id":"https:\/\/tabernaculoprensadedios.com\/web\/el-poder-de-la-oracion-de-fe\/#breadcrumb","itemListElement":[{"@type":"ListItem","position":1,"name":"Portada","item":"https:\/\/tabernaculoprensadedios.com\/web\/"},{"@type":"ListItem","position":2,"name":"El poder de la oraci\u00f3n de fe"}]},{"@type":"WebSite","@id":"https:\/\/tabernaculoprensadedios.com\/web\/#website","url":"https:\/\/tabernaculoprensadedios.com\/web\/","name":"Tabernaculo Prensa de Dios","description":"Un medio a la manera de Dios","publisher":{"@id":"https:\/\/tabernaculoprensadedios.com\/web\/#\/schema\/person\/bc0e069fef56b38e177db6f098ae0b6e"},"potentialAction":[{"@type":"SearchAction","target":{"@type":"EntryPoint","urlTemplate":"https:\/\/tabernaculoprensadedios.com\/web\/?s={search_term_string}"},"query-input":{"@type":"PropertyValueSpecification","valueRequired":true,"valueName":"search_term_string"}}],"inLanguage":"es"},{"@type":["Person","Organization"],"@id":"https:\/\/tabernaculoprensadedios.com\/web\/#\/schema\/person\/bc0e069fef56b38e177db6f098ae0b6e","name":"tabernaculo","image":{"@type":"ImageObject","inLanguage":"es","@id":"https:\/\/tabernaculoprensadedios.com\/web\/#\/schema\/person\/image\/","url":"https:\/\/tabernaculoprensadedios.com\/web\/wp-content\/uploads\/2015\/06\/login-logo1.png","contentUrl":"https:\/\/tabernaculoprensadedios.com\/web\/wp-content\/uploads\/2015\/06\/login-logo1.png","width":300,"height":118,"caption":"tabernaculo"},"logo":{"@id":"https:\/\/tabernaculoprensadedios.com\/web\/#\/schema\/person\/image\/"},"url":"https:\/\/tabernaculoprensadedios.com\/web\/author\/tabernaculo\/"}]}},"_links":{"self":[{"href":"https:\/\/tabernaculoprensadedios.com\/web\/wp-json\/wp\/v2\/posts\/5827","targetHints":{"allow":["GET"]}}],"collection":[{"href":"https:\/\/tabernaculoprensadedios.com\/web\/wp-json\/wp\/v2\/posts"}],"about":[{"href":"https:\/\/tabernaculoprensadedios.com\/web\/wp-json\/wp\/v2\/types\/post"}],"author":[{"embeddable":true,"href":"https:\/\/tabernaculoprensadedios.com\/web\/wp-json\/wp\/v2\/users\/1"}],"replies":[{"embeddable":true,"href":"https:\/\/tabernaculoprensadedios.com\/web\/wp-json\/wp\/v2\/comments?post=5827"}],"version-history":[{"count":1,"href":"https:\/\/tabernaculoprensadedios.com\/web\/wp-json\/wp\/v2\/posts\/5827\/revisions"}],"predecessor-version":[{"id":5829,"href":"https:\/\/tabernaculoprensadedios.com\/web\/wp-json\/wp\/v2\/posts\/5827\/revisions\/5829"}],"wp:featuredmedia":[{"embeddable":true,"href":"https:\/\/tabernaculoprensadedios.com\/web\/wp-json\/wp\/v2\/media\/5828"}],"wp:attachment":[{"href":"https:\/\/tabernaculoprensadedios.com\/web\/wp-json\/wp\/v2\/media?parent=5827"}],"wp:term":[{"taxonomy":"category","embeddable":true,"href":"https:\/\/tabernaculoprensadedios.com\/web\/wp-json\/wp\/v2\/categories?post=5827"},{"taxonomy":"post_tag","embeddable":true,"href":"https:\/\/tabernaculoprensadedios.com\/web\/wp-json\/wp\/v2\/tags?post=5827"}],"curies":[{"name":"wp","href":"https:\/\/api.w.org\/{rel}","templated":true}]}}