{"id":5431,"date":"2018-02-04T19:47:01","date_gmt":"2018-02-04T19:47:01","guid":{"rendered":"http:\/\/tabernaculoprensadedios.com\/web\/?p=5431"},"modified":"2018-02-04T19:47:01","modified_gmt":"2018-02-04T19:47:01","slug":"misionero-coreano-liberado-narra-su-sufrimiento","status":"publish","type":"post","link":"https:\/\/tabernaculoprensadedios.com\/web\/misionero-coreano-liberado-narra-su-sufrimiento\/","title":{"rendered":"Misionero coreano liberado narra su sufrimiento"},"content":{"rendered":"<p>En su primera aparici\u00f3n p\u00fablica, Hyeon Soo Lim, de 62 a\u00f1os, describi\u00f3 la dura vida de trabajos forzados que sufri\u00f3 en un presidio norcoreano.<\/p>\n<p>El pastor canadiense Hyeon Soo Lim, sentenciado en diciembre de 2015 a cadena perpetua en Corea del Norte y liberado la semana pasada, revel\u00f3 algunos pormenores de su confinamiento, informa CBC News.<\/p>\n<p>Este domingo, en su primera aparici\u00f3n p\u00fablica frente a su congregaci\u00f3n en una iglesia presbiteriana de Toronto (Canad\u00e1), Lim, de 62 a\u00f1os de edad, describi\u00f3 la dura vida de los trabajos forzados y la \u00ababrumadora soledad\u00bb sufrida durante su presidio.<\/p>\n<p>Seg\u00fan asegur\u00f3, en los primeros meses perdi\u00f3 unos 23 kilos de peso y permaneci\u00f3 aislado. \u00abDesde el primer d\u00eda de mi detenci\u00f3n hasta el d\u00eda en que fui liberado, tuve 2.757 comidas aislado. Era dif\u00edcil ver cu\u00e1ndo y c\u00f3mo terminar\u00eda todo ese calvario\u00bb, relat\u00f3.<\/p>\n<p>En invierno era obligado a cavar agujeros en el suelo congelado y en verano a trabajar bajo el sol durante ocho horas diarias. Tambi\u00e9n labor\u00f3 en una instalaci\u00f3n de almacenamiento de carb\u00f3n.<\/p>\n<p>\u00abEl suelo estaba congelado. El barro era tan duro que tom\u00f3 dos d\u00edas cavar un agujero. Era incre\u00edblemente dif\u00edcil\u00bb, asever\u00f3 Lim.<\/p>\n<p>En tales condiciones, el duro trabajo f\u00edsico lo llev\u00f3 a ser hospitalizado en cuatro ocasiones, y ser\u00eda su delicado estado de salud una de las razones por las que puesto finalmente en libertad.<\/p>\n<p>El misionero afirm\u00f3 que durante su primer a\u00f1o de reclusi\u00f3n no ten\u00eda biblia, por lo que ley\u00f3 m\u00e1s de 100 libros y vio m\u00e1s de 300 pel\u00edculas, todas sobre Corea del Norte. M\u00e1s tarde, recibi\u00f3 una biblia en coreano e ingl\u00e9s, que ley\u00f3 cinco veces y de la cual memoriz\u00f3 m\u00e1s de 700 versos, ya que se le prohib\u00eda escribir.<\/p>\n<p>Finalmente, el religioso agradeci\u00f3 a los gobiernos de Canad\u00e1 y Suecia por lograr su regreso. Expres\u00f3 su alegr\u00eda por estar de nuevo al lado de su familia y subray\u00f3 que \u00abDios\u00bb le dio la \u00abcapacidad de imaginar\u00bb que recuperar\u00eda su libertad de nuevo.<\/p>\n<p>El pastor realiz\u00f3 m\u00e1s de 110 misiones humanitarias a Corea del Norte y fue detenido en enero de 2015 por supuesta conspiraci\u00f3n para lograr el derrocamiento del r\u00e9gimen de Kim Jong-un.<br \/>\nEl anuncio sobre su liberaci\u00f3n se realiz\u00f3 luego de que una delegaci\u00f3n del Gobierno de Canad\u00e1 visitara Pionyang para tratar su caso.<\/p>\n","protected":false},"excerpt":{"rendered":"<p>En su primera aparici\u00f3n p\u00fablica, Hyeon Soo Lim, de 62 a\u00f1os, describi\u00f3 la dura vida de trabajos forzados que sufri\u00f3 en un presidio norcoreano. El pastor canadiense Hyeon Soo Lim, sentenciado en diciembre de 2015 a cadena perpetua en Corea del Norte y liberado la semana pasada, revel\u00f3 algunos pormenores de su confinamiento, informa CBC &hellip;<\/p>\n","protected":false},"author":1,"featured_media":5432,"comment_status":"open","ping_status":"open","sticky":false,"template":"","format":"standard","meta":{"footnotes":""},"categories":[30],"tags":[],"class_list":["post-5431","post","type-post","status-publish","format-standard","has-post-thumbnail","hentry","category-reportajes"],"yoast_head":"<!-- This site is optimized with the Yoast SEO Premium plugin v24.2 (Yoast SEO v27.1.1) - https:\/\/yoast.com\/product\/yoast-seo-premium-wordpress\/ -->\n<title>Misionero coreano liberado narra su sufrimiento - Tabernaculo Prensa de Dios<\/title>\n<meta name=\"robots\" content=\"index, follow, max-snippet:-1, max-image-preview:large, max-video-preview:-1\" \/>\n<link rel=\"canonical\" href=\"https:\/\/tabernaculoprensadedios.com\/web\/misionero-coreano-liberado-narra-su-sufrimiento\/\" class=\"yoast-seo-meta-tag\" \/>\n<meta property=\"og:locale\" content=\"es_ES\" class=\"yoast-seo-meta-tag\" \/>\n<meta property=\"og:type\" content=\"article\" class=\"yoast-seo-meta-tag\" \/>\n<meta property=\"og:title\" content=\"Misionero coreano liberado narra su sufrimiento\" class=\"yoast-seo-meta-tag\" \/>\n<meta property=\"og:description\" content=\"En su primera aparici\u00f3n p\u00fablica, Hyeon Soo Lim, de 62 a\u00f1os, describi\u00f3 la dura vida de trabajos forzados que sufri\u00f3 en un presidio norcoreano. El pastor canadiense Hyeon Soo Lim, sentenciado en diciembre de 2015 a cadena perpetua en Corea del Norte y liberado la semana pasada, revel\u00f3 algunos pormenores de su confinamiento, informa CBC &hellip;\" class=\"yoast-seo-meta-tag\" \/>\n<meta property=\"og:url\" content=\"https:\/\/tabernaculoprensadedios.com\/web\/misionero-coreano-liberado-narra-su-sufrimiento\/\" class=\"yoast-seo-meta-tag\" \/>\n<meta property=\"og:site_name\" content=\"Tabernaculo Prensa de Dios\" class=\"yoast-seo-meta-tag\" \/>\n<meta property=\"article:published_time\" content=\"2018-02-04T19:47:01+00:00\" class=\"yoast-seo-meta-tag\" \/>\n<meta property=\"og:image\" content=\"https:\/\/tabernaculoprensadedios.com\/web\/wp-content\/uploads\/2018\/02\/Misionero-coreano-liberado-narra-su-sufrimiento.jpg\" class=\"yoast-seo-meta-tag\" \/>\n\t<meta property=\"og:image:width\" content=\"836\" class=\"yoast-seo-meta-tag\" \/>\n\t<meta property=\"og:image:height\" content=\"544\" class=\"yoast-seo-meta-tag\" \/>\n\t<meta property=\"og:image:type\" content=\"image\/jpeg\" class=\"yoast-seo-meta-tag\" \/>\n<meta name=\"author\" content=\"tabernaculo\" class=\"yoast-seo-meta-tag\" \/>\n<meta name=\"twitter:card\" content=\"summary_large_image\" class=\"yoast-seo-meta-tag\" \/>\n<meta name=\"twitter:creator\" content=\"@PrensadeDios\" class=\"yoast-seo-meta-tag\" \/>\n<meta name=\"twitter:site\" content=\"@PrensadeDios\" class=\"yoast-seo-meta-tag\" \/>\n<meta name=\"twitter:label1\" content=\"Escrito por\" class=\"yoast-seo-meta-tag\" \/>\n\t<meta name=\"twitter:data1\" content=\"tabernaculo\" class=\"yoast-seo-meta-tag\" \/>\n\t<meta name=\"twitter:label2\" content=\"Tiempo de lectura\" class=\"yoast-seo-meta-tag\" \/>\n\t<meta name=\"twitter:data2\" content=\"2 minutos\" class=\"yoast-seo-meta-tag\" \/>\n<script type=\"application\/ld+json\" class=\"yoast-schema-graph\">{\"@context\":\"https:\/\/schema.org\",\"@graph\":[{\"@type\":\"Article\",\"@id\":\"https:\/\/tabernaculoprensadedios.com\/web\/misionero-coreano-liberado-narra-su-sufrimiento\/#article\",\"isPartOf\":{\"@id\":\"https:\/\/tabernaculoprensadedios.com\/web\/misionero-coreano-liberado-narra-su-sufrimiento\/\"},\"author\":{\"name\":\"tabernaculo\",\"@id\":\"https:\/\/tabernaculoprensadedios.com\/web\/#\/schema\/person\/bc0e069fef56b38e177db6f098ae0b6e\"},\"headline\":\"Misionero coreano liberado narra su sufrimiento\",\"datePublished\":\"2018-02-04T19:47:01+00:00\",\"mainEntityOfPage\":{\"@id\":\"https:\/\/tabernaculoprensadedios.com\/web\/misionero-coreano-liberado-narra-su-sufrimiento\/\"},\"wordCount\":418,\"commentCount\":0,\"publisher\":{\"@id\":\"https:\/\/tabernaculoprensadedios.com\/web\/#\/schema\/person\/bc0e069fef56b38e177db6f098ae0b6e\"},\"image\":{\"@id\":\"https:\/\/tabernaculoprensadedios.com\/web\/misionero-coreano-liberado-narra-su-sufrimiento\/#primaryimage\"},\"thumbnailUrl\":\"https:\/\/tabernaculoprensadedios.com\/web\/wp-content\/uploads\/2018\/02\/Misionero-coreano-liberado-narra-su-sufrimiento.jpg\",\"articleSection\":[\"Reportajes\"],\"inLanguage\":\"es\",\"potentialAction\":[{\"@type\":\"CommentAction\",\"name\":\"Comment\",\"target\":[\"https:\/\/tabernaculoprensadedios.com\/web\/misionero-coreano-liberado-narra-su-sufrimiento\/#respond\"]}]},{\"@type\":\"WebPage\",\"@id\":\"https:\/\/tabernaculoprensadedios.com\/web\/misionero-coreano-liberado-narra-su-sufrimiento\/\",\"url\":\"https:\/\/tabernaculoprensadedios.com\/web\/misionero-coreano-liberado-narra-su-sufrimiento\/\",\"name\":\"Misionero coreano liberado narra su sufrimiento - Tabernaculo Prensa de Dios\",\"isPartOf\":{\"@id\":\"https:\/\/tabernaculoprensadedios.com\/web\/#website\"},\"primaryImageOfPage\":{\"@id\":\"https:\/\/tabernaculoprensadedios.com\/web\/misionero-coreano-liberado-narra-su-sufrimiento\/#primaryimage\"},\"image\":{\"@id\":\"https:\/\/tabernaculoprensadedios.com\/web\/misionero-coreano-liberado-narra-su-sufrimiento\/#primaryimage\"},\"thumbnailUrl\":\"https:\/\/tabernaculoprensadedios.com\/web\/wp-content\/uploads\/2018\/02\/Misionero-coreano-liberado-narra-su-sufrimiento.jpg\",\"datePublished\":\"2018-02-04T19:47:01+00:00\",\"breadcrumb\":{\"@id\":\"https:\/\/tabernaculoprensadedios.com\/web\/misionero-coreano-liberado-narra-su-sufrimiento\/#breadcrumb\"},\"inLanguage\":\"es\",\"potentialAction\":[{\"@type\":\"ReadAction\",\"target\":[\"https:\/\/tabernaculoprensadedios.com\/web\/misionero-coreano-liberado-narra-su-sufrimiento\/\"]}]},{\"@type\":\"ImageObject\",\"inLanguage\":\"es\",\"@id\":\"https:\/\/tabernaculoprensadedios.com\/web\/misionero-coreano-liberado-narra-su-sufrimiento\/#primaryimage\",\"url\":\"https:\/\/tabernaculoprensadedios.com\/web\/wp-content\/uploads\/2018\/02\/Misionero-coreano-liberado-narra-su-sufrimiento.jpg\",\"contentUrl\":\"https:\/\/tabernaculoprensadedios.com\/web\/wp-content\/uploads\/2018\/02\/Misionero-coreano-liberado-narra-su-sufrimiento.jpg\",\"width\":836,\"height\":544},{\"@type\":\"BreadcrumbList\",\"@id\":\"https:\/\/tabernaculoprensadedios.com\/web\/misionero-coreano-liberado-narra-su-sufrimiento\/#breadcrumb\",\"itemListElement\":[{\"@type\":\"ListItem\",\"position\":1,\"name\":\"Portada\",\"item\":\"https:\/\/tabernaculoprensadedios.com\/web\/\"},{\"@type\":\"ListItem\",\"position\":2,\"name\":\"Misionero coreano liberado narra su sufrimiento\"}]},{\"@type\":\"WebSite\",\"@id\":\"https:\/\/tabernaculoprensadedios.com\/web\/#website\",\"url\":\"https:\/\/tabernaculoprensadedios.com\/web\/\",\"name\":\"Tabernaculo Prensa de Dios\",\"description\":\"Un medio a la manera de Dios\",\"publisher\":{\"@id\":\"https:\/\/tabernaculoprensadedios.com\/web\/#\/schema\/person\/bc0e069fef56b38e177db6f098ae0b6e\"},\"potentialAction\":[{\"@type\":\"SearchAction\",\"target\":{\"@type\":\"EntryPoint\",\"urlTemplate\":\"https:\/\/tabernaculoprensadedios.com\/web\/?s={search_term_string}\"},\"query-input\":{\"@type\":\"PropertyValueSpecification\",\"valueRequired\":true,\"valueName\":\"search_term_string\"}}],\"inLanguage\":\"es\"},{\"@type\":[\"Person\",\"Organization\"],\"@id\":\"https:\/\/tabernaculoprensadedios.com\/web\/#\/schema\/person\/bc0e069fef56b38e177db6f098ae0b6e\",\"name\":\"tabernaculo\",\"image\":{\"@type\":\"ImageObject\",\"inLanguage\":\"es\",\"@id\":\"https:\/\/tabernaculoprensadedios.com\/web\/#\/schema\/person\/image\/\",\"url\":\"https:\/\/tabernaculoprensadedios.com\/web\/wp-content\/uploads\/2015\/06\/login-logo1.png\",\"contentUrl\":\"https:\/\/tabernaculoprensadedios.com\/web\/wp-content\/uploads\/2015\/06\/login-logo1.png\",\"width\":300,\"height\":118,\"caption\":\"tabernaculo\"},\"logo\":{\"@id\":\"https:\/\/tabernaculoprensadedios.com\/web\/#\/schema\/person\/image\/\"},\"url\":\"https:\/\/tabernaculoprensadedios.com\/web\/author\/tabernaculo\/\"}]}<\/script>\n<!-- \/ Yoast SEO Premium plugin. -->","yoast_head_json":{"title":"Misionero coreano liberado narra su sufrimiento - Tabernaculo Prensa de Dios","robots":{"index":"index","follow":"follow","max-snippet":"max-snippet:-1","max-image-preview":"max-image-preview:large","max-video-preview":"max-video-preview:-1"},"canonical":"https:\/\/tabernaculoprensadedios.com\/web\/misionero-coreano-liberado-narra-su-sufrimiento\/","og_locale":"es_ES","og_type":"article","og_title":"Misionero coreano liberado narra su sufrimiento","og_description":"En su primera aparici\u00f3n p\u00fablica, Hyeon Soo Lim, de 62 a\u00f1os, describi\u00f3 la dura vida de trabajos forzados que sufri\u00f3 en un presidio norcoreano. El pastor canadiense Hyeon Soo Lim, sentenciado en diciembre de 2015 a cadena perpetua en Corea del Norte y liberado la semana pasada, revel\u00f3 algunos pormenores de su confinamiento, informa CBC &hellip;","og_url":"https:\/\/tabernaculoprensadedios.com\/web\/misionero-coreano-liberado-narra-su-sufrimiento\/","og_site_name":"Tabernaculo Prensa de Dios","article_published_time":"2018-02-04T19:47:01+00:00","og_image":[{"width":836,"height":544,"url":"https:\/\/tabernaculoprensadedios.com\/web\/wp-content\/uploads\/2018\/02\/Misionero-coreano-liberado-narra-su-sufrimiento.jpg","type":"image\/jpeg"}],"author":"tabernaculo","twitter_card":"summary_large_image","twitter_creator":"@PrensadeDios","twitter_site":"@PrensadeDios","twitter_misc":{"Escrito por":"tabernaculo","Tiempo de lectura":"2 minutos"},"schema":{"@context":"https:\/\/schema.org","@graph":[{"@type":"Article","@id":"https:\/\/tabernaculoprensadedios.com\/web\/misionero-coreano-liberado-narra-su-sufrimiento\/#article","isPartOf":{"@id":"https:\/\/tabernaculoprensadedios.com\/web\/misionero-coreano-liberado-narra-su-sufrimiento\/"},"author":{"name":"tabernaculo","@id":"https:\/\/tabernaculoprensadedios.com\/web\/#\/schema\/person\/bc0e069fef56b38e177db6f098ae0b6e"},"headline":"Misionero coreano liberado narra su sufrimiento","datePublished":"2018-02-04T19:47:01+00:00","mainEntityOfPage":{"@id":"https:\/\/tabernaculoprensadedios.com\/web\/misionero-coreano-liberado-narra-su-sufrimiento\/"},"wordCount":418,"commentCount":0,"publisher":{"@id":"https:\/\/tabernaculoprensadedios.com\/web\/#\/schema\/person\/bc0e069fef56b38e177db6f098ae0b6e"},"image":{"@id":"https:\/\/tabernaculoprensadedios.com\/web\/misionero-coreano-liberado-narra-su-sufrimiento\/#primaryimage"},"thumbnailUrl":"https:\/\/tabernaculoprensadedios.com\/web\/wp-content\/uploads\/2018\/02\/Misionero-coreano-liberado-narra-su-sufrimiento.jpg","articleSection":["Reportajes"],"inLanguage":"es","potentialAction":[{"@type":"CommentAction","name":"Comment","target":["https:\/\/tabernaculoprensadedios.com\/web\/misionero-coreano-liberado-narra-su-sufrimiento\/#respond"]}]},{"@type":"WebPage","@id":"https:\/\/tabernaculoprensadedios.com\/web\/misionero-coreano-liberado-narra-su-sufrimiento\/","url":"https:\/\/tabernaculoprensadedios.com\/web\/misionero-coreano-liberado-narra-su-sufrimiento\/","name":"Misionero coreano liberado narra su sufrimiento - Tabernaculo Prensa de Dios","isPartOf":{"@id":"https:\/\/tabernaculoprensadedios.com\/web\/#website"},"primaryImageOfPage":{"@id":"https:\/\/tabernaculoprensadedios.com\/web\/misionero-coreano-liberado-narra-su-sufrimiento\/#primaryimage"},"image":{"@id":"https:\/\/tabernaculoprensadedios.com\/web\/misionero-coreano-liberado-narra-su-sufrimiento\/#primaryimage"},"thumbnailUrl":"https:\/\/tabernaculoprensadedios.com\/web\/wp-content\/uploads\/2018\/02\/Misionero-coreano-liberado-narra-su-sufrimiento.jpg","datePublished":"2018-02-04T19:47:01+00:00","breadcrumb":{"@id":"https:\/\/tabernaculoprensadedios.com\/web\/misionero-coreano-liberado-narra-su-sufrimiento\/#breadcrumb"},"inLanguage":"es","potentialAction":[{"@type":"ReadAction","target":["https:\/\/tabernaculoprensadedios.com\/web\/misionero-coreano-liberado-narra-su-sufrimiento\/"]}]},{"@type":"ImageObject","inLanguage":"es","@id":"https:\/\/tabernaculoprensadedios.com\/web\/misionero-coreano-liberado-narra-su-sufrimiento\/#primaryimage","url":"https:\/\/tabernaculoprensadedios.com\/web\/wp-content\/uploads\/2018\/02\/Misionero-coreano-liberado-narra-su-sufrimiento.jpg","contentUrl":"https:\/\/tabernaculoprensadedios.com\/web\/wp-content\/uploads\/2018\/02\/Misionero-coreano-liberado-narra-su-sufrimiento.jpg","width":836,"height":544},{"@type":"BreadcrumbList","@id":"https:\/\/tabernaculoprensadedios.com\/web\/misionero-coreano-liberado-narra-su-sufrimiento\/#breadcrumb","itemListElement":[{"@type":"ListItem","position":1,"name":"Portada","item":"https:\/\/tabernaculoprensadedios.com\/web\/"},{"@type":"ListItem","position":2,"name":"Misionero coreano liberado narra su sufrimiento"}]},{"@type":"WebSite","@id":"https:\/\/tabernaculoprensadedios.com\/web\/#website","url":"https:\/\/tabernaculoprensadedios.com\/web\/","name":"Tabernaculo Prensa de Dios","description":"Un medio a la manera de Dios","publisher":{"@id":"https:\/\/tabernaculoprensadedios.com\/web\/#\/schema\/person\/bc0e069fef56b38e177db6f098ae0b6e"},"potentialAction":[{"@type":"SearchAction","target":{"@type":"EntryPoint","urlTemplate":"https:\/\/tabernaculoprensadedios.com\/web\/?s={search_term_string}"},"query-input":{"@type":"PropertyValueSpecification","valueRequired":true,"valueName":"search_term_string"}}],"inLanguage":"es"},{"@type":["Person","Organization"],"@id":"https:\/\/tabernaculoprensadedios.com\/web\/#\/schema\/person\/bc0e069fef56b38e177db6f098ae0b6e","name":"tabernaculo","image":{"@type":"ImageObject","inLanguage":"es","@id":"https:\/\/tabernaculoprensadedios.com\/web\/#\/schema\/person\/image\/","url":"https:\/\/tabernaculoprensadedios.com\/web\/wp-content\/uploads\/2015\/06\/login-logo1.png","contentUrl":"https:\/\/tabernaculoprensadedios.com\/web\/wp-content\/uploads\/2015\/06\/login-logo1.png","width":300,"height":118,"caption":"tabernaculo"},"logo":{"@id":"https:\/\/tabernaculoprensadedios.com\/web\/#\/schema\/person\/image\/"},"url":"https:\/\/tabernaculoprensadedios.com\/web\/author\/tabernaculo\/"}]}},"_links":{"self":[{"href":"https:\/\/tabernaculoprensadedios.com\/web\/wp-json\/wp\/v2\/posts\/5431","targetHints":{"allow":["GET"]}}],"collection":[{"href":"https:\/\/tabernaculoprensadedios.com\/web\/wp-json\/wp\/v2\/posts"}],"about":[{"href":"https:\/\/tabernaculoprensadedios.com\/web\/wp-json\/wp\/v2\/types\/post"}],"author":[{"embeddable":true,"href":"https:\/\/tabernaculoprensadedios.com\/web\/wp-json\/wp\/v2\/users\/1"}],"replies":[{"embeddable":true,"href":"https:\/\/tabernaculoprensadedios.com\/web\/wp-json\/wp\/v2\/comments?post=5431"}],"version-history":[{"count":1,"href":"https:\/\/tabernaculoprensadedios.com\/web\/wp-json\/wp\/v2\/posts\/5431\/revisions"}],"predecessor-version":[{"id":5433,"href":"https:\/\/tabernaculoprensadedios.com\/web\/wp-json\/wp\/v2\/posts\/5431\/revisions\/5433"}],"wp:featuredmedia":[{"embeddable":true,"href":"https:\/\/tabernaculoprensadedios.com\/web\/wp-json\/wp\/v2\/media\/5432"}],"wp:attachment":[{"href":"https:\/\/tabernaculoprensadedios.com\/web\/wp-json\/wp\/v2\/media?parent=5431"}],"wp:term":[{"taxonomy":"category","embeddable":true,"href":"https:\/\/tabernaculoprensadedios.com\/web\/wp-json\/wp\/v2\/categories?post=5431"},{"taxonomy":"post_tag","embeddable":true,"href":"https:\/\/tabernaculoprensadedios.com\/web\/wp-json\/wp\/v2\/tags?post=5431"}],"curies":[{"name":"wp","href":"https:\/\/api.w.org\/{rel}","templated":true}]}}