{"id":5292,"date":"2018-01-31T21:44:01","date_gmt":"2018-01-31T21:44:01","guid":{"rendered":"http:\/\/tabernaculoprensadedios.com\/web\/?p=5292"},"modified":"2018-01-31T21:44:01","modified_gmt":"2018-01-31T21:44:01","slug":"israel-lanzara-los-primeros-nanosatelites-autonomos-a-fines-de-este-ano","status":"publish","type":"post","link":"https:\/\/tabernaculoprensadedios.com\/web\/israel-lanzara-los-primeros-nanosatelites-autonomos-a-fines-de-este-ano\/","title":{"rendered":"Israel lanzar\u00e1 los primeros nanosat\u00e9lites aut\u00f3nomos a fines de este a\u00f1o"},"content":{"rendered":"<p>Se usar\u00e1n para operaciones de b\u00fasqueda y rescate, detecci\u00f3n remota y monitoreo ambiental.<\/p>\n<p>El Instituto de Tecnolog\u00eda de Israel (Technion) y la Agencia Espacial de ese pa\u00eds informaron que lanzar\u00e1n, a fines de este a\u00f1o, la \u00abprimera formaci\u00f3n aut\u00f3noma\u00bb de nanosat\u00e9lites en el espacio.<\/p>\n<p>\u00abEl objetivo del proyecto Adelis-Samson es demostrar que un grupo de sat\u00e9lites puede volar en una formaci\u00f3n controlada durante un a\u00f1o mientras orbita a una altitud de unos 600 kil\u00f3metros\u00bb, inform\u00f3 Technion en su web.<\/p>\n<p>Los sat\u00e9lites se usar\u00e1n para recibir se\u00f1ales de la Tierra y calcular la ubicaci\u00f3n de la fuente de transmisi\u00f3n para operaciones de b\u00fasqueda y rescate, detecci\u00f3n remota y monitoreo ambiental, detall\u00f3 el organismo tecnol\u00f3gico.<\/p>\n<p>El Technion explic\u00f3 adem\u00e1s que los nanosat\u00e9lites \u00abestar\u00e1n equipados con dispositivos de medici\u00f3n, antenas, sistemas inform\u00e1ticos, sistemas de control y dispositivos de navegaci\u00f3n\u00bb y que el software de vuelo y los algoritmos se desarrollaron en el Laboratorio de Sistemas Espaciales Distribuidos Technion.<\/p>\n<p>\u00abEl grado de innovaci\u00f3n aqu\u00ed se puede comparar con el cambio de una PC a una computadora port\u00e1til y luego a un tel\u00e9fono m\u00f3vil, que ofrece muchas m\u00e1s capacidades que sus predecesores\u00bb, se\u00f1al\u00f3 Pini Gurfil, director del proyecto.<\/p>\n<p>En tanto, Avi Blasberger, director general de la Agencia Espacial de Israel, consider\u00f3 que \u00aben un futuro cercano, podemos esperarredes de miles de nanosat\u00e9lites que volar\u00e1n sobre la Tierra y permitir\u00e1n la comunicaci\u00f3n de Internet a alta velocidad a un costo significativamente menor que el actual \u00ab.<\/p>\n<p>La formaci\u00f3n de sat\u00e9lites ser\u00e1 lanzada por la empresa holandesa Innovative Solutions In Space, que se especializa en el lanzamiento de nanosat\u00e9lites en el PSLV indio (veh\u00edculo de lanzamiento de sat\u00e9lites polares).<\/p>\n","protected":false},"excerpt":{"rendered":"<p>Se usar\u00e1n para operaciones de b\u00fasqueda y rescate, detecci\u00f3n remota y monitoreo ambiental. El Instituto de Tecnolog\u00eda de Israel (Technion) y la Agencia Espacial de ese pa\u00eds informaron que lanzar\u00e1n, a fines de este a\u00f1o, la \u00abprimera formaci\u00f3n aut\u00f3noma\u00bb de nanosat\u00e9lites en el espacio. \u00abEl objetivo del proyecto Adelis-Samson es demostrar que un grupo de &hellip;<\/p>\n","protected":false},"author":1,"featured_media":5293,"comment_status":"open","ping_status":"open","sticky":false,"template":"","format":"standard","meta":{"footnotes":""},"categories":[18],"tags":[],"class_list":["post-5292","post","type-post","status-publish","format-standard","has-post-thumbnail","hentry","category-tecnologia"],"yoast_head":"<!-- This site is optimized with the Yoast SEO Premium plugin v24.2 (Yoast SEO v27.1.1) - https:\/\/yoast.com\/product\/yoast-seo-premium-wordpress\/ -->\n<title>Israel lanzar\u00e1 los primeros nanosat\u00e9lites aut\u00f3nomos a fines de este a\u00f1o - Tabernaculo Prensa de Dios<\/title>\n<meta name=\"robots\" content=\"index, follow, max-snippet:-1, max-image-preview:large, max-video-preview:-1\" \/>\n<link rel=\"canonical\" href=\"https:\/\/tabernaculoprensadedios.com\/web\/israel-lanzara-los-primeros-nanosatelites-autonomos-a-fines-de-este-ano\/\" class=\"yoast-seo-meta-tag\" \/>\n<meta property=\"og:locale\" content=\"es_ES\" class=\"yoast-seo-meta-tag\" \/>\n<meta property=\"og:type\" content=\"article\" class=\"yoast-seo-meta-tag\" \/>\n<meta property=\"og:title\" content=\"Israel lanzar\u00e1 los primeros nanosat\u00e9lites aut\u00f3nomos a fines de este a\u00f1o\" class=\"yoast-seo-meta-tag\" \/>\n<meta property=\"og:description\" content=\"Se usar\u00e1n para operaciones de b\u00fasqueda y rescate, detecci\u00f3n remota y monitoreo ambiental. El Instituto de Tecnolog\u00eda de Israel (Technion) y la Agencia Espacial de ese pa\u00eds informaron que lanzar\u00e1n, a fines de este a\u00f1o, la \u00abprimera formaci\u00f3n aut\u00f3noma\u00bb de nanosat\u00e9lites en el espacio. \u00abEl objetivo del proyecto Adelis-Samson es demostrar que un grupo de &hellip;\" class=\"yoast-seo-meta-tag\" \/>\n<meta property=\"og:url\" content=\"https:\/\/tabernaculoprensadedios.com\/web\/israel-lanzara-los-primeros-nanosatelites-autonomos-a-fines-de-este-ano\/\" class=\"yoast-seo-meta-tag\" \/>\n<meta property=\"og:site_name\" content=\"Tabernaculo Prensa de Dios\" class=\"yoast-seo-meta-tag\" \/>\n<meta property=\"article:published_time\" content=\"2018-01-31T21:44:01+00:00\" class=\"yoast-seo-meta-tag\" \/>\n<meta property=\"og:image\" content=\"https:\/\/tabernaculoprensadedios.com\/web\/wp-content\/uploads\/2018\/01\/Israel-lanzar\u00e1-los-primeros-nanosat\u00e9lites-aut\u00f3nomos-a-fines-de-este-a\u00f1o.jpg\" class=\"yoast-seo-meta-tag\" \/>\n\t<meta property=\"og:image:width\" content=\"930\" class=\"yoast-seo-meta-tag\" \/>\n\t<meta property=\"og:image:height\" content=\"525\" class=\"yoast-seo-meta-tag\" \/>\n\t<meta property=\"og:image:type\" content=\"image\/jpeg\" class=\"yoast-seo-meta-tag\" \/>\n<meta name=\"author\" content=\"tabernaculo\" class=\"yoast-seo-meta-tag\" \/>\n<meta name=\"twitter:card\" content=\"summary_large_image\" class=\"yoast-seo-meta-tag\" \/>\n<meta name=\"twitter:creator\" content=\"@PrensadeDios\" class=\"yoast-seo-meta-tag\" \/>\n<meta name=\"twitter:site\" content=\"@PrensadeDios\" class=\"yoast-seo-meta-tag\" \/>\n<meta name=\"twitter:label1\" content=\"Escrito por\" class=\"yoast-seo-meta-tag\" \/>\n\t<meta name=\"twitter:data1\" content=\"tabernaculo\" class=\"yoast-seo-meta-tag\" \/>\n\t<meta name=\"twitter:label2\" content=\"Tiempo de lectura\" class=\"yoast-seo-meta-tag\" \/>\n\t<meta name=\"twitter:data2\" content=\"2 minutos\" class=\"yoast-seo-meta-tag\" \/>\n<script type=\"application\/ld+json\" class=\"yoast-schema-graph\">{\"@context\":\"https:\/\/schema.org\",\"@graph\":[{\"@type\":\"Article\",\"@id\":\"https:\/\/tabernaculoprensadedios.com\/web\/israel-lanzara-los-primeros-nanosatelites-autonomos-a-fines-de-este-ano\/#article\",\"isPartOf\":{\"@id\":\"https:\/\/tabernaculoprensadedios.com\/web\/israel-lanzara-los-primeros-nanosatelites-autonomos-a-fines-de-este-ano\/\"},\"author\":{\"name\":\"tabernaculo\",\"@id\":\"https:\/\/tabernaculoprensadedios.com\/web\/#\/schema\/person\/bc0e069fef56b38e177db6f098ae0b6e\"},\"headline\":\"Israel lanzar\u00e1 los primeros nanosat\u00e9lites aut\u00f3nomos a fines de este a\u00f1o\",\"datePublished\":\"2018-01-31T21:44:01+00:00\",\"mainEntityOfPage\":{\"@id\":\"https:\/\/tabernaculoprensadedios.com\/web\/israel-lanzara-los-primeros-nanosatelites-autonomos-a-fines-de-este-ano\/\"},\"wordCount\":327,\"commentCount\":0,\"publisher\":{\"@id\":\"https:\/\/tabernaculoprensadedios.com\/web\/#\/schema\/person\/bc0e069fef56b38e177db6f098ae0b6e\"},\"image\":{\"@id\":\"https:\/\/tabernaculoprensadedios.com\/web\/israel-lanzara-los-primeros-nanosatelites-autonomos-a-fines-de-este-ano\/#primaryimage\"},\"thumbnailUrl\":\"https:\/\/tabernaculoprensadedios.com\/web\/wp-content\/uploads\/2018\/01\/Israel-lanzar\u00e1-los-primeros-nanosat\u00e9lites-aut\u00f3nomos-a-fines-de-este-a\u00f1o.jpg\",\"articleSection\":[\"Tecnolog\u00eda\"],\"inLanguage\":\"es\",\"potentialAction\":[{\"@type\":\"CommentAction\",\"name\":\"Comment\",\"target\":[\"https:\/\/tabernaculoprensadedios.com\/web\/israel-lanzara-los-primeros-nanosatelites-autonomos-a-fines-de-este-ano\/#respond\"]}]},{\"@type\":\"WebPage\",\"@id\":\"https:\/\/tabernaculoprensadedios.com\/web\/israel-lanzara-los-primeros-nanosatelites-autonomos-a-fines-de-este-ano\/\",\"url\":\"https:\/\/tabernaculoprensadedios.com\/web\/israel-lanzara-los-primeros-nanosatelites-autonomos-a-fines-de-este-ano\/\",\"name\":\"Israel lanzar\u00e1 los primeros nanosat\u00e9lites aut\u00f3nomos a fines de este a\u00f1o - Tabernaculo Prensa de Dios\",\"isPartOf\":{\"@id\":\"https:\/\/tabernaculoprensadedios.com\/web\/#website\"},\"primaryImageOfPage\":{\"@id\":\"https:\/\/tabernaculoprensadedios.com\/web\/israel-lanzara-los-primeros-nanosatelites-autonomos-a-fines-de-este-ano\/#primaryimage\"},\"image\":{\"@id\":\"https:\/\/tabernaculoprensadedios.com\/web\/israel-lanzara-los-primeros-nanosatelites-autonomos-a-fines-de-este-ano\/#primaryimage\"},\"thumbnailUrl\":\"https:\/\/tabernaculoprensadedios.com\/web\/wp-content\/uploads\/2018\/01\/Israel-lanzar\u00e1-los-primeros-nanosat\u00e9lites-aut\u00f3nomos-a-fines-de-este-a\u00f1o.jpg\",\"datePublished\":\"2018-01-31T21:44:01+00:00\",\"breadcrumb\":{\"@id\":\"https:\/\/tabernaculoprensadedios.com\/web\/israel-lanzara-los-primeros-nanosatelites-autonomos-a-fines-de-este-ano\/#breadcrumb\"},\"inLanguage\":\"es\",\"potentialAction\":[{\"@type\":\"ReadAction\",\"target\":[\"https:\/\/tabernaculoprensadedios.com\/web\/israel-lanzara-los-primeros-nanosatelites-autonomos-a-fines-de-este-ano\/\"]}]},{\"@type\":\"ImageObject\",\"inLanguage\":\"es\",\"@id\":\"https:\/\/tabernaculoprensadedios.com\/web\/israel-lanzara-los-primeros-nanosatelites-autonomos-a-fines-de-este-ano\/#primaryimage\",\"url\":\"https:\/\/tabernaculoprensadedios.com\/web\/wp-content\/uploads\/2018\/01\/Israel-lanzar\u00e1-los-primeros-nanosat\u00e9lites-aut\u00f3nomos-a-fines-de-este-a\u00f1o.jpg\",\"contentUrl\":\"https:\/\/tabernaculoprensadedios.com\/web\/wp-content\/uploads\/2018\/01\/Israel-lanzar\u00e1-los-primeros-nanosat\u00e9lites-aut\u00f3nomos-a-fines-de-este-a\u00f1o.jpg\",\"width\":930,\"height\":525},{\"@type\":\"BreadcrumbList\",\"@id\":\"https:\/\/tabernaculoprensadedios.com\/web\/israel-lanzara-los-primeros-nanosatelites-autonomos-a-fines-de-este-ano\/#breadcrumb\",\"itemListElement\":[{\"@type\":\"ListItem\",\"position\":1,\"name\":\"Portada\",\"item\":\"https:\/\/tabernaculoprensadedios.com\/web\/\"},{\"@type\":\"ListItem\",\"position\":2,\"name\":\"Israel lanzar\u00e1 los primeros nanosat\u00e9lites aut\u00f3nomos a fines de este a\u00f1o\"}]},{\"@type\":\"WebSite\",\"@id\":\"https:\/\/tabernaculoprensadedios.com\/web\/#website\",\"url\":\"https:\/\/tabernaculoprensadedios.com\/web\/\",\"name\":\"Tabernaculo Prensa de Dios\",\"description\":\"Un medio a la manera de Dios\",\"publisher\":{\"@id\":\"https:\/\/tabernaculoprensadedios.com\/web\/#\/schema\/person\/bc0e069fef56b38e177db6f098ae0b6e\"},\"potentialAction\":[{\"@type\":\"SearchAction\",\"target\":{\"@type\":\"EntryPoint\",\"urlTemplate\":\"https:\/\/tabernaculoprensadedios.com\/web\/?s={search_term_string}\"},\"query-input\":{\"@type\":\"PropertyValueSpecification\",\"valueRequired\":true,\"valueName\":\"search_term_string\"}}],\"inLanguage\":\"es\"},{\"@type\":[\"Person\",\"Organization\"],\"@id\":\"https:\/\/tabernaculoprensadedios.com\/web\/#\/schema\/person\/bc0e069fef56b38e177db6f098ae0b6e\",\"name\":\"tabernaculo\",\"image\":{\"@type\":\"ImageObject\",\"inLanguage\":\"es\",\"@id\":\"https:\/\/tabernaculoprensadedios.com\/web\/#\/schema\/person\/image\/\",\"url\":\"https:\/\/tabernaculoprensadedios.com\/web\/wp-content\/uploads\/2015\/06\/login-logo1.png\",\"contentUrl\":\"https:\/\/tabernaculoprensadedios.com\/web\/wp-content\/uploads\/2015\/06\/login-logo1.png\",\"width\":300,\"height\":118,\"caption\":\"tabernaculo\"},\"logo\":{\"@id\":\"https:\/\/tabernaculoprensadedios.com\/web\/#\/schema\/person\/image\/\"},\"url\":\"https:\/\/tabernaculoprensadedios.com\/web\/author\/tabernaculo\/\"}]}<\/script>\n<!-- \/ Yoast SEO Premium plugin. -->","yoast_head_json":{"title":"Israel lanzar\u00e1 los primeros nanosat\u00e9lites aut\u00f3nomos a fines de este a\u00f1o - Tabernaculo Prensa de Dios","robots":{"index":"index","follow":"follow","max-snippet":"max-snippet:-1","max-image-preview":"max-image-preview:large","max-video-preview":"max-video-preview:-1"},"canonical":"https:\/\/tabernaculoprensadedios.com\/web\/israel-lanzara-los-primeros-nanosatelites-autonomos-a-fines-de-este-ano\/","og_locale":"es_ES","og_type":"article","og_title":"Israel lanzar\u00e1 los primeros nanosat\u00e9lites aut\u00f3nomos a fines de este a\u00f1o","og_description":"Se usar\u00e1n para operaciones de b\u00fasqueda y rescate, detecci\u00f3n remota y monitoreo ambiental. El Instituto de Tecnolog\u00eda de Israel (Technion) y la Agencia Espacial de ese pa\u00eds informaron que lanzar\u00e1n, a fines de este a\u00f1o, la \u00abprimera formaci\u00f3n aut\u00f3noma\u00bb de nanosat\u00e9lites en el espacio. \u00abEl objetivo del proyecto Adelis-Samson es demostrar que un grupo de &hellip;","og_url":"https:\/\/tabernaculoprensadedios.com\/web\/israel-lanzara-los-primeros-nanosatelites-autonomos-a-fines-de-este-ano\/","og_site_name":"Tabernaculo Prensa de Dios","article_published_time":"2018-01-31T21:44:01+00:00","og_image":[{"width":930,"height":525,"url":"https:\/\/tabernaculoprensadedios.com\/web\/wp-content\/uploads\/2018\/01\/Israel-lanzar\u00e1-los-primeros-nanosat\u00e9lites-aut\u00f3nomos-a-fines-de-este-a\u00f1o.jpg","type":"image\/jpeg"}],"author":"tabernaculo","twitter_card":"summary_large_image","twitter_creator":"@PrensadeDios","twitter_site":"@PrensadeDios","twitter_misc":{"Escrito por":"tabernaculo","Tiempo de lectura":"2 minutos"},"schema":{"@context":"https:\/\/schema.org","@graph":[{"@type":"Article","@id":"https:\/\/tabernaculoprensadedios.com\/web\/israel-lanzara-los-primeros-nanosatelites-autonomos-a-fines-de-este-ano\/#article","isPartOf":{"@id":"https:\/\/tabernaculoprensadedios.com\/web\/israel-lanzara-los-primeros-nanosatelites-autonomos-a-fines-de-este-ano\/"},"author":{"name":"tabernaculo","@id":"https:\/\/tabernaculoprensadedios.com\/web\/#\/schema\/person\/bc0e069fef56b38e177db6f098ae0b6e"},"headline":"Israel lanzar\u00e1 los primeros nanosat\u00e9lites aut\u00f3nomos a fines de este a\u00f1o","datePublished":"2018-01-31T21:44:01+00:00","mainEntityOfPage":{"@id":"https:\/\/tabernaculoprensadedios.com\/web\/israel-lanzara-los-primeros-nanosatelites-autonomos-a-fines-de-este-ano\/"},"wordCount":327,"commentCount":0,"publisher":{"@id":"https:\/\/tabernaculoprensadedios.com\/web\/#\/schema\/person\/bc0e069fef56b38e177db6f098ae0b6e"},"image":{"@id":"https:\/\/tabernaculoprensadedios.com\/web\/israel-lanzara-los-primeros-nanosatelites-autonomos-a-fines-de-este-ano\/#primaryimage"},"thumbnailUrl":"https:\/\/tabernaculoprensadedios.com\/web\/wp-content\/uploads\/2018\/01\/Israel-lanzar\u00e1-los-primeros-nanosat\u00e9lites-aut\u00f3nomos-a-fines-de-este-a\u00f1o.jpg","articleSection":["Tecnolog\u00eda"],"inLanguage":"es","potentialAction":[{"@type":"CommentAction","name":"Comment","target":["https:\/\/tabernaculoprensadedios.com\/web\/israel-lanzara-los-primeros-nanosatelites-autonomos-a-fines-de-este-ano\/#respond"]}]},{"@type":"WebPage","@id":"https:\/\/tabernaculoprensadedios.com\/web\/israel-lanzara-los-primeros-nanosatelites-autonomos-a-fines-de-este-ano\/","url":"https:\/\/tabernaculoprensadedios.com\/web\/israel-lanzara-los-primeros-nanosatelites-autonomos-a-fines-de-este-ano\/","name":"Israel lanzar\u00e1 los primeros nanosat\u00e9lites aut\u00f3nomos a fines de este a\u00f1o - Tabernaculo Prensa de Dios","isPartOf":{"@id":"https:\/\/tabernaculoprensadedios.com\/web\/#website"},"primaryImageOfPage":{"@id":"https:\/\/tabernaculoprensadedios.com\/web\/israel-lanzara-los-primeros-nanosatelites-autonomos-a-fines-de-este-ano\/#primaryimage"},"image":{"@id":"https:\/\/tabernaculoprensadedios.com\/web\/israel-lanzara-los-primeros-nanosatelites-autonomos-a-fines-de-este-ano\/#primaryimage"},"thumbnailUrl":"https:\/\/tabernaculoprensadedios.com\/web\/wp-content\/uploads\/2018\/01\/Israel-lanzar\u00e1-los-primeros-nanosat\u00e9lites-aut\u00f3nomos-a-fines-de-este-a\u00f1o.jpg","datePublished":"2018-01-31T21:44:01+00:00","breadcrumb":{"@id":"https:\/\/tabernaculoprensadedios.com\/web\/israel-lanzara-los-primeros-nanosatelites-autonomos-a-fines-de-este-ano\/#breadcrumb"},"inLanguage":"es","potentialAction":[{"@type":"ReadAction","target":["https:\/\/tabernaculoprensadedios.com\/web\/israel-lanzara-los-primeros-nanosatelites-autonomos-a-fines-de-este-ano\/"]}]},{"@type":"ImageObject","inLanguage":"es","@id":"https:\/\/tabernaculoprensadedios.com\/web\/israel-lanzara-los-primeros-nanosatelites-autonomos-a-fines-de-este-ano\/#primaryimage","url":"https:\/\/tabernaculoprensadedios.com\/web\/wp-content\/uploads\/2018\/01\/Israel-lanzar\u00e1-los-primeros-nanosat\u00e9lites-aut\u00f3nomos-a-fines-de-este-a\u00f1o.jpg","contentUrl":"https:\/\/tabernaculoprensadedios.com\/web\/wp-content\/uploads\/2018\/01\/Israel-lanzar\u00e1-los-primeros-nanosat\u00e9lites-aut\u00f3nomos-a-fines-de-este-a\u00f1o.jpg","width":930,"height":525},{"@type":"BreadcrumbList","@id":"https:\/\/tabernaculoprensadedios.com\/web\/israel-lanzara-los-primeros-nanosatelites-autonomos-a-fines-de-este-ano\/#breadcrumb","itemListElement":[{"@type":"ListItem","position":1,"name":"Portada","item":"https:\/\/tabernaculoprensadedios.com\/web\/"},{"@type":"ListItem","position":2,"name":"Israel lanzar\u00e1 los primeros nanosat\u00e9lites aut\u00f3nomos a fines de este a\u00f1o"}]},{"@type":"WebSite","@id":"https:\/\/tabernaculoprensadedios.com\/web\/#website","url":"https:\/\/tabernaculoprensadedios.com\/web\/","name":"Tabernaculo Prensa de Dios","description":"Un medio a la manera de Dios","publisher":{"@id":"https:\/\/tabernaculoprensadedios.com\/web\/#\/schema\/person\/bc0e069fef56b38e177db6f098ae0b6e"},"potentialAction":[{"@type":"SearchAction","target":{"@type":"EntryPoint","urlTemplate":"https:\/\/tabernaculoprensadedios.com\/web\/?s={search_term_string}"},"query-input":{"@type":"PropertyValueSpecification","valueRequired":true,"valueName":"search_term_string"}}],"inLanguage":"es"},{"@type":["Person","Organization"],"@id":"https:\/\/tabernaculoprensadedios.com\/web\/#\/schema\/person\/bc0e069fef56b38e177db6f098ae0b6e","name":"tabernaculo","image":{"@type":"ImageObject","inLanguage":"es","@id":"https:\/\/tabernaculoprensadedios.com\/web\/#\/schema\/person\/image\/","url":"https:\/\/tabernaculoprensadedios.com\/web\/wp-content\/uploads\/2015\/06\/login-logo1.png","contentUrl":"https:\/\/tabernaculoprensadedios.com\/web\/wp-content\/uploads\/2015\/06\/login-logo1.png","width":300,"height":118,"caption":"tabernaculo"},"logo":{"@id":"https:\/\/tabernaculoprensadedios.com\/web\/#\/schema\/person\/image\/"},"url":"https:\/\/tabernaculoprensadedios.com\/web\/author\/tabernaculo\/"}]}},"_links":{"self":[{"href":"https:\/\/tabernaculoprensadedios.com\/web\/wp-json\/wp\/v2\/posts\/5292","targetHints":{"allow":["GET"]}}],"collection":[{"href":"https:\/\/tabernaculoprensadedios.com\/web\/wp-json\/wp\/v2\/posts"}],"about":[{"href":"https:\/\/tabernaculoprensadedios.com\/web\/wp-json\/wp\/v2\/types\/post"}],"author":[{"embeddable":true,"href":"https:\/\/tabernaculoprensadedios.com\/web\/wp-json\/wp\/v2\/users\/1"}],"replies":[{"embeddable":true,"href":"https:\/\/tabernaculoprensadedios.com\/web\/wp-json\/wp\/v2\/comments?post=5292"}],"version-history":[{"count":1,"href":"https:\/\/tabernaculoprensadedios.com\/web\/wp-json\/wp\/v2\/posts\/5292\/revisions"}],"predecessor-version":[{"id":5294,"href":"https:\/\/tabernaculoprensadedios.com\/web\/wp-json\/wp\/v2\/posts\/5292\/revisions\/5294"}],"wp:featuredmedia":[{"embeddable":true,"href":"https:\/\/tabernaculoprensadedios.com\/web\/wp-json\/wp\/v2\/media\/5293"}],"wp:attachment":[{"href":"https:\/\/tabernaculoprensadedios.com\/web\/wp-json\/wp\/v2\/media?parent=5292"}],"wp:term":[{"taxonomy":"category","embeddable":true,"href":"https:\/\/tabernaculoprensadedios.com\/web\/wp-json\/wp\/v2\/categories?post=5292"},{"taxonomy":"post_tag","embeddable":true,"href":"https:\/\/tabernaculoprensadedios.com\/web\/wp-json\/wp\/v2\/tags?post=5292"}],"curies":[{"name":"wp","href":"https:\/\/api.w.org\/{rel}","templated":true}]}}