{"id":5283,"date":"2018-01-31T21:38:06","date_gmt":"2018-01-31T21:38:06","guid":{"rendered":"http:\/\/tabernaculoprensadedios.com\/web\/?p=5283"},"modified":"2018-01-31T21:38:06","modified_gmt":"2018-01-31T21:38:06","slug":"que-debemos-hacer-en-la-crisis","status":"publish","type":"post","link":"https:\/\/tabernaculoprensadedios.com\/web\/que-debemos-hacer-en-la-crisis\/","title":{"rendered":"\u00bfQu\u00e9 debemos hacer en la crisis?"},"content":{"rendered":"<p><em>Porque me han rodeado males sin n\u00famero; Me han alcanzado mis maldades, y no puedo levantar la vista. Se han aumentado m\u00e1s que los cabellos de mi cabeza, y mi coraz\u00f3n me falla.<\/em> <strong>Salmo 40:12<\/strong><\/p>\n<p>Primeramente, definamos que es una crisis, pues una crisis no es simplemente un problema, tal como lo dice el vers\u00edculo, el salmista estaba rodeado de males sin n\u00famero, sent\u00eda que su coraz\u00f3n le fallaba por la angustia y la aflicci\u00f3n.<\/p>\n<p>Una crisis es seg\u00fan el diccionario:<\/p>\n<p>Una situaci\u00f3n grave que pone en peligro la vida.<\/p>\n<p>Una situaci\u00f3n dif\u00edcil.<\/p>\n<p>Un cambio brusco de la condici\u00f3n de vida de una persona.<\/p>\n<p>Tenemos que saber que nosotros los cristianos como nos lo muestra la palabra de Dios no estamos exentos de pasar por las crisis, tarde o temprano llegaran a nuestra vida momentos de aflicci\u00f3n, de enfermedad, de escasez, de desempleo, de amenaza, etc. \u00bfQu\u00e9 debemos hacer en esos tiempos de crisis? Veamos lo que nos ense\u00f1a la palabra del Se\u00f1or:<\/p>\n<p><strong>EN LA CRISIS LO PRIMERO Y LO PRINCIPAL QUE TENEMOS QUE HACER ES BUSCAR A DIOS (SALMO 77:2)<\/strong><\/p>\n<p>Eso es algo que todos nosotros sabemos, se nos ha ense\u00f1ado, se nos ha predicado, pero que lastimosamente NO LO HACEMOS.<\/p>\n<p>La mayor\u00eda de nosotros lo que hacemos es buscar la ayuda de Dios cuando ya todo lo dem\u00e1s ha fallado, cuando todas las puertas se han cerrado, cuando nuestros planes han fracasado, es decir dejamos a nuestro Dios como la \u00faltima opci\u00f3n cuando al contrario el deber\u00eda de ser lo primero en nuestra vida.<\/p>\n<p><strong>EN LA CRISIS TENEMOS QUE CONFIAR QUE DIOS LO HA PERMITIDO CON UN PROPOSITO DE BENDICION PARA NUESTRA VIDA (ISAIAS 48:10)<\/strong><\/p>\n<p><strong>\u00a0<\/strong>Siempre decimos: \u201cNada pasa si Dios no lo permite\u201d pero \u00bflo creemos? Si no creemos que la crisis que estamos viviendo es porque Dios lo ha permitido con un prop\u00f3sito bueno para nuestra vida, nuestro coraz\u00f3n terminara resentido y amargado.<\/p>\n<p>En el vers\u00edculo que hemos le\u00eddo la palabra purificado es la palabra hebrea \u201cTsaraf\u201d que significa \u201cAcrisolar\u201d es decir purificar un metal por medio del fuego en el crisol, y ese crisol donde el Se\u00f1or nos purifica se llama aflicci\u00f3n.<\/p>\n<p>Los tiempos de crisis significan que Dios esta trabajando en nuestra vida <strong>(Malaqu\u00edas 3:2-4) <\/strong>como lo dice el vers\u00edculo, el Se\u00f1or, as\u00ed como el platero se sentara para afinarnos y para limpiarnos, para que nuestra vida sea una ofrenda agradable para nuestro Dios.<\/p>\n<p><strong>\u00a0<\/strong><strong>EN LA CRISIS TENEMOS QUE SER PACIENTES Y ESPERAR TENIENDO SEGURIDAD QUE DIOS NOS AYUDARA (SALMO 40:1-2)<\/strong><\/p>\n<p>En los momentos de crisis lo que m\u00e1s nos cuesta es ser pacientes y esperar, esa es una de las grandes lecciones que aprendemos en tiempos as\u00ed, que las cosas no cambiaran enoj\u00e1ndonos, ni desesper\u00e1ndonos, ni haciendo berrinches, en las crisis Dios nos lleva a doblegar nuestra vida ante el y decir: Que se haga tu voluntad Se\u00f1or.<\/p>\n<p>Como lo dice el salmista: pacientemente espere a Jehov\u00e1 y el me respondi\u00f3, y me hizo sacar del pozo de la desesperaci\u00f3n, puso mis pies sobre pe\u00f1a, y enderezo mis pasos.<\/p>\n<p>Pongamos atenci\u00f3n en esas palabras: Me hizo sacar, puso mis pies, enderezo mis pasos, \u00bfQu\u00e9 significan esas palabras? Que si esperamos pacientemente en Dios, si no nos movemos, si no hacemos locuras, todo lo que nosotros no podemos el Se\u00f1or lo har\u00e1 por nosotros, el nos sacara de la crisis, el nos dar\u00e1 la victoria.<\/p>\n<p><strong>TENEMOS QUE CONFIAR QUE LA CRISIS DE HOY SERA UN MOTIVO DE ALABANZA PARA NUESTRO DIOS MA\u00d1ANA (SALMO 40:3-5)<\/strong><\/p>\n<p>Vamos a testificar y glorificar a Dios por sus maravillas manifestadas en nuestra vida, el cambiara nuestro lamento en alegr\u00eda cuando cumpla sus prop\u00f3sitos en nuestra vida.<\/p>\n<p>Dios pondr\u00e1 una alabanza en nuestra boca, un cantico nuevo nacido de un coraz\u00f3n agradecido por las maravillas de nuestro de Dios.<\/p>\n","protected":false},"excerpt":{"rendered":"<p>Porque me han rodeado males sin n\u00famero; Me han alcanzado mis maldades, y no puedo levantar la vista. Se han aumentado m\u00e1s que los cabellos de mi cabeza, y mi coraz\u00f3n me falla. Salmo 40:12 Primeramente, definamos que es una crisis, pues una crisis no es simplemente un problema, tal como lo dice el vers\u00edculo, &hellip;<\/p>\n","protected":false},"author":1,"featured_media":5284,"comment_status":"open","ping_status":"open","sticky":false,"template":"","format":"standard","meta":{"footnotes":""},"categories":[34],"tags":[],"class_list":["post-5283","post","type-post","status-publish","format-standard","has-post-thumbnail","hentry","category-articulos"],"yoast_head":"<!-- This site is optimized with the Yoast SEO Premium plugin v24.2 (Yoast SEO v27.1.1) - https:\/\/yoast.com\/product\/yoast-seo-premium-wordpress\/ -->\n<title>\u00bfQu\u00e9 debemos hacer en la crisis? - Tabernaculo Prensa de Dios<\/title>\n<meta name=\"robots\" content=\"index, follow, max-snippet:-1, max-image-preview:large, max-video-preview:-1\" \/>\n<link rel=\"canonical\" href=\"https:\/\/tabernaculoprensadedios.com\/web\/que-debemos-hacer-en-la-crisis\/\" class=\"yoast-seo-meta-tag\" \/>\n<meta property=\"og:locale\" content=\"es_ES\" class=\"yoast-seo-meta-tag\" \/>\n<meta property=\"og:type\" content=\"article\" class=\"yoast-seo-meta-tag\" \/>\n<meta property=\"og:title\" content=\"\u00bfQu\u00e9 debemos hacer en la crisis?\" class=\"yoast-seo-meta-tag\" \/>\n<meta property=\"og:description\" content=\"Porque me han rodeado males sin n\u00famero; Me han alcanzado mis maldades, y no puedo levantar la vista. Se han aumentado m\u00e1s que los cabellos de mi cabeza, y mi coraz\u00f3n me falla. Salmo 40:12 Primeramente, definamos que es una crisis, pues una crisis no es simplemente un problema, tal como lo dice el vers\u00edculo, &hellip;\" class=\"yoast-seo-meta-tag\" \/>\n<meta property=\"og:url\" content=\"https:\/\/tabernaculoprensadedios.com\/web\/que-debemos-hacer-en-la-crisis\/\" class=\"yoast-seo-meta-tag\" \/>\n<meta property=\"og:site_name\" content=\"Tabernaculo Prensa de Dios\" class=\"yoast-seo-meta-tag\" \/>\n<meta property=\"article:published_time\" content=\"2018-01-31T21:38:06+00:00\" class=\"yoast-seo-meta-tag\" \/>\n<meta property=\"og:image\" content=\"https:\/\/tabernaculoprensadedios.com\/web\/wp-content\/uploads\/2018\/01\/Qu\u00e9-debemos-hacer-en-la-crisis.jpg\" class=\"yoast-seo-meta-tag\" \/>\n\t<meta property=\"og:image:width\" content=\"960\" class=\"yoast-seo-meta-tag\" \/>\n\t<meta property=\"og:image:height\" content=\"640\" class=\"yoast-seo-meta-tag\" \/>\n\t<meta property=\"og:image:type\" content=\"image\/jpeg\" class=\"yoast-seo-meta-tag\" \/>\n<meta name=\"author\" content=\"tabernaculo\" class=\"yoast-seo-meta-tag\" \/>\n<meta name=\"twitter:card\" content=\"summary_large_image\" class=\"yoast-seo-meta-tag\" \/>\n<meta name=\"twitter:creator\" content=\"@PrensadeDios\" class=\"yoast-seo-meta-tag\" \/>\n<meta name=\"twitter:site\" content=\"@PrensadeDios\" class=\"yoast-seo-meta-tag\" \/>\n<meta name=\"twitter:label1\" content=\"Escrito por\" class=\"yoast-seo-meta-tag\" \/>\n\t<meta name=\"twitter:data1\" content=\"tabernaculo\" class=\"yoast-seo-meta-tag\" \/>\n\t<meta name=\"twitter:label2\" content=\"Tiempo de lectura\" class=\"yoast-seo-meta-tag\" \/>\n\t<meta name=\"twitter:data2\" content=\"3 minutos\" class=\"yoast-seo-meta-tag\" \/>\n<script type=\"application\/ld+json\" class=\"yoast-schema-graph\">{\"@context\":\"https:\/\/schema.org\",\"@graph\":[{\"@type\":\"Article\",\"@id\":\"https:\/\/tabernaculoprensadedios.com\/web\/que-debemos-hacer-en-la-crisis\/#article\",\"isPartOf\":{\"@id\":\"https:\/\/tabernaculoprensadedios.com\/web\/que-debemos-hacer-en-la-crisis\/\"},\"author\":{\"name\":\"tabernaculo\",\"@id\":\"https:\/\/tabernaculoprensadedios.com\/web\/#\/schema\/person\/bc0e069fef56b38e177db6f098ae0b6e\"},\"headline\":\"\u00bfQu\u00e9 debemos hacer en la crisis?\",\"datePublished\":\"2018-01-31T21:38:06+00:00\",\"mainEntityOfPage\":{\"@id\":\"https:\/\/tabernaculoprensadedios.com\/web\/que-debemos-hacer-en-la-crisis\/\"},\"wordCount\":674,\"commentCount\":0,\"publisher\":{\"@id\":\"https:\/\/tabernaculoprensadedios.com\/web\/#\/schema\/person\/bc0e069fef56b38e177db6f098ae0b6e\"},\"image\":{\"@id\":\"https:\/\/tabernaculoprensadedios.com\/web\/que-debemos-hacer-en-la-crisis\/#primaryimage\"},\"thumbnailUrl\":\"https:\/\/tabernaculoprensadedios.com\/web\/wp-content\/uploads\/2018\/01\/Qu\u00e9-debemos-hacer-en-la-crisis.jpg\",\"articleSection\":[\"Articulos\"],\"inLanguage\":\"es\",\"potentialAction\":[{\"@type\":\"CommentAction\",\"name\":\"Comment\",\"target\":[\"https:\/\/tabernaculoprensadedios.com\/web\/que-debemos-hacer-en-la-crisis\/#respond\"]}]},{\"@type\":\"WebPage\",\"@id\":\"https:\/\/tabernaculoprensadedios.com\/web\/que-debemos-hacer-en-la-crisis\/\",\"url\":\"https:\/\/tabernaculoprensadedios.com\/web\/que-debemos-hacer-en-la-crisis\/\",\"name\":\"\u00bfQu\u00e9 debemos hacer en la crisis? - Tabernaculo Prensa de Dios\",\"isPartOf\":{\"@id\":\"https:\/\/tabernaculoprensadedios.com\/web\/#website\"},\"primaryImageOfPage\":{\"@id\":\"https:\/\/tabernaculoprensadedios.com\/web\/que-debemos-hacer-en-la-crisis\/#primaryimage\"},\"image\":{\"@id\":\"https:\/\/tabernaculoprensadedios.com\/web\/que-debemos-hacer-en-la-crisis\/#primaryimage\"},\"thumbnailUrl\":\"https:\/\/tabernaculoprensadedios.com\/web\/wp-content\/uploads\/2018\/01\/Qu\u00e9-debemos-hacer-en-la-crisis.jpg\",\"datePublished\":\"2018-01-31T21:38:06+00:00\",\"breadcrumb\":{\"@id\":\"https:\/\/tabernaculoprensadedios.com\/web\/que-debemos-hacer-en-la-crisis\/#breadcrumb\"},\"inLanguage\":\"es\",\"potentialAction\":[{\"@type\":\"ReadAction\",\"target\":[\"https:\/\/tabernaculoprensadedios.com\/web\/que-debemos-hacer-en-la-crisis\/\"]}]},{\"@type\":\"ImageObject\",\"inLanguage\":\"es\",\"@id\":\"https:\/\/tabernaculoprensadedios.com\/web\/que-debemos-hacer-en-la-crisis\/#primaryimage\",\"url\":\"https:\/\/tabernaculoprensadedios.com\/web\/wp-content\/uploads\/2018\/01\/Qu\u00e9-debemos-hacer-en-la-crisis.jpg\",\"contentUrl\":\"https:\/\/tabernaculoprensadedios.com\/web\/wp-content\/uploads\/2018\/01\/Qu\u00e9-debemos-hacer-en-la-crisis.jpg\",\"width\":960,\"height\":640},{\"@type\":\"BreadcrumbList\",\"@id\":\"https:\/\/tabernaculoprensadedios.com\/web\/que-debemos-hacer-en-la-crisis\/#breadcrumb\",\"itemListElement\":[{\"@type\":\"ListItem\",\"position\":1,\"name\":\"Portada\",\"item\":\"https:\/\/tabernaculoprensadedios.com\/web\/\"},{\"@type\":\"ListItem\",\"position\":2,\"name\":\"\u00bfQu\u00e9 debemos hacer en la crisis?\"}]},{\"@type\":\"WebSite\",\"@id\":\"https:\/\/tabernaculoprensadedios.com\/web\/#website\",\"url\":\"https:\/\/tabernaculoprensadedios.com\/web\/\",\"name\":\"Tabernaculo Prensa de Dios\",\"description\":\"Un medio a la manera de Dios\",\"publisher\":{\"@id\":\"https:\/\/tabernaculoprensadedios.com\/web\/#\/schema\/person\/bc0e069fef56b38e177db6f098ae0b6e\"},\"potentialAction\":[{\"@type\":\"SearchAction\",\"target\":{\"@type\":\"EntryPoint\",\"urlTemplate\":\"https:\/\/tabernaculoprensadedios.com\/web\/?s={search_term_string}\"},\"query-input\":{\"@type\":\"PropertyValueSpecification\",\"valueRequired\":true,\"valueName\":\"search_term_string\"}}],\"inLanguage\":\"es\"},{\"@type\":[\"Person\",\"Organization\"],\"@id\":\"https:\/\/tabernaculoprensadedios.com\/web\/#\/schema\/person\/bc0e069fef56b38e177db6f098ae0b6e\",\"name\":\"tabernaculo\",\"image\":{\"@type\":\"ImageObject\",\"inLanguage\":\"es\",\"@id\":\"https:\/\/tabernaculoprensadedios.com\/web\/#\/schema\/person\/image\/\",\"url\":\"https:\/\/tabernaculoprensadedios.com\/web\/wp-content\/uploads\/2015\/06\/login-logo1.png\",\"contentUrl\":\"https:\/\/tabernaculoprensadedios.com\/web\/wp-content\/uploads\/2015\/06\/login-logo1.png\",\"width\":300,\"height\":118,\"caption\":\"tabernaculo\"},\"logo\":{\"@id\":\"https:\/\/tabernaculoprensadedios.com\/web\/#\/schema\/person\/image\/\"},\"url\":\"https:\/\/tabernaculoprensadedios.com\/web\/author\/tabernaculo\/\"}]}<\/script>\n<!-- \/ Yoast SEO Premium plugin. -->","yoast_head_json":{"title":"\u00bfQu\u00e9 debemos hacer en la crisis? - Tabernaculo Prensa de Dios","robots":{"index":"index","follow":"follow","max-snippet":"max-snippet:-1","max-image-preview":"max-image-preview:large","max-video-preview":"max-video-preview:-1"},"canonical":"https:\/\/tabernaculoprensadedios.com\/web\/que-debemos-hacer-en-la-crisis\/","og_locale":"es_ES","og_type":"article","og_title":"\u00bfQu\u00e9 debemos hacer en la crisis?","og_description":"Porque me han rodeado males sin n\u00famero; Me han alcanzado mis maldades, y no puedo levantar la vista. Se han aumentado m\u00e1s que los cabellos de mi cabeza, y mi coraz\u00f3n me falla. Salmo 40:12 Primeramente, definamos que es una crisis, pues una crisis no es simplemente un problema, tal como lo dice el vers\u00edculo, &hellip;","og_url":"https:\/\/tabernaculoprensadedios.com\/web\/que-debemos-hacer-en-la-crisis\/","og_site_name":"Tabernaculo Prensa de Dios","article_published_time":"2018-01-31T21:38:06+00:00","og_image":[{"width":960,"height":640,"url":"https:\/\/tabernaculoprensadedios.com\/web\/wp-content\/uploads\/2018\/01\/Qu\u00e9-debemos-hacer-en-la-crisis.jpg","type":"image\/jpeg"}],"author":"tabernaculo","twitter_card":"summary_large_image","twitter_creator":"@PrensadeDios","twitter_site":"@PrensadeDios","twitter_misc":{"Escrito por":"tabernaculo","Tiempo de lectura":"3 minutos"},"schema":{"@context":"https:\/\/schema.org","@graph":[{"@type":"Article","@id":"https:\/\/tabernaculoprensadedios.com\/web\/que-debemos-hacer-en-la-crisis\/#article","isPartOf":{"@id":"https:\/\/tabernaculoprensadedios.com\/web\/que-debemos-hacer-en-la-crisis\/"},"author":{"name":"tabernaculo","@id":"https:\/\/tabernaculoprensadedios.com\/web\/#\/schema\/person\/bc0e069fef56b38e177db6f098ae0b6e"},"headline":"\u00bfQu\u00e9 debemos hacer en la crisis?","datePublished":"2018-01-31T21:38:06+00:00","mainEntityOfPage":{"@id":"https:\/\/tabernaculoprensadedios.com\/web\/que-debemos-hacer-en-la-crisis\/"},"wordCount":674,"commentCount":0,"publisher":{"@id":"https:\/\/tabernaculoprensadedios.com\/web\/#\/schema\/person\/bc0e069fef56b38e177db6f098ae0b6e"},"image":{"@id":"https:\/\/tabernaculoprensadedios.com\/web\/que-debemos-hacer-en-la-crisis\/#primaryimage"},"thumbnailUrl":"https:\/\/tabernaculoprensadedios.com\/web\/wp-content\/uploads\/2018\/01\/Qu\u00e9-debemos-hacer-en-la-crisis.jpg","articleSection":["Articulos"],"inLanguage":"es","potentialAction":[{"@type":"CommentAction","name":"Comment","target":["https:\/\/tabernaculoprensadedios.com\/web\/que-debemos-hacer-en-la-crisis\/#respond"]}]},{"@type":"WebPage","@id":"https:\/\/tabernaculoprensadedios.com\/web\/que-debemos-hacer-en-la-crisis\/","url":"https:\/\/tabernaculoprensadedios.com\/web\/que-debemos-hacer-en-la-crisis\/","name":"\u00bfQu\u00e9 debemos hacer en la crisis? - Tabernaculo Prensa de Dios","isPartOf":{"@id":"https:\/\/tabernaculoprensadedios.com\/web\/#website"},"primaryImageOfPage":{"@id":"https:\/\/tabernaculoprensadedios.com\/web\/que-debemos-hacer-en-la-crisis\/#primaryimage"},"image":{"@id":"https:\/\/tabernaculoprensadedios.com\/web\/que-debemos-hacer-en-la-crisis\/#primaryimage"},"thumbnailUrl":"https:\/\/tabernaculoprensadedios.com\/web\/wp-content\/uploads\/2018\/01\/Qu\u00e9-debemos-hacer-en-la-crisis.jpg","datePublished":"2018-01-31T21:38:06+00:00","breadcrumb":{"@id":"https:\/\/tabernaculoprensadedios.com\/web\/que-debemos-hacer-en-la-crisis\/#breadcrumb"},"inLanguage":"es","potentialAction":[{"@type":"ReadAction","target":["https:\/\/tabernaculoprensadedios.com\/web\/que-debemos-hacer-en-la-crisis\/"]}]},{"@type":"ImageObject","inLanguage":"es","@id":"https:\/\/tabernaculoprensadedios.com\/web\/que-debemos-hacer-en-la-crisis\/#primaryimage","url":"https:\/\/tabernaculoprensadedios.com\/web\/wp-content\/uploads\/2018\/01\/Qu\u00e9-debemos-hacer-en-la-crisis.jpg","contentUrl":"https:\/\/tabernaculoprensadedios.com\/web\/wp-content\/uploads\/2018\/01\/Qu\u00e9-debemos-hacer-en-la-crisis.jpg","width":960,"height":640},{"@type":"BreadcrumbList","@id":"https:\/\/tabernaculoprensadedios.com\/web\/que-debemos-hacer-en-la-crisis\/#breadcrumb","itemListElement":[{"@type":"ListItem","position":1,"name":"Portada","item":"https:\/\/tabernaculoprensadedios.com\/web\/"},{"@type":"ListItem","position":2,"name":"\u00bfQu\u00e9 debemos hacer en la crisis?"}]},{"@type":"WebSite","@id":"https:\/\/tabernaculoprensadedios.com\/web\/#website","url":"https:\/\/tabernaculoprensadedios.com\/web\/","name":"Tabernaculo Prensa de Dios","description":"Un medio a la manera de Dios","publisher":{"@id":"https:\/\/tabernaculoprensadedios.com\/web\/#\/schema\/person\/bc0e069fef56b38e177db6f098ae0b6e"},"potentialAction":[{"@type":"SearchAction","target":{"@type":"EntryPoint","urlTemplate":"https:\/\/tabernaculoprensadedios.com\/web\/?s={search_term_string}"},"query-input":{"@type":"PropertyValueSpecification","valueRequired":true,"valueName":"search_term_string"}}],"inLanguage":"es"},{"@type":["Person","Organization"],"@id":"https:\/\/tabernaculoprensadedios.com\/web\/#\/schema\/person\/bc0e069fef56b38e177db6f098ae0b6e","name":"tabernaculo","image":{"@type":"ImageObject","inLanguage":"es","@id":"https:\/\/tabernaculoprensadedios.com\/web\/#\/schema\/person\/image\/","url":"https:\/\/tabernaculoprensadedios.com\/web\/wp-content\/uploads\/2015\/06\/login-logo1.png","contentUrl":"https:\/\/tabernaculoprensadedios.com\/web\/wp-content\/uploads\/2015\/06\/login-logo1.png","width":300,"height":118,"caption":"tabernaculo"},"logo":{"@id":"https:\/\/tabernaculoprensadedios.com\/web\/#\/schema\/person\/image\/"},"url":"https:\/\/tabernaculoprensadedios.com\/web\/author\/tabernaculo\/"}]}},"_links":{"self":[{"href":"https:\/\/tabernaculoprensadedios.com\/web\/wp-json\/wp\/v2\/posts\/5283","targetHints":{"allow":["GET"]}}],"collection":[{"href":"https:\/\/tabernaculoprensadedios.com\/web\/wp-json\/wp\/v2\/posts"}],"about":[{"href":"https:\/\/tabernaculoprensadedios.com\/web\/wp-json\/wp\/v2\/types\/post"}],"author":[{"embeddable":true,"href":"https:\/\/tabernaculoprensadedios.com\/web\/wp-json\/wp\/v2\/users\/1"}],"replies":[{"embeddable":true,"href":"https:\/\/tabernaculoprensadedios.com\/web\/wp-json\/wp\/v2\/comments?post=5283"}],"version-history":[{"count":1,"href":"https:\/\/tabernaculoprensadedios.com\/web\/wp-json\/wp\/v2\/posts\/5283\/revisions"}],"predecessor-version":[{"id":5285,"href":"https:\/\/tabernaculoprensadedios.com\/web\/wp-json\/wp\/v2\/posts\/5283\/revisions\/5285"}],"wp:featuredmedia":[{"embeddable":true,"href":"https:\/\/tabernaculoprensadedios.com\/web\/wp-json\/wp\/v2\/media\/5284"}],"wp:attachment":[{"href":"https:\/\/tabernaculoprensadedios.com\/web\/wp-json\/wp\/v2\/media?parent=5283"}],"wp:term":[{"taxonomy":"category","embeddable":true,"href":"https:\/\/tabernaculoprensadedios.com\/web\/wp-json\/wp\/v2\/categories?post=5283"},{"taxonomy":"post_tag","embeddable":true,"href":"https:\/\/tabernaculoprensadedios.com\/web\/wp-json\/wp\/v2\/tags?post=5283"}],"curies":[{"name":"wp","href":"https:\/\/api.w.org\/{rel}","templated":true}]}}