{"id":5274,"date":"2018-01-31T21:32:21","date_gmt":"2018-01-31T21:32:21","guid":{"rendered":"http:\/\/tabernaculoprensadedios.com\/web\/?p=5274"},"modified":"2018-01-31T21:32:21","modified_gmt":"2018-01-31T21:32:21","slug":"logros-de-la-cruz-nos-dio-poder-sobre-el-maligno","status":"publish","type":"post","link":"https:\/\/tabernaculoprensadedios.com\/web\/logros-de-la-cruz-nos-dio-poder-sobre-el-maligno\/","title":{"rendered":"Logros de la Cruz, Nos dio Poder sobre el Maligno"},"content":{"rendered":"<p>En este mundo hay dos poderes, el del bien y el del mal. Tal como existe un Dios, fuente de todo bien, existe tambi\u00e9n un Diablo, fuente de todo mal. Los creyentes no debemos ni exagerar ni desestimar el poder de Satan\u00e1s.<\/p>\n<p><strong>Job 1:6-12; 2:1-10<br \/>\n<\/strong>Primera Frase: En este mundo hay dos poderes, el del bien y el del mal. Tal como existe un Dios, fuente de todo bien, existe tambi\u00e9n un Diablo, fuente de todo mal. Los creyentes no debemos ni exagerar ni desestimar el poder de Satan\u00e1s.<\/p>\n<p>Todos los que de verdad desean servir al Se\u00f1or, tendr\u00e1n luchas espirituales con el enemigo. Generalmente la lucha es invisible, pero se percibe. Por ejemplo en Corrientes a mi hermano Rub\u00e9n le quemaron la carpa donde predicaba y a \u00e9l lo ataron a un carro y lo arrastraron por el pueblo, seguro que Satan\u00e1s es el culpable. En Formosa, entr\u00f3 un grupo de j\u00f3venes ignorantes y mientras yo predicaba comenzaron a apedrearme y se arm\u00f3 una batalla campal entre los que me defend\u00edan y los que me quer\u00edan linchar.<\/p>\n<p>Tuvieron que venir los bomberos y a m\u00ed me salvaron encerr\u00e1ndome en un cuarto detr\u00e1s de la plataforma. Otra vez en Capilla del Monte la polic\u00eda descubri\u00f3 un complot y me encerr\u00f3 en la estaci\u00f3n del ferrocarril. En Misi\u00f3n Laishi la polic\u00eda descubri\u00f3 otro complot y me hizo ir a dormir a la comisar\u00eda porque no pod\u00edan garantizarme la vida de otra manera. Otra vez alguien sac\u00f3 un revolver mientras predicaba, me apunt\u00f3 y lo lograron tirar al piso y quitarle el arma. Pero estas son simplemente las luchas f\u00edsicas. No acabar\u00eda de contarles las luchas espirituales en oraci\u00f3n contra las fuerzas del mal. Pero una vez, tuve una lucha cuerpo a cuerpo con el enemigo.<\/p>\n<p>Estaba yo en Capilla del Monte, C\u00f3rdoba, Argentina, ten\u00eda 23 a\u00f1os y hab\u00eda comenzado una cruzada evangel\u00edstica en un Hotel. Hicimos anuncios con volantes, parlantes por las calles y logramos atraer bastante gente. Yo ya hab\u00eda hecho esto mismo en Corrientes y Formosa, de manera que ya ten\u00eda alguna experiencia. En esos lugares hab\u00edamos tenido grandes luchas, persecuciones y como les dije, casi me matan m\u00e1s de una vez. pero en Capilla del Monte, parec\u00eda que todo andaba bien. Estabamos en plena cruzada.<\/p>\n<p><em>\u00abTodos los que de verdad desean servir al Se\u00f1or, tendr\u00e1n luchas espirituales con el enemigo. Generalmente la lucha es invisible, pero se percibe.\u00bb<\/em><\/p>\n<p>Mi mam\u00e1 y mi hermana Elsa vinieron a cocinarme y cuidarme, un pastor mayor vino para ver lo que estaba pasando y mi sobrino Alberto vino con su acorde\u00f3n a ayudarme con la m\u00fasica.<\/p>\n<p>Estabamos todos en una casa prestada donde aconsej\u00e1bamos a los nuevos creyentes. Esa noche, todos se acostaron, yo me qued\u00e9 aconsejando a una persona. Cuando fui a la cama eran las 12 de la noche. En mi cuarto \u00e9ramos tres hombres. Mi cama estaba debajo del interruptor de la luz. Me acost\u00e9, extend\u00ed mi mano para apagar la luz y al apagarla alguien me tom\u00f3 del cuello me empuj\u00f3 sobre la almohada y se sent\u00f3 sobre mi vientre. Lo vi con mis ojos. Podr\u00eda dibujarlo si fuera dibujante.<\/p>\n<p>Su cara era redonda de un rojo vivo como fuego, su cuerpo gordo y pesado, estaba cubierto con una capa negra, m\u00e1s negra que la noche. Era pesado, me oprim\u00eda el vientre porque estaba sentado sobre m\u00ed y trataba de estrangularme con sus manos. Yo no pod\u00eda gritar, trataba de clamar a Jes\u00fas y no pod\u00eda. Yo estaba bien despierto. Luch\u00e9 como 30 segundos, pensaba que me mor\u00eda, pero logr\u00e9 extender mi brazo hacia el interruptor de la luz y al encenderla, desapareci\u00f3 tal persona y los otros dos se despertaron. Mi sobrino hablando en lenguas y todos percibiendo que hab\u00eda otra persona en el cuarto.<\/p>\n<p>Buscamos por abajo de la cama, en los roperos, sent\u00edamos esa presencia pero no la ve\u00edamos. Nos pusimos a luchar en oraci\u00f3n y a eso de las cuatro de la ma\u00f1ana, aunque no vimos nada, sentimos como un viento que sal\u00eda por la ventana y sentimos que se hab\u00eda ido. Ese mismo d\u00eda por la noche, cuando or\u00e1bamos con los que se entregaban al Se\u00f1or en la cruzada, cay\u00f3 un poder celestial, la gente cay\u00f3 al suelo, muchos vieron visiones, gente de la calle que entraba, ca\u00eda al suelo y comenz\u00f3 un avivamiento donde se convirtieron miles de personas.<\/p>\n<p>Eso sigui\u00f3 por meses, el peri\u00f3dico de C\u00f3rdoba en primera plana, como noticia puso \u00abFuego en las Sierras\u00bb, y contaba lo que pasaba. Durante esos meses, ocurrieron cosas que nunca yo hab\u00eda visto antes y muchas que nunca vi despu\u00e9s. Visiones, profec\u00edas, \u00c9xtasis y muchas otras manifestaciones sobrenaturales y parapsic\u00f3logas.<\/p>\n<p>Por ejemplo, una joven llamada Martha Conil, tuvo un \u00e9xtasis como de una hora y al volver dijo que me hab\u00eda visto a m\u00ed rodeado de Sacerdotes y Monjas Cat\u00f3lico-Romanas a quienes yo les impon\u00eda las manos, recib\u00edan el Bautismo en el Esp\u00edritu Santo y hablaban en lenguas. Era el a\u00f1o 1957. Nadie lo acept\u00f3, hasta el punto que la exorcizamos pensando que lo que hab\u00eda visto no era de parte de Dios. \u00a1Eso se cumpli\u00f3 literalmente 15 a\u00f1os m\u00e1s tarde!<\/p>\n<p><strong>SATAN\u00c1S DEBE SER RESPETADO POR LOS CREYENTES<\/strong><\/p>\n<p>El caso de Job. Examinando detenidamente el di\u00e1logo entre Dios y Satan\u00e1s, no noto violencia, como noto en muchos servicios evang\u00e9licos donde se lo pelea a Satan\u00e1s, se lo ata, se lo manda al abismo, se lo maldice, etc. Por empezar, Satan\u00e1s es uno de los grandes Querubines, llamados aqu\u00ed \u00abHijos de Dios\u00bb, Satan\u00e1s es un hijo rebelde, pero hijo.<\/p>\n<p>Cuando los hijos vienen a sus reuniones o banquetes, \u00e9l viene. No vino solo en el caso de Job. Satan\u00e1s va siempre a esas reuniones c\u00f3smicas, porque es el acusador de los creyentes, quiz\u00e1s va a hablar con Dios m\u00e1s que los otros porque la Escritura dice que nos acusa \u00abd\u00eda y noche\u00bb <strong>Apocalipsis 12:10<\/strong>. Tambi\u00e9n le pidi\u00f3 a Dios que lo deje zarandear a Pedro <strong>Lucas 22:31.<\/strong> Estoy seguro que muchas veces le pidi\u00f3 permiso a Dios para zarandearme a m\u00ed. Puedo percibirlo. Cuando Satan\u00e1s le pide a Dios que lo deje zarandear a Job, no hay violencia ni pelea y al final redund\u00f3 en beneficio de Job y gloria de Dios.<\/p>\n<p><em>\u00abCuando el Arc\u00e1ngel Miguel contend\u00eda con el Diablo, disputando con \u00e9l por el cuerpo de Mois\u00e9s, no se atrevi\u00f3 a proferir juicio de maldici\u00f3n contra \u00e9l, sino que dijo: El Se\u00f1or te reprenda.\u00bb <\/em>Judas 9. El Arc\u00e1ngel Miguel era otro de los \u00abHijos de Dios\u00bb y evidentemente ten\u00eda orden del Padre de no tomar medidas dr\u00e1sticas contra su \u00abhermano\u00bb Satan\u00e1s. Este es precisamente el consejo de Judas, de no blasfemar contra Satan\u00e1s Judas 10. San Pedro tambi\u00e9n nos exhorta a respetar los poderes espirituales <strong>2 Pedro 2:10-12.<\/strong><\/p>\n<p>Me alarma ver a muchos hermanos sinceros tratando irrespetuosamente a las autoridades superiores como Satan\u00e1s. Creo que Dios les perdona porque lo hacen por ignorancia, simplemente imitan lo que ven hacer a otros. \u00bfD\u00f3nde aprendemos que uno puede atar a Satan\u00e1s, echarlo de una ciudad, o provincia o pa\u00eds, etc.? Ni Jes\u00fas, ni los Ap\u00f3stoles lo hicieron. En el evangelio el atar y desatar se refiere a perdonar o no perdonar <strong>Mateo 18:15-22<\/strong>.<\/p>\n<p>Reci\u00e9n se lo va a atar a Satan\u00e1s al final de los tiempos <strong>Apocalipsis 20:1<\/strong> y luego de mil a\u00f1os se lo lanzar\u00e1 al Lago de Fuego <strong>Apocalipsis 20:10<\/strong>. Nadie lo puede atar hasta el tiempo se\u00f1alado por Dios. Lo que podemos hacer es expulsar demonios de las personas. Como para Dios no hay pasado ni futuro, Satan\u00e1s ya est\u00e1 vencido desde antes de la fundaci\u00f3n del mundo de la misma manera que Jes\u00fas fue inmolado antes de la fundaci\u00f3n del mundo Apocalipsis 13:8 y de la misma manea que nosotros ya estamos sentados en los cielos con Cristo Jes\u00fas <strong>Efesios 2:6.<\/strong> \u00abDios llama las cosas que no son como si fuesen\u00bb<strong> Romanos 4:17.<\/strong><\/p>\n<p>Nosotros estamos autorizados a resistir a Satan\u00e1s no permiti\u00e9ndole entrar a nuestras vidas y a expulsar demonios de las personas. Satan\u00e1s no es un demonio. Demonios son personas sin cuerpo dirigidas por Satan\u00e1s. Son quiz\u00e1s los esp\u00edritus de una raza que hab\u00eda en este planeta antes de Ad\u00e1n, bajo Lucero.<\/p>\n<p>Cuando \u00e9ste se rebel\u00f3 contra su Padre, la raza de su planeta se rebel\u00f3 con \u00e9l. Al entrar la tierra en terremotos y caos, como resultado de la rebeli\u00f3n, esta raza muri\u00f3 f\u00edsicamente, pero sus esp\u00edritus siguen fieles a Lucero, ahora Satan\u00e1s. Despu\u00e9s Dios decidi\u00f3 repoblar esta tierra que estaba desordenada y vac\u00eda <strong>G\u00e9nesis 1:1<\/strong>, la orden\u00f3 y nos puso en ella a nosotros. Pero Satan\u00e1s y sus demonios estaban al asecho.<\/p>\n<p><strong>SU PODER SOBRE EL CREYENTE ES LIMITADO Y CONTROLADO POR DIOS.<\/strong><\/p>\n<p>Su poder sobre nosotros es siempre limitado. En el caso de Job y el de Pedro, el permiso de Dios ten\u00eda limitaciones. Satan\u00e1s pod\u00eda hacer algo, pero no todo lo que quer\u00eda, sino lo que Dios le permit\u00eda. Pero Dios lo permit\u00eda con un prop\u00f3sito. En el caso de Job, Dios lo estaba purificando. El Job de despu\u00e9s de la prueba fue muy diferente del Job de antes de la prueba <strong>Job 42:5-6, 12<\/strong>. En el caso de Pedro, el que se cre\u00eda suficiente en s\u00ed mismo <strong>Lucas 22:33-34, <\/strong>era muy impulsivo. Negarlo a Jes\u00fas lo humill\u00f3 hasta lo sumo, lo quebrant\u00f3 y entonces fue otro Pedro<strong> Juan 21:15-19.<\/strong><\/p>\n<p>Dios lo usa a Satan\u00e1s para disciplinarnos, Satan\u00e1s es un sirviente de Dios. Siempre notamos en las Escrituras que de Dios solo viene bendici\u00f3n. Siempre lo malo es producido por Satan\u00e1s. Pero Dios usa a Satan\u00e1s para purificarnos y santificarnos.<\/p>\n<p>As\u00ed como vamos al gimnasio a luchar contra todas esas m\u00e1quinas para fortalecer nuestros m\u00fasculos, acelerar nuestra circulaci\u00f3n, mejorar nuestra figura, adquirir m\u00e1s energ\u00eda y flexibilidad en nuestro f\u00edsico y cultivar nuestra salud, as\u00ed en la vida Espiritual, Satan\u00e1s es la mejor m\u00e1quina del Gimnasio de Dios.<\/p>\n<p>San Pablo lo explica muy claro: \u00aby para que la grandeza de las revelaciones no me exaltase desmedidamente, me fue dado un aguij\u00f3n en mi carne, un mensajero de Satan\u00e1s que me abofetee, para que no me enaltezca sobremanera\u2026\u00bb <strong>2Corintios 12:7<\/strong>. Satan\u00e1s fue usado por Dios para ayudar a Pablo a portarse bien a pesar de las grandes revelaciones que recibi\u00f3, a Job a no justificarse a s\u00ed mismo, a Pedro a no confiar en s\u00ed mismo y a nosotros a perfeccionar nuestra vida <strong>Santiago 1;2.4.<\/strong><\/p>\n<p>El sacrificio de Cristo nos protege. Satan\u00e1s no puede ir m\u00e1s lejos de lo que Dios le permite porque ahora somos propiedad de Dios. Jes\u00fas nos libro del poder de las tinieblas <strong>Colosenses 1:13.<\/strong> Satan\u00e1s no nos tiene ahora bajo su potestad. Para tocarnos debe pedirle permiso a Dios porque estamos en su Reino. Si Dios le da permiso, se lo da con un prop\u00f3sito y con limitaciones, Dios \u00abno os dejar\u00e1 ser tentados m\u00e1s de lo que pod\u00e9is resistir, sino que dar\u00e1 tambi\u00e9n juntamente con la tentaci\u00f3n la salida, para que pod\u00e1is soportar.\u00bb <strong>1Corintios 10:13.<\/strong><\/p>\n<p><strong>LOS CREYENTES TENEMOS ALGO DE PODER SOBRE EL DIABLO.<\/strong><\/p>\n<p>Si obedecemos a Dios tenemos poder sobre el Diablo. Por ejemplo, no es pecado enojarse, pero no debemos permitir que el enojo dure m\u00e1s de un d\u00eda. Antes que termine el d\u00eda debemos reconciliarnos con quien nos ofendi\u00f3. Pero si permitimos que ese enojo se transforme en resentimiento y rencor, entonces le estamos dando lugar al Diablo <strong>Efesios 4:26-27<\/strong>. Lo mismo es con la tristeza.<\/p>\n<p>No es pecado estar triste si nos pasa algo, pero si permitimos que la tristeza se transforme en depresi\u00f3n continuada, estamos dando lugar al Diablo. No es pecado comer, pero si nos transformamos en glotones, estamos dando lugar al Diablo. Lo mismo sucede con el dinero, el sexo, el celo y todas las emociones y los placeres mundanos. Damos lugar al Diablo cuando no nos controlamos. Dios mismo nos provee dominio propio en el fruto del Esp\u00edritu <strong>G\u00e1latas 5:22-23.<\/strong><\/p>\n<p>Una de las armas m\u00e1s grandes contra el enemigo es la obediencia a Dios. \u00abSometeos, pues, a Dios; resistid al diablo, y huir\u00e1 de vosotros\u00bb <strong>Santiago 4:<\/strong>7. Antes era Satan\u00e1s que ten\u00eda poder sobre nosotros. Jes\u00fas pag\u00f3 con su sangre el precio de nuestro rescate y Dios nos \u00ablibr\u00f3 de la potestad de las tinieblas y traslad\u00f3 al Reino de su amado Hijo Jes\u00fas\u00bb <strong>Colosenses 1:13.<\/strong><\/p>\n<p>Satan\u00e1s no tiene m\u00e1s poder sobre nosotros. Sin embargo aunque somos propiedad de Dios, por estar todav\u00eda en este mundo gobernado por Satan\u00e1s, \u00e9l nos rodea y amenaza para amedrentarnos, como un perro que ladra o un le\u00f3n que ruge. Pero Dios nos dio la autoridad de resistirle y nos asegur\u00f3 que si lo hacemos, Satan\u00e1s huir\u00e1 de nosotros 1 Pedro 5:8.<\/p>\n<p>Para protegernos de Satan\u00e1s en esta tierra que es su territorio <strong>1 Juan 5:19; Juan 14:30<\/strong>, Dios nos provey\u00f3 una armadura para \u00abestar firmes contra las asechanzas del diablo.. resistirle en el d\u00eda malo, y habiendo acabado todo, estar firmes.\u00bb. Esta es la armadura: la verdad, la justicia, el evangelio de paz, la fe, la seguridad de la salvaci\u00f3n, su Palabra y la oraci\u00f3n.<\/p>\n<p><strong>Efesios 6:11-18<\/strong>. <em>\u00abLas armas de nuestra contienda no son carnales, sino poderosas en Dios para la destrucci\u00f3n de fortalezas; destruyendo especulaciones y todo razonamiento altivo que se levanta contra el conocimiento de Dios, y poniendo todo pensamiento en cautiverio a la obediencia de Cristo.\u00bb<\/em> <strong>2 Corintios 10:4-5.<\/strong><\/p>\n<p>Tambi\u00e9n nos dio poder a todos los creyentes para exorcizar a los endemoniados <strong>Marcos 16:17.<\/strong><strong>\u00a0<\/strong><\/p>\n<p>&#8211; Debemos tratarlo con respeto.<\/p>\n<p>&#8211; No debemos temerle<\/p>\n<p>&#8211; Debemos resistirle<\/p>\n<p>&#8211; Podemos exorcizar a endemoniados.<\/p>\n<p><strong>INVITACI\u00d3N<\/strong><\/p>\n<ol>\n<li>En el mundo hay dos poderes. Estamos debajo de uno o debajo del otro. Debemos entregar nuestra vida a Jes\u00fas y rechazar las obras del diablo.<\/li>\n<li>Te invito a rendirte a Jes\u00fas y a resistir al Diablo.<\/li>\n<\/ol>\n<p>ORACI\u00d3N: Se\u00f1or, gracias por librarnos del poder del Maligno. Sabemos que Satan\u00e1s es un hijo tuyo rebelde, y por eso lo respetamos aunque es un enemigo. Gracias por no dejarlo tocarnos a menos que sea para nuestro bien. Gracias por darnos la autorizaci\u00f3n de resistirle. Gracias por darnos poder contra los demonios. En el Nombre de Jes\u00fas, am\u00e9n.<\/p>\n","protected":false},"excerpt":{"rendered":"<p>En este mundo hay dos poderes, el del bien y el del mal. Tal como existe un Dios, fuente de todo bien, existe tambi\u00e9n un Diablo, fuente de todo mal. Los creyentes no debemos ni exagerar ni desestimar el poder de Satan\u00e1s. Job 1:6-12; 2:1-10 Primera Frase: En este mundo hay dos poderes, el del &hellip;<\/p>\n","protected":false},"author":1,"featured_media":5275,"comment_status":"open","ping_status":"open","sticky":false,"template":"","format":"standard","meta":{"footnotes":""},"categories":[34],"tags":[],"class_list":["post-5274","post","type-post","status-publish","format-standard","has-post-thumbnail","hentry","category-articulos"],"yoast_head":"<!-- This site is optimized with the Yoast SEO Premium plugin v24.2 (Yoast SEO v27.1.1) - https:\/\/yoast.com\/product\/yoast-seo-premium-wordpress\/ -->\n<title>Logros de la Cruz, Nos dio Poder sobre el Maligno - Tabernaculo Prensa de Dios<\/title>\n<meta name=\"robots\" content=\"index, follow, max-snippet:-1, max-image-preview:large, max-video-preview:-1\" \/>\n<link rel=\"canonical\" href=\"https:\/\/tabernaculoprensadedios.com\/web\/logros-de-la-cruz-nos-dio-poder-sobre-el-maligno\/\" class=\"yoast-seo-meta-tag\" \/>\n<meta property=\"og:locale\" content=\"es_ES\" class=\"yoast-seo-meta-tag\" \/>\n<meta property=\"og:type\" content=\"article\" class=\"yoast-seo-meta-tag\" \/>\n<meta property=\"og:title\" content=\"Logros de la Cruz, Nos dio Poder sobre el Maligno\" class=\"yoast-seo-meta-tag\" \/>\n<meta property=\"og:description\" content=\"En este mundo hay dos poderes, el del bien y el del mal. Tal como existe un Dios, fuente de todo bien, existe tambi\u00e9n un Diablo, fuente de todo mal. Los creyentes no debemos ni exagerar ni desestimar el poder de Satan\u00e1s. Job 1:6-12; 2:1-10 Primera Frase: En este mundo hay dos poderes, el del &hellip;\" class=\"yoast-seo-meta-tag\" \/>\n<meta property=\"og:url\" content=\"https:\/\/tabernaculoprensadedios.com\/web\/logros-de-la-cruz-nos-dio-poder-sobre-el-maligno\/\" class=\"yoast-seo-meta-tag\" \/>\n<meta property=\"og:site_name\" content=\"Tabernaculo Prensa de Dios\" class=\"yoast-seo-meta-tag\" \/>\n<meta property=\"article:published_time\" content=\"2018-01-31T21:32:21+00:00\" class=\"yoast-seo-meta-tag\" \/>\n<meta property=\"og:image\" content=\"https:\/\/tabernaculoprensadedios.com\/web\/wp-content\/uploads\/2018\/01\/Logros-de-la-Cruz-Nos-dio-Poder-sobre-el-Maligno.jpg\" class=\"yoast-seo-meta-tag\" \/>\n\t<meta property=\"og:image:width\" content=\"960\" class=\"yoast-seo-meta-tag\" \/>\n\t<meta property=\"og:image:height\" content=\"640\" class=\"yoast-seo-meta-tag\" \/>\n\t<meta property=\"og:image:type\" content=\"image\/jpeg\" class=\"yoast-seo-meta-tag\" \/>\n<meta name=\"author\" content=\"tabernaculo\" class=\"yoast-seo-meta-tag\" \/>\n<meta name=\"twitter:card\" content=\"summary_large_image\" class=\"yoast-seo-meta-tag\" \/>\n<meta name=\"twitter:creator\" content=\"@PrensadeDios\" class=\"yoast-seo-meta-tag\" \/>\n<meta name=\"twitter:site\" content=\"@PrensadeDios\" class=\"yoast-seo-meta-tag\" \/>\n<meta name=\"twitter:label1\" content=\"Escrito por\" class=\"yoast-seo-meta-tag\" \/>\n\t<meta name=\"twitter:data1\" content=\"tabernaculo\" class=\"yoast-seo-meta-tag\" \/>\n\t<meta name=\"twitter:label2\" content=\"Tiempo de lectura\" class=\"yoast-seo-meta-tag\" \/>\n\t<meta name=\"twitter:data2\" content=\"13 minutos\" class=\"yoast-seo-meta-tag\" \/>\n<script type=\"application\/ld+json\" class=\"yoast-schema-graph\">{\"@context\":\"https:\/\/schema.org\",\"@graph\":[{\"@type\":\"Article\",\"@id\":\"https:\/\/tabernaculoprensadedios.com\/web\/logros-de-la-cruz-nos-dio-poder-sobre-el-maligno\/#article\",\"isPartOf\":{\"@id\":\"https:\/\/tabernaculoprensadedios.com\/web\/logros-de-la-cruz-nos-dio-poder-sobre-el-maligno\/\"},\"author\":{\"name\":\"tabernaculo\",\"@id\":\"https:\/\/tabernaculoprensadedios.com\/web\/#\/schema\/person\/bc0e069fef56b38e177db6f098ae0b6e\"},\"headline\":\"Logros de la Cruz, Nos dio Poder sobre el Maligno\",\"datePublished\":\"2018-01-31T21:32:21+00:00\",\"mainEntityOfPage\":{\"@id\":\"https:\/\/tabernaculoprensadedios.com\/web\/logros-de-la-cruz-nos-dio-poder-sobre-el-maligno\/\"},\"wordCount\":2517,\"commentCount\":0,\"publisher\":{\"@id\":\"https:\/\/tabernaculoprensadedios.com\/web\/#\/schema\/person\/bc0e069fef56b38e177db6f098ae0b6e\"},\"image\":{\"@id\":\"https:\/\/tabernaculoprensadedios.com\/web\/logros-de-la-cruz-nos-dio-poder-sobre-el-maligno\/#primaryimage\"},\"thumbnailUrl\":\"https:\/\/tabernaculoprensadedios.com\/web\/wp-content\/uploads\/2018\/01\/Logros-de-la-Cruz-Nos-dio-Poder-sobre-el-Maligno.jpg\",\"articleSection\":[\"Articulos\"],\"inLanguage\":\"es\",\"potentialAction\":[{\"@type\":\"CommentAction\",\"name\":\"Comment\",\"target\":[\"https:\/\/tabernaculoprensadedios.com\/web\/logros-de-la-cruz-nos-dio-poder-sobre-el-maligno\/#respond\"]}]},{\"@type\":\"WebPage\",\"@id\":\"https:\/\/tabernaculoprensadedios.com\/web\/logros-de-la-cruz-nos-dio-poder-sobre-el-maligno\/\",\"url\":\"https:\/\/tabernaculoprensadedios.com\/web\/logros-de-la-cruz-nos-dio-poder-sobre-el-maligno\/\",\"name\":\"Logros de la Cruz, Nos dio Poder sobre el Maligno - Tabernaculo Prensa de Dios\",\"isPartOf\":{\"@id\":\"https:\/\/tabernaculoprensadedios.com\/web\/#website\"},\"primaryImageOfPage\":{\"@id\":\"https:\/\/tabernaculoprensadedios.com\/web\/logros-de-la-cruz-nos-dio-poder-sobre-el-maligno\/#primaryimage\"},\"image\":{\"@id\":\"https:\/\/tabernaculoprensadedios.com\/web\/logros-de-la-cruz-nos-dio-poder-sobre-el-maligno\/#primaryimage\"},\"thumbnailUrl\":\"https:\/\/tabernaculoprensadedios.com\/web\/wp-content\/uploads\/2018\/01\/Logros-de-la-Cruz-Nos-dio-Poder-sobre-el-Maligno.jpg\",\"datePublished\":\"2018-01-31T21:32:21+00:00\",\"breadcrumb\":{\"@id\":\"https:\/\/tabernaculoprensadedios.com\/web\/logros-de-la-cruz-nos-dio-poder-sobre-el-maligno\/#breadcrumb\"},\"inLanguage\":\"es\",\"potentialAction\":[{\"@type\":\"ReadAction\",\"target\":[\"https:\/\/tabernaculoprensadedios.com\/web\/logros-de-la-cruz-nos-dio-poder-sobre-el-maligno\/\"]}]},{\"@type\":\"ImageObject\",\"inLanguage\":\"es\",\"@id\":\"https:\/\/tabernaculoprensadedios.com\/web\/logros-de-la-cruz-nos-dio-poder-sobre-el-maligno\/#primaryimage\",\"url\":\"https:\/\/tabernaculoprensadedios.com\/web\/wp-content\/uploads\/2018\/01\/Logros-de-la-Cruz-Nos-dio-Poder-sobre-el-Maligno.jpg\",\"contentUrl\":\"https:\/\/tabernaculoprensadedios.com\/web\/wp-content\/uploads\/2018\/01\/Logros-de-la-Cruz-Nos-dio-Poder-sobre-el-Maligno.jpg\",\"width\":960,\"height\":640},{\"@type\":\"BreadcrumbList\",\"@id\":\"https:\/\/tabernaculoprensadedios.com\/web\/logros-de-la-cruz-nos-dio-poder-sobre-el-maligno\/#breadcrumb\",\"itemListElement\":[{\"@type\":\"ListItem\",\"position\":1,\"name\":\"Portada\",\"item\":\"https:\/\/tabernaculoprensadedios.com\/web\/\"},{\"@type\":\"ListItem\",\"position\":2,\"name\":\"Logros de la Cruz, Nos dio Poder sobre el Maligno\"}]},{\"@type\":\"WebSite\",\"@id\":\"https:\/\/tabernaculoprensadedios.com\/web\/#website\",\"url\":\"https:\/\/tabernaculoprensadedios.com\/web\/\",\"name\":\"Tabernaculo Prensa de Dios\",\"description\":\"Un medio a la manera de Dios\",\"publisher\":{\"@id\":\"https:\/\/tabernaculoprensadedios.com\/web\/#\/schema\/person\/bc0e069fef56b38e177db6f098ae0b6e\"},\"potentialAction\":[{\"@type\":\"SearchAction\",\"target\":{\"@type\":\"EntryPoint\",\"urlTemplate\":\"https:\/\/tabernaculoprensadedios.com\/web\/?s={search_term_string}\"},\"query-input\":{\"@type\":\"PropertyValueSpecification\",\"valueRequired\":true,\"valueName\":\"search_term_string\"}}],\"inLanguage\":\"es\"},{\"@type\":[\"Person\",\"Organization\"],\"@id\":\"https:\/\/tabernaculoprensadedios.com\/web\/#\/schema\/person\/bc0e069fef56b38e177db6f098ae0b6e\",\"name\":\"tabernaculo\",\"image\":{\"@type\":\"ImageObject\",\"inLanguage\":\"es\",\"@id\":\"https:\/\/tabernaculoprensadedios.com\/web\/#\/schema\/person\/image\/\",\"url\":\"https:\/\/tabernaculoprensadedios.com\/web\/wp-content\/uploads\/2015\/06\/login-logo1.png\",\"contentUrl\":\"https:\/\/tabernaculoprensadedios.com\/web\/wp-content\/uploads\/2015\/06\/login-logo1.png\",\"width\":300,\"height\":118,\"caption\":\"tabernaculo\"},\"logo\":{\"@id\":\"https:\/\/tabernaculoprensadedios.com\/web\/#\/schema\/person\/image\/\"},\"url\":\"https:\/\/tabernaculoprensadedios.com\/web\/author\/tabernaculo\/\"}]}<\/script>\n<!-- \/ Yoast SEO Premium plugin. -->","yoast_head_json":{"title":"Logros de la Cruz, Nos dio Poder sobre el Maligno - Tabernaculo Prensa de Dios","robots":{"index":"index","follow":"follow","max-snippet":"max-snippet:-1","max-image-preview":"max-image-preview:large","max-video-preview":"max-video-preview:-1"},"canonical":"https:\/\/tabernaculoprensadedios.com\/web\/logros-de-la-cruz-nos-dio-poder-sobre-el-maligno\/","og_locale":"es_ES","og_type":"article","og_title":"Logros de la Cruz, Nos dio Poder sobre el Maligno","og_description":"En este mundo hay dos poderes, el del bien y el del mal. Tal como existe un Dios, fuente de todo bien, existe tambi\u00e9n un Diablo, fuente de todo mal. Los creyentes no debemos ni exagerar ni desestimar el poder de Satan\u00e1s. Job 1:6-12; 2:1-10 Primera Frase: En este mundo hay dos poderes, el del &hellip;","og_url":"https:\/\/tabernaculoprensadedios.com\/web\/logros-de-la-cruz-nos-dio-poder-sobre-el-maligno\/","og_site_name":"Tabernaculo Prensa de Dios","article_published_time":"2018-01-31T21:32:21+00:00","og_image":[{"width":960,"height":640,"url":"https:\/\/tabernaculoprensadedios.com\/web\/wp-content\/uploads\/2018\/01\/Logros-de-la-Cruz-Nos-dio-Poder-sobre-el-Maligno.jpg","type":"image\/jpeg"}],"author":"tabernaculo","twitter_card":"summary_large_image","twitter_creator":"@PrensadeDios","twitter_site":"@PrensadeDios","twitter_misc":{"Escrito por":"tabernaculo","Tiempo de lectura":"13 minutos"},"schema":{"@context":"https:\/\/schema.org","@graph":[{"@type":"Article","@id":"https:\/\/tabernaculoprensadedios.com\/web\/logros-de-la-cruz-nos-dio-poder-sobre-el-maligno\/#article","isPartOf":{"@id":"https:\/\/tabernaculoprensadedios.com\/web\/logros-de-la-cruz-nos-dio-poder-sobre-el-maligno\/"},"author":{"name":"tabernaculo","@id":"https:\/\/tabernaculoprensadedios.com\/web\/#\/schema\/person\/bc0e069fef56b38e177db6f098ae0b6e"},"headline":"Logros de la Cruz, Nos dio Poder sobre el Maligno","datePublished":"2018-01-31T21:32:21+00:00","mainEntityOfPage":{"@id":"https:\/\/tabernaculoprensadedios.com\/web\/logros-de-la-cruz-nos-dio-poder-sobre-el-maligno\/"},"wordCount":2517,"commentCount":0,"publisher":{"@id":"https:\/\/tabernaculoprensadedios.com\/web\/#\/schema\/person\/bc0e069fef56b38e177db6f098ae0b6e"},"image":{"@id":"https:\/\/tabernaculoprensadedios.com\/web\/logros-de-la-cruz-nos-dio-poder-sobre-el-maligno\/#primaryimage"},"thumbnailUrl":"https:\/\/tabernaculoprensadedios.com\/web\/wp-content\/uploads\/2018\/01\/Logros-de-la-Cruz-Nos-dio-Poder-sobre-el-Maligno.jpg","articleSection":["Articulos"],"inLanguage":"es","potentialAction":[{"@type":"CommentAction","name":"Comment","target":["https:\/\/tabernaculoprensadedios.com\/web\/logros-de-la-cruz-nos-dio-poder-sobre-el-maligno\/#respond"]}]},{"@type":"WebPage","@id":"https:\/\/tabernaculoprensadedios.com\/web\/logros-de-la-cruz-nos-dio-poder-sobre-el-maligno\/","url":"https:\/\/tabernaculoprensadedios.com\/web\/logros-de-la-cruz-nos-dio-poder-sobre-el-maligno\/","name":"Logros de la Cruz, Nos dio Poder sobre el Maligno - Tabernaculo Prensa de Dios","isPartOf":{"@id":"https:\/\/tabernaculoprensadedios.com\/web\/#website"},"primaryImageOfPage":{"@id":"https:\/\/tabernaculoprensadedios.com\/web\/logros-de-la-cruz-nos-dio-poder-sobre-el-maligno\/#primaryimage"},"image":{"@id":"https:\/\/tabernaculoprensadedios.com\/web\/logros-de-la-cruz-nos-dio-poder-sobre-el-maligno\/#primaryimage"},"thumbnailUrl":"https:\/\/tabernaculoprensadedios.com\/web\/wp-content\/uploads\/2018\/01\/Logros-de-la-Cruz-Nos-dio-Poder-sobre-el-Maligno.jpg","datePublished":"2018-01-31T21:32:21+00:00","breadcrumb":{"@id":"https:\/\/tabernaculoprensadedios.com\/web\/logros-de-la-cruz-nos-dio-poder-sobre-el-maligno\/#breadcrumb"},"inLanguage":"es","potentialAction":[{"@type":"ReadAction","target":["https:\/\/tabernaculoprensadedios.com\/web\/logros-de-la-cruz-nos-dio-poder-sobre-el-maligno\/"]}]},{"@type":"ImageObject","inLanguage":"es","@id":"https:\/\/tabernaculoprensadedios.com\/web\/logros-de-la-cruz-nos-dio-poder-sobre-el-maligno\/#primaryimage","url":"https:\/\/tabernaculoprensadedios.com\/web\/wp-content\/uploads\/2018\/01\/Logros-de-la-Cruz-Nos-dio-Poder-sobre-el-Maligno.jpg","contentUrl":"https:\/\/tabernaculoprensadedios.com\/web\/wp-content\/uploads\/2018\/01\/Logros-de-la-Cruz-Nos-dio-Poder-sobre-el-Maligno.jpg","width":960,"height":640},{"@type":"BreadcrumbList","@id":"https:\/\/tabernaculoprensadedios.com\/web\/logros-de-la-cruz-nos-dio-poder-sobre-el-maligno\/#breadcrumb","itemListElement":[{"@type":"ListItem","position":1,"name":"Portada","item":"https:\/\/tabernaculoprensadedios.com\/web\/"},{"@type":"ListItem","position":2,"name":"Logros de la Cruz, Nos dio Poder sobre el Maligno"}]},{"@type":"WebSite","@id":"https:\/\/tabernaculoprensadedios.com\/web\/#website","url":"https:\/\/tabernaculoprensadedios.com\/web\/","name":"Tabernaculo Prensa de Dios","description":"Un medio a la manera de Dios","publisher":{"@id":"https:\/\/tabernaculoprensadedios.com\/web\/#\/schema\/person\/bc0e069fef56b38e177db6f098ae0b6e"},"potentialAction":[{"@type":"SearchAction","target":{"@type":"EntryPoint","urlTemplate":"https:\/\/tabernaculoprensadedios.com\/web\/?s={search_term_string}"},"query-input":{"@type":"PropertyValueSpecification","valueRequired":true,"valueName":"search_term_string"}}],"inLanguage":"es"},{"@type":["Person","Organization"],"@id":"https:\/\/tabernaculoprensadedios.com\/web\/#\/schema\/person\/bc0e069fef56b38e177db6f098ae0b6e","name":"tabernaculo","image":{"@type":"ImageObject","inLanguage":"es","@id":"https:\/\/tabernaculoprensadedios.com\/web\/#\/schema\/person\/image\/","url":"https:\/\/tabernaculoprensadedios.com\/web\/wp-content\/uploads\/2015\/06\/login-logo1.png","contentUrl":"https:\/\/tabernaculoprensadedios.com\/web\/wp-content\/uploads\/2015\/06\/login-logo1.png","width":300,"height":118,"caption":"tabernaculo"},"logo":{"@id":"https:\/\/tabernaculoprensadedios.com\/web\/#\/schema\/person\/image\/"},"url":"https:\/\/tabernaculoprensadedios.com\/web\/author\/tabernaculo\/"}]}},"_links":{"self":[{"href":"https:\/\/tabernaculoprensadedios.com\/web\/wp-json\/wp\/v2\/posts\/5274","targetHints":{"allow":["GET"]}}],"collection":[{"href":"https:\/\/tabernaculoprensadedios.com\/web\/wp-json\/wp\/v2\/posts"}],"about":[{"href":"https:\/\/tabernaculoprensadedios.com\/web\/wp-json\/wp\/v2\/types\/post"}],"author":[{"embeddable":true,"href":"https:\/\/tabernaculoprensadedios.com\/web\/wp-json\/wp\/v2\/users\/1"}],"replies":[{"embeddable":true,"href":"https:\/\/tabernaculoprensadedios.com\/web\/wp-json\/wp\/v2\/comments?post=5274"}],"version-history":[{"count":1,"href":"https:\/\/tabernaculoprensadedios.com\/web\/wp-json\/wp\/v2\/posts\/5274\/revisions"}],"predecessor-version":[{"id":5276,"href":"https:\/\/tabernaculoprensadedios.com\/web\/wp-json\/wp\/v2\/posts\/5274\/revisions\/5276"}],"wp:featuredmedia":[{"embeddable":true,"href":"https:\/\/tabernaculoprensadedios.com\/web\/wp-json\/wp\/v2\/media\/5275"}],"wp:attachment":[{"href":"https:\/\/tabernaculoprensadedios.com\/web\/wp-json\/wp\/v2\/media?parent=5274"}],"wp:term":[{"taxonomy":"category","embeddable":true,"href":"https:\/\/tabernaculoprensadedios.com\/web\/wp-json\/wp\/v2\/categories?post=5274"},{"taxonomy":"post_tag","embeddable":true,"href":"https:\/\/tabernaculoprensadedios.com\/web\/wp-json\/wp\/v2\/tags?post=5274"}],"curies":[{"name":"wp","href":"https:\/\/api.w.org\/{rel}","templated":true}]}}