{"id":5271,"date":"2018-01-31T21:30:19","date_gmt":"2018-01-31T21:30:19","guid":{"rendered":"http:\/\/tabernaculoprensadedios.com\/web\/?p=5271"},"modified":"2018-01-31T21:30:19","modified_gmt":"2018-01-31T21:30:19","slug":"la-manifestacion-de-la-bondad-de-dios","status":"publish","type":"post","link":"https:\/\/tabernaculoprensadedios.com\/web\/la-manifestacion-de-la-bondad-de-dios\/","title":{"rendered":"La manifestaci\u00f3n de la bondad de Dios"},"content":{"rendered":"<p><strong>Salmo 31:19<\/strong>, <em>\u201c! Cu\u00e1n\u00a0 grande es tu bondad, que has guardado para los que te temen, que has mostrado a los que esperan en ti, delante de los hijos de los hombres!\u201d.<\/em><\/p>\n<p>La bondad no solo es un atributo de Dios, sino una verdad fundamental que todo cristiano deber\u00eda abrazar.<\/p>\n<p>El ap\u00f3stol Pablo, en <strong>Tito 2:4-7<\/strong>, dice: <em>\u201cPero cuando se manifest\u00f3 la bondad de Dios nuestro Salvador, y su amor para con nosotros, nos salvo no por obras de justicia que nosotros hubi\u00e9ramos hecho, sino por su misericordia, por el lavamiento de la regeneraci\u00f3n y por la renovaci\u00f3n en el Esp\u00edritu Santo, el cual derramo en nosotros abundantemente por Jesucristo nuestro Salvador. Para que justificado por la gracia, vini\u00e9ramos\u00a0 a ser herederos conforme a la esperanza de la vida eterna\u201d.<\/em><em>\u00a0<\/em><\/p>\n<p>\u00bfQu\u00e9 \u00e9ramos nosotros antes de conocer a Cristo? Pablo dice: <em>\u201cPorque nosotros tambi\u00e9n \u00e9ramos en otro tiempo insensatos, rebeldes, extraviados, esclavos\u00a0 de concupiscencias y deleites diversos, viviendo en malicia y envidia, aborrecibles, y aborreci\u00e9ndonos unos a otros\u201d,<\/em> <strong>Tito 2:3.<\/strong><\/p>\n<p>Al respecto<em>, \u201cdice el necio en su coraz\u00f3n: No hay Dios. Se han corrompido, hacen obras abominables; no hay quien haga el bien\u201d,<\/em> <strong>Salmo 14:1.<\/strong><\/p>\n<p>Sin embargo, Dios es fuente de todo lo que es bueno; porque <em>\u201ctoda buena dadiva y todo don perfecto desciende de lo alto, del Padre de las luces, en el cual no hay mudanza, ni sombra de variaci\u00f3n\u201d, <\/em><strong>Santiago 1:17.<\/strong><\/p>\n<p>Dios no le quita nada que sea verdadero, a sus hijos: <em>\u201cPorque sol y escudo es Jehov\u00e1 Dios; gracia y gloria dar\u00e1 Jehov\u00e1. No quitara el bien a los que andan en integridad\u201d,<\/em> <strong>Salmos 84:11<\/strong>.<\/p>\n<p>Conozco en este pa\u00eds a muchas personas que han sido impactadas por la bondad de Dios, han recibido a Jesucristo como su Se\u00f1or y Salvador y nacido de nuevo espiritualmente, y sus vidas transformadas de manera radical.<\/p>\n<p>Tambi\u00e9n conozco el testimonio de una pareja joven, que viv\u00eda en un sector de San Pedro de Macor\u00eds, que en su vida fue impactada por la bondad de Dios, porque\u00a0 su primer hijo naci\u00f3 pesando libra y media, y todos los vecinos se asombraron de ver una criatura tan peque\u00f1a y\u00a0 apostaban que no iba a durar ni siquiera tres meses.<\/p>\n<p>El bebe no naci\u00f3 prematuro, pero la comadrona tambi\u00e9n dudaba que durara mucho, porque\u00a0 no ni siquiera le cab\u00eda el tetero por la boquita para alimentarse de la leche, por lo que ten\u00eda que usar una jeringuilla, y adem\u00e1s era estre\u00f1ido y para que evacuara le pon\u00edan\u00a0 enemas con otra jeringuilla. Era realmente una situaci\u00f3n dif\u00edcil para los j\u00f3venes padres de esa criatura.<\/p>\n<p>Los vecinos cuando iban al hogar de esta joven pareja, el saludo que le daban era que si el bebe todav\u00eda estaba vivo. En un momento que se juntaron muchos de los vecinos, algunos por curiosidad y otros\u00a0 preocupados, por la situaci\u00f3n del bebe, esperaban su fallecimiento en cualquier momento. Pero su abuelo, ya incomodo por los molestosos comentarios de los vecinos, manifest\u00f3 en alta voz, ese ni\u00f1o \u201clos va a enterrar a todos\u00a0 ustedes\u201d, y as\u00ed fue. La bondad de Dios se manifest\u00f3 en esa familia, y el ni\u00f1o sobrevivi\u00f3.<\/p>\n<p>Su hijo creci\u00f3 saludable, estudio en la UASD, y se gradu\u00f3\u00a0 en ciencia de la Comunicaci\u00f3n Social, y trabajando duro,\u00a0 saco de la pobreza\u00a0 a\u00a0 su familia, y lo m\u00e1s importante fue que en su juventud recibi\u00f3 a Cristo como su Se\u00f1or y Salvador.<\/p>\n<p>El destino eterno del hombre est\u00e1 determinado por la decisi\u00f3n que tome con respecto a c\u00f3mo puede ser verdaderamente bueno a los ojos de Dios. (Ver <strong>Juan 5:28-29; Romanos\u00a0 3:1-26; Tito 3:3-7.<\/strong><strong>\u00a0<\/strong><\/p>\n<p>Ese ni\u00f1o que creci\u00f3 lleno de vida f\u00edsica, soy yo, Miguel A. Matos, ahora un adulto mayor, tengo 50 a\u00f1os de casado, con una hermosa familia, con tres hijas,\u00a0 que me han dado siete preciosos nietos , y m\u00e1s de la mitad de mi vida la he\u00a0 utilizado\u00a0 al servicio del Se\u00f1or, agradecido por su inmensa bondad\u00a0 y misericordia.<\/p>\n<p>Muchas bendiciones para mis colegas periodistas, amigos y\u00a0 para mis apreciados y amados hermanos en Cristo.<\/p>\n","protected":false},"excerpt":{"rendered":"<p>Salmo 31:19, \u201c! Cu\u00e1n\u00a0 grande es tu bondad, que has guardado para los que te temen, que has mostrado a los que esperan en ti, delante de los hijos de los hombres!\u201d. La bondad no solo es un atributo de Dios, sino una verdad fundamental que todo cristiano deber\u00eda abrazar. El ap\u00f3stol Pablo, en Tito &hellip;<\/p>\n","protected":false},"author":1,"featured_media":5272,"comment_status":"open","ping_status":"open","sticky":false,"template":"","format":"standard","meta":{"footnotes":""},"categories":[34],"tags":[],"class_list":["post-5271","post","type-post","status-publish","format-standard","has-post-thumbnail","hentry","category-articulos"],"yoast_head":"<!-- This site is optimized with the Yoast SEO Premium plugin v24.2 (Yoast SEO v27.1.1) - https:\/\/yoast.com\/product\/yoast-seo-premium-wordpress\/ -->\n<title>La manifestaci\u00f3n de la bondad de Dios - Tabernaculo Prensa de Dios<\/title>\n<meta name=\"robots\" content=\"index, follow, max-snippet:-1, max-image-preview:large, max-video-preview:-1\" \/>\n<link rel=\"canonical\" href=\"https:\/\/tabernaculoprensadedios.com\/web\/la-manifestacion-de-la-bondad-de-dios\/\" class=\"yoast-seo-meta-tag\" \/>\n<meta property=\"og:locale\" content=\"es_ES\" class=\"yoast-seo-meta-tag\" \/>\n<meta property=\"og:type\" content=\"article\" class=\"yoast-seo-meta-tag\" \/>\n<meta property=\"og:title\" content=\"La manifestaci\u00f3n de la bondad de Dios\" class=\"yoast-seo-meta-tag\" \/>\n<meta property=\"og:description\" content=\"Salmo 31:19, \u201c! Cu\u00e1n\u00a0 grande es tu bondad, que has guardado para los que te temen, que has mostrado a los que esperan en ti, delante de los hijos de los hombres!\u201d. La bondad no solo es un atributo de Dios, sino una verdad fundamental que todo cristiano deber\u00eda abrazar. El ap\u00f3stol Pablo, en Tito &hellip;\" class=\"yoast-seo-meta-tag\" \/>\n<meta property=\"og:url\" content=\"https:\/\/tabernaculoprensadedios.com\/web\/la-manifestacion-de-la-bondad-de-dios\/\" class=\"yoast-seo-meta-tag\" \/>\n<meta property=\"og:site_name\" content=\"Tabernaculo Prensa de Dios\" class=\"yoast-seo-meta-tag\" \/>\n<meta property=\"article:published_time\" content=\"2018-01-31T21:30:19+00:00\" class=\"yoast-seo-meta-tag\" \/>\n<meta property=\"og:image\" content=\"https:\/\/tabernaculoprensadedios.com\/web\/wp-content\/uploads\/2018\/01\/La-manifestaci\u00f3n-de-la-bondad-de-Dios.jpg\" class=\"yoast-seo-meta-tag\" \/>\n\t<meta property=\"og:image:width\" content=\"960\" class=\"yoast-seo-meta-tag\" \/>\n\t<meta property=\"og:image:height\" content=\"640\" class=\"yoast-seo-meta-tag\" \/>\n\t<meta property=\"og:image:type\" content=\"image\/jpeg\" class=\"yoast-seo-meta-tag\" \/>\n<meta name=\"author\" content=\"tabernaculo\" class=\"yoast-seo-meta-tag\" \/>\n<meta name=\"twitter:card\" content=\"summary_large_image\" class=\"yoast-seo-meta-tag\" \/>\n<meta name=\"twitter:creator\" content=\"@PrensadeDios\" class=\"yoast-seo-meta-tag\" \/>\n<meta name=\"twitter:site\" content=\"@PrensadeDios\" class=\"yoast-seo-meta-tag\" \/>\n<meta name=\"twitter:label1\" content=\"Escrito por\" class=\"yoast-seo-meta-tag\" \/>\n\t<meta name=\"twitter:data1\" content=\"tabernaculo\" class=\"yoast-seo-meta-tag\" \/>\n\t<meta name=\"twitter:label2\" content=\"Tiempo de lectura\" class=\"yoast-seo-meta-tag\" \/>\n\t<meta name=\"twitter:data2\" content=\"4 minutos\" class=\"yoast-seo-meta-tag\" \/>\n<script type=\"application\/ld+json\" class=\"yoast-schema-graph\">{\"@context\":\"https:\/\/schema.org\",\"@graph\":[{\"@type\":\"Article\",\"@id\":\"https:\/\/tabernaculoprensadedios.com\/web\/la-manifestacion-de-la-bondad-de-dios\/#article\",\"isPartOf\":{\"@id\":\"https:\/\/tabernaculoprensadedios.com\/web\/la-manifestacion-de-la-bondad-de-dios\/\"},\"author\":{\"name\":\"tabernaculo\",\"@id\":\"https:\/\/tabernaculoprensadedios.com\/web\/#\/schema\/person\/bc0e069fef56b38e177db6f098ae0b6e\"},\"headline\":\"La manifestaci\u00f3n de la bondad de Dios\",\"datePublished\":\"2018-01-31T21:30:19+00:00\",\"mainEntityOfPage\":{\"@id\":\"https:\/\/tabernaculoprensadedios.com\/web\/la-manifestacion-de-la-bondad-de-dios\/\"},\"wordCount\":713,\"commentCount\":0,\"publisher\":{\"@id\":\"https:\/\/tabernaculoprensadedios.com\/web\/#\/schema\/person\/bc0e069fef56b38e177db6f098ae0b6e\"},\"image\":{\"@id\":\"https:\/\/tabernaculoprensadedios.com\/web\/la-manifestacion-de-la-bondad-de-dios\/#primaryimage\"},\"thumbnailUrl\":\"https:\/\/tabernaculoprensadedios.com\/web\/wp-content\/uploads\/2018\/01\/La-manifestaci\u00f3n-de-la-bondad-de-Dios.jpg\",\"articleSection\":[\"Articulos\"],\"inLanguage\":\"es\",\"potentialAction\":[{\"@type\":\"CommentAction\",\"name\":\"Comment\",\"target\":[\"https:\/\/tabernaculoprensadedios.com\/web\/la-manifestacion-de-la-bondad-de-dios\/#respond\"]}]},{\"@type\":\"WebPage\",\"@id\":\"https:\/\/tabernaculoprensadedios.com\/web\/la-manifestacion-de-la-bondad-de-dios\/\",\"url\":\"https:\/\/tabernaculoprensadedios.com\/web\/la-manifestacion-de-la-bondad-de-dios\/\",\"name\":\"La manifestaci\u00f3n de la bondad de Dios - Tabernaculo Prensa de Dios\",\"isPartOf\":{\"@id\":\"https:\/\/tabernaculoprensadedios.com\/web\/#website\"},\"primaryImageOfPage\":{\"@id\":\"https:\/\/tabernaculoprensadedios.com\/web\/la-manifestacion-de-la-bondad-de-dios\/#primaryimage\"},\"image\":{\"@id\":\"https:\/\/tabernaculoprensadedios.com\/web\/la-manifestacion-de-la-bondad-de-dios\/#primaryimage\"},\"thumbnailUrl\":\"https:\/\/tabernaculoprensadedios.com\/web\/wp-content\/uploads\/2018\/01\/La-manifestaci\u00f3n-de-la-bondad-de-Dios.jpg\",\"datePublished\":\"2018-01-31T21:30:19+00:00\",\"breadcrumb\":{\"@id\":\"https:\/\/tabernaculoprensadedios.com\/web\/la-manifestacion-de-la-bondad-de-dios\/#breadcrumb\"},\"inLanguage\":\"es\",\"potentialAction\":[{\"@type\":\"ReadAction\",\"target\":[\"https:\/\/tabernaculoprensadedios.com\/web\/la-manifestacion-de-la-bondad-de-dios\/\"]}]},{\"@type\":\"ImageObject\",\"inLanguage\":\"es\",\"@id\":\"https:\/\/tabernaculoprensadedios.com\/web\/la-manifestacion-de-la-bondad-de-dios\/#primaryimage\",\"url\":\"https:\/\/tabernaculoprensadedios.com\/web\/wp-content\/uploads\/2018\/01\/La-manifestaci\u00f3n-de-la-bondad-de-Dios.jpg\",\"contentUrl\":\"https:\/\/tabernaculoprensadedios.com\/web\/wp-content\/uploads\/2018\/01\/La-manifestaci\u00f3n-de-la-bondad-de-Dios.jpg\",\"width\":960,\"height\":640},{\"@type\":\"BreadcrumbList\",\"@id\":\"https:\/\/tabernaculoprensadedios.com\/web\/la-manifestacion-de-la-bondad-de-dios\/#breadcrumb\",\"itemListElement\":[{\"@type\":\"ListItem\",\"position\":1,\"name\":\"Portada\",\"item\":\"https:\/\/tabernaculoprensadedios.com\/web\/\"},{\"@type\":\"ListItem\",\"position\":2,\"name\":\"La manifestaci\u00f3n de la bondad de Dios\"}]},{\"@type\":\"WebSite\",\"@id\":\"https:\/\/tabernaculoprensadedios.com\/web\/#website\",\"url\":\"https:\/\/tabernaculoprensadedios.com\/web\/\",\"name\":\"Tabernaculo Prensa de Dios\",\"description\":\"Un medio a la manera de Dios\",\"publisher\":{\"@id\":\"https:\/\/tabernaculoprensadedios.com\/web\/#\/schema\/person\/bc0e069fef56b38e177db6f098ae0b6e\"},\"potentialAction\":[{\"@type\":\"SearchAction\",\"target\":{\"@type\":\"EntryPoint\",\"urlTemplate\":\"https:\/\/tabernaculoprensadedios.com\/web\/?s={search_term_string}\"},\"query-input\":{\"@type\":\"PropertyValueSpecification\",\"valueRequired\":true,\"valueName\":\"search_term_string\"}}],\"inLanguage\":\"es\"},{\"@type\":[\"Person\",\"Organization\"],\"@id\":\"https:\/\/tabernaculoprensadedios.com\/web\/#\/schema\/person\/bc0e069fef56b38e177db6f098ae0b6e\",\"name\":\"tabernaculo\",\"image\":{\"@type\":\"ImageObject\",\"inLanguage\":\"es\",\"@id\":\"https:\/\/tabernaculoprensadedios.com\/web\/#\/schema\/person\/image\/\",\"url\":\"https:\/\/tabernaculoprensadedios.com\/web\/wp-content\/uploads\/2015\/06\/login-logo1.png\",\"contentUrl\":\"https:\/\/tabernaculoprensadedios.com\/web\/wp-content\/uploads\/2015\/06\/login-logo1.png\",\"width\":300,\"height\":118,\"caption\":\"tabernaculo\"},\"logo\":{\"@id\":\"https:\/\/tabernaculoprensadedios.com\/web\/#\/schema\/person\/image\/\"},\"url\":\"https:\/\/tabernaculoprensadedios.com\/web\/author\/tabernaculo\/\"}]}<\/script>\n<!-- \/ Yoast SEO Premium plugin. -->","yoast_head_json":{"title":"La manifestaci\u00f3n de la bondad de Dios - Tabernaculo Prensa de Dios","robots":{"index":"index","follow":"follow","max-snippet":"max-snippet:-1","max-image-preview":"max-image-preview:large","max-video-preview":"max-video-preview:-1"},"canonical":"https:\/\/tabernaculoprensadedios.com\/web\/la-manifestacion-de-la-bondad-de-dios\/","og_locale":"es_ES","og_type":"article","og_title":"La manifestaci\u00f3n de la bondad de Dios","og_description":"Salmo 31:19, \u201c! Cu\u00e1n\u00a0 grande es tu bondad, que has guardado para los que te temen, que has mostrado a los que esperan en ti, delante de los hijos de los hombres!\u201d. La bondad no solo es un atributo de Dios, sino una verdad fundamental que todo cristiano deber\u00eda abrazar. El ap\u00f3stol Pablo, en Tito &hellip;","og_url":"https:\/\/tabernaculoprensadedios.com\/web\/la-manifestacion-de-la-bondad-de-dios\/","og_site_name":"Tabernaculo Prensa de Dios","article_published_time":"2018-01-31T21:30:19+00:00","og_image":[{"width":960,"height":640,"url":"https:\/\/tabernaculoprensadedios.com\/web\/wp-content\/uploads\/2018\/01\/La-manifestaci\u00f3n-de-la-bondad-de-Dios.jpg","type":"image\/jpeg"}],"author":"tabernaculo","twitter_card":"summary_large_image","twitter_creator":"@PrensadeDios","twitter_site":"@PrensadeDios","twitter_misc":{"Escrito por":"tabernaculo","Tiempo de lectura":"4 minutos"},"schema":{"@context":"https:\/\/schema.org","@graph":[{"@type":"Article","@id":"https:\/\/tabernaculoprensadedios.com\/web\/la-manifestacion-de-la-bondad-de-dios\/#article","isPartOf":{"@id":"https:\/\/tabernaculoprensadedios.com\/web\/la-manifestacion-de-la-bondad-de-dios\/"},"author":{"name":"tabernaculo","@id":"https:\/\/tabernaculoprensadedios.com\/web\/#\/schema\/person\/bc0e069fef56b38e177db6f098ae0b6e"},"headline":"La manifestaci\u00f3n de la bondad de Dios","datePublished":"2018-01-31T21:30:19+00:00","mainEntityOfPage":{"@id":"https:\/\/tabernaculoprensadedios.com\/web\/la-manifestacion-de-la-bondad-de-dios\/"},"wordCount":713,"commentCount":0,"publisher":{"@id":"https:\/\/tabernaculoprensadedios.com\/web\/#\/schema\/person\/bc0e069fef56b38e177db6f098ae0b6e"},"image":{"@id":"https:\/\/tabernaculoprensadedios.com\/web\/la-manifestacion-de-la-bondad-de-dios\/#primaryimage"},"thumbnailUrl":"https:\/\/tabernaculoprensadedios.com\/web\/wp-content\/uploads\/2018\/01\/La-manifestaci\u00f3n-de-la-bondad-de-Dios.jpg","articleSection":["Articulos"],"inLanguage":"es","potentialAction":[{"@type":"CommentAction","name":"Comment","target":["https:\/\/tabernaculoprensadedios.com\/web\/la-manifestacion-de-la-bondad-de-dios\/#respond"]}]},{"@type":"WebPage","@id":"https:\/\/tabernaculoprensadedios.com\/web\/la-manifestacion-de-la-bondad-de-dios\/","url":"https:\/\/tabernaculoprensadedios.com\/web\/la-manifestacion-de-la-bondad-de-dios\/","name":"La manifestaci\u00f3n de la bondad de Dios - Tabernaculo Prensa de Dios","isPartOf":{"@id":"https:\/\/tabernaculoprensadedios.com\/web\/#website"},"primaryImageOfPage":{"@id":"https:\/\/tabernaculoprensadedios.com\/web\/la-manifestacion-de-la-bondad-de-dios\/#primaryimage"},"image":{"@id":"https:\/\/tabernaculoprensadedios.com\/web\/la-manifestacion-de-la-bondad-de-dios\/#primaryimage"},"thumbnailUrl":"https:\/\/tabernaculoprensadedios.com\/web\/wp-content\/uploads\/2018\/01\/La-manifestaci\u00f3n-de-la-bondad-de-Dios.jpg","datePublished":"2018-01-31T21:30:19+00:00","breadcrumb":{"@id":"https:\/\/tabernaculoprensadedios.com\/web\/la-manifestacion-de-la-bondad-de-dios\/#breadcrumb"},"inLanguage":"es","potentialAction":[{"@type":"ReadAction","target":["https:\/\/tabernaculoprensadedios.com\/web\/la-manifestacion-de-la-bondad-de-dios\/"]}]},{"@type":"ImageObject","inLanguage":"es","@id":"https:\/\/tabernaculoprensadedios.com\/web\/la-manifestacion-de-la-bondad-de-dios\/#primaryimage","url":"https:\/\/tabernaculoprensadedios.com\/web\/wp-content\/uploads\/2018\/01\/La-manifestaci\u00f3n-de-la-bondad-de-Dios.jpg","contentUrl":"https:\/\/tabernaculoprensadedios.com\/web\/wp-content\/uploads\/2018\/01\/La-manifestaci\u00f3n-de-la-bondad-de-Dios.jpg","width":960,"height":640},{"@type":"BreadcrumbList","@id":"https:\/\/tabernaculoprensadedios.com\/web\/la-manifestacion-de-la-bondad-de-dios\/#breadcrumb","itemListElement":[{"@type":"ListItem","position":1,"name":"Portada","item":"https:\/\/tabernaculoprensadedios.com\/web\/"},{"@type":"ListItem","position":2,"name":"La manifestaci\u00f3n de la bondad de Dios"}]},{"@type":"WebSite","@id":"https:\/\/tabernaculoprensadedios.com\/web\/#website","url":"https:\/\/tabernaculoprensadedios.com\/web\/","name":"Tabernaculo Prensa de Dios","description":"Un medio a la manera de Dios","publisher":{"@id":"https:\/\/tabernaculoprensadedios.com\/web\/#\/schema\/person\/bc0e069fef56b38e177db6f098ae0b6e"},"potentialAction":[{"@type":"SearchAction","target":{"@type":"EntryPoint","urlTemplate":"https:\/\/tabernaculoprensadedios.com\/web\/?s={search_term_string}"},"query-input":{"@type":"PropertyValueSpecification","valueRequired":true,"valueName":"search_term_string"}}],"inLanguage":"es"},{"@type":["Person","Organization"],"@id":"https:\/\/tabernaculoprensadedios.com\/web\/#\/schema\/person\/bc0e069fef56b38e177db6f098ae0b6e","name":"tabernaculo","image":{"@type":"ImageObject","inLanguage":"es","@id":"https:\/\/tabernaculoprensadedios.com\/web\/#\/schema\/person\/image\/","url":"https:\/\/tabernaculoprensadedios.com\/web\/wp-content\/uploads\/2015\/06\/login-logo1.png","contentUrl":"https:\/\/tabernaculoprensadedios.com\/web\/wp-content\/uploads\/2015\/06\/login-logo1.png","width":300,"height":118,"caption":"tabernaculo"},"logo":{"@id":"https:\/\/tabernaculoprensadedios.com\/web\/#\/schema\/person\/image\/"},"url":"https:\/\/tabernaculoprensadedios.com\/web\/author\/tabernaculo\/"}]}},"_links":{"self":[{"href":"https:\/\/tabernaculoprensadedios.com\/web\/wp-json\/wp\/v2\/posts\/5271","targetHints":{"allow":["GET"]}}],"collection":[{"href":"https:\/\/tabernaculoprensadedios.com\/web\/wp-json\/wp\/v2\/posts"}],"about":[{"href":"https:\/\/tabernaculoprensadedios.com\/web\/wp-json\/wp\/v2\/types\/post"}],"author":[{"embeddable":true,"href":"https:\/\/tabernaculoprensadedios.com\/web\/wp-json\/wp\/v2\/users\/1"}],"replies":[{"embeddable":true,"href":"https:\/\/tabernaculoprensadedios.com\/web\/wp-json\/wp\/v2\/comments?post=5271"}],"version-history":[{"count":1,"href":"https:\/\/tabernaculoprensadedios.com\/web\/wp-json\/wp\/v2\/posts\/5271\/revisions"}],"predecessor-version":[{"id":5273,"href":"https:\/\/tabernaculoprensadedios.com\/web\/wp-json\/wp\/v2\/posts\/5271\/revisions\/5273"}],"wp:featuredmedia":[{"embeddable":true,"href":"https:\/\/tabernaculoprensadedios.com\/web\/wp-json\/wp\/v2\/media\/5272"}],"wp:attachment":[{"href":"https:\/\/tabernaculoprensadedios.com\/web\/wp-json\/wp\/v2\/media?parent=5271"}],"wp:term":[{"taxonomy":"category","embeddable":true,"href":"https:\/\/tabernaculoprensadedios.com\/web\/wp-json\/wp\/v2\/categories?post=5271"},{"taxonomy":"post_tag","embeddable":true,"href":"https:\/\/tabernaculoprensadedios.com\/web\/wp-json\/wp\/v2\/tags?post=5271"}],"curies":[{"name":"wp","href":"https:\/\/api.w.org\/{rel}","templated":true}]}}