{"id":5228,"date":"2018-01-31T21:50:25","date_gmt":"2018-01-31T21:50:25","guid":{"rendered":"http:\/\/tabernaculoprensadedios.com\/web\/?p=5228"},"modified":"2018-01-31T21:55:38","modified_gmt":"2018-01-31T21:55:38","slug":"que-la-indiferencia-no-nos-paralice-como-nacion","status":"publish","type":"post","link":"https:\/\/tabernaculoprensadedios.com\/web\/que-la-indiferencia-no-nos-paralice-como-nacion\/","title":{"rendered":"Que la indiferencia no nos paralice como Naci\u00f3n"},"content":{"rendered":"<p>Estamos comenzando el a\u00f1o 2018 y hemos visto muchas se\u00f1ales que han ocurrido en esa etapa de nuestra existencia y Dios nos hace un llamado para que unidos lo busquemos con anhelo, pasi\u00f3n y entrega no mirando las cosas perecederas de este mundo, las cuales ser\u00e1n destruidas.<\/p>\n<p>Pero los cristianos verdaderos, nacidos de nuevo, ser\u00e1n levantados durante el arrebatamiento de la Iglesia, tanto los fallecidos como los que viven estar\u00e1n en la presencia del Se\u00f1or por toda la eternidad. No sabemos el d\u00eda ni la hora de ese momento glorioso, pero podemos ser sorprendidos en cualquier instante, por lo que debemos estar sumamente alertas y preparados para tan esperado acontecimiento.<\/p>\n<p>Sin embargo, no hay duda que vivimos tiempos muy dif\u00edciles y sin recedentes en la historia de la humanidad.<\/p>\n<p>Quienes llevamos m\u00e1s tiempo habitando este mundo, podemos establecer la diferencia de c\u00f3mo eran las cosas hace 20, 30, 40 a\u00f1os atr\u00e1s. Todo era tan diferente&#8230;Todo se complica cada vez m\u00e1s.<\/p>\n<p>Muchos han perdido totalmente el rumbo por seguir pautas que Dios no ha establecido, propiciando que todo se complique m\u00e1s&#8230;Ahora predomina el punto de vista humano, antes que el punto de vista de Dios, y por eso las consecuencias se respiran por todas partes.<\/p>\n<p>Si esto sigue as\u00ed, no hay duda que iremos al colapso mundial. Lo m\u00e1s triste de todo esto, es que aun hasta personas que dicen llamarse \u201ccristianas\u201d est\u00e1n mezclando la verdad de Dios con la mentira para justificar sus acciones r\u00e9probas o para evitar la oposici\u00f3n. No hay duda que estamos viviendo en medio de tiempos muy dif\u00edciles.<\/p>\n<p>\u00bfQUE PODEMOS HACER ENTONCES? Ante todo, necesitamos estar sintonizados al cien por ciento con la Palabra de Dios, y evitar todas aquellas \u201cinterferencias\u201d que nos desv\u00edan de ella.<\/p>\n<p>Por eso el Salmo 119:105, dice: \u201cL\u00e1mpara es a mis pies tu palabra, y lumbrera a mi camino.<\/p>\n<p>Necesitamos saber por d\u00f3nde vamos para no caer en la trampa, y no dejarnos seducir por los espejismos que las huestes espirituales de maldad est\u00e1n ofreciendo como alternativa.<\/p>\n<p>D\u00e9jate alumbrar por el contenido de la Palabra de Dios&#8230;Emp\u00e1pate de su conocimiento. Ahora m\u00e1s que nunca los cristianos necesitamos tener convicciones firmes en las ense\u00f1anzas de nuestro Se\u00f1or Jesucristo.<\/p>\n<p>Un cristiano sin convicciones es como una veleta que va por donde el viento le apunta; y esa es la triste realidad de muchos, quienes por miedo a enfrentar marginaci\u00f3n o persecuci\u00f3n, prefieren seguir la corriente contraria.<\/p>\n<p>A medida que el tiempo avance, las cosas se ir\u00e1n poniendo aun m\u00e1s dif\u00edciles para los cristianos que decidan permanecer firmes en sus convicciones, ya que lo que predomina ahora es la maldad en todas sus formas, incluso mezcl\u00e1ndose dentro de las mismas congregaciones cristianas.<\/p>\n<p>Mucho cuidado con esto porque ya el ap\u00f3stol Pablo lo previno: \u201cPorque vendr\u00e1 tiempo cuando no soportar\u00e1n la sana doctrina, sino que teniendo comez\u00f3n de o\u00edr, se amontonar\u00e1n maestros conforme a sus propias concupiscencias, y apartar\u00e1n de la verdad el o\u00eddo y se volver\u00e1n a las f\u00e1bulas.\u201d Timoteo 4:3-4.<\/p>\n<p>Agregado a la maldad del mundo, est\u00e1n los falsos maestros, que lo \u00fanico que buscan es aprovecharse de sus disc\u00edpulos para su beneficio personal. \u00a1Que Dios nos libre!<\/p>\n<p>La oposici\u00f3n por mantenerse fieles a los principios b\u00edblicos se ir\u00e1 acrecentando a medida que el regreso de nuestro Se\u00f1or Jesucristo se aproxime; de ah\u00ed que ser\u00e1 necesario mantenerse fieles y pacientes en medio de la oposici\u00f3n. Los tiempos son muy dif\u00edciles y se pondr\u00e1n aun mucho peor; es necesario que lo sepas o lo recuerdes.<\/p>\n<p>Nuestro Se\u00f1or Jesucristo lo dijo: \u201cMirad que nadie os enga\u00f1e. Porque vendr\u00e1n muchos en mi nombre, diciendo: Yo soy el Cristo; y a muchos enga\u00f1ar\u00e1n.<\/p>\n<p>\u201cY oir\u00e9is de guerras y rumores de guerras; mirad que no os turb\u00e9is, porque es necesario que todo esto acontezca; pero a\u00fan no es el fin. Porque se levantar\u00e1 naci\u00f3n contra naci\u00f3n, y reino contra reino; y habr\u00e1 pestes, y hambres, y terremotos en diferentes lugares. Y todo esto ser\u00e1 principio de dolores.<\/p>\n<p>\u201cEntonces os entregar\u00e1n a tribulaci\u00f3n, y os matar\u00e1n, y ser\u00e9is aborrecidos de todas las gentes por causa de mi nombre. Muchos tropezar\u00e1n entonces, y se entregar\u00e1n unos a otros, y unos a otros se aborrecer\u00e1n.<\/p>\n<p>\u201cY muchos falsos profetas se levantar\u00e1n, y enga\u00f1ar\u00e1n a muchos; y por haberse multiplicado la maldad, el amor de muchos se enfriar\u00e1. Mas el que persevere hasta el fin, \u00e9ste ser\u00e1 salvo.<\/p>\n<p>\u201cY ser\u00e1 predicado este evangelio del reino en todo el mundo, para testimonio a todas las naciones; y entonces vendr\u00e1 el fin\u201d, Mateo 24:4-14.<\/p>\n<p>El 2018 muchos profetas lo han considerado como un a\u00f1o decisivo para el mundo y el pueblo de Dios, porque habr\u00e1 muchas se\u00f1ales y podr\u00eda ser el \u00faltimo a\u00f1o en que viva la humanidad durante el periodo de la gracia.<\/p>\n<p>Mientras tanto, le deseamos a nuestros hermanos y amigos lectores, nuestros mejores deseos junto a sus respectivas familias, para que disfruten de la verdadera felicidad que solo la tenemos en Cristo.<\/p>\n<p>Y que el amor y la compasi\u00f3n de Dios los alcance, para que puedan disfrutar de la vida eterna que el Alt\u00edsimo la da por gracia a los que se arrepienten de sus pecados y ponen su fe y confianza en el Hijo del Dios viviente, Jesucristo.<\/p>\n","protected":false},"excerpt":{"rendered":"<p>Estamos comenzando el a\u00f1o 2018 y hemos visto muchas se\u00f1ales que han ocurrido en esa etapa de nuestra existencia y Dios nos hace un llamado para que unidos lo busquemos con anhelo, pasi\u00f3n y entrega no mirando las cosas perecederas de este mundo, las cuales ser\u00e1n destruidas. Pero los cristianos verdaderos, nacidos de nuevo, ser\u00e1n &hellip;<\/p>\n","protected":false},"author":1,"featured_media":730,"comment_status":"open","ping_status":"open","sticky":false,"template":"","format":"standard","meta":{"footnotes":""},"categories":[34,38],"tags":[],"class_list":["post-5228","post","type-post","status-publish","format-standard","has-post-thumbnail","hentry","category-articulos","category-principal"],"yoast_head":"<!-- This site is optimized with the Yoast SEO Premium plugin v24.2 (Yoast SEO v27.1.1) - https:\/\/yoast.com\/product\/yoast-seo-premium-wordpress\/ -->\n<title>Que la indiferencia no nos paralice como Naci\u00f3n - Tabernaculo Prensa de Dios<\/title>\n<meta name=\"robots\" content=\"index, follow, max-snippet:-1, max-image-preview:large, max-video-preview:-1\" \/>\n<link rel=\"canonical\" href=\"https:\/\/tabernaculoprensadedios.com\/web\/que-la-indiferencia-no-nos-paralice-como-nacion\/\" class=\"yoast-seo-meta-tag\" \/>\n<meta property=\"og:locale\" content=\"es_ES\" class=\"yoast-seo-meta-tag\" \/>\n<meta property=\"og:type\" content=\"article\" class=\"yoast-seo-meta-tag\" \/>\n<meta property=\"og:title\" content=\"Que la indiferencia no nos paralice como Naci\u00f3n\" class=\"yoast-seo-meta-tag\" \/>\n<meta property=\"og:description\" content=\"Estamos comenzando el a\u00f1o 2018 y hemos visto muchas se\u00f1ales que han ocurrido en esa etapa de nuestra existencia y Dios nos hace un llamado para que unidos lo busquemos con anhelo, pasi\u00f3n y entrega no mirando las cosas perecederas de este mundo, las cuales ser\u00e1n destruidas. Pero los cristianos verdaderos, nacidos de nuevo, ser\u00e1n &hellip;\" class=\"yoast-seo-meta-tag\" \/>\n<meta property=\"og:url\" content=\"https:\/\/tabernaculoprensadedios.com\/web\/que-la-indiferencia-no-nos-paralice-como-nacion\/\" class=\"yoast-seo-meta-tag\" \/>\n<meta property=\"og:site_name\" content=\"Tabernaculo Prensa de Dios\" class=\"yoast-seo-meta-tag\" \/>\n<meta property=\"article:published_time\" content=\"2018-01-31T21:50:25+00:00\" class=\"yoast-seo-meta-tag\" \/>\n<meta property=\"article:modified_time\" content=\"2018-01-31T21:55:38+00:00\" class=\"yoast-seo-meta-tag\" \/>\n<meta property=\"og:image\" content=\"https:\/\/tabernaculoprensadedios.com\/web\/wp-content\/uploads\/2015\/06\/bandera.jpg\" class=\"yoast-seo-meta-tag\" \/>\n\t<meta property=\"og:image:width\" content=\"640\" class=\"yoast-seo-meta-tag\" \/>\n\t<meta property=\"og:image:height\" content=\"402\" class=\"yoast-seo-meta-tag\" \/>\n\t<meta property=\"og:image:type\" content=\"image\/jpeg\" class=\"yoast-seo-meta-tag\" \/>\n<meta name=\"author\" content=\"tabernaculo\" class=\"yoast-seo-meta-tag\" \/>\n<meta name=\"twitter:card\" content=\"summary_large_image\" class=\"yoast-seo-meta-tag\" \/>\n<meta name=\"twitter:creator\" content=\"@PrensadeDios\" class=\"yoast-seo-meta-tag\" \/>\n<meta name=\"twitter:site\" content=\"@PrensadeDios\" class=\"yoast-seo-meta-tag\" \/>\n<meta name=\"twitter:label1\" content=\"Escrito por\" class=\"yoast-seo-meta-tag\" \/>\n\t<meta name=\"twitter:data1\" content=\"tabernaculo\" class=\"yoast-seo-meta-tag\" \/>\n\t<meta name=\"twitter:label2\" content=\"Tiempo de lectura\" class=\"yoast-seo-meta-tag\" \/>\n\t<meta name=\"twitter:data2\" content=\"5 minutos\" class=\"yoast-seo-meta-tag\" \/>\n<script type=\"application\/ld+json\" class=\"yoast-schema-graph\">{\"@context\":\"https:\/\/schema.org\",\"@graph\":[{\"@type\":\"Article\",\"@id\":\"https:\/\/tabernaculoprensadedios.com\/web\/que-la-indiferencia-no-nos-paralice-como-nacion\/#article\",\"isPartOf\":{\"@id\":\"https:\/\/tabernaculoprensadedios.com\/web\/que-la-indiferencia-no-nos-paralice-como-nacion\/\"},\"author\":{\"name\":\"tabernaculo\",\"@id\":\"https:\/\/tabernaculoprensadedios.com\/web\/#\/schema\/person\/bc0e069fef56b38e177db6f098ae0b6e\"},\"headline\":\"Que la indiferencia no nos paralice como Naci\u00f3n\",\"datePublished\":\"2018-01-31T21:50:25+00:00\",\"dateModified\":\"2018-01-31T21:55:38+00:00\",\"mainEntityOfPage\":{\"@id\":\"https:\/\/tabernaculoprensadedios.com\/web\/que-la-indiferencia-no-nos-paralice-como-nacion\/\"},\"wordCount\":952,\"commentCount\":0,\"publisher\":{\"@id\":\"https:\/\/tabernaculoprensadedios.com\/web\/#\/schema\/person\/bc0e069fef56b38e177db6f098ae0b6e\"},\"image\":{\"@id\":\"https:\/\/tabernaculoprensadedios.com\/web\/que-la-indiferencia-no-nos-paralice-como-nacion\/#primaryimage\"},\"thumbnailUrl\":\"https:\/\/tabernaculoprensadedios.com\/web\/wp-content\/uploads\/2015\/06\/bandera.jpg\",\"articleSection\":[\"Articulos\",\"Principal\"],\"inLanguage\":\"es\",\"potentialAction\":[{\"@type\":\"CommentAction\",\"name\":\"Comment\",\"target\":[\"https:\/\/tabernaculoprensadedios.com\/web\/que-la-indiferencia-no-nos-paralice-como-nacion\/#respond\"]}]},{\"@type\":\"WebPage\",\"@id\":\"https:\/\/tabernaculoprensadedios.com\/web\/que-la-indiferencia-no-nos-paralice-como-nacion\/\",\"url\":\"https:\/\/tabernaculoprensadedios.com\/web\/que-la-indiferencia-no-nos-paralice-como-nacion\/\",\"name\":\"Que la indiferencia no nos paralice como Naci\u00f3n - Tabernaculo Prensa de Dios\",\"isPartOf\":{\"@id\":\"https:\/\/tabernaculoprensadedios.com\/web\/#website\"},\"primaryImageOfPage\":{\"@id\":\"https:\/\/tabernaculoprensadedios.com\/web\/que-la-indiferencia-no-nos-paralice-como-nacion\/#primaryimage\"},\"image\":{\"@id\":\"https:\/\/tabernaculoprensadedios.com\/web\/que-la-indiferencia-no-nos-paralice-como-nacion\/#primaryimage\"},\"thumbnailUrl\":\"https:\/\/tabernaculoprensadedios.com\/web\/wp-content\/uploads\/2015\/06\/bandera.jpg\",\"datePublished\":\"2018-01-31T21:50:25+00:00\",\"dateModified\":\"2018-01-31T21:55:38+00:00\",\"breadcrumb\":{\"@id\":\"https:\/\/tabernaculoprensadedios.com\/web\/que-la-indiferencia-no-nos-paralice-como-nacion\/#breadcrumb\"},\"inLanguage\":\"es\",\"potentialAction\":[{\"@type\":\"ReadAction\",\"target\":[\"https:\/\/tabernaculoprensadedios.com\/web\/que-la-indiferencia-no-nos-paralice-como-nacion\/\"]}]},{\"@type\":\"ImageObject\",\"inLanguage\":\"es\",\"@id\":\"https:\/\/tabernaculoprensadedios.com\/web\/que-la-indiferencia-no-nos-paralice-como-nacion\/#primaryimage\",\"url\":\"https:\/\/tabernaculoprensadedios.com\/web\/wp-content\/uploads\/2015\/06\/bandera.jpg\",\"contentUrl\":\"https:\/\/tabernaculoprensadedios.com\/web\/wp-content\/uploads\/2015\/06\/bandera.jpg\",\"width\":640,\"height\":402},{\"@type\":\"BreadcrumbList\",\"@id\":\"https:\/\/tabernaculoprensadedios.com\/web\/que-la-indiferencia-no-nos-paralice-como-nacion\/#breadcrumb\",\"itemListElement\":[{\"@type\":\"ListItem\",\"position\":1,\"name\":\"Portada\",\"item\":\"https:\/\/tabernaculoprensadedios.com\/web\/\"},{\"@type\":\"ListItem\",\"position\":2,\"name\":\"Que la indiferencia no nos paralice como Naci\u00f3n\"}]},{\"@type\":\"WebSite\",\"@id\":\"https:\/\/tabernaculoprensadedios.com\/web\/#website\",\"url\":\"https:\/\/tabernaculoprensadedios.com\/web\/\",\"name\":\"Tabernaculo Prensa de Dios\",\"description\":\"Un medio a la manera de Dios\",\"publisher\":{\"@id\":\"https:\/\/tabernaculoprensadedios.com\/web\/#\/schema\/person\/bc0e069fef56b38e177db6f098ae0b6e\"},\"potentialAction\":[{\"@type\":\"SearchAction\",\"target\":{\"@type\":\"EntryPoint\",\"urlTemplate\":\"https:\/\/tabernaculoprensadedios.com\/web\/?s={search_term_string}\"},\"query-input\":{\"@type\":\"PropertyValueSpecification\",\"valueRequired\":true,\"valueName\":\"search_term_string\"}}],\"inLanguage\":\"es\"},{\"@type\":[\"Person\",\"Organization\"],\"@id\":\"https:\/\/tabernaculoprensadedios.com\/web\/#\/schema\/person\/bc0e069fef56b38e177db6f098ae0b6e\",\"name\":\"tabernaculo\",\"image\":{\"@type\":\"ImageObject\",\"inLanguage\":\"es\",\"@id\":\"https:\/\/tabernaculoprensadedios.com\/web\/#\/schema\/person\/image\/\",\"url\":\"https:\/\/tabernaculoprensadedios.com\/web\/wp-content\/uploads\/2015\/06\/login-logo1.png\",\"contentUrl\":\"https:\/\/tabernaculoprensadedios.com\/web\/wp-content\/uploads\/2015\/06\/login-logo1.png\",\"width\":300,\"height\":118,\"caption\":\"tabernaculo\"},\"logo\":{\"@id\":\"https:\/\/tabernaculoprensadedios.com\/web\/#\/schema\/person\/image\/\"},\"url\":\"https:\/\/tabernaculoprensadedios.com\/web\/author\/tabernaculo\/\"}]}<\/script>\n<!-- \/ Yoast SEO Premium plugin. -->","yoast_head_json":{"title":"Que la indiferencia no nos paralice como Naci\u00f3n - Tabernaculo Prensa de Dios","robots":{"index":"index","follow":"follow","max-snippet":"max-snippet:-1","max-image-preview":"max-image-preview:large","max-video-preview":"max-video-preview:-1"},"canonical":"https:\/\/tabernaculoprensadedios.com\/web\/que-la-indiferencia-no-nos-paralice-como-nacion\/","og_locale":"es_ES","og_type":"article","og_title":"Que la indiferencia no nos paralice como Naci\u00f3n","og_description":"Estamos comenzando el a\u00f1o 2018 y hemos visto muchas se\u00f1ales que han ocurrido en esa etapa de nuestra existencia y Dios nos hace un llamado para que unidos lo busquemos con anhelo, pasi\u00f3n y entrega no mirando las cosas perecederas de este mundo, las cuales ser\u00e1n destruidas. Pero los cristianos verdaderos, nacidos de nuevo, ser\u00e1n &hellip;","og_url":"https:\/\/tabernaculoprensadedios.com\/web\/que-la-indiferencia-no-nos-paralice-como-nacion\/","og_site_name":"Tabernaculo Prensa de Dios","article_published_time":"2018-01-31T21:50:25+00:00","article_modified_time":"2018-01-31T21:55:38+00:00","og_image":[{"width":640,"height":402,"url":"https:\/\/tabernaculoprensadedios.com\/web\/wp-content\/uploads\/2015\/06\/bandera.jpg","type":"image\/jpeg"}],"author":"tabernaculo","twitter_card":"summary_large_image","twitter_creator":"@PrensadeDios","twitter_site":"@PrensadeDios","twitter_misc":{"Escrito por":"tabernaculo","Tiempo de lectura":"5 minutos"},"schema":{"@context":"https:\/\/schema.org","@graph":[{"@type":"Article","@id":"https:\/\/tabernaculoprensadedios.com\/web\/que-la-indiferencia-no-nos-paralice-como-nacion\/#article","isPartOf":{"@id":"https:\/\/tabernaculoprensadedios.com\/web\/que-la-indiferencia-no-nos-paralice-como-nacion\/"},"author":{"name":"tabernaculo","@id":"https:\/\/tabernaculoprensadedios.com\/web\/#\/schema\/person\/bc0e069fef56b38e177db6f098ae0b6e"},"headline":"Que la indiferencia no nos paralice como Naci\u00f3n","datePublished":"2018-01-31T21:50:25+00:00","dateModified":"2018-01-31T21:55:38+00:00","mainEntityOfPage":{"@id":"https:\/\/tabernaculoprensadedios.com\/web\/que-la-indiferencia-no-nos-paralice-como-nacion\/"},"wordCount":952,"commentCount":0,"publisher":{"@id":"https:\/\/tabernaculoprensadedios.com\/web\/#\/schema\/person\/bc0e069fef56b38e177db6f098ae0b6e"},"image":{"@id":"https:\/\/tabernaculoprensadedios.com\/web\/que-la-indiferencia-no-nos-paralice-como-nacion\/#primaryimage"},"thumbnailUrl":"https:\/\/tabernaculoprensadedios.com\/web\/wp-content\/uploads\/2015\/06\/bandera.jpg","articleSection":["Articulos","Principal"],"inLanguage":"es","potentialAction":[{"@type":"CommentAction","name":"Comment","target":["https:\/\/tabernaculoprensadedios.com\/web\/que-la-indiferencia-no-nos-paralice-como-nacion\/#respond"]}]},{"@type":"WebPage","@id":"https:\/\/tabernaculoprensadedios.com\/web\/que-la-indiferencia-no-nos-paralice-como-nacion\/","url":"https:\/\/tabernaculoprensadedios.com\/web\/que-la-indiferencia-no-nos-paralice-como-nacion\/","name":"Que la indiferencia no nos paralice como Naci\u00f3n - Tabernaculo Prensa de Dios","isPartOf":{"@id":"https:\/\/tabernaculoprensadedios.com\/web\/#website"},"primaryImageOfPage":{"@id":"https:\/\/tabernaculoprensadedios.com\/web\/que-la-indiferencia-no-nos-paralice-como-nacion\/#primaryimage"},"image":{"@id":"https:\/\/tabernaculoprensadedios.com\/web\/que-la-indiferencia-no-nos-paralice-como-nacion\/#primaryimage"},"thumbnailUrl":"https:\/\/tabernaculoprensadedios.com\/web\/wp-content\/uploads\/2015\/06\/bandera.jpg","datePublished":"2018-01-31T21:50:25+00:00","dateModified":"2018-01-31T21:55:38+00:00","breadcrumb":{"@id":"https:\/\/tabernaculoprensadedios.com\/web\/que-la-indiferencia-no-nos-paralice-como-nacion\/#breadcrumb"},"inLanguage":"es","potentialAction":[{"@type":"ReadAction","target":["https:\/\/tabernaculoprensadedios.com\/web\/que-la-indiferencia-no-nos-paralice-como-nacion\/"]}]},{"@type":"ImageObject","inLanguage":"es","@id":"https:\/\/tabernaculoprensadedios.com\/web\/que-la-indiferencia-no-nos-paralice-como-nacion\/#primaryimage","url":"https:\/\/tabernaculoprensadedios.com\/web\/wp-content\/uploads\/2015\/06\/bandera.jpg","contentUrl":"https:\/\/tabernaculoprensadedios.com\/web\/wp-content\/uploads\/2015\/06\/bandera.jpg","width":640,"height":402},{"@type":"BreadcrumbList","@id":"https:\/\/tabernaculoprensadedios.com\/web\/que-la-indiferencia-no-nos-paralice-como-nacion\/#breadcrumb","itemListElement":[{"@type":"ListItem","position":1,"name":"Portada","item":"https:\/\/tabernaculoprensadedios.com\/web\/"},{"@type":"ListItem","position":2,"name":"Que la indiferencia no nos paralice como Naci\u00f3n"}]},{"@type":"WebSite","@id":"https:\/\/tabernaculoprensadedios.com\/web\/#website","url":"https:\/\/tabernaculoprensadedios.com\/web\/","name":"Tabernaculo Prensa de Dios","description":"Un medio a la manera de Dios","publisher":{"@id":"https:\/\/tabernaculoprensadedios.com\/web\/#\/schema\/person\/bc0e069fef56b38e177db6f098ae0b6e"},"potentialAction":[{"@type":"SearchAction","target":{"@type":"EntryPoint","urlTemplate":"https:\/\/tabernaculoprensadedios.com\/web\/?s={search_term_string}"},"query-input":{"@type":"PropertyValueSpecification","valueRequired":true,"valueName":"search_term_string"}}],"inLanguage":"es"},{"@type":["Person","Organization"],"@id":"https:\/\/tabernaculoprensadedios.com\/web\/#\/schema\/person\/bc0e069fef56b38e177db6f098ae0b6e","name":"tabernaculo","image":{"@type":"ImageObject","inLanguage":"es","@id":"https:\/\/tabernaculoprensadedios.com\/web\/#\/schema\/person\/image\/","url":"https:\/\/tabernaculoprensadedios.com\/web\/wp-content\/uploads\/2015\/06\/login-logo1.png","contentUrl":"https:\/\/tabernaculoprensadedios.com\/web\/wp-content\/uploads\/2015\/06\/login-logo1.png","width":300,"height":118,"caption":"tabernaculo"},"logo":{"@id":"https:\/\/tabernaculoprensadedios.com\/web\/#\/schema\/person\/image\/"},"url":"https:\/\/tabernaculoprensadedios.com\/web\/author\/tabernaculo\/"}]}},"_links":{"self":[{"href":"https:\/\/tabernaculoprensadedios.com\/web\/wp-json\/wp\/v2\/posts\/5228","targetHints":{"allow":["GET"]}}],"collection":[{"href":"https:\/\/tabernaculoprensadedios.com\/web\/wp-json\/wp\/v2\/posts"}],"about":[{"href":"https:\/\/tabernaculoprensadedios.com\/web\/wp-json\/wp\/v2\/types\/post"}],"author":[{"embeddable":true,"href":"https:\/\/tabernaculoprensadedios.com\/web\/wp-json\/wp\/v2\/users\/1"}],"replies":[{"embeddable":true,"href":"https:\/\/tabernaculoprensadedios.com\/web\/wp-json\/wp\/v2\/comments?post=5228"}],"version-history":[{"count":1,"href":"https:\/\/tabernaculoprensadedios.com\/web\/wp-json\/wp\/v2\/posts\/5228\/revisions"}],"predecessor-version":[{"id":5229,"href":"https:\/\/tabernaculoprensadedios.com\/web\/wp-json\/wp\/v2\/posts\/5228\/revisions\/5229"}],"wp:featuredmedia":[{"embeddable":true,"href":"https:\/\/tabernaculoprensadedios.com\/web\/wp-json\/wp\/v2\/media\/730"}],"wp:attachment":[{"href":"https:\/\/tabernaculoprensadedios.com\/web\/wp-json\/wp\/v2\/media?parent=5228"}],"wp:term":[{"taxonomy":"category","embeddable":true,"href":"https:\/\/tabernaculoprensadedios.com\/web\/wp-json\/wp\/v2\/categories?post=5228"},{"taxonomy":"post_tag","embeddable":true,"href":"https:\/\/tabernaculoprensadedios.com\/web\/wp-json\/wp\/v2\/tags?post=5228"}],"curies":[{"name":"wp","href":"https:\/\/api.w.org\/{rel}","templated":true}]}}