{"id":4707,"date":"2015-12-15T22:54:52","date_gmt":"2015-12-15T22:54:52","guid":{"rendered":"http:\/\/tabernaculoprensadedios.com\/web\/?p=4707"},"modified":"2015-12-15T22:54:52","modified_gmt":"2015-12-15T22:54:52","slug":"no-solo-esta-gravemente-enferma-la-justicia-dominicana","status":"publish","type":"post","link":"https:\/\/tabernaculoprensadedios.com\/web\/no-solo-esta-gravemente-enferma-la-justicia-dominicana\/","title":{"rendered":"No solo est\u00e1 gravemente enferma la justicia dominicana"},"content":{"rendered":"<p>No es de extra\u00f1ar lo que se est\u00e1 viviendo actualmente en este pa\u00eds, inseguridad ciudadana, carest\u00eda del costo de la vida, el narcotr\u00e1fico en su mejor tiempo, el costo de los combustibles, que se encuentra en su m\u00e1s m\u00ednima expresi\u00f3n, pero no se refleja c\u00f3mo debe ser al pueblo; la deficiencia en los servicios de salud p\u00fablica, los bajos salarios en los sectores p\u00fablicos y privados, la entrada de ilegales haitianos por la l\u00ednea fronteriza y la denuncia de corrupci\u00f3n de la justicia, donde impera la impunidad a acusados de recibir sobornos, as\u00ed como los que quieren someternos a aceptar el matrimonio de parejas del mismo sexo y la legalizaci\u00f3n del aborto.<\/p>\n<p>Por eso nos identificamos, en parte, con el pastor evang\u00e9lico Ezequiel Molina, quien asegur\u00f3 que la Justicia dominicana est\u00e1 gravemente enferma,\u2026 pero bajo ning\u00fan concepto se puede decir que est\u00e1 muerta, al rechazar que tajantemente que todos los jueces y fiscales del pa\u00eds sean corruptos como querr\u00edan hacer ver algunos sectores.<\/p>\n<p>El l\u00edder religioso que por m\u00e1s de 50 a\u00f1os concentra a decenas de miles de persona cada primero de enero en el Centro Ol\u00edmpico en el acto denominado \u201cBatalla de la Fe\u201d, dijo creer que el Poder Judicial se puede rescatar, porque a su entender la mayor\u00eda de jueces y fiscales no son corruptos.<\/p>\n<p>Sin embargo, dijo que lo m\u00e1s preocupante es que esa mayor\u00eda que no est\u00e1 corrompida se ve compelida a quedarse callada y as\u00ed evitarse problemas debido a los poderes que detentan corruptos y corruptores.<\/p>\n<p>\u201cYo creo que aqu\u00ed hay muchos libres de pecado pero con temor, tienen temor a una u otra cosa, pero tienen temor, el m\u00e1s sencillo de eso, temor a perder su puesto, si no a perder su vida, entonces faltar\u00eda un poco de valor que le permita buscar respaldo y expresarse, porque insisto, ni la cuarta parte est\u00e1 podrida\u201d, insisti\u00f3 el reverendo de la iglesia Mahanaim en una entrevista en el programa D\u2019Agenda, del periodista H\u00e9ctor Herrera Cabral, por Telesistema, canal 11.<\/p>\n<p>En otro orden, el pastor Molina dijo creer que el embajador de Estados Unidos, James Brewster, vino a la Rep\u00fablica Dominicana con la prioridad de promover a los grupos de lesbianas, gais, bisexuales y transexuales (LGBT).<\/p>\n<p>Record\u00f3 que el hecho de que la Casa Blanca pusiera una bandera con los colores de ese grupo el d\u00eda del orgullo gay, demuestra claramente que m\u00e1s que una postura del embajador, es una agenda del Gobierno norteamericano.<\/p>\n<p>Afirm\u00f3 que el movimiento homosexual se prepar\u00f3 por mucho tiempo acumulando recursos para incidir en la pol\u00edtica, y en tal virtud financi\u00f3 con mucho dinero la campa\u00f1a del presidente Obama, \u201cquien ante ese respaldo, no tuvo otra alternativa que comprometerse hasta los tu\u00e9tanos con ese sector\u201d.<\/p>\n<p>\u201cNadie hab\u00eda so\u00f1ado jam\u00e1s que se pusiera una bandera paralela a la norteamericana en la Casa Blanca, eso es algo inaudito, y eso se hizo tambi\u00e9n aqu\u00ed en la embajada de Estados Unidos, y la gente pens\u00f3 que solamente era aqu\u00ed, pero la iniciativa vino de ese pa\u00eds del Norte\u201d, insisti\u00f3 el pastor evang\u00e9lico.<\/p>\n","protected":false},"excerpt":{"rendered":"<p>No es de extra\u00f1ar lo que se est\u00e1 viviendo actualmente en este pa\u00eds, inseguridad ciudadana, carest\u00eda del costo de la vida, el narcotr\u00e1fico en su mejor tiempo, el costo de los combustibles, que se encuentra en su m\u00e1s m\u00ednima expresi\u00f3n, pero no se refleja c\u00f3mo debe ser al pueblo; la deficiencia en los servicios de &hellip;<\/p>\n","protected":false},"author":1,"featured_media":4708,"comment_status":"open","ping_status":"open","sticky":false,"template":"","format":"standard","meta":{"footnotes":""},"categories":[39],"tags":[],"class_list":["post-4707","post","type-post","status-publish","format-standard","has-post-thumbnail","hentry","category-almomento"],"yoast_head":"<!-- This site is optimized with the Yoast SEO Premium plugin v24.2 (Yoast SEO v27.1.1) - https:\/\/yoast.com\/product\/yoast-seo-premium-wordpress\/ -->\n<title>No solo est\u00e1 gravemente enferma la justicia dominicana - Tabernaculo Prensa de Dios<\/title>\n<meta name=\"robots\" content=\"index, follow, max-snippet:-1, max-image-preview:large, max-video-preview:-1\" \/>\n<link rel=\"canonical\" href=\"https:\/\/tabernaculoprensadedios.com\/web\/no-solo-esta-gravemente-enferma-la-justicia-dominicana\/\" class=\"yoast-seo-meta-tag\" \/>\n<meta property=\"og:locale\" content=\"es_ES\" class=\"yoast-seo-meta-tag\" \/>\n<meta property=\"og:type\" content=\"article\" class=\"yoast-seo-meta-tag\" \/>\n<meta property=\"og:title\" content=\"No solo est\u00e1 gravemente enferma la justicia dominicana\" class=\"yoast-seo-meta-tag\" \/>\n<meta property=\"og:description\" content=\"No es de extra\u00f1ar lo que se est\u00e1 viviendo actualmente en este pa\u00eds, inseguridad ciudadana, carest\u00eda del costo de la vida, el narcotr\u00e1fico en su mejor tiempo, el costo de los combustibles, que se encuentra en su m\u00e1s m\u00ednima expresi\u00f3n, pero no se refleja c\u00f3mo debe ser al pueblo; la deficiencia en los servicios de &hellip;\" class=\"yoast-seo-meta-tag\" \/>\n<meta property=\"og:url\" content=\"https:\/\/tabernaculoprensadedios.com\/web\/no-solo-esta-gravemente-enferma-la-justicia-dominicana\/\" class=\"yoast-seo-meta-tag\" \/>\n<meta property=\"og:site_name\" content=\"Tabernaculo Prensa de Dios\" class=\"yoast-seo-meta-tag\" \/>\n<meta property=\"article:published_time\" content=\"2015-12-15T22:54:52+00:00\" class=\"yoast-seo-meta-tag\" \/>\n<meta property=\"og:image\" content=\"https:\/\/tabernaculoprensadedios.com\/web\/wp-content\/uploads\/2015\/12\/justicia.jpg\" class=\"yoast-seo-meta-tag\" \/>\n\t<meta property=\"og:image:width\" content=\"433\" class=\"yoast-seo-meta-tag\" \/>\n\t<meta property=\"og:image:height\" content=\"243\" class=\"yoast-seo-meta-tag\" \/>\n\t<meta property=\"og:image:type\" content=\"image\/jpeg\" class=\"yoast-seo-meta-tag\" \/>\n<meta name=\"author\" content=\"tabernaculo\" class=\"yoast-seo-meta-tag\" \/>\n<meta name=\"twitter:card\" content=\"summary_large_image\" class=\"yoast-seo-meta-tag\" \/>\n<meta name=\"twitter:creator\" content=\"@PrensadeDios\" class=\"yoast-seo-meta-tag\" \/>\n<meta name=\"twitter:site\" content=\"@PrensadeDios\" class=\"yoast-seo-meta-tag\" \/>\n<meta name=\"twitter:label1\" content=\"Escrito por\" class=\"yoast-seo-meta-tag\" \/>\n\t<meta name=\"twitter:data1\" content=\"tabernaculo\" class=\"yoast-seo-meta-tag\" \/>\n\t<meta name=\"twitter:label2\" content=\"Tiempo de lectura\" class=\"yoast-seo-meta-tag\" \/>\n\t<meta name=\"twitter:data2\" content=\"3 minutos\" class=\"yoast-seo-meta-tag\" \/>\n<script type=\"application\/ld+json\" class=\"yoast-schema-graph\">{\"@context\":\"https:\/\/schema.org\",\"@graph\":[{\"@type\":\"Article\",\"@id\":\"https:\/\/tabernaculoprensadedios.com\/web\/no-solo-esta-gravemente-enferma-la-justicia-dominicana\/#article\",\"isPartOf\":{\"@id\":\"https:\/\/tabernaculoprensadedios.com\/web\/no-solo-esta-gravemente-enferma-la-justicia-dominicana\/\"},\"author\":{\"name\":\"tabernaculo\",\"@id\":\"https:\/\/tabernaculoprensadedios.com\/web\/#\/schema\/person\/bc0e069fef56b38e177db6f098ae0b6e\"},\"headline\":\"No solo est\u00e1 gravemente enferma la justicia dominicana\",\"datePublished\":\"2015-12-15T22:54:52+00:00\",\"mainEntityOfPage\":{\"@id\":\"https:\/\/tabernaculoprensadedios.com\/web\/no-solo-esta-gravemente-enferma-la-justicia-dominicana\/\"},\"wordCount\":553,\"commentCount\":0,\"publisher\":{\"@id\":\"https:\/\/tabernaculoprensadedios.com\/web\/#\/schema\/person\/bc0e069fef56b38e177db6f098ae0b6e\"},\"image\":{\"@id\":\"https:\/\/tabernaculoprensadedios.com\/web\/no-solo-esta-gravemente-enferma-la-justicia-dominicana\/#primaryimage\"},\"thumbnailUrl\":\"https:\/\/tabernaculoprensadedios.com\/web\/wp-content\/uploads\/2015\/12\/justicia.jpg\",\"articleSection\":[\"almomento\"],\"inLanguage\":\"es\",\"potentialAction\":[{\"@type\":\"CommentAction\",\"name\":\"Comment\",\"target\":[\"https:\/\/tabernaculoprensadedios.com\/web\/no-solo-esta-gravemente-enferma-la-justicia-dominicana\/#respond\"]}]},{\"@type\":\"WebPage\",\"@id\":\"https:\/\/tabernaculoprensadedios.com\/web\/no-solo-esta-gravemente-enferma-la-justicia-dominicana\/\",\"url\":\"https:\/\/tabernaculoprensadedios.com\/web\/no-solo-esta-gravemente-enferma-la-justicia-dominicana\/\",\"name\":\"No solo est\u00e1 gravemente enferma la justicia dominicana - Tabernaculo Prensa de Dios\",\"isPartOf\":{\"@id\":\"https:\/\/tabernaculoprensadedios.com\/web\/#website\"},\"primaryImageOfPage\":{\"@id\":\"https:\/\/tabernaculoprensadedios.com\/web\/no-solo-esta-gravemente-enferma-la-justicia-dominicana\/#primaryimage\"},\"image\":{\"@id\":\"https:\/\/tabernaculoprensadedios.com\/web\/no-solo-esta-gravemente-enferma-la-justicia-dominicana\/#primaryimage\"},\"thumbnailUrl\":\"https:\/\/tabernaculoprensadedios.com\/web\/wp-content\/uploads\/2015\/12\/justicia.jpg\",\"datePublished\":\"2015-12-15T22:54:52+00:00\",\"breadcrumb\":{\"@id\":\"https:\/\/tabernaculoprensadedios.com\/web\/no-solo-esta-gravemente-enferma-la-justicia-dominicana\/#breadcrumb\"},\"inLanguage\":\"es\",\"potentialAction\":[{\"@type\":\"ReadAction\",\"target\":[\"https:\/\/tabernaculoprensadedios.com\/web\/no-solo-esta-gravemente-enferma-la-justicia-dominicana\/\"]}]},{\"@type\":\"ImageObject\",\"inLanguage\":\"es\",\"@id\":\"https:\/\/tabernaculoprensadedios.com\/web\/no-solo-esta-gravemente-enferma-la-justicia-dominicana\/#primaryimage\",\"url\":\"https:\/\/tabernaculoprensadedios.com\/web\/wp-content\/uploads\/2015\/12\/justicia.jpg\",\"contentUrl\":\"https:\/\/tabernaculoprensadedios.com\/web\/wp-content\/uploads\/2015\/12\/justicia.jpg\",\"width\":433,\"height\":243},{\"@type\":\"BreadcrumbList\",\"@id\":\"https:\/\/tabernaculoprensadedios.com\/web\/no-solo-esta-gravemente-enferma-la-justicia-dominicana\/#breadcrumb\",\"itemListElement\":[{\"@type\":\"ListItem\",\"position\":1,\"name\":\"Portada\",\"item\":\"https:\/\/tabernaculoprensadedios.com\/web\/\"},{\"@type\":\"ListItem\",\"position\":2,\"name\":\"No solo est\u00e1 gravemente enferma la justicia dominicana\"}]},{\"@type\":\"WebSite\",\"@id\":\"https:\/\/tabernaculoprensadedios.com\/web\/#website\",\"url\":\"https:\/\/tabernaculoprensadedios.com\/web\/\",\"name\":\"Tabernaculo Prensa de Dios\",\"description\":\"Un medio a la manera de Dios\",\"publisher\":{\"@id\":\"https:\/\/tabernaculoprensadedios.com\/web\/#\/schema\/person\/bc0e069fef56b38e177db6f098ae0b6e\"},\"potentialAction\":[{\"@type\":\"SearchAction\",\"target\":{\"@type\":\"EntryPoint\",\"urlTemplate\":\"https:\/\/tabernaculoprensadedios.com\/web\/?s={search_term_string}\"},\"query-input\":{\"@type\":\"PropertyValueSpecification\",\"valueRequired\":true,\"valueName\":\"search_term_string\"}}],\"inLanguage\":\"es\"},{\"@type\":[\"Person\",\"Organization\"],\"@id\":\"https:\/\/tabernaculoprensadedios.com\/web\/#\/schema\/person\/bc0e069fef56b38e177db6f098ae0b6e\",\"name\":\"tabernaculo\",\"image\":{\"@type\":\"ImageObject\",\"inLanguage\":\"es\",\"@id\":\"https:\/\/tabernaculoprensadedios.com\/web\/#\/schema\/person\/image\/\",\"url\":\"https:\/\/tabernaculoprensadedios.com\/web\/wp-content\/uploads\/2015\/06\/login-logo1.png\",\"contentUrl\":\"https:\/\/tabernaculoprensadedios.com\/web\/wp-content\/uploads\/2015\/06\/login-logo1.png\",\"width\":300,\"height\":118,\"caption\":\"tabernaculo\"},\"logo\":{\"@id\":\"https:\/\/tabernaculoprensadedios.com\/web\/#\/schema\/person\/image\/\"},\"url\":\"https:\/\/tabernaculoprensadedios.com\/web\/author\/tabernaculo\/\"}]}<\/script>\n<!-- \/ Yoast SEO Premium plugin. -->","yoast_head_json":{"title":"No solo est\u00e1 gravemente enferma la justicia dominicana - Tabernaculo Prensa de Dios","robots":{"index":"index","follow":"follow","max-snippet":"max-snippet:-1","max-image-preview":"max-image-preview:large","max-video-preview":"max-video-preview:-1"},"canonical":"https:\/\/tabernaculoprensadedios.com\/web\/no-solo-esta-gravemente-enferma-la-justicia-dominicana\/","og_locale":"es_ES","og_type":"article","og_title":"No solo est\u00e1 gravemente enferma la justicia dominicana","og_description":"No es de extra\u00f1ar lo que se est\u00e1 viviendo actualmente en este pa\u00eds, inseguridad ciudadana, carest\u00eda del costo de la vida, el narcotr\u00e1fico en su mejor tiempo, el costo de los combustibles, que se encuentra en su m\u00e1s m\u00ednima expresi\u00f3n, pero no se refleja c\u00f3mo debe ser al pueblo; la deficiencia en los servicios de &hellip;","og_url":"https:\/\/tabernaculoprensadedios.com\/web\/no-solo-esta-gravemente-enferma-la-justicia-dominicana\/","og_site_name":"Tabernaculo Prensa de Dios","article_published_time":"2015-12-15T22:54:52+00:00","og_image":[{"width":433,"height":243,"url":"https:\/\/tabernaculoprensadedios.com\/web\/wp-content\/uploads\/2015\/12\/justicia.jpg","type":"image\/jpeg"}],"author":"tabernaculo","twitter_card":"summary_large_image","twitter_creator":"@PrensadeDios","twitter_site":"@PrensadeDios","twitter_misc":{"Escrito por":"tabernaculo","Tiempo de lectura":"3 minutos"},"schema":{"@context":"https:\/\/schema.org","@graph":[{"@type":"Article","@id":"https:\/\/tabernaculoprensadedios.com\/web\/no-solo-esta-gravemente-enferma-la-justicia-dominicana\/#article","isPartOf":{"@id":"https:\/\/tabernaculoprensadedios.com\/web\/no-solo-esta-gravemente-enferma-la-justicia-dominicana\/"},"author":{"name":"tabernaculo","@id":"https:\/\/tabernaculoprensadedios.com\/web\/#\/schema\/person\/bc0e069fef56b38e177db6f098ae0b6e"},"headline":"No solo est\u00e1 gravemente enferma la justicia dominicana","datePublished":"2015-12-15T22:54:52+00:00","mainEntityOfPage":{"@id":"https:\/\/tabernaculoprensadedios.com\/web\/no-solo-esta-gravemente-enferma-la-justicia-dominicana\/"},"wordCount":553,"commentCount":0,"publisher":{"@id":"https:\/\/tabernaculoprensadedios.com\/web\/#\/schema\/person\/bc0e069fef56b38e177db6f098ae0b6e"},"image":{"@id":"https:\/\/tabernaculoprensadedios.com\/web\/no-solo-esta-gravemente-enferma-la-justicia-dominicana\/#primaryimage"},"thumbnailUrl":"https:\/\/tabernaculoprensadedios.com\/web\/wp-content\/uploads\/2015\/12\/justicia.jpg","articleSection":["almomento"],"inLanguage":"es","potentialAction":[{"@type":"CommentAction","name":"Comment","target":["https:\/\/tabernaculoprensadedios.com\/web\/no-solo-esta-gravemente-enferma-la-justicia-dominicana\/#respond"]}]},{"@type":"WebPage","@id":"https:\/\/tabernaculoprensadedios.com\/web\/no-solo-esta-gravemente-enferma-la-justicia-dominicana\/","url":"https:\/\/tabernaculoprensadedios.com\/web\/no-solo-esta-gravemente-enferma-la-justicia-dominicana\/","name":"No solo est\u00e1 gravemente enferma la justicia dominicana - Tabernaculo Prensa de Dios","isPartOf":{"@id":"https:\/\/tabernaculoprensadedios.com\/web\/#website"},"primaryImageOfPage":{"@id":"https:\/\/tabernaculoprensadedios.com\/web\/no-solo-esta-gravemente-enferma-la-justicia-dominicana\/#primaryimage"},"image":{"@id":"https:\/\/tabernaculoprensadedios.com\/web\/no-solo-esta-gravemente-enferma-la-justicia-dominicana\/#primaryimage"},"thumbnailUrl":"https:\/\/tabernaculoprensadedios.com\/web\/wp-content\/uploads\/2015\/12\/justicia.jpg","datePublished":"2015-12-15T22:54:52+00:00","breadcrumb":{"@id":"https:\/\/tabernaculoprensadedios.com\/web\/no-solo-esta-gravemente-enferma-la-justicia-dominicana\/#breadcrumb"},"inLanguage":"es","potentialAction":[{"@type":"ReadAction","target":["https:\/\/tabernaculoprensadedios.com\/web\/no-solo-esta-gravemente-enferma-la-justicia-dominicana\/"]}]},{"@type":"ImageObject","inLanguage":"es","@id":"https:\/\/tabernaculoprensadedios.com\/web\/no-solo-esta-gravemente-enferma-la-justicia-dominicana\/#primaryimage","url":"https:\/\/tabernaculoprensadedios.com\/web\/wp-content\/uploads\/2015\/12\/justicia.jpg","contentUrl":"https:\/\/tabernaculoprensadedios.com\/web\/wp-content\/uploads\/2015\/12\/justicia.jpg","width":433,"height":243},{"@type":"BreadcrumbList","@id":"https:\/\/tabernaculoprensadedios.com\/web\/no-solo-esta-gravemente-enferma-la-justicia-dominicana\/#breadcrumb","itemListElement":[{"@type":"ListItem","position":1,"name":"Portada","item":"https:\/\/tabernaculoprensadedios.com\/web\/"},{"@type":"ListItem","position":2,"name":"No solo est\u00e1 gravemente enferma la justicia dominicana"}]},{"@type":"WebSite","@id":"https:\/\/tabernaculoprensadedios.com\/web\/#website","url":"https:\/\/tabernaculoprensadedios.com\/web\/","name":"Tabernaculo Prensa de Dios","description":"Un medio a la manera de Dios","publisher":{"@id":"https:\/\/tabernaculoprensadedios.com\/web\/#\/schema\/person\/bc0e069fef56b38e177db6f098ae0b6e"},"potentialAction":[{"@type":"SearchAction","target":{"@type":"EntryPoint","urlTemplate":"https:\/\/tabernaculoprensadedios.com\/web\/?s={search_term_string}"},"query-input":{"@type":"PropertyValueSpecification","valueRequired":true,"valueName":"search_term_string"}}],"inLanguage":"es"},{"@type":["Person","Organization"],"@id":"https:\/\/tabernaculoprensadedios.com\/web\/#\/schema\/person\/bc0e069fef56b38e177db6f098ae0b6e","name":"tabernaculo","image":{"@type":"ImageObject","inLanguage":"es","@id":"https:\/\/tabernaculoprensadedios.com\/web\/#\/schema\/person\/image\/","url":"https:\/\/tabernaculoprensadedios.com\/web\/wp-content\/uploads\/2015\/06\/login-logo1.png","contentUrl":"https:\/\/tabernaculoprensadedios.com\/web\/wp-content\/uploads\/2015\/06\/login-logo1.png","width":300,"height":118,"caption":"tabernaculo"},"logo":{"@id":"https:\/\/tabernaculoprensadedios.com\/web\/#\/schema\/person\/image\/"},"url":"https:\/\/tabernaculoprensadedios.com\/web\/author\/tabernaculo\/"}]}},"_links":{"self":[{"href":"https:\/\/tabernaculoprensadedios.com\/web\/wp-json\/wp\/v2\/posts\/4707","targetHints":{"allow":["GET"]}}],"collection":[{"href":"https:\/\/tabernaculoprensadedios.com\/web\/wp-json\/wp\/v2\/posts"}],"about":[{"href":"https:\/\/tabernaculoprensadedios.com\/web\/wp-json\/wp\/v2\/types\/post"}],"author":[{"embeddable":true,"href":"https:\/\/tabernaculoprensadedios.com\/web\/wp-json\/wp\/v2\/users\/1"}],"replies":[{"embeddable":true,"href":"https:\/\/tabernaculoprensadedios.com\/web\/wp-json\/wp\/v2\/comments?post=4707"}],"version-history":[{"count":1,"href":"https:\/\/tabernaculoprensadedios.com\/web\/wp-json\/wp\/v2\/posts\/4707\/revisions"}],"predecessor-version":[{"id":4709,"href":"https:\/\/tabernaculoprensadedios.com\/web\/wp-json\/wp\/v2\/posts\/4707\/revisions\/4709"}],"wp:featuredmedia":[{"embeddable":true,"href":"https:\/\/tabernaculoprensadedios.com\/web\/wp-json\/wp\/v2\/media\/4708"}],"wp:attachment":[{"href":"https:\/\/tabernaculoprensadedios.com\/web\/wp-json\/wp\/v2\/media?parent=4707"}],"wp:term":[{"taxonomy":"category","embeddable":true,"href":"https:\/\/tabernaculoprensadedios.com\/web\/wp-json\/wp\/v2\/categories?post=4707"},{"taxonomy":"post_tag","embeddable":true,"href":"https:\/\/tabernaculoprensadedios.com\/web\/wp-json\/wp\/v2\/tags?post=4707"}],"curies":[{"name":"wp","href":"https:\/\/api.w.org\/{rel}","templated":true}]}}