{"id":4704,"date":"2015-12-15T22:53:56","date_gmt":"2015-12-15T22:53:56","guid":{"rendered":"http:\/\/tabernaculoprensadedios.com\/web\/?p=4704"},"modified":"2015-12-15T22:53:56","modified_gmt":"2015-12-15T22:53:56","slug":"maria-antonieta-de-las-nieves-la-chilindrina-acepto-a-jesus-en-un-festival-evangelistico-en-nueva-york","status":"publish","type":"post","link":"https:\/\/tabernaculoprensadedios.com\/web\/maria-antonieta-de-las-nieves-la-chilindrina-acepto-a-jesus-en-un-festival-evangelistico-en-nueva-york\/","title":{"rendered":"Mar\u00eda Antonieta de las Nieves \u00abLa Chilindrina\u00bb acepto a Jes\u00fas en un festival evangel\u00edstico en Nueva York"},"content":{"rendered":"<p>La actriz Mar\u00eda Antonieta de las Nieves, reconocida por su papel \u00abLa Chilindrina\u00bb en el programa mexicano \u00abEl Chavo del 8\u00bb, acept\u00f3 a Jes\u00fas en su coraz\u00f3n en el festival evangel\u00edstico que realiz\u00f3 Luis Palau en Nueva York a mediados de este a\u00f1o.<\/p>\n<p>Rub\u00e9n Proietti, presidente de la Alianza Cristiana de Iglesias Evang\u00e9licas de la Rep\u00fablica Argentina (ACIERA) y miembro del equipo evangel\u00edstico de Luis Palau, le cont\u00f3 en exclusiva a Mundo Cristiano que Nieves pr\u00e1cticamente le arrebat\u00f3 de sus manos un libro que entregan a los que hacen la oraci\u00f3n de salvaci\u00f3n.<\/p>\n<p>\u00abLuego confirm\u00f3 con nosotros que hab\u00eda hecho esa decisi\u00f3n. Imag\u00ednate nuestra alegr\u00eda\u00bb, dijo Proietti.<\/p>\n<p>Pues al parecer esa decisi\u00f3n est\u00e1 dando frutos, la famosa actriz particip\u00f3 de un festival evangel\u00edstico en Paraguay, el pasado fin de semana.<\/p>\n<p>Nieves fue invitada por el evangelista paraguayo, Juan Cruz Cellammare. Ambos visitaron escuelas y la c\u00e1rcel de mujeres El Buen Pastor de Asunci\u00f3n.<\/p>\n<p>En el patio del centro penitenciario \u00abLa Chilindrina\u00bb comparti\u00f3 un mensaje de esperanza con las cientos de reclusas presentes en la actividad.<\/p>\n<p>\u00abCuando a m\u00ed me dijeron que iba a venir a Paraguay y que las iba a venir a visitar, dije &#8216;yupi, bendito sea Dios'\u00bb, dijo Nieves a las privadas de libertad.<\/p>\n<p>\u00abQuiero estar unos momentos juntas en libertad de vernos, de abrazarnos, de decirnos que nos queremos, que lo primero antes que nadie est\u00e1 Dios y despu\u00e9s est\u00e1 nuestra familia\u00bb, continu\u00f3. \u00abTodos aqu\u00ed somos iguales, que Dios las bendiga, tratemos aqu\u00ed y en donde sea de dar un buen ejemplo\u00bb.<\/p>\n<p>Cellammare atribuye todo eso a la experiencia que tuvo Nieves en el evento de Luis Palau.<\/p>\n<p>El evangelista paraguayo relata que luego de la actividad en la c\u00e1rcel, en una conferencia de prensa Nieves se puso la Biblia de \u00e9l en su pecho y dijo que a trav\u00e9s de Dios y su Palabra las vidas pueden ser trasformadas.<\/p>\n<p>\u00abLa Chilindrina\u00bb prometi\u00f3 a Cellammare hablar de Jes\u00fas en todo.<\/p>\n","protected":false},"excerpt":{"rendered":"<p>La actriz Mar\u00eda Antonieta de las Nieves, reconocida por su papel \u00abLa Chilindrina\u00bb en el programa mexicano \u00abEl Chavo del 8\u00bb, acept\u00f3 a Jes\u00fas en su coraz\u00f3n en el festival evangel\u00edstico que realiz\u00f3 Luis Palau en Nueva York a mediados de este a\u00f1o. Rub\u00e9n Proietti, presidente de la Alianza Cristiana de Iglesias Evang\u00e9licas de la &hellip;<\/p>\n","protected":false},"author":1,"featured_media":4705,"comment_status":"open","ping_status":"open","sticky":false,"template":"","format":"standard","meta":{"footnotes":""},"categories":[30],"tags":[],"class_list":["post-4704","post","type-post","status-publish","format-standard","has-post-thumbnail","hentry","category-reportajes"],"yoast_head":"<!-- This site is optimized with the Yoast SEO Premium plugin v24.2 (Yoast SEO v27.1.1) - https:\/\/yoast.com\/product\/yoast-seo-premium-wordpress\/ -->\n<title>Mar\u00eda Antonieta de las Nieves &quot;La Chilindrina&quot; acepto a Jes\u00fas en un festival evangel\u00edstico en Nueva York - Tabernaculo Prensa de Dios<\/title>\n<meta name=\"robots\" content=\"index, follow, max-snippet:-1, max-image-preview:large, max-video-preview:-1\" \/>\n<link rel=\"canonical\" href=\"https:\/\/tabernaculoprensadedios.com\/web\/maria-antonieta-de-las-nieves-la-chilindrina-acepto-a-jesus-en-un-festival-evangelistico-en-nueva-york\/\" class=\"yoast-seo-meta-tag\" \/>\n<meta property=\"og:locale\" content=\"es_ES\" class=\"yoast-seo-meta-tag\" \/>\n<meta property=\"og:type\" content=\"article\" class=\"yoast-seo-meta-tag\" \/>\n<meta property=\"og:title\" content=\"Mar\u00eda Antonieta de las Nieves &quot;La Chilindrina&quot; acepto a Jes\u00fas en un festival evangel\u00edstico en Nueva York\" class=\"yoast-seo-meta-tag\" \/>\n<meta property=\"og:description\" content=\"La actriz Mar\u00eda Antonieta de las Nieves, reconocida por su papel \u00abLa Chilindrina\u00bb en el programa mexicano \u00abEl Chavo del 8\u00bb, acept\u00f3 a Jes\u00fas en su coraz\u00f3n en el festival evangel\u00edstico que realiz\u00f3 Luis Palau en Nueva York a mediados de este a\u00f1o. Rub\u00e9n Proietti, presidente de la Alianza Cristiana de Iglesias Evang\u00e9licas de la &hellip;\" class=\"yoast-seo-meta-tag\" \/>\n<meta property=\"og:url\" content=\"https:\/\/tabernaculoprensadedios.com\/web\/maria-antonieta-de-las-nieves-la-chilindrina-acepto-a-jesus-en-un-festival-evangelistico-en-nueva-york\/\" class=\"yoast-seo-meta-tag\" \/>\n<meta property=\"og:site_name\" content=\"Tabernaculo Prensa de Dios\" class=\"yoast-seo-meta-tag\" \/>\n<meta property=\"article:published_time\" content=\"2015-12-15T22:53:56+00:00\" class=\"yoast-seo-meta-tag\" \/>\n<meta property=\"og:image\" content=\"https:\/\/tabernaculoprensadedios.com\/web\/wp-content\/uploads\/2015\/12\/CHILINDIRNA.jpg\" class=\"yoast-seo-meta-tag\" \/>\n\t<meta property=\"og:image:width\" content=\"370\" class=\"yoast-seo-meta-tag\" \/>\n\t<meta property=\"og:image:height\" content=\"209\" class=\"yoast-seo-meta-tag\" \/>\n\t<meta property=\"og:image:type\" content=\"image\/jpeg\" class=\"yoast-seo-meta-tag\" \/>\n<meta name=\"author\" content=\"tabernaculo\" class=\"yoast-seo-meta-tag\" \/>\n<meta name=\"twitter:card\" content=\"summary_large_image\" class=\"yoast-seo-meta-tag\" \/>\n<meta name=\"twitter:creator\" content=\"@PrensadeDios\" class=\"yoast-seo-meta-tag\" \/>\n<meta name=\"twitter:site\" content=\"@PrensadeDios\" class=\"yoast-seo-meta-tag\" \/>\n<meta name=\"twitter:label1\" content=\"Escrito por\" class=\"yoast-seo-meta-tag\" \/>\n\t<meta name=\"twitter:data1\" content=\"tabernaculo\" class=\"yoast-seo-meta-tag\" \/>\n\t<meta name=\"twitter:label2\" content=\"Tiempo de lectura\" class=\"yoast-seo-meta-tag\" \/>\n\t<meta name=\"twitter:data2\" content=\"2 minutos\" class=\"yoast-seo-meta-tag\" \/>\n<script type=\"application\/ld+json\" class=\"yoast-schema-graph\">{\"@context\":\"https:\/\/schema.org\",\"@graph\":[{\"@type\":\"Article\",\"@id\":\"https:\/\/tabernaculoprensadedios.com\/web\/maria-antonieta-de-las-nieves-la-chilindrina-acepto-a-jesus-en-un-festival-evangelistico-en-nueva-york\/#article\",\"isPartOf\":{\"@id\":\"https:\/\/tabernaculoprensadedios.com\/web\/maria-antonieta-de-las-nieves-la-chilindrina-acepto-a-jesus-en-un-festival-evangelistico-en-nueva-york\/\"},\"author\":{\"name\":\"tabernaculo\",\"@id\":\"https:\/\/tabernaculoprensadedios.com\/web\/#\/schema\/person\/bc0e069fef56b38e177db6f098ae0b6e\"},\"headline\":\"Mar\u00eda Antonieta de las Nieves \u00abLa Chilindrina\u00bb acepto a Jes\u00fas en un festival evangel\u00edstico en Nueva York\",\"datePublished\":\"2015-12-15T22:53:56+00:00\",\"mainEntityOfPage\":{\"@id\":\"https:\/\/tabernaculoprensadedios.com\/web\/maria-antonieta-de-las-nieves-la-chilindrina-acepto-a-jesus-en-un-festival-evangelistico-en-nueva-york\/\"},\"wordCount\":366,\"commentCount\":0,\"publisher\":{\"@id\":\"https:\/\/tabernaculoprensadedios.com\/web\/#\/schema\/person\/bc0e069fef56b38e177db6f098ae0b6e\"},\"image\":{\"@id\":\"https:\/\/tabernaculoprensadedios.com\/web\/maria-antonieta-de-las-nieves-la-chilindrina-acepto-a-jesus-en-un-festival-evangelistico-en-nueva-york\/#primaryimage\"},\"thumbnailUrl\":\"https:\/\/tabernaculoprensadedios.com\/web\/wp-content\/uploads\/2015\/12\/CHILINDIRNA.jpg\",\"articleSection\":[\"Reportajes\"],\"inLanguage\":\"es\",\"potentialAction\":[{\"@type\":\"CommentAction\",\"name\":\"Comment\",\"target\":[\"https:\/\/tabernaculoprensadedios.com\/web\/maria-antonieta-de-las-nieves-la-chilindrina-acepto-a-jesus-en-un-festival-evangelistico-en-nueva-york\/#respond\"]}]},{\"@type\":\"WebPage\",\"@id\":\"https:\/\/tabernaculoprensadedios.com\/web\/maria-antonieta-de-las-nieves-la-chilindrina-acepto-a-jesus-en-un-festival-evangelistico-en-nueva-york\/\",\"url\":\"https:\/\/tabernaculoprensadedios.com\/web\/maria-antonieta-de-las-nieves-la-chilindrina-acepto-a-jesus-en-un-festival-evangelistico-en-nueva-york\/\",\"name\":\"Mar\u00eda Antonieta de las Nieves \\\"La Chilindrina\\\" acepto a Jes\u00fas en un festival evangel\u00edstico en Nueva York - Tabernaculo Prensa de Dios\",\"isPartOf\":{\"@id\":\"https:\/\/tabernaculoprensadedios.com\/web\/#website\"},\"primaryImageOfPage\":{\"@id\":\"https:\/\/tabernaculoprensadedios.com\/web\/maria-antonieta-de-las-nieves-la-chilindrina-acepto-a-jesus-en-un-festival-evangelistico-en-nueva-york\/#primaryimage\"},\"image\":{\"@id\":\"https:\/\/tabernaculoprensadedios.com\/web\/maria-antonieta-de-las-nieves-la-chilindrina-acepto-a-jesus-en-un-festival-evangelistico-en-nueva-york\/#primaryimage\"},\"thumbnailUrl\":\"https:\/\/tabernaculoprensadedios.com\/web\/wp-content\/uploads\/2015\/12\/CHILINDIRNA.jpg\",\"datePublished\":\"2015-12-15T22:53:56+00:00\",\"breadcrumb\":{\"@id\":\"https:\/\/tabernaculoprensadedios.com\/web\/maria-antonieta-de-las-nieves-la-chilindrina-acepto-a-jesus-en-un-festival-evangelistico-en-nueva-york\/#breadcrumb\"},\"inLanguage\":\"es\",\"potentialAction\":[{\"@type\":\"ReadAction\",\"target\":[\"https:\/\/tabernaculoprensadedios.com\/web\/maria-antonieta-de-las-nieves-la-chilindrina-acepto-a-jesus-en-un-festival-evangelistico-en-nueva-york\/\"]}]},{\"@type\":\"ImageObject\",\"inLanguage\":\"es\",\"@id\":\"https:\/\/tabernaculoprensadedios.com\/web\/maria-antonieta-de-las-nieves-la-chilindrina-acepto-a-jesus-en-un-festival-evangelistico-en-nueva-york\/#primaryimage\",\"url\":\"https:\/\/tabernaculoprensadedios.com\/web\/wp-content\/uploads\/2015\/12\/CHILINDIRNA.jpg\",\"contentUrl\":\"https:\/\/tabernaculoprensadedios.com\/web\/wp-content\/uploads\/2015\/12\/CHILINDIRNA.jpg\",\"width\":370,\"height\":209},{\"@type\":\"BreadcrumbList\",\"@id\":\"https:\/\/tabernaculoprensadedios.com\/web\/maria-antonieta-de-las-nieves-la-chilindrina-acepto-a-jesus-en-un-festival-evangelistico-en-nueva-york\/#breadcrumb\",\"itemListElement\":[{\"@type\":\"ListItem\",\"position\":1,\"name\":\"Portada\",\"item\":\"https:\/\/tabernaculoprensadedios.com\/web\/\"},{\"@type\":\"ListItem\",\"position\":2,\"name\":\"Mar\u00eda Antonieta de las Nieves \u00abLa Chilindrina\u00bb acepto a Jes\u00fas en un festival evangel\u00edstico en Nueva York\"}]},{\"@type\":\"WebSite\",\"@id\":\"https:\/\/tabernaculoprensadedios.com\/web\/#website\",\"url\":\"https:\/\/tabernaculoprensadedios.com\/web\/\",\"name\":\"Tabernaculo Prensa de Dios\",\"description\":\"Un medio a la manera de Dios\",\"publisher\":{\"@id\":\"https:\/\/tabernaculoprensadedios.com\/web\/#\/schema\/person\/bc0e069fef56b38e177db6f098ae0b6e\"},\"potentialAction\":[{\"@type\":\"SearchAction\",\"target\":{\"@type\":\"EntryPoint\",\"urlTemplate\":\"https:\/\/tabernaculoprensadedios.com\/web\/?s={search_term_string}\"},\"query-input\":{\"@type\":\"PropertyValueSpecification\",\"valueRequired\":true,\"valueName\":\"search_term_string\"}}],\"inLanguage\":\"es\"},{\"@type\":[\"Person\",\"Organization\"],\"@id\":\"https:\/\/tabernaculoprensadedios.com\/web\/#\/schema\/person\/bc0e069fef56b38e177db6f098ae0b6e\",\"name\":\"tabernaculo\",\"image\":{\"@type\":\"ImageObject\",\"inLanguage\":\"es\",\"@id\":\"https:\/\/tabernaculoprensadedios.com\/web\/#\/schema\/person\/image\/\",\"url\":\"https:\/\/tabernaculoprensadedios.com\/web\/wp-content\/uploads\/2015\/06\/login-logo1.png\",\"contentUrl\":\"https:\/\/tabernaculoprensadedios.com\/web\/wp-content\/uploads\/2015\/06\/login-logo1.png\",\"width\":300,\"height\":118,\"caption\":\"tabernaculo\"},\"logo\":{\"@id\":\"https:\/\/tabernaculoprensadedios.com\/web\/#\/schema\/person\/image\/\"},\"url\":\"https:\/\/tabernaculoprensadedios.com\/web\/author\/tabernaculo\/\"}]}<\/script>\n<!-- \/ Yoast SEO Premium plugin. -->","yoast_head_json":{"title":"Mar\u00eda Antonieta de las Nieves \"La Chilindrina\" acepto a Jes\u00fas en un festival evangel\u00edstico en Nueva York - Tabernaculo Prensa de Dios","robots":{"index":"index","follow":"follow","max-snippet":"max-snippet:-1","max-image-preview":"max-image-preview:large","max-video-preview":"max-video-preview:-1"},"canonical":"https:\/\/tabernaculoprensadedios.com\/web\/maria-antonieta-de-las-nieves-la-chilindrina-acepto-a-jesus-en-un-festival-evangelistico-en-nueva-york\/","og_locale":"es_ES","og_type":"article","og_title":"Mar\u00eda Antonieta de las Nieves \"La Chilindrina\" acepto a Jes\u00fas en un festival evangel\u00edstico en Nueva York","og_description":"La actriz Mar\u00eda Antonieta de las Nieves, reconocida por su papel \u00abLa Chilindrina\u00bb en el programa mexicano \u00abEl Chavo del 8\u00bb, acept\u00f3 a Jes\u00fas en su coraz\u00f3n en el festival evangel\u00edstico que realiz\u00f3 Luis Palau en Nueva York a mediados de este a\u00f1o. Rub\u00e9n Proietti, presidente de la Alianza Cristiana de Iglesias Evang\u00e9licas de la &hellip;","og_url":"https:\/\/tabernaculoprensadedios.com\/web\/maria-antonieta-de-las-nieves-la-chilindrina-acepto-a-jesus-en-un-festival-evangelistico-en-nueva-york\/","og_site_name":"Tabernaculo Prensa de Dios","article_published_time":"2015-12-15T22:53:56+00:00","og_image":[{"width":370,"height":209,"url":"https:\/\/tabernaculoprensadedios.com\/web\/wp-content\/uploads\/2015\/12\/CHILINDIRNA.jpg","type":"image\/jpeg"}],"author":"tabernaculo","twitter_card":"summary_large_image","twitter_creator":"@PrensadeDios","twitter_site":"@PrensadeDios","twitter_misc":{"Escrito por":"tabernaculo","Tiempo de lectura":"2 minutos"},"schema":{"@context":"https:\/\/schema.org","@graph":[{"@type":"Article","@id":"https:\/\/tabernaculoprensadedios.com\/web\/maria-antonieta-de-las-nieves-la-chilindrina-acepto-a-jesus-en-un-festival-evangelistico-en-nueva-york\/#article","isPartOf":{"@id":"https:\/\/tabernaculoprensadedios.com\/web\/maria-antonieta-de-las-nieves-la-chilindrina-acepto-a-jesus-en-un-festival-evangelistico-en-nueva-york\/"},"author":{"name":"tabernaculo","@id":"https:\/\/tabernaculoprensadedios.com\/web\/#\/schema\/person\/bc0e069fef56b38e177db6f098ae0b6e"},"headline":"Mar\u00eda Antonieta de las Nieves \u00abLa Chilindrina\u00bb acepto a Jes\u00fas en un festival evangel\u00edstico en Nueva York","datePublished":"2015-12-15T22:53:56+00:00","mainEntityOfPage":{"@id":"https:\/\/tabernaculoprensadedios.com\/web\/maria-antonieta-de-las-nieves-la-chilindrina-acepto-a-jesus-en-un-festival-evangelistico-en-nueva-york\/"},"wordCount":366,"commentCount":0,"publisher":{"@id":"https:\/\/tabernaculoprensadedios.com\/web\/#\/schema\/person\/bc0e069fef56b38e177db6f098ae0b6e"},"image":{"@id":"https:\/\/tabernaculoprensadedios.com\/web\/maria-antonieta-de-las-nieves-la-chilindrina-acepto-a-jesus-en-un-festival-evangelistico-en-nueva-york\/#primaryimage"},"thumbnailUrl":"https:\/\/tabernaculoprensadedios.com\/web\/wp-content\/uploads\/2015\/12\/CHILINDIRNA.jpg","articleSection":["Reportajes"],"inLanguage":"es","potentialAction":[{"@type":"CommentAction","name":"Comment","target":["https:\/\/tabernaculoprensadedios.com\/web\/maria-antonieta-de-las-nieves-la-chilindrina-acepto-a-jesus-en-un-festival-evangelistico-en-nueva-york\/#respond"]}]},{"@type":"WebPage","@id":"https:\/\/tabernaculoprensadedios.com\/web\/maria-antonieta-de-las-nieves-la-chilindrina-acepto-a-jesus-en-un-festival-evangelistico-en-nueva-york\/","url":"https:\/\/tabernaculoprensadedios.com\/web\/maria-antonieta-de-las-nieves-la-chilindrina-acepto-a-jesus-en-un-festival-evangelistico-en-nueva-york\/","name":"Mar\u00eda Antonieta de las Nieves \"La Chilindrina\" acepto a Jes\u00fas en un festival evangel\u00edstico en Nueva York - Tabernaculo Prensa de Dios","isPartOf":{"@id":"https:\/\/tabernaculoprensadedios.com\/web\/#website"},"primaryImageOfPage":{"@id":"https:\/\/tabernaculoprensadedios.com\/web\/maria-antonieta-de-las-nieves-la-chilindrina-acepto-a-jesus-en-un-festival-evangelistico-en-nueva-york\/#primaryimage"},"image":{"@id":"https:\/\/tabernaculoprensadedios.com\/web\/maria-antonieta-de-las-nieves-la-chilindrina-acepto-a-jesus-en-un-festival-evangelistico-en-nueva-york\/#primaryimage"},"thumbnailUrl":"https:\/\/tabernaculoprensadedios.com\/web\/wp-content\/uploads\/2015\/12\/CHILINDIRNA.jpg","datePublished":"2015-12-15T22:53:56+00:00","breadcrumb":{"@id":"https:\/\/tabernaculoprensadedios.com\/web\/maria-antonieta-de-las-nieves-la-chilindrina-acepto-a-jesus-en-un-festival-evangelistico-en-nueva-york\/#breadcrumb"},"inLanguage":"es","potentialAction":[{"@type":"ReadAction","target":["https:\/\/tabernaculoprensadedios.com\/web\/maria-antonieta-de-las-nieves-la-chilindrina-acepto-a-jesus-en-un-festival-evangelistico-en-nueva-york\/"]}]},{"@type":"ImageObject","inLanguage":"es","@id":"https:\/\/tabernaculoprensadedios.com\/web\/maria-antonieta-de-las-nieves-la-chilindrina-acepto-a-jesus-en-un-festival-evangelistico-en-nueva-york\/#primaryimage","url":"https:\/\/tabernaculoprensadedios.com\/web\/wp-content\/uploads\/2015\/12\/CHILINDIRNA.jpg","contentUrl":"https:\/\/tabernaculoprensadedios.com\/web\/wp-content\/uploads\/2015\/12\/CHILINDIRNA.jpg","width":370,"height":209},{"@type":"BreadcrumbList","@id":"https:\/\/tabernaculoprensadedios.com\/web\/maria-antonieta-de-las-nieves-la-chilindrina-acepto-a-jesus-en-un-festival-evangelistico-en-nueva-york\/#breadcrumb","itemListElement":[{"@type":"ListItem","position":1,"name":"Portada","item":"https:\/\/tabernaculoprensadedios.com\/web\/"},{"@type":"ListItem","position":2,"name":"Mar\u00eda Antonieta de las Nieves \u00abLa Chilindrina\u00bb acepto a Jes\u00fas en un festival evangel\u00edstico en Nueva York"}]},{"@type":"WebSite","@id":"https:\/\/tabernaculoprensadedios.com\/web\/#website","url":"https:\/\/tabernaculoprensadedios.com\/web\/","name":"Tabernaculo Prensa de Dios","description":"Un medio a la manera de Dios","publisher":{"@id":"https:\/\/tabernaculoprensadedios.com\/web\/#\/schema\/person\/bc0e069fef56b38e177db6f098ae0b6e"},"potentialAction":[{"@type":"SearchAction","target":{"@type":"EntryPoint","urlTemplate":"https:\/\/tabernaculoprensadedios.com\/web\/?s={search_term_string}"},"query-input":{"@type":"PropertyValueSpecification","valueRequired":true,"valueName":"search_term_string"}}],"inLanguage":"es"},{"@type":["Person","Organization"],"@id":"https:\/\/tabernaculoprensadedios.com\/web\/#\/schema\/person\/bc0e069fef56b38e177db6f098ae0b6e","name":"tabernaculo","image":{"@type":"ImageObject","inLanguage":"es","@id":"https:\/\/tabernaculoprensadedios.com\/web\/#\/schema\/person\/image\/","url":"https:\/\/tabernaculoprensadedios.com\/web\/wp-content\/uploads\/2015\/06\/login-logo1.png","contentUrl":"https:\/\/tabernaculoprensadedios.com\/web\/wp-content\/uploads\/2015\/06\/login-logo1.png","width":300,"height":118,"caption":"tabernaculo"},"logo":{"@id":"https:\/\/tabernaculoprensadedios.com\/web\/#\/schema\/person\/image\/"},"url":"https:\/\/tabernaculoprensadedios.com\/web\/author\/tabernaculo\/"}]}},"_links":{"self":[{"href":"https:\/\/tabernaculoprensadedios.com\/web\/wp-json\/wp\/v2\/posts\/4704","targetHints":{"allow":["GET"]}}],"collection":[{"href":"https:\/\/tabernaculoprensadedios.com\/web\/wp-json\/wp\/v2\/posts"}],"about":[{"href":"https:\/\/tabernaculoprensadedios.com\/web\/wp-json\/wp\/v2\/types\/post"}],"author":[{"embeddable":true,"href":"https:\/\/tabernaculoprensadedios.com\/web\/wp-json\/wp\/v2\/users\/1"}],"replies":[{"embeddable":true,"href":"https:\/\/tabernaculoprensadedios.com\/web\/wp-json\/wp\/v2\/comments?post=4704"}],"version-history":[{"count":1,"href":"https:\/\/tabernaculoprensadedios.com\/web\/wp-json\/wp\/v2\/posts\/4704\/revisions"}],"predecessor-version":[{"id":4706,"href":"https:\/\/tabernaculoprensadedios.com\/web\/wp-json\/wp\/v2\/posts\/4704\/revisions\/4706"}],"wp:featuredmedia":[{"embeddable":true,"href":"https:\/\/tabernaculoprensadedios.com\/web\/wp-json\/wp\/v2\/media\/4705"}],"wp:attachment":[{"href":"https:\/\/tabernaculoprensadedios.com\/web\/wp-json\/wp\/v2\/media?parent=4704"}],"wp:term":[{"taxonomy":"category","embeddable":true,"href":"https:\/\/tabernaculoprensadedios.com\/web\/wp-json\/wp\/v2\/categories?post=4704"},{"taxonomy":"post_tag","embeddable":true,"href":"https:\/\/tabernaculoprensadedios.com\/web\/wp-json\/wp\/v2\/tags?post=4704"}],"curies":[{"name":"wp","href":"https:\/\/api.w.org\/{rel}","templated":true}]}}