{"id":4701,"date":"2015-12-15T22:52:53","date_gmt":"2015-12-15T22:52:53","guid":{"rendered":"http:\/\/tabernaculoprensadedios.com\/web\/?p=4701"},"modified":"2015-12-17T18:44:27","modified_gmt":"2015-12-17T18:44:27","slug":"navidad-nueva-luz-de-alegria-esperanza-y-paz-2","status":"publish","type":"post","link":"https:\/\/tabernaculoprensadedios.com\/web\/navidad-nueva-luz-de-alegria-esperanza-y-paz-2\/","title":{"rendered":"Navidad nueva luz de alegr\u00eda, esperanza y paz"},"content":{"rendered":"<p>El nacimiento del ni\u00f1o Jes\u00fas, hace m\u00e1s de dos mil a\u00f1os, constituye para nosotros una celebraci\u00f3n maravillosa al recordar tan excelso y grandioso hecho, cuando Dios mismo se manifest\u00f3 en carne, para salvar a la humanidad de la condenaci\u00f3n del pecado.<\/p>\n<p>La celebraci\u00f3n de la Navidad, nos invita a recrear nuestras vidas en una atm\u00f3sfera de gozo, paz, poder, felicidad, amor y esperanza.<\/p>\n<p>Tambi\u00e9n nos permite ir creciendo en sabidur\u00eda y gracia para con Dios por tan hermosa y grandiosa manifestaci\u00f3n de su hijo amado, que se hizo posible al humanarse, naciendo sin pecado para poder redimir al mundo de toda maldad a fin de que el hombre disfrute de la vida eterna.<\/p>\n<p>Asimismo, la Navidad nos invita a una experiencia maravillosa en lo sobre natural, donde se agudizan nuestros sentidos para poder vivir, o\u00edr, palpar, sentir la guiansa de Dios con su esp\u00edritu en nuestras vidas, tal como ocurri\u00f3 al principio con Ad\u00e1n y Eva.<\/p>\n<p>La llegada de la celebraci\u00f3n de la Navidad se acerca y sigue siendo admirada por todos los corazones que ven llegar a sus puertas una nueva luz de alegr\u00eda y de paz,.<\/p>\n<p>Esta festividad del nacimiento del ni\u00f1o Jes\u00fas, nos regala tambi\u00e9n un nuevo a\u00f1o lleno de luces, colores y sabores, fuegos artificiales que denotan el amor por el porvenir con nuevos sue\u00f1os que abrigan la esperanza de un mejor futuro en el seno de la familia, sociedad, iglesia y naci\u00f3n unidos en la magia del amor del ni\u00f1o Dios.<\/p>\n<p>Es nuestro gran deseo es que tambi\u00e9n que el ni\u00f1o Jes\u00fas nazca espiritualmente en el coraz\u00f3n de cada dominicano.<\/p>\n<p>Al profetizar sobre el nacimiento de Cristo, el profeta Isa\u00edas dijo: \u201cPorque un ni\u00f1o nos ha nacido, hijo nos ha sido dado, y el principado sobre su hombro. Se llamar\u00e1 su nombre: \u201cAdmirable Consejero\u201d, \u201cDios fuerte\u201d, \u201cPadre Eterno\u201d, \u201cPr\u00edncipe de Paz\u201d, Isa\u00edas 9:6.<\/p>\n<p>Navidad, tiempo de celebraci\u00f3n, tiempo de regocijarnos, debemos recordar su verdadero significado y no confundir su esencia como una fiesta m\u00e1s.<\/p>\n<p>No hay nada que pueda suplir el gozo y la alegr\u00eda al recordar el d\u00eda, en que Jes\u00fas naci\u00f3 en Bel\u00e9n de Jud\u00e1, en un humilde pesebre, porque Mar\u00eda y Jos\u00e9 no hallaron lugar en el mes\u00f3n.<\/p>\n<p>Ya adulto, a los 33 a\u00f1os, tras revelar en su ministerio el amor del Padre, fue a la cruz del calvario, all\u00ed muri\u00f3 para expiar nuestros pecados y al depositar nuestra fe en \u00e9l, nos redimi\u00f3 y escogi\u00f3 para que fu\u00e9semos hechos hijos de Dios y disfrutar de la vida eterna. Por eso recordamos con tanta alegr\u00eda y gozo la celebraci\u00f3n de la Navidad.<\/p>\n","protected":false},"excerpt":{"rendered":"<p>El nacimiento del ni\u00f1o Jes\u00fas, hace m\u00e1s de dos mil a\u00f1os, constituye para nosotros una celebraci\u00f3n maravillosa al recordar tan excelso y grandioso hecho, cuando Dios mismo se manifest\u00f3 en carne, para salvar a la humanidad de la condenaci\u00f3n del pecado. La celebraci\u00f3n de la Navidad, nos invita a recrear nuestras vidas en una atm\u00f3sfera &hellip;<\/p>\n","protected":false},"author":1,"featured_media":4702,"comment_status":"open","ping_status":"open","sticky":false,"template":"","format":"standard","meta":{"footnotes":""},"categories":[34],"tags":[],"class_list":["post-4701","post","type-post","status-publish","format-standard","has-post-thumbnail","hentry","category-articulos"],"yoast_head":"<!-- This site is optimized with the Yoast SEO Premium plugin v24.2 (Yoast SEO v27.1.1) - https:\/\/yoast.com\/product\/yoast-seo-premium-wordpress\/ -->\n<title>Navidad nueva luz de alegr\u00eda, esperanza y paz - Tabernaculo Prensa de Dios<\/title>\n<meta name=\"robots\" content=\"index, follow, max-snippet:-1, max-image-preview:large, max-video-preview:-1\" \/>\n<link rel=\"canonical\" href=\"https:\/\/tabernaculoprensadedios.com\/web\/navidad-nueva-luz-de-alegria-esperanza-y-paz-2\/\" class=\"yoast-seo-meta-tag\" \/>\n<meta property=\"og:locale\" content=\"es_ES\" class=\"yoast-seo-meta-tag\" \/>\n<meta property=\"og:type\" content=\"article\" class=\"yoast-seo-meta-tag\" \/>\n<meta property=\"og:title\" content=\"Navidad nueva luz de alegr\u00eda, esperanza y paz\" class=\"yoast-seo-meta-tag\" \/>\n<meta property=\"og:description\" content=\"El nacimiento del ni\u00f1o Jes\u00fas, hace m\u00e1s de dos mil a\u00f1os, constituye para nosotros una celebraci\u00f3n maravillosa al recordar tan excelso y grandioso hecho, cuando Dios mismo se manifest\u00f3 en carne, para salvar a la humanidad de la condenaci\u00f3n del pecado. La celebraci\u00f3n de la Navidad, nos invita a recrear nuestras vidas en una atm\u00f3sfera &hellip;\" class=\"yoast-seo-meta-tag\" \/>\n<meta property=\"og:url\" content=\"https:\/\/tabernaculoprensadedios.com\/web\/navidad-nueva-luz-de-alegria-esperanza-y-paz-2\/\" class=\"yoast-seo-meta-tag\" \/>\n<meta property=\"og:site_name\" content=\"Tabernaculo Prensa de Dios\" class=\"yoast-seo-meta-tag\" \/>\n<meta property=\"article:published_time\" content=\"2015-12-15T22:52:53+00:00\" class=\"yoast-seo-meta-tag\" \/>\n<meta property=\"article:modified_time\" content=\"2015-12-17T18:44:27+00:00\" class=\"yoast-seo-meta-tag\" \/>\n<meta property=\"og:image\" content=\"https:\/\/tabernaculoprensadedios.com\/web\/wp-content\/uploads\/2015\/12\/navida.jpg\" class=\"yoast-seo-meta-tag\" \/>\n\t<meta property=\"og:image:width\" content=\"432\" class=\"yoast-seo-meta-tag\" \/>\n\t<meta property=\"og:image:height\" content=\"288\" class=\"yoast-seo-meta-tag\" \/>\n\t<meta property=\"og:image:type\" content=\"image\/jpeg\" class=\"yoast-seo-meta-tag\" \/>\n<meta name=\"author\" content=\"tabernaculo\" class=\"yoast-seo-meta-tag\" \/>\n<meta name=\"twitter:card\" content=\"summary_large_image\" class=\"yoast-seo-meta-tag\" \/>\n<meta name=\"twitter:creator\" content=\"@PrensadeDios\" class=\"yoast-seo-meta-tag\" \/>\n<meta name=\"twitter:site\" content=\"@PrensadeDios\" class=\"yoast-seo-meta-tag\" \/>\n<meta name=\"twitter:label1\" content=\"Escrito por\" class=\"yoast-seo-meta-tag\" \/>\n\t<meta name=\"twitter:data1\" content=\"tabernaculo\" class=\"yoast-seo-meta-tag\" \/>\n\t<meta name=\"twitter:label2\" content=\"Tiempo de lectura\" class=\"yoast-seo-meta-tag\" \/>\n\t<meta name=\"twitter:data2\" content=\"2 minutos\" class=\"yoast-seo-meta-tag\" \/>\n<script type=\"application\/ld+json\" class=\"yoast-schema-graph\">{\"@context\":\"https:\/\/schema.org\",\"@graph\":[{\"@type\":\"Article\",\"@id\":\"https:\/\/tabernaculoprensadedios.com\/web\/navidad-nueva-luz-de-alegria-esperanza-y-paz-2\/#article\",\"isPartOf\":{\"@id\":\"https:\/\/tabernaculoprensadedios.com\/web\/navidad-nueva-luz-de-alegria-esperanza-y-paz-2\/\"},\"author\":{\"name\":\"tabernaculo\",\"@id\":\"https:\/\/tabernaculoprensadedios.com\/web\/#\/schema\/person\/bc0e069fef56b38e177db6f098ae0b6e\"},\"headline\":\"Navidad nueva luz de alegr\u00eda, esperanza y paz\",\"datePublished\":\"2015-12-15T22:52:53+00:00\",\"dateModified\":\"2015-12-17T18:44:27+00:00\",\"mainEntityOfPage\":{\"@id\":\"https:\/\/tabernaculoprensadedios.com\/web\/navidad-nueva-luz-de-alegria-esperanza-y-paz-2\/\"},\"wordCount\":480,\"commentCount\":0,\"publisher\":{\"@id\":\"https:\/\/tabernaculoprensadedios.com\/web\/#\/schema\/person\/bc0e069fef56b38e177db6f098ae0b6e\"},\"image\":{\"@id\":\"https:\/\/tabernaculoprensadedios.com\/web\/navidad-nueva-luz-de-alegria-esperanza-y-paz-2\/#primaryimage\"},\"thumbnailUrl\":\"https:\/\/tabernaculoprensadedios.com\/web\/wp-content\/uploads\/2015\/12\/navida.jpg\",\"articleSection\":[\"Articulos\"],\"inLanguage\":\"es\",\"potentialAction\":[{\"@type\":\"CommentAction\",\"name\":\"Comment\",\"target\":[\"https:\/\/tabernaculoprensadedios.com\/web\/navidad-nueva-luz-de-alegria-esperanza-y-paz-2\/#respond\"]}]},{\"@type\":\"WebPage\",\"@id\":\"https:\/\/tabernaculoprensadedios.com\/web\/navidad-nueva-luz-de-alegria-esperanza-y-paz-2\/\",\"url\":\"https:\/\/tabernaculoprensadedios.com\/web\/navidad-nueva-luz-de-alegria-esperanza-y-paz-2\/\",\"name\":\"Navidad nueva luz de alegr\u00eda, esperanza y paz - Tabernaculo Prensa de Dios\",\"isPartOf\":{\"@id\":\"https:\/\/tabernaculoprensadedios.com\/web\/#website\"},\"primaryImageOfPage\":{\"@id\":\"https:\/\/tabernaculoprensadedios.com\/web\/navidad-nueva-luz-de-alegria-esperanza-y-paz-2\/#primaryimage\"},\"image\":{\"@id\":\"https:\/\/tabernaculoprensadedios.com\/web\/navidad-nueva-luz-de-alegria-esperanza-y-paz-2\/#primaryimage\"},\"thumbnailUrl\":\"https:\/\/tabernaculoprensadedios.com\/web\/wp-content\/uploads\/2015\/12\/navida.jpg\",\"datePublished\":\"2015-12-15T22:52:53+00:00\",\"dateModified\":\"2015-12-17T18:44:27+00:00\",\"breadcrumb\":{\"@id\":\"https:\/\/tabernaculoprensadedios.com\/web\/navidad-nueva-luz-de-alegria-esperanza-y-paz-2\/#breadcrumb\"},\"inLanguage\":\"es\",\"potentialAction\":[{\"@type\":\"ReadAction\",\"target\":[\"https:\/\/tabernaculoprensadedios.com\/web\/navidad-nueva-luz-de-alegria-esperanza-y-paz-2\/\"]}]},{\"@type\":\"ImageObject\",\"inLanguage\":\"es\",\"@id\":\"https:\/\/tabernaculoprensadedios.com\/web\/navidad-nueva-luz-de-alegria-esperanza-y-paz-2\/#primaryimage\",\"url\":\"https:\/\/tabernaculoprensadedios.com\/web\/wp-content\/uploads\/2015\/12\/navida.jpg\",\"contentUrl\":\"https:\/\/tabernaculoprensadedios.com\/web\/wp-content\/uploads\/2015\/12\/navida.jpg\",\"width\":432,\"height\":288},{\"@type\":\"BreadcrumbList\",\"@id\":\"https:\/\/tabernaculoprensadedios.com\/web\/navidad-nueva-luz-de-alegria-esperanza-y-paz-2\/#breadcrumb\",\"itemListElement\":[{\"@type\":\"ListItem\",\"position\":1,\"name\":\"Portada\",\"item\":\"https:\/\/tabernaculoprensadedios.com\/web\/\"},{\"@type\":\"ListItem\",\"position\":2,\"name\":\"Navidad nueva luz de alegr\u00eda, esperanza y paz\"}]},{\"@type\":\"WebSite\",\"@id\":\"https:\/\/tabernaculoprensadedios.com\/web\/#website\",\"url\":\"https:\/\/tabernaculoprensadedios.com\/web\/\",\"name\":\"Tabernaculo Prensa de Dios\",\"description\":\"Un medio a la manera de Dios\",\"publisher\":{\"@id\":\"https:\/\/tabernaculoprensadedios.com\/web\/#\/schema\/person\/bc0e069fef56b38e177db6f098ae0b6e\"},\"potentialAction\":[{\"@type\":\"SearchAction\",\"target\":{\"@type\":\"EntryPoint\",\"urlTemplate\":\"https:\/\/tabernaculoprensadedios.com\/web\/?s={search_term_string}\"},\"query-input\":{\"@type\":\"PropertyValueSpecification\",\"valueRequired\":true,\"valueName\":\"search_term_string\"}}],\"inLanguage\":\"es\"},{\"@type\":[\"Person\",\"Organization\"],\"@id\":\"https:\/\/tabernaculoprensadedios.com\/web\/#\/schema\/person\/bc0e069fef56b38e177db6f098ae0b6e\",\"name\":\"tabernaculo\",\"image\":{\"@type\":\"ImageObject\",\"inLanguage\":\"es\",\"@id\":\"https:\/\/tabernaculoprensadedios.com\/web\/#\/schema\/person\/image\/\",\"url\":\"https:\/\/tabernaculoprensadedios.com\/web\/wp-content\/uploads\/2015\/06\/login-logo1.png\",\"contentUrl\":\"https:\/\/tabernaculoprensadedios.com\/web\/wp-content\/uploads\/2015\/06\/login-logo1.png\",\"width\":300,\"height\":118,\"caption\":\"tabernaculo\"},\"logo\":{\"@id\":\"https:\/\/tabernaculoprensadedios.com\/web\/#\/schema\/person\/image\/\"},\"url\":\"https:\/\/tabernaculoprensadedios.com\/web\/author\/tabernaculo\/\"}]}<\/script>\n<!-- \/ Yoast SEO Premium plugin. -->","yoast_head_json":{"title":"Navidad nueva luz de alegr\u00eda, esperanza y paz - Tabernaculo Prensa de Dios","robots":{"index":"index","follow":"follow","max-snippet":"max-snippet:-1","max-image-preview":"max-image-preview:large","max-video-preview":"max-video-preview:-1"},"canonical":"https:\/\/tabernaculoprensadedios.com\/web\/navidad-nueva-luz-de-alegria-esperanza-y-paz-2\/","og_locale":"es_ES","og_type":"article","og_title":"Navidad nueva luz de alegr\u00eda, esperanza y paz","og_description":"El nacimiento del ni\u00f1o Jes\u00fas, hace m\u00e1s de dos mil a\u00f1os, constituye para nosotros una celebraci\u00f3n maravillosa al recordar tan excelso y grandioso hecho, cuando Dios mismo se manifest\u00f3 en carne, para salvar a la humanidad de la condenaci\u00f3n del pecado. La celebraci\u00f3n de la Navidad, nos invita a recrear nuestras vidas en una atm\u00f3sfera &hellip;","og_url":"https:\/\/tabernaculoprensadedios.com\/web\/navidad-nueva-luz-de-alegria-esperanza-y-paz-2\/","og_site_name":"Tabernaculo Prensa de Dios","article_published_time":"2015-12-15T22:52:53+00:00","article_modified_time":"2015-12-17T18:44:27+00:00","og_image":[{"width":432,"height":288,"url":"https:\/\/tabernaculoprensadedios.com\/web\/wp-content\/uploads\/2015\/12\/navida.jpg","type":"image\/jpeg"}],"author":"tabernaculo","twitter_card":"summary_large_image","twitter_creator":"@PrensadeDios","twitter_site":"@PrensadeDios","twitter_misc":{"Escrito por":"tabernaculo","Tiempo de lectura":"2 minutos"},"schema":{"@context":"https:\/\/schema.org","@graph":[{"@type":"Article","@id":"https:\/\/tabernaculoprensadedios.com\/web\/navidad-nueva-luz-de-alegria-esperanza-y-paz-2\/#article","isPartOf":{"@id":"https:\/\/tabernaculoprensadedios.com\/web\/navidad-nueva-luz-de-alegria-esperanza-y-paz-2\/"},"author":{"name":"tabernaculo","@id":"https:\/\/tabernaculoprensadedios.com\/web\/#\/schema\/person\/bc0e069fef56b38e177db6f098ae0b6e"},"headline":"Navidad nueva luz de alegr\u00eda, esperanza y paz","datePublished":"2015-12-15T22:52:53+00:00","dateModified":"2015-12-17T18:44:27+00:00","mainEntityOfPage":{"@id":"https:\/\/tabernaculoprensadedios.com\/web\/navidad-nueva-luz-de-alegria-esperanza-y-paz-2\/"},"wordCount":480,"commentCount":0,"publisher":{"@id":"https:\/\/tabernaculoprensadedios.com\/web\/#\/schema\/person\/bc0e069fef56b38e177db6f098ae0b6e"},"image":{"@id":"https:\/\/tabernaculoprensadedios.com\/web\/navidad-nueva-luz-de-alegria-esperanza-y-paz-2\/#primaryimage"},"thumbnailUrl":"https:\/\/tabernaculoprensadedios.com\/web\/wp-content\/uploads\/2015\/12\/navida.jpg","articleSection":["Articulos"],"inLanguage":"es","potentialAction":[{"@type":"CommentAction","name":"Comment","target":["https:\/\/tabernaculoprensadedios.com\/web\/navidad-nueva-luz-de-alegria-esperanza-y-paz-2\/#respond"]}]},{"@type":"WebPage","@id":"https:\/\/tabernaculoprensadedios.com\/web\/navidad-nueva-luz-de-alegria-esperanza-y-paz-2\/","url":"https:\/\/tabernaculoprensadedios.com\/web\/navidad-nueva-luz-de-alegria-esperanza-y-paz-2\/","name":"Navidad nueva luz de alegr\u00eda, esperanza y paz - Tabernaculo Prensa de Dios","isPartOf":{"@id":"https:\/\/tabernaculoprensadedios.com\/web\/#website"},"primaryImageOfPage":{"@id":"https:\/\/tabernaculoprensadedios.com\/web\/navidad-nueva-luz-de-alegria-esperanza-y-paz-2\/#primaryimage"},"image":{"@id":"https:\/\/tabernaculoprensadedios.com\/web\/navidad-nueva-luz-de-alegria-esperanza-y-paz-2\/#primaryimage"},"thumbnailUrl":"https:\/\/tabernaculoprensadedios.com\/web\/wp-content\/uploads\/2015\/12\/navida.jpg","datePublished":"2015-12-15T22:52:53+00:00","dateModified":"2015-12-17T18:44:27+00:00","breadcrumb":{"@id":"https:\/\/tabernaculoprensadedios.com\/web\/navidad-nueva-luz-de-alegria-esperanza-y-paz-2\/#breadcrumb"},"inLanguage":"es","potentialAction":[{"@type":"ReadAction","target":["https:\/\/tabernaculoprensadedios.com\/web\/navidad-nueva-luz-de-alegria-esperanza-y-paz-2\/"]}]},{"@type":"ImageObject","inLanguage":"es","@id":"https:\/\/tabernaculoprensadedios.com\/web\/navidad-nueva-luz-de-alegria-esperanza-y-paz-2\/#primaryimage","url":"https:\/\/tabernaculoprensadedios.com\/web\/wp-content\/uploads\/2015\/12\/navida.jpg","contentUrl":"https:\/\/tabernaculoprensadedios.com\/web\/wp-content\/uploads\/2015\/12\/navida.jpg","width":432,"height":288},{"@type":"BreadcrumbList","@id":"https:\/\/tabernaculoprensadedios.com\/web\/navidad-nueva-luz-de-alegria-esperanza-y-paz-2\/#breadcrumb","itemListElement":[{"@type":"ListItem","position":1,"name":"Portada","item":"https:\/\/tabernaculoprensadedios.com\/web\/"},{"@type":"ListItem","position":2,"name":"Navidad nueva luz de alegr\u00eda, esperanza y paz"}]},{"@type":"WebSite","@id":"https:\/\/tabernaculoprensadedios.com\/web\/#website","url":"https:\/\/tabernaculoprensadedios.com\/web\/","name":"Tabernaculo Prensa de Dios","description":"Un medio a la manera de Dios","publisher":{"@id":"https:\/\/tabernaculoprensadedios.com\/web\/#\/schema\/person\/bc0e069fef56b38e177db6f098ae0b6e"},"potentialAction":[{"@type":"SearchAction","target":{"@type":"EntryPoint","urlTemplate":"https:\/\/tabernaculoprensadedios.com\/web\/?s={search_term_string}"},"query-input":{"@type":"PropertyValueSpecification","valueRequired":true,"valueName":"search_term_string"}}],"inLanguage":"es"},{"@type":["Person","Organization"],"@id":"https:\/\/tabernaculoprensadedios.com\/web\/#\/schema\/person\/bc0e069fef56b38e177db6f098ae0b6e","name":"tabernaculo","image":{"@type":"ImageObject","inLanguage":"es","@id":"https:\/\/tabernaculoprensadedios.com\/web\/#\/schema\/person\/image\/","url":"https:\/\/tabernaculoprensadedios.com\/web\/wp-content\/uploads\/2015\/06\/login-logo1.png","contentUrl":"https:\/\/tabernaculoprensadedios.com\/web\/wp-content\/uploads\/2015\/06\/login-logo1.png","width":300,"height":118,"caption":"tabernaculo"},"logo":{"@id":"https:\/\/tabernaculoprensadedios.com\/web\/#\/schema\/person\/image\/"},"url":"https:\/\/tabernaculoprensadedios.com\/web\/author\/tabernaculo\/"}]}},"_links":{"self":[{"href":"https:\/\/tabernaculoprensadedios.com\/web\/wp-json\/wp\/v2\/posts\/4701","targetHints":{"allow":["GET"]}}],"collection":[{"href":"https:\/\/tabernaculoprensadedios.com\/web\/wp-json\/wp\/v2\/posts"}],"about":[{"href":"https:\/\/tabernaculoprensadedios.com\/web\/wp-json\/wp\/v2\/types\/post"}],"author":[{"embeddable":true,"href":"https:\/\/tabernaculoprensadedios.com\/web\/wp-json\/wp\/v2\/users\/1"}],"replies":[{"embeddable":true,"href":"https:\/\/tabernaculoprensadedios.com\/web\/wp-json\/wp\/v2\/comments?post=4701"}],"version-history":[{"count":1,"href":"https:\/\/tabernaculoprensadedios.com\/web\/wp-json\/wp\/v2\/posts\/4701\/revisions"}],"predecessor-version":[{"id":4703,"href":"https:\/\/tabernaculoprensadedios.com\/web\/wp-json\/wp\/v2\/posts\/4701\/revisions\/4703"}],"wp:featuredmedia":[{"embeddable":true,"href":"https:\/\/tabernaculoprensadedios.com\/web\/wp-json\/wp\/v2\/media\/4702"}],"wp:attachment":[{"href":"https:\/\/tabernaculoprensadedios.com\/web\/wp-json\/wp\/v2\/media?parent=4701"}],"wp:term":[{"taxonomy":"category","embeddable":true,"href":"https:\/\/tabernaculoprensadedios.com\/web\/wp-json\/wp\/v2\/categories?post=4701"},{"taxonomy":"post_tag","embeddable":true,"href":"https:\/\/tabernaculoprensadedios.com\/web\/wp-json\/wp\/v2\/tags?post=4701"}],"curies":[{"name":"wp","href":"https:\/\/api.w.org\/{rel}","templated":true}]}}