{"id":4696,"date":"2015-12-15T04:50:52","date_gmt":"2015-12-15T04:50:52","guid":{"rendered":"http:\/\/tabernaculoprensadedios.com\/web\/?p=4696"},"modified":"2015-12-15T04:50:52","modified_gmt":"2015-12-15T04:50:52","slug":"iglesias-evangelicas-de-chile-inician-campana-en-contra-del-aborto","status":"publish","type":"post","link":"https:\/\/tabernaculoprensadedios.com\/web\/iglesias-evangelicas-de-chile-inician-campana-en-contra-del-aborto\/","title":{"rendered":"Iglesias evang\u00e9licas de Chile inician campa\u00f1a en contra del aborto"},"content":{"rendered":"<p>Bajo el hashtag \u201c#Jesusesvida\u201d, las iglesias evang\u00e9licas de la V regi\u00f3n comenzaron una potente ofensiva en contra del aborto.<\/p>\n<p>La campa\u00f1a comenz\u00f3 el 2 de diciembre, y justas protestan en contra de la despenalizaci\u00f3n de la interrupci\u00f3n del embarazo en Chile, tambi\u00e9n se ofrecen a ofrecer ayuda a las madres que han pensado en esta opci\u00f3n.<\/p>\n<p>La campa\u00f1a, que tendr\u00e1 una duraci\u00f3n de tres meses, busca que se replique en otros lugares de Chile.<\/p>\n<p>Los organizadores aseguran que \u201clos cristianos estamos m\u00e1s unidos que nunca por la defensa de la vida. La mayor\u00eda de la gente de nuestra regi\u00f3n no conoce los riesgos de un aborto, ni el sufrimiento en el proceso de muerte del hijo. Por eso ofrecemos ayuda a todas las mujeres que se encuentran en esta situaci\u00f3n, brind\u00e1ndoles la mejor alternativa: Jesucristo, La Vida\u201d.<\/p>\n<p>En Chile, ante el impulso al aborto que est\u00e1 dando el actual Gobierno de Michelle Bachelet, el Prefecto de la Congregaci\u00f3n para la Doctrina de la Fe, el cardenal Gerhard M\u00fcller (en la imagen), asegur\u00f3 que toda vida humana \u201ces intocable\u201d y denunci\u00f3 que la justificaci\u00f3n de casos espec\u00edficos de abortos \u201ces una trampa para los ingenuos\u201d.<\/p>\n<p>El Prefecto subray\u00f3 que \u201clos hombres no son propiedad del Estado y el Estado no tiene poder absoluto sobre ellos. Tiene que respetar la dignidad humana\u201d. \u201cLos estados no tienen el poder ni la autoridad de cambiar la ley natural\u201d, public\u00f3 Aciprensa.<\/p>\n","protected":false},"excerpt":{"rendered":"<p>Bajo el hashtag \u201c#Jesusesvida\u201d, las iglesias evang\u00e9licas de la V regi\u00f3n comenzaron una potente ofensiva en contra del aborto. La campa\u00f1a comenz\u00f3 el 2 de diciembre, y justas protestan en contra de la despenalizaci\u00f3n de la interrupci\u00f3n del embarazo en Chile, tambi\u00e9n se ofrecen a ofrecer ayuda a las madres que han pensado en esta &hellip;<\/p>\n","protected":false},"author":1,"featured_media":4697,"comment_status":"open","ping_status":"open","sticky":false,"template":"","format":"standard","meta":{"footnotes":""},"categories":[24],"tags":[],"class_list":["post-4696","post","type-post","status-publish","format-standard","has-post-thumbnail","hentry","category-internacional"],"yoast_head":"<!-- This site is optimized with the Yoast SEO Premium plugin v24.2 (Yoast SEO v27.1.1) - https:\/\/yoast.com\/product\/yoast-seo-premium-wordpress\/ -->\n<title>Iglesias evang\u00e9licas de Chile inician campa\u00f1a en contra del aborto - Tabernaculo Prensa de Dios<\/title>\n<meta name=\"robots\" content=\"index, follow, max-snippet:-1, max-image-preview:large, max-video-preview:-1\" \/>\n<link rel=\"canonical\" href=\"https:\/\/tabernaculoprensadedios.com\/web\/iglesias-evangelicas-de-chile-inician-campana-en-contra-del-aborto\/\" class=\"yoast-seo-meta-tag\" \/>\n<meta property=\"og:locale\" content=\"es_ES\" class=\"yoast-seo-meta-tag\" \/>\n<meta property=\"og:type\" content=\"article\" class=\"yoast-seo-meta-tag\" \/>\n<meta property=\"og:title\" content=\"Iglesias evang\u00e9licas de Chile inician campa\u00f1a en contra del aborto\" class=\"yoast-seo-meta-tag\" \/>\n<meta property=\"og:description\" content=\"Bajo el hashtag \u201c#Jesusesvida\u201d, las iglesias evang\u00e9licas de la V regi\u00f3n comenzaron una potente ofensiva en contra del aborto. La campa\u00f1a comenz\u00f3 el 2 de diciembre, y justas protestan en contra de la despenalizaci\u00f3n de la interrupci\u00f3n del embarazo en Chile, tambi\u00e9n se ofrecen a ofrecer ayuda a las madres que han pensado en esta &hellip;\" class=\"yoast-seo-meta-tag\" \/>\n<meta property=\"og:url\" content=\"https:\/\/tabernaculoprensadedios.com\/web\/iglesias-evangelicas-de-chile-inician-campana-en-contra-del-aborto\/\" class=\"yoast-seo-meta-tag\" \/>\n<meta property=\"og:site_name\" content=\"Tabernaculo Prensa de Dios\" class=\"yoast-seo-meta-tag\" \/>\n<meta property=\"article:published_time\" content=\"2015-12-15T04:50:52+00:00\" class=\"yoast-seo-meta-tag\" \/>\n<meta property=\"og:image\" content=\"https:\/\/tabernaculoprensadedios.com\/web\/wp-content\/uploads\/2015\/12\/chile.jpg\" class=\"yoast-seo-meta-tag\" \/>\n\t<meta property=\"og:image:width\" content=\"442\" class=\"yoast-seo-meta-tag\" \/>\n\t<meta property=\"og:image:height\" content=\"236\" class=\"yoast-seo-meta-tag\" \/>\n\t<meta property=\"og:image:type\" content=\"image\/jpeg\" class=\"yoast-seo-meta-tag\" \/>\n<meta name=\"author\" content=\"tabernaculo\" class=\"yoast-seo-meta-tag\" \/>\n<meta name=\"twitter:card\" content=\"summary_large_image\" class=\"yoast-seo-meta-tag\" \/>\n<meta name=\"twitter:creator\" content=\"@PrensadeDios\" class=\"yoast-seo-meta-tag\" \/>\n<meta name=\"twitter:site\" content=\"@PrensadeDios\" class=\"yoast-seo-meta-tag\" \/>\n<meta name=\"twitter:label1\" content=\"Escrito por\" class=\"yoast-seo-meta-tag\" \/>\n\t<meta name=\"twitter:data1\" content=\"tabernaculo\" class=\"yoast-seo-meta-tag\" \/>\n\t<meta name=\"twitter:label2\" content=\"Tiempo de lectura\" class=\"yoast-seo-meta-tag\" \/>\n\t<meta name=\"twitter:data2\" content=\"1 minuto\" class=\"yoast-seo-meta-tag\" \/>\n<script type=\"application\/ld+json\" class=\"yoast-schema-graph\">{\"@context\":\"https:\/\/schema.org\",\"@graph\":[{\"@type\":\"Article\",\"@id\":\"https:\/\/tabernaculoprensadedios.com\/web\/iglesias-evangelicas-de-chile-inician-campana-en-contra-del-aborto\/#article\",\"isPartOf\":{\"@id\":\"https:\/\/tabernaculoprensadedios.com\/web\/iglesias-evangelicas-de-chile-inician-campana-en-contra-del-aborto\/\"},\"author\":{\"name\":\"tabernaculo\",\"@id\":\"https:\/\/tabernaculoprensadedios.com\/web\/#\/schema\/person\/bc0e069fef56b38e177db6f098ae0b6e\"},\"headline\":\"Iglesias evang\u00e9licas de Chile inician campa\u00f1a en contra del aborto\",\"datePublished\":\"2015-12-15T04:50:52+00:00\",\"mainEntityOfPage\":{\"@id\":\"https:\/\/tabernaculoprensadedios.com\/web\/iglesias-evangelicas-de-chile-inician-campana-en-contra-del-aborto\/\"},\"wordCount\":265,\"commentCount\":0,\"publisher\":{\"@id\":\"https:\/\/tabernaculoprensadedios.com\/web\/#\/schema\/person\/bc0e069fef56b38e177db6f098ae0b6e\"},\"image\":{\"@id\":\"https:\/\/tabernaculoprensadedios.com\/web\/iglesias-evangelicas-de-chile-inician-campana-en-contra-del-aborto\/#primaryimage\"},\"thumbnailUrl\":\"https:\/\/tabernaculoprensadedios.com\/web\/wp-content\/uploads\/2015\/12\/chile.jpg\",\"articleSection\":[\"Internacionales\"],\"inLanguage\":\"es\",\"potentialAction\":[{\"@type\":\"CommentAction\",\"name\":\"Comment\",\"target\":[\"https:\/\/tabernaculoprensadedios.com\/web\/iglesias-evangelicas-de-chile-inician-campana-en-contra-del-aborto\/#respond\"]}]},{\"@type\":\"WebPage\",\"@id\":\"https:\/\/tabernaculoprensadedios.com\/web\/iglesias-evangelicas-de-chile-inician-campana-en-contra-del-aborto\/\",\"url\":\"https:\/\/tabernaculoprensadedios.com\/web\/iglesias-evangelicas-de-chile-inician-campana-en-contra-del-aborto\/\",\"name\":\"Iglesias evang\u00e9licas de Chile inician campa\u00f1a en contra del aborto - Tabernaculo Prensa de Dios\",\"isPartOf\":{\"@id\":\"https:\/\/tabernaculoprensadedios.com\/web\/#website\"},\"primaryImageOfPage\":{\"@id\":\"https:\/\/tabernaculoprensadedios.com\/web\/iglesias-evangelicas-de-chile-inician-campana-en-contra-del-aborto\/#primaryimage\"},\"image\":{\"@id\":\"https:\/\/tabernaculoprensadedios.com\/web\/iglesias-evangelicas-de-chile-inician-campana-en-contra-del-aborto\/#primaryimage\"},\"thumbnailUrl\":\"https:\/\/tabernaculoprensadedios.com\/web\/wp-content\/uploads\/2015\/12\/chile.jpg\",\"datePublished\":\"2015-12-15T04:50:52+00:00\",\"breadcrumb\":{\"@id\":\"https:\/\/tabernaculoprensadedios.com\/web\/iglesias-evangelicas-de-chile-inician-campana-en-contra-del-aborto\/#breadcrumb\"},\"inLanguage\":\"es\",\"potentialAction\":[{\"@type\":\"ReadAction\",\"target\":[\"https:\/\/tabernaculoprensadedios.com\/web\/iglesias-evangelicas-de-chile-inician-campana-en-contra-del-aborto\/\"]}]},{\"@type\":\"ImageObject\",\"inLanguage\":\"es\",\"@id\":\"https:\/\/tabernaculoprensadedios.com\/web\/iglesias-evangelicas-de-chile-inician-campana-en-contra-del-aborto\/#primaryimage\",\"url\":\"https:\/\/tabernaculoprensadedios.com\/web\/wp-content\/uploads\/2015\/12\/chile.jpg\",\"contentUrl\":\"https:\/\/tabernaculoprensadedios.com\/web\/wp-content\/uploads\/2015\/12\/chile.jpg\",\"width\":442,\"height\":236},{\"@type\":\"BreadcrumbList\",\"@id\":\"https:\/\/tabernaculoprensadedios.com\/web\/iglesias-evangelicas-de-chile-inician-campana-en-contra-del-aborto\/#breadcrumb\",\"itemListElement\":[{\"@type\":\"ListItem\",\"position\":1,\"name\":\"Portada\",\"item\":\"https:\/\/tabernaculoprensadedios.com\/web\/\"},{\"@type\":\"ListItem\",\"position\":2,\"name\":\"Iglesias evang\u00e9licas de Chile inician campa\u00f1a en contra del aborto\"}]},{\"@type\":\"WebSite\",\"@id\":\"https:\/\/tabernaculoprensadedios.com\/web\/#website\",\"url\":\"https:\/\/tabernaculoprensadedios.com\/web\/\",\"name\":\"Tabernaculo Prensa de Dios\",\"description\":\"Un medio a la manera de Dios\",\"publisher\":{\"@id\":\"https:\/\/tabernaculoprensadedios.com\/web\/#\/schema\/person\/bc0e069fef56b38e177db6f098ae0b6e\"},\"potentialAction\":[{\"@type\":\"SearchAction\",\"target\":{\"@type\":\"EntryPoint\",\"urlTemplate\":\"https:\/\/tabernaculoprensadedios.com\/web\/?s={search_term_string}\"},\"query-input\":{\"@type\":\"PropertyValueSpecification\",\"valueRequired\":true,\"valueName\":\"search_term_string\"}}],\"inLanguage\":\"es\"},{\"@type\":[\"Person\",\"Organization\"],\"@id\":\"https:\/\/tabernaculoprensadedios.com\/web\/#\/schema\/person\/bc0e069fef56b38e177db6f098ae0b6e\",\"name\":\"tabernaculo\",\"image\":{\"@type\":\"ImageObject\",\"inLanguage\":\"es\",\"@id\":\"https:\/\/tabernaculoprensadedios.com\/web\/#\/schema\/person\/image\/\",\"url\":\"https:\/\/tabernaculoprensadedios.com\/web\/wp-content\/uploads\/2015\/06\/login-logo1.png\",\"contentUrl\":\"https:\/\/tabernaculoprensadedios.com\/web\/wp-content\/uploads\/2015\/06\/login-logo1.png\",\"width\":300,\"height\":118,\"caption\":\"tabernaculo\"},\"logo\":{\"@id\":\"https:\/\/tabernaculoprensadedios.com\/web\/#\/schema\/person\/image\/\"},\"url\":\"https:\/\/tabernaculoprensadedios.com\/web\/author\/tabernaculo\/\"}]}<\/script>\n<!-- \/ Yoast SEO Premium plugin. -->","yoast_head_json":{"title":"Iglesias evang\u00e9licas de Chile inician campa\u00f1a en contra del aborto - Tabernaculo Prensa de Dios","robots":{"index":"index","follow":"follow","max-snippet":"max-snippet:-1","max-image-preview":"max-image-preview:large","max-video-preview":"max-video-preview:-1"},"canonical":"https:\/\/tabernaculoprensadedios.com\/web\/iglesias-evangelicas-de-chile-inician-campana-en-contra-del-aborto\/","og_locale":"es_ES","og_type":"article","og_title":"Iglesias evang\u00e9licas de Chile inician campa\u00f1a en contra del aborto","og_description":"Bajo el hashtag \u201c#Jesusesvida\u201d, las iglesias evang\u00e9licas de la V regi\u00f3n comenzaron una potente ofensiva en contra del aborto. La campa\u00f1a comenz\u00f3 el 2 de diciembre, y justas protestan en contra de la despenalizaci\u00f3n de la interrupci\u00f3n del embarazo en Chile, tambi\u00e9n se ofrecen a ofrecer ayuda a las madres que han pensado en esta &hellip;","og_url":"https:\/\/tabernaculoprensadedios.com\/web\/iglesias-evangelicas-de-chile-inician-campana-en-contra-del-aborto\/","og_site_name":"Tabernaculo Prensa de Dios","article_published_time":"2015-12-15T04:50:52+00:00","og_image":[{"width":442,"height":236,"url":"https:\/\/tabernaculoprensadedios.com\/web\/wp-content\/uploads\/2015\/12\/chile.jpg","type":"image\/jpeg"}],"author":"tabernaculo","twitter_card":"summary_large_image","twitter_creator":"@PrensadeDios","twitter_site":"@PrensadeDios","twitter_misc":{"Escrito por":"tabernaculo","Tiempo de lectura":"1 minuto"},"schema":{"@context":"https:\/\/schema.org","@graph":[{"@type":"Article","@id":"https:\/\/tabernaculoprensadedios.com\/web\/iglesias-evangelicas-de-chile-inician-campana-en-contra-del-aborto\/#article","isPartOf":{"@id":"https:\/\/tabernaculoprensadedios.com\/web\/iglesias-evangelicas-de-chile-inician-campana-en-contra-del-aborto\/"},"author":{"name":"tabernaculo","@id":"https:\/\/tabernaculoprensadedios.com\/web\/#\/schema\/person\/bc0e069fef56b38e177db6f098ae0b6e"},"headline":"Iglesias evang\u00e9licas de Chile inician campa\u00f1a en contra del aborto","datePublished":"2015-12-15T04:50:52+00:00","mainEntityOfPage":{"@id":"https:\/\/tabernaculoprensadedios.com\/web\/iglesias-evangelicas-de-chile-inician-campana-en-contra-del-aborto\/"},"wordCount":265,"commentCount":0,"publisher":{"@id":"https:\/\/tabernaculoprensadedios.com\/web\/#\/schema\/person\/bc0e069fef56b38e177db6f098ae0b6e"},"image":{"@id":"https:\/\/tabernaculoprensadedios.com\/web\/iglesias-evangelicas-de-chile-inician-campana-en-contra-del-aborto\/#primaryimage"},"thumbnailUrl":"https:\/\/tabernaculoprensadedios.com\/web\/wp-content\/uploads\/2015\/12\/chile.jpg","articleSection":["Internacionales"],"inLanguage":"es","potentialAction":[{"@type":"CommentAction","name":"Comment","target":["https:\/\/tabernaculoprensadedios.com\/web\/iglesias-evangelicas-de-chile-inician-campana-en-contra-del-aborto\/#respond"]}]},{"@type":"WebPage","@id":"https:\/\/tabernaculoprensadedios.com\/web\/iglesias-evangelicas-de-chile-inician-campana-en-contra-del-aborto\/","url":"https:\/\/tabernaculoprensadedios.com\/web\/iglesias-evangelicas-de-chile-inician-campana-en-contra-del-aborto\/","name":"Iglesias evang\u00e9licas de Chile inician campa\u00f1a en contra del aborto - Tabernaculo Prensa de Dios","isPartOf":{"@id":"https:\/\/tabernaculoprensadedios.com\/web\/#website"},"primaryImageOfPage":{"@id":"https:\/\/tabernaculoprensadedios.com\/web\/iglesias-evangelicas-de-chile-inician-campana-en-contra-del-aborto\/#primaryimage"},"image":{"@id":"https:\/\/tabernaculoprensadedios.com\/web\/iglesias-evangelicas-de-chile-inician-campana-en-contra-del-aborto\/#primaryimage"},"thumbnailUrl":"https:\/\/tabernaculoprensadedios.com\/web\/wp-content\/uploads\/2015\/12\/chile.jpg","datePublished":"2015-12-15T04:50:52+00:00","breadcrumb":{"@id":"https:\/\/tabernaculoprensadedios.com\/web\/iglesias-evangelicas-de-chile-inician-campana-en-contra-del-aborto\/#breadcrumb"},"inLanguage":"es","potentialAction":[{"@type":"ReadAction","target":["https:\/\/tabernaculoprensadedios.com\/web\/iglesias-evangelicas-de-chile-inician-campana-en-contra-del-aborto\/"]}]},{"@type":"ImageObject","inLanguage":"es","@id":"https:\/\/tabernaculoprensadedios.com\/web\/iglesias-evangelicas-de-chile-inician-campana-en-contra-del-aborto\/#primaryimage","url":"https:\/\/tabernaculoprensadedios.com\/web\/wp-content\/uploads\/2015\/12\/chile.jpg","contentUrl":"https:\/\/tabernaculoprensadedios.com\/web\/wp-content\/uploads\/2015\/12\/chile.jpg","width":442,"height":236},{"@type":"BreadcrumbList","@id":"https:\/\/tabernaculoprensadedios.com\/web\/iglesias-evangelicas-de-chile-inician-campana-en-contra-del-aborto\/#breadcrumb","itemListElement":[{"@type":"ListItem","position":1,"name":"Portada","item":"https:\/\/tabernaculoprensadedios.com\/web\/"},{"@type":"ListItem","position":2,"name":"Iglesias evang\u00e9licas de Chile inician campa\u00f1a en contra del aborto"}]},{"@type":"WebSite","@id":"https:\/\/tabernaculoprensadedios.com\/web\/#website","url":"https:\/\/tabernaculoprensadedios.com\/web\/","name":"Tabernaculo Prensa de Dios","description":"Un medio a la manera de Dios","publisher":{"@id":"https:\/\/tabernaculoprensadedios.com\/web\/#\/schema\/person\/bc0e069fef56b38e177db6f098ae0b6e"},"potentialAction":[{"@type":"SearchAction","target":{"@type":"EntryPoint","urlTemplate":"https:\/\/tabernaculoprensadedios.com\/web\/?s={search_term_string}"},"query-input":{"@type":"PropertyValueSpecification","valueRequired":true,"valueName":"search_term_string"}}],"inLanguage":"es"},{"@type":["Person","Organization"],"@id":"https:\/\/tabernaculoprensadedios.com\/web\/#\/schema\/person\/bc0e069fef56b38e177db6f098ae0b6e","name":"tabernaculo","image":{"@type":"ImageObject","inLanguage":"es","@id":"https:\/\/tabernaculoprensadedios.com\/web\/#\/schema\/person\/image\/","url":"https:\/\/tabernaculoprensadedios.com\/web\/wp-content\/uploads\/2015\/06\/login-logo1.png","contentUrl":"https:\/\/tabernaculoprensadedios.com\/web\/wp-content\/uploads\/2015\/06\/login-logo1.png","width":300,"height":118,"caption":"tabernaculo"},"logo":{"@id":"https:\/\/tabernaculoprensadedios.com\/web\/#\/schema\/person\/image\/"},"url":"https:\/\/tabernaculoprensadedios.com\/web\/author\/tabernaculo\/"}]}},"_links":{"self":[{"href":"https:\/\/tabernaculoprensadedios.com\/web\/wp-json\/wp\/v2\/posts\/4696","targetHints":{"allow":["GET"]}}],"collection":[{"href":"https:\/\/tabernaculoprensadedios.com\/web\/wp-json\/wp\/v2\/posts"}],"about":[{"href":"https:\/\/tabernaculoprensadedios.com\/web\/wp-json\/wp\/v2\/types\/post"}],"author":[{"embeddable":true,"href":"https:\/\/tabernaculoprensadedios.com\/web\/wp-json\/wp\/v2\/users\/1"}],"replies":[{"embeddable":true,"href":"https:\/\/tabernaculoprensadedios.com\/web\/wp-json\/wp\/v2\/comments?post=4696"}],"version-history":[{"count":1,"href":"https:\/\/tabernaculoprensadedios.com\/web\/wp-json\/wp\/v2\/posts\/4696\/revisions"}],"predecessor-version":[{"id":4698,"href":"https:\/\/tabernaculoprensadedios.com\/web\/wp-json\/wp\/v2\/posts\/4696\/revisions\/4698"}],"wp:featuredmedia":[{"embeddable":true,"href":"https:\/\/tabernaculoprensadedios.com\/web\/wp-json\/wp\/v2\/media\/4697"}],"wp:attachment":[{"href":"https:\/\/tabernaculoprensadedios.com\/web\/wp-json\/wp\/v2\/media?parent=4696"}],"wp:term":[{"taxonomy":"category","embeddable":true,"href":"https:\/\/tabernaculoprensadedios.com\/web\/wp-json\/wp\/v2\/categories?post=4696"},{"taxonomy":"post_tag","embeddable":true,"href":"https:\/\/tabernaculoprensadedios.com\/web\/wp-json\/wp\/v2\/tags?post=4696"}],"curies":[{"name":"wp","href":"https:\/\/api.w.org\/{rel}","templated":true}]}}