{"id":4690,"date":"2015-12-15T04:47:24","date_gmt":"2015-12-15T04:47:24","guid":{"rendered":"http:\/\/tabernaculoprensadedios.com\/web\/?p=4690"},"modified":"2015-12-15T04:47:24","modified_gmt":"2015-12-15T04:47:24","slug":"desde-la-clandestinidad-el-cristianismo-se-despierta-en-iran-de-la-mano-del-espiritu-de-dios","status":"publish","type":"post","link":"https:\/\/tabernaculoprensadedios.com\/web\/desde-la-clandestinidad-el-cristianismo-se-despierta-en-iran-de-la-mano-del-espiritu-de-dios\/","title":{"rendered":"Desde la clandestinidad, el Cristianismo se despierta en Iran de la mano del Esp\u00edritu de Dios"},"content":{"rendered":"<p>As\u00ed como ISIS conquist\u00f3 partes del norte de Irak y persigue a las minor\u00edas cristianas, el Evangelio comenz\u00f3 a extenderse. \u201cAs\u00ed que adem\u00e1s de la oscuridad que entra, tratando de obtener la sal y la luz de salida matando vidas y trayendo tanto dolor y sufrimiento en el otro lado , estamos viendo el aumento de la presencia de Dios, la adoraci\u00f3n, la oraci\u00f3n, experimentando Jes\u00fas y la gente est\u00e1 abierta al Evangelio y estar abierto a seguirlo, incluso de los origen musulm\u00e1n \u201c, dijo un hombre llamado Fabi\u00e1n, quien pidi\u00f3 que su nombre completo no se revelar\u00e1, dijo a CBN News.<\/p>\n<p>\u201cEncuentros sobrenaturales\u201d, Fabi\u00e1n lleva una casa de oraci\u00f3n en el Kurdist\u00e1n. \u00c9l dijo que ha conocido a un n\u00famero de personas que han tenido encuentros sobrenaturales con Jes\u00fas. \u201cLa gente en estas calles y en los campamentos de refugiados, de los lugares que ISIS ha ocupado, incluso la gente de aqu\u00ed se encuentra con Jes\u00fas en sue\u00f1os y visiones\u201d, dijo Fabian . Es un fen\u00f3meno sucediendo en todo el Oriente Medio.<\/p>\n<p>CBN News escucho la historia de una mujer, que por razones de seguridad llamaron Abby, ella testific\u00f3: \u201cFue hablando a m\u00ed y llam\u00e1ndome por mi nombre y me dijp\u201d Ven a M\u00ed. Yo te salvar\u00e9 y voy a rescatarte. \u2018 Pero yo no entend\u00eda, en realidad, c\u00f3mo esto podr\u00eda ser real. Otras personas testificaron sobre sue\u00f1os similares, dijeron: \u201cVen no dudes. Ven a mi voy a rescatarte. Yo cre\u00eda en el sue\u00f1o, y he decidido rendir mi vida entera a la fuente de la luz, que es Cristo \u201c, explic\u00f3 Abby que fue seguida por su madre.\u201d Este a\u00f1o, hace unos siete meses , tomamos nuestra propia decisi\u00f3n de seguir a Jes\u00fas con todo nuestro coraz\u00f3n \u201c,continu\u00f3.\u201d<\/p>\n<p>Cuando llegamos aqu\u00ed, nos dieron una explicaci\u00f3n acerca de la vida de Cristo y el Reino de Dios seg\u00fan el Evangelio \u201c, dijo. \u201cAqu\u00ed nos dimos cuenta de que el sue\u00f1o que so\u00f1\u00e9 era Jes\u00fas. \u00c9l nos llama para darnos la salvaci\u00f3n y para darnos descanso, para darnos vida.\u201d Si el gobierno sab\u00eda de mi fe, yo ser\u00eda ejecutado o colgando en la calle a la vez.\u201d<\/p>\n<p>Otra mujer, nombrada \u201cBarbara\u201d, comenz\u00f3 a leer el Nuevo Testamento. \u201cCuando empec\u00e9 a leer el Evangelio, un poder sali\u00f3 a trav\u00e9s de la Biblia a mi coraz\u00f3n \u201c, explic\u00f3. \u201cEra como una peque\u00f1a roca en medio de un mar. Un poder lleg\u00f3 a mi vida y sent\u00ed que no soy la misma persona.\u201d \u201csiento que volv\u00ed a nacer y sal\u00ed de algo muy muerto, esto que vivo es \u00fanico \u201c, dijo.<\/p>\n<p>Miles de iran\u00edes tratan de saciar su sed a trav\u00e9s del evangelio en la Rep\u00fablica Isl\u00e1mica. Los misioneros dicen que Ir\u00e1n tiene una de las iglesias de m\u00e1s r\u00e1pido crecimiento en el mundo. Si bien la pol\u00edtica y los extremistas que pretenden reorganizar el Medio Oriente, Fabi\u00e1n y otros dicen que el Esp\u00edritu Santo est\u00e1 trabajando a un nivel mucho m\u00e1s alto para cambiar vidas.<\/p>\n<p>\u201cLa cosecha es mucha y las personas est\u00e1n desesperadas. Han perdido todo. Ellos est\u00e1n en el dolor. Ellos necesitan ayuda y est\u00e1n dispuestos a escuchar\u201d, dijo Fabi\u00e1n.\u201d Eso, s\u00ed, hay muchas personas malas que quieren matar y destruir, pero hay mucho m\u00e1s personas que est\u00e1n desesperados en busca de respuestas en la vida \u201c, dijo Fabi\u00e1n.\u201d Y nosotros, como la luz y la sal, tenemos que estar aqu\u00ed aprovechando este tiempo\u201d, dijo. \u201cPara ser su voz y ser sus manos y llevar el Evangelio del Reino a sus vidas.\u201d<\/p>\n","protected":false},"excerpt":{"rendered":"<p>As\u00ed como ISIS conquist\u00f3 partes del norte de Irak y persigue a las minor\u00edas cristianas, el Evangelio comenz\u00f3 a extenderse. \u201cAs\u00ed que adem\u00e1s de la oscuridad que entra, tratando de obtener la sal y la luz de salida matando vidas y trayendo tanto dolor y sufrimiento en el otro lado , estamos viendo el aumento &hellip;<\/p>\n","protected":false},"author":1,"featured_media":4691,"comment_status":"open","ping_status":"open","sticky":false,"template":"","format":"standard","meta":{"footnotes":""},"categories":[24],"tags":[],"class_list":["post-4690","post","type-post","status-publish","format-standard","has-post-thumbnail","hentry","category-internacional"],"yoast_head":"<!-- This site is optimized with the Yoast SEO Premium plugin v24.2 (Yoast SEO v27.1.1) - https:\/\/yoast.com\/product\/yoast-seo-premium-wordpress\/ -->\n<title>Desde la clandestinidad, el Cristianismo se despierta en Iran de la mano del Esp\u00edritu de Dios - Tabernaculo Prensa de Dios<\/title>\n<meta name=\"robots\" content=\"index, follow, max-snippet:-1, max-image-preview:large, max-video-preview:-1\" \/>\n<link rel=\"canonical\" href=\"https:\/\/tabernaculoprensadedios.com\/web\/desde-la-clandestinidad-el-cristianismo-se-despierta-en-iran-de-la-mano-del-espiritu-de-dios\/\" class=\"yoast-seo-meta-tag\" \/>\n<meta property=\"og:locale\" content=\"es_ES\" class=\"yoast-seo-meta-tag\" \/>\n<meta property=\"og:type\" content=\"article\" class=\"yoast-seo-meta-tag\" \/>\n<meta property=\"og:title\" content=\"Desde la clandestinidad, el Cristianismo se despierta en Iran de la mano del Esp\u00edritu de Dios\" class=\"yoast-seo-meta-tag\" \/>\n<meta property=\"og:description\" content=\"As\u00ed como ISIS conquist\u00f3 partes del norte de Irak y persigue a las minor\u00edas cristianas, el Evangelio comenz\u00f3 a extenderse. \u201cAs\u00ed que adem\u00e1s de la oscuridad que entra, tratando de obtener la sal y la luz de salida matando vidas y trayendo tanto dolor y sufrimiento en el otro lado , estamos viendo el aumento &hellip;\" class=\"yoast-seo-meta-tag\" \/>\n<meta property=\"og:url\" content=\"https:\/\/tabernaculoprensadedios.com\/web\/desde-la-clandestinidad-el-cristianismo-se-despierta-en-iran-de-la-mano-del-espiritu-de-dios\/\" class=\"yoast-seo-meta-tag\" \/>\n<meta property=\"og:site_name\" content=\"Tabernaculo Prensa de Dios\" class=\"yoast-seo-meta-tag\" \/>\n<meta property=\"article:published_time\" content=\"2015-12-15T04:47:24+00:00\" class=\"yoast-seo-meta-tag\" \/>\n<meta property=\"og:image\" content=\"https:\/\/tabernaculoprensadedios.com\/web\/wp-content\/uploads\/2015\/12\/candes.jpg\" class=\"yoast-seo-meta-tag\" \/>\n\t<meta property=\"og:image:width\" content=\"240\" class=\"yoast-seo-meta-tag\" \/>\n\t<meta property=\"og:image:height\" content=\"204\" class=\"yoast-seo-meta-tag\" \/>\n\t<meta property=\"og:image:type\" content=\"image\/jpeg\" class=\"yoast-seo-meta-tag\" \/>\n<meta name=\"author\" content=\"tabernaculo\" class=\"yoast-seo-meta-tag\" \/>\n<meta name=\"twitter:card\" content=\"summary_large_image\" class=\"yoast-seo-meta-tag\" \/>\n<meta name=\"twitter:creator\" content=\"@PrensadeDios\" class=\"yoast-seo-meta-tag\" \/>\n<meta name=\"twitter:site\" content=\"@PrensadeDios\" class=\"yoast-seo-meta-tag\" \/>\n<meta name=\"twitter:label1\" content=\"Escrito por\" class=\"yoast-seo-meta-tag\" \/>\n\t<meta name=\"twitter:data1\" content=\"tabernaculo\" class=\"yoast-seo-meta-tag\" \/>\n\t<meta name=\"twitter:label2\" content=\"Tiempo de lectura\" class=\"yoast-seo-meta-tag\" \/>\n\t<meta name=\"twitter:data2\" content=\"3 minutos\" class=\"yoast-seo-meta-tag\" \/>\n<script type=\"application\/ld+json\" class=\"yoast-schema-graph\">{\"@context\":\"https:\/\/schema.org\",\"@graph\":[{\"@type\":\"Article\",\"@id\":\"https:\/\/tabernaculoprensadedios.com\/web\/desde-la-clandestinidad-el-cristianismo-se-despierta-en-iran-de-la-mano-del-espiritu-de-dios\/#article\",\"isPartOf\":{\"@id\":\"https:\/\/tabernaculoprensadedios.com\/web\/desde-la-clandestinidad-el-cristianismo-se-despierta-en-iran-de-la-mano-del-espiritu-de-dios\/\"},\"author\":{\"name\":\"tabernaculo\",\"@id\":\"https:\/\/tabernaculoprensadedios.com\/web\/#\/schema\/person\/bc0e069fef56b38e177db6f098ae0b6e\"},\"headline\":\"Desde la clandestinidad, el Cristianismo se despierta en Iran de la mano del Esp\u00edritu de Dios\",\"datePublished\":\"2015-12-15T04:47:24+00:00\",\"mainEntityOfPage\":{\"@id\":\"https:\/\/tabernaculoprensadedios.com\/web\/desde-la-clandestinidad-el-cristianismo-se-despierta-en-iran-de-la-mano-del-espiritu-de-dios\/\"},\"wordCount\":643,\"commentCount\":0,\"publisher\":{\"@id\":\"https:\/\/tabernaculoprensadedios.com\/web\/#\/schema\/person\/bc0e069fef56b38e177db6f098ae0b6e\"},\"image\":{\"@id\":\"https:\/\/tabernaculoprensadedios.com\/web\/desde-la-clandestinidad-el-cristianismo-se-despierta-en-iran-de-la-mano-del-espiritu-de-dios\/#primaryimage\"},\"thumbnailUrl\":\"https:\/\/tabernaculoprensadedios.com\/web\/wp-content\/uploads\/2015\/12\/candes.jpg\",\"articleSection\":[\"Internacionales\"],\"inLanguage\":\"es\",\"potentialAction\":[{\"@type\":\"CommentAction\",\"name\":\"Comment\",\"target\":[\"https:\/\/tabernaculoprensadedios.com\/web\/desde-la-clandestinidad-el-cristianismo-se-despierta-en-iran-de-la-mano-del-espiritu-de-dios\/#respond\"]}]},{\"@type\":\"WebPage\",\"@id\":\"https:\/\/tabernaculoprensadedios.com\/web\/desde-la-clandestinidad-el-cristianismo-se-despierta-en-iran-de-la-mano-del-espiritu-de-dios\/\",\"url\":\"https:\/\/tabernaculoprensadedios.com\/web\/desde-la-clandestinidad-el-cristianismo-se-despierta-en-iran-de-la-mano-del-espiritu-de-dios\/\",\"name\":\"Desde la clandestinidad, el Cristianismo se despierta en Iran de la mano del Esp\u00edritu de Dios - Tabernaculo Prensa de Dios\",\"isPartOf\":{\"@id\":\"https:\/\/tabernaculoprensadedios.com\/web\/#website\"},\"primaryImageOfPage\":{\"@id\":\"https:\/\/tabernaculoprensadedios.com\/web\/desde-la-clandestinidad-el-cristianismo-se-despierta-en-iran-de-la-mano-del-espiritu-de-dios\/#primaryimage\"},\"image\":{\"@id\":\"https:\/\/tabernaculoprensadedios.com\/web\/desde-la-clandestinidad-el-cristianismo-se-despierta-en-iran-de-la-mano-del-espiritu-de-dios\/#primaryimage\"},\"thumbnailUrl\":\"https:\/\/tabernaculoprensadedios.com\/web\/wp-content\/uploads\/2015\/12\/candes.jpg\",\"datePublished\":\"2015-12-15T04:47:24+00:00\",\"breadcrumb\":{\"@id\":\"https:\/\/tabernaculoprensadedios.com\/web\/desde-la-clandestinidad-el-cristianismo-se-despierta-en-iran-de-la-mano-del-espiritu-de-dios\/#breadcrumb\"},\"inLanguage\":\"es\",\"potentialAction\":[{\"@type\":\"ReadAction\",\"target\":[\"https:\/\/tabernaculoprensadedios.com\/web\/desde-la-clandestinidad-el-cristianismo-se-despierta-en-iran-de-la-mano-del-espiritu-de-dios\/\"]}]},{\"@type\":\"ImageObject\",\"inLanguage\":\"es\",\"@id\":\"https:\/\/tabernaculoprensadedios.com\/web\/desde-la-clandestinidad-el-cristianismo-se-despierta-en-iran-de-la-mano-del-espiritu-de-dios\/#primaryimage\",\"url\":\"https:\/\/tabernaculoprensadedios.com\/web\/wp-content\/uploads\/2015\/12\/candes.jpg\",\"contentUrl\":\"https:\/\/tabernaculoprensadedios.com\/web\/wp-content\/uploads\/2015\/12\/candes.jpg\",\"width\":240,\"height\":204},{\"@type\":\"BreadcrumbList\",\"@id\":\"https:\/\/tabernaculoprensadedios.com\/web\/desde-la-clandestinidad-el-cristianismo-se-despierta-en-iran-de-la-mano-del-espiritu-de-dios\/#breadcrumb\",\"itemListElement\":[{\"@type\":\"ListItem\",\"position\":1,\"name\":\"Portada\",\"item\":\"https:\/\/tabernaculoprensadedios.com\/web\/\"},{\"@type\":\"ListItem\",\"position\":2,\"name\":\"Desde la clandestinidad, el Cristianismo se despierta en Iran de la mano del Esp\u00edritu de Dios\"}]},{\"@type\":\"WebSite\",\"@id\":\"https:\/\/tabernaculoprensadedios.com\/web\/#website\",\"url\":\"https:\/\/tabernaculoprensadedios.com\/web\/\",\"name\":\"Tabernaculo Prensa de Dios\",\"description\":\"Un medio a la manera de Dios\",\"publisher\":{\"@id\":\"https:\/\/tabernaculoprensadedios.com\/web\/#\/schema\/person\/bc0e069fef56b38e177db6f098ae0b6e\"},\"potentialAction\":[{\"@type\":\"SearchAction\",\"target\":{\"@type\":\"EntryPoint\",\"urlTemplate\":\"https:\/\/tabernaculoprensadedios.com\/web\/?s={search_term_string}\"},\"query-input\":{\"@type\":\"PropertyValueSpecification\",\"valueRequired\":true,\"valueName\":\"search_term_string\"}}],\"inLanguage\":\"es\"},{\"@type\":[\"Person\",\"Organization\"],\"@id\":\"https:\/\/tabernaculoprensadedios.com\/web\/#\/schema\/person\/bc0e069fef56b38e177db6f098ae0b6e\",\"name\":\"tabernaculo\",\"image\":{\"@type\":\"ImageObject\",\"inLanguage\":\"es\",\"@id\":\"https:\/\/tabernaculoprensadedios.com\/web\/#\/schema\/person\/image\/\",\"url\":\"https:\/\/tabernaculoprensadedios.com\/web\/wp-content\/uploads\/2015\/06\/login-logo1.png\",\"contentUrl\":\"https:\/\/tabernaculoprensadedios.com\/web\/wp-content\/uploads\/2015\/06\/login-logo1.png\",\"width\":300,\"height\":118,\"caption\":\"tabernaculo\"},\"logo\":{\"@id\":\"https:\/\/tabernaculoprensadedios.com\/web\/#\/schema\/person\/image\/\"},\"url\":\"https:\/\/tabernaculoprensadedios.com\/web\/author\/tabernaculo\/\"}]}<\/script>\n<!-- \/ Yoast SEO Premium plugin. -->","yoast_head_json":{"title":"Desde la clandestinidad, el Cristianismo se despierta en Iran de la mano del Esp\u00edritu de Dios - Tabernaculo Prensa de Dios","robots":{"index":"index","follow":"follow","max-snippet":"max-snippet:-1","max-image-preview":"max-image-preview:large","max-video-preview":"max-video-preview:-1"},"canonical":"https:\/\/tabernaculoprensadedios.com\/web\/desde-la-clandestinidad-el-cristianismo-se-despierta-en-iran-de-la-mano-del-espiritu-de-dios\/","og_locale":"es_ES","og_type":"article","og_title":"Desde la clandestinidad, el Cristianismo se despierta en Iran de la mano del Esp\u00edritu de Dios","og_description":"As\u00ed como ISIS conquist\u00f3 partes del norte de Irak y persigue a las minor\u00edas cristianas, el Evangelio comenz\u00f3 a extenderse. \u201cAs\u00ed que adem\u00e1s de la oscuridad que entra, tratando de obtener la sal y la luz de salida matando vidas y trayendo tanto dolor y sufrimiento en el otro lado , estamos viendo el aumento &hellip;","og_url":"https:\/\/tabernaculoprensadedios.com\/web\/desde-la-clandestinidad-el-cristianismo-se-despierta-en-iran-de-la-mano-del-espiritu-de-dios\/","og_site_name":"Tabernaculo Prensa de Dios","article_published_time":"2015-12-15T04:47:24+00:00","og_image":[{"width":240,"height":204,"url":"https:\/\/tabernaculoprensadedios.com\/web\/wp-content\/uploads\/2015\/12\/candes.jpg","type":"image\/jpeg"}],"author":"tabernaculo","twitter_card":"summary_large_image","twitter_creator":"@PrensadeDios","twitter_site":"@PrensadeDios","twitter_misc":{"Escrito por":"tabernaculo","Tiempo de lectura":"3 minutos"},"schema":{"@context":"https:\/\/schema.org","@graph":[{"@type":"Article","@id":"https:\/\/tabernaculoprensadedios.com\/web\/desde-la-clandestinidad-el-cristianismo-se-despierta-en-iran-de-la-mano-del-espiritu-de-dios\/#article","isPartOf":{"@id":"https:\/\/tabernaculoprensadedios.com\/web\/desde-la-clandestinidad-el-cristianismo-se-despierta-en-iran-de-la-mano-del-espiritu-de-dios\/"},"author":{"name":"tabernaculo","@id":"https:\/\/tabernaculoprensadedios.com\/web\/#\/schema\/person\/bc0e069fef56b38e177db6f098ae0b6e"},"headline":"Desde la clandestinidad, el Cristianismo se despierta en Iran de la mano del Esp\u00edritu de Dios","datePublished":"2015-12-15T04:47:24+00:00","mainEntityOfPage":{"@id":"https:\/\/tabernaculoprensadedios.com\/web\/desde-la-clandestinidad-el-cristianismo-se-despierta-en-iran-de-la-mano-del-espiritu-de-dios\/"},"wordCount":643,"commentCount":0,"publisher":{"@id":"https:\/\/tabernaculoprensadedios.com\/web\/#\/schema\/person\/bc0e069fef56b38e177db6f098ae0b6e"},"image":{"@id":"https:\/\/tabernaculoprensadedios.com\/web\/desde-la-clandestinidad-el-cristianismo-se-despierta-en-iran-de-la-mano-del-espiritu-de-dios\/#primaryimage"},"thumbnailUrl":"https:\/\/tabernaculoprensadedios.com\/web\/wp-content\/uploads\/2015\/12\/candes.jpg","articleSection":["Internacionales"],"inLanguage":"es","potentialAction":[{"@type":"CommentAction","name":"Comment","target":["https:\/\/tabernaculoprensadedios.com\/web\/desde-la-clandestinidad-el-cristianismo-se-despierta-en-iran-de-la-mano-del-espiritu-de-dios\/#respond"]}]},{"@type":"WebPage","@id":"https:\/\/tabernaculoprensadedios.com\/web\/desde-la-clandestinidad-el-cristianismo-se-despierta-en-iran-de-la-mano-del-espiritu-de-dios\/","url":"https:\/\/tabernaculoprensadedios.com\/web\/desde-la-clandestinidad-el-cristianismo-se-despierta-en-iran-de-la-mano-del-espiritu-de-dios\/","name":"Desde la clandestinidad, el Cristianismo se despierta en Iran de la mano del Esp\u00edritu de Dios - Tabernaculo Prensa de Dios","isPartOf":{"@id":"https:\/\/tabernaculoprensadedios.com\/web\/#website"},"primaryImageOfPage":{"@id":"https:\/\/tabernaculoprensadedios.com\/web\/desde-la-clandestinidad-el-cristianismo-se-despierta-en-iran-de-la-mano-del-espiritu-de-dios\/#primaryimage"},"image":{"@id":"https:\/\/tabernaculoprensadedios.com\/web\/desde-la-clandestinidad-el-cristianismo-se-despierta-en-iran-de-la-mano-del-espiritu-de-dios\/#primaryimage"},"thumbnailUrl":"https:\/\/tabernaculoprensadedios.com\/web\/wp-content\/uploads\/2015\/12\/candes.jpg","datePublished":"2015-12-15T04:47:24+00:00","breadcrumb":{"@id":"https:\/\/tabernaculoprensadedios.com\/web\/desde-la-clandestinidad-el-cristianismo-se-despierta-en-iran-de-la-mano-del-espiritu-de-dios\/#breadcrumb"},"inLanguage":"es","potentialAction":[{"@type":"ReadAction","target":["https:\/\/tabernaculoprensadedios.com\/web\/desde-la-clandestinidad-el-cristianismo-se-despierta-en-iran-de-la-mano-del-espiritu-de-dios\/"]}]},{"@type":"ImageObject","inLanguage":"es","@id":"https:\/\/tabernaculoprensadedios.com\/web\/desde-la-clandestinidad-el-cristianismo-se-despierta-en-iran-de-la-mano-del-espiritu-de-dios\/#primaryimage","url":"https:\/\/tabernaculoprensadedios.com\/web\/wp-content\/uploads\/2015\/12\/candes.jpg","contentUrl":"https:\/\/tabernaculoprensadedios.com\/web\/wp-content\/uploads\/2015\/12\/candes.jpg","width":240,"height":204},{"@type":"BreadcrumbList","@id":"https:\/\/tabernaculoprensadedios.com\/web\/desde-la-clandestinidad-el-cristianismo-se-despierta-en-iran-de-la-mano-del-espiritu-de-dios\/#breadcrumb","itemListElement":[{"@type":"ListItem","position":1,"name":"Portada","item":"https:\/\/tabernaculoprensadedios.com\/web\/"},{"@type":"ListItem","position":2,"name":"Desde la clandestinidad, el Cristianismo se despierta en Iran de la mano del Esp\u00edritu de Dios"}]},{"@type":"WebSite","@id":"https:\/\/tabernaculoprensadedios.com\/web\/#website","url":"https:\/\/tabernaculoprensadedios.com\/web\/","name":"Tabernaculo Prensa de Dios","description":"Un medio a la manera de Dios","publisher":{"@id":"https:\/\/tabernaculoprensadedios.com\/web\/#\/schema\/person\/bc0e069fef56b38e177db6f098ae0b6e"},"potentialAction":[{"@type":"SearchAction","target":{"@type":"EntryPoint","urlTemplate":"https:\/\/tabernaculoprensadedios.com\/web\/?s={search_term_string}"},"query-input":{"@type":"PropertyValueSpecification","valueRequired":true,"valueName":"search_term_string"}}],"inLanguage":"es"},{"@type":["Person","Organization"],"@id":"https:\/\/tabernaculoprensadedios.com\/web\/#\/schema\/person\/bc0e069fef56b38e177db6f098ae0b6e","name":"tabernaculo","image":{"@type":"ImageObject","inLanguage":"es","@id":"https:\/\/tabernaculoprensadedios.com\/web\/#\/schema\/person\/image\/","url":"https:\/\/tabernaculoprensadedios.com\/web\/wp-content\/uploads\/2015\/06\/login-logo1.png","contentUrl":"https:\/\/tabernaculoprensadedios.com\/web\/wp-content\/uploads\/2015\/06\/login-logo1.png","width":300,"height":118,"caption":"tabernaculo"},"logo":{"@id":"https:\/\/tabernaculoprensadedios.com\/web\/#\/schema\/person\/image\/"},"url":"https:\/\/tabernaculoprensadedios.com\/web\/author\/tabernaculo\/"}]}},"_links":{"self":[{"href":"https:\/\/tabernaculoprensadedios.com\/web\/wp-json\/wp\/v2\/posts\/4690","targetHints":{"allow":["GET"]}}],"collection":[{"href":"https:\/\/tabernaculoprensadedios.com\/web\/wp-json\/wp\/v2\/posts"}],"about":[{"href":"https:\/\/tabernaculoprensadedios.com\/web\/wp-json\/wp\/v2\/types\/post"}],"author":[{"embeddable":true,"href":"https:\/\/tabernaculoprensadedios.com\/web\/wp-json\/wp\/v2\/users\/1"}],"replies":[{"embeddable":true,"href":"https:\/\/tabernaculoprensadedios.com\/web\/wp-json\/wp\/v2\/comments?post=4690"}],"version-history":[{"count":1,"href":"https:\/\/tabernaculoprensadedios.com\/web\/wp-json\/wp\/v2\/posts\/4690\/revisions"}],"predecessor-version":[{"id":4692,"href":"https:\/\/tabernaculoprensadedios.com\/web\/wp-json\/wp\/v2\/posts\/4690\/revisions\/4692"}],"wp:featuredmedia":[{"embeddable":true,"href":"https:\/\/tabernaculoprensadedios.com\/web\/wp-json\/wp\/v2\/media\/4691"}],"wp:attachment":[{"href":"https:\/\/tabernaculoprensadedios.com\/web\/wp-json\/wp\/v2\/media?parent=4690"}],"wp:term":[{"taxonomy":"category","embeddable":true,"href":"https:\/\/tabernaculoprensadedios.com\/web\/wp-json\/wp\/v2\/categories?post=4690"},{"taxonomy":"post_tag","embeddable":true,"href":"https:\/\/tabernaculoprensadedios.com\/web\/wp-json\/wp\/v2\/tags?post=4690"}],"curies":[{"name":"wp","href":"https:\/\/api.w.org\/{rel}","templated":true}]}}