{"id":466,"date":"2015-06-11T23:26:30","date_gmt":"2015-06-11T23:26:30","guid":{"rendered":"http:\/\/tabernaculoprensadedios.com\/web\/?p=466"},"modified":"2015-06-14T02:42:10","modified_gmt":"2015-06-14T02:42:10","slug":"comunidad-judia-reconoce-solidaridad-pueblo-dominicano","status":"publish","type":"post","link":"https:\/\/tabernaculoprensadedios.com\/web\/comunidad-judia-reconoce-solidaridad-pueblo-dominicano\/","title":{"rendered":"Comunidad Jud\u00eda Reconoce Solidaridad Pueblo Dominicano"},"content":{"rendered":"<p><span style=\"color: #000000;\"><em> Entregan Placa Conmemorativa a Vicepresidenta Dra. Margarita Cede\u00f1o de Fern\u00e1ndez, en el marco del 75 aniversario de la llegada de los jud\u00edos Republica Dominicana.<\/em><\/span><\/p>\n<p>En un ambiente de alegr\u00eda y celebraci\u00f3n en el Centro Israelita, El Embajador de Israel Sr. Bahij Mansour y La Directiva de la Comunidad Jud\u00eda Presidida por el Sr. Isaac Rudman Presidente de la Comunidad, entregaron una placa conmemorativa a la Dra. Margarita Cede\u00f1o de Fern\u00e1ndez Vicepresidenta de la Republica Dominicana, en el marco del 75 aniversario de la llegada de la Colonia Jud\u00eda a Rep\u00fablica Dominicana.<\/p>\n<p><a href=\"http:\/\/tabernaculoprensadedios.com\/web\/wp-content\/uploads\/2015\/06\/DSC_1243.jpg\"><img loading=\"lazy\" decoding=\"async\" class=\"alignright wp-image-467 size-medium\" src=\"http:\/\/tabernaculoprensadedios.com\/web\/wp-content\/uploads\/2015\/06\/DSC_1243-300x199.jpg\" alt=\"DSC_1243\" width=\"300\" height=\"199\" srcset=\"https:\/\/tabernaculoprensadedios.com\/web\/wp-content\/uploads\/2015\/06\/DSC_1243-300x199.jpg 300w, https:\/\/tabernaculoprensadedios.com\/web\/wp-content\/uploads\/2015\/06\/DSC_1243-600x397.jpg 600w, https:\/\/tabernaculoprensadedios.com\/web\/wp-content\/uploads\/2015\/06\/DSC_1243-634x420.jpg 634w, https:\/\/tabernaculoprensadedios.com\/web\/wp-content\/uploads\/2015\/06\/DSC_1243-640x424.jpg 640w, https:\/\/tabernaculoprensadedios.com\/web\/wp-content\/uploads\/2015\/06\/DSC_1243-681x451.jpg 681w, https:\/\/tabernaculoprensadedios.com\/web\/wp-content\/uploads\/2015\/06\/DSC_1243.jpg 1000w\" sizes=\"auto, (max-width: 300px) 100vw, 300px\" \/><\/a> La placa hecha en madera de olivo, <strong>\u00e1rbol milenario de la sabidur\u00eda y de la paz <\/strong> es considerada una de las m\u00e1s bellas y resistentes, de color ocre verdoso con vetas pardas muy irregulares formando dibujos muy caracter\u00edsticos. Tiene un tacto sedoso, gran dureza, durabilidad, homogeneidad y cierta plasticidad, sobre el mismo tallado la Estrella de David y la Bandera de Republica Dominicana sellando la amistad que ha unido a ambas naciones, con una inscripci\u00f3n que hace referencia a los 75 a\u00f1os de aniversarios de la llegada de la colonia jud\u00eda a RD.<\/p>\n<p>El objetivo de este reconocimiento es distinguir con una placa simb\u00f3lica al Gobierno Dominicano en la persona de la Vicepresidenta Dra. Margarita Cede\u00f1o en se\u00f1al de agradecimiento por su amistad. Y por ese acto heroico que tuvo la Republica Dominicana de otorgar cinco mil visas a los jud\u00edos que hu\u00edan del holocausto nazis en Europa, y que fueron ubicados en la comunidad de Sos\u00faa-Puerto Plata.<\/p>\n<p>La doctora Margarita Cede\u00f1o de Fern\u00e1ndez recibi\u00f3 el reconocimiento y dijo que este representa un s\u00edmbolo que el gobierno valora infinitamente porque el mismo constituye un nuevo impulso a las relaciones entre los pueblos de Israel y el dominicano. As\u00ed mismo, valor\u00f3 el aporte de la comunidad jud\u00eda al desarrollo econ\u00f3mico y social de la naci\u00f3n.<\/p>\n<p>La Vicepresidenta califico el reconocimiento como \u201cun sentimiento honesto que construye puentes entre pa\u00edses que quiz\u00e1s no guardan grandes similitudes culturales o geogr\u00e1ficas, pero que deciden apoyarse ante situaciones y hechos lamentables que se presentan en la historia\u201d.<\/p>\n<p>El Embajador Mansour en su discurso agradeci\u00f3 al pueblo dominicano por ab<a href=\"http:\/\/tabernaculoprensadedios.com\/web\/wp-content\/uploads\/2015\/06\/miembros-shalonesDSC_1436.jpg\"><img loading=\"lazy\" decoding=\"async\" class=\"alignleft wp-image-469 size-medium\" src=\"http:\/\/tabernaculoprensadedios.com\/web\/wp-content\/uploads\/2015\/06\/miembros-shalonesDSC_1436-300x279.jpg\" alt=\"miembros shalonesDSC_1436\" width=\"300\" height=\"279\" srcset=\"https:\/\/tabernaculoprensadedios.com\/web\/wp-content\/uploads\/2015\/06\/miembros-shalonesDSC_1436-300x279.jpg 300w, https:\/\/tabernaculoprensadedios.com\/web\/wp-content\/uploads\/2015\/06\/miembros-shalonesDSC_1436-600x559.jpg 600w, https:\/\/tabernaculoprensadedios.com\/web\/wp-content\/uploads\/2015\/06\/miembros-shalonesDSC_1436-451x420.jpg 451w, https:\/\/tabernaculoprensadedios.com\/web\/wp-content\/uploads\/2015\/06\/miembros-shalonesDSC_1436-640x596.jpg 640w, https:\/\/tabernaculoprensadedios.com\/web\/wp-content\/uploads\/2015\/06\/miembros-shalonesDSC_1436-681x634.jpg 681w, https:\/\/tabernaculoprensadedios.com\/web\/wp-content\/uploads\/2015\/06\/miembros-shalonesDSC_1436.jpg 1000w\" sizes=\"auto, (max-width: 300px) 100vw, 300px\" \/><\/a>rir sus brazos para recibir a los jud\u00edos que hu\u00edan del holocausto creado por los nazis en Europa, especificando que Republica Dominicana fue la primera naci\u00f3n que acepto recibir jud\u00edos y que fue la naci\u00f3n que otorgo el mayor n\u00famero de visas para este cometido. Y este hecho esta en la memoria hist\u00f3rica del Estado de Israel. Agradeci\u00f3 la visita de la doctora Margarita Cede\u00f1o al Centro Israelita, visita hist\u00f3rica de un representante gubernamental a este centro.<\/p>\n<p>El acto inicio con los himnos de Republica Dominicana e Israel tocados magistralmente por el cuerpo de m\u00fasica del Ejercito Nacional. Luego se le dio paso al Rabino Sr. Shimon Pelman quien bendijo el acto con una oraci\u00f3n hecha en hebreo y espa\u00f1ol.<\/p>\n<p>La ceremonia fue amenizada por el Grupo Coreano \u201cGracias\u201d, quienes deleitaron al p\u00fablico con un repertorio musical que hac\u00eda alusi\u00f3n a connotados temas de Israel que incluyo desde Jerusal\u00e9n de Oro, hasta Hava Naguila tema muy amado por sus tonos de alegr\u00eda y mezcla oriental.<\/p>\n<p>Los invitados disfrutaron de bocadillos y vinos Kosher.<\/p>\n<p>Asistieron al evento, miembros del gobierno, miembros del cuerpo diplom\u00e1tico, miembros de la comunidad cristiana, miembros de la asociaci\u00f3n Shalom-Exbecarios de Israel, miembros de la Comunidad Jud\u00eda, y de sectores culturales y pol\u00edticos.<\/p>\n<p>Seis millones de jud\u00edos murieron en el holocausto incluyendo ni\u00f1os, j\u00f3venes y ancianos. Pr\u00e1cticamente una tercera parte del pueblo jud\u00edo de esa \u00e9poca fue exterminado.<\/p>\n","protected":false},"excerpt":{"rendered":"<p>Entregan Placa Conmemorativa a Vicepresidenta Dra. Margarita Cede\u00f1o de Fern\u00e1ndez, en el marco del 75 aniversario de la llegada de los jud\u00edos Republica Dominicana. En un ambiente de alegr\u00eda y celebraci\u00f3n en el Centro Israelita, El Embajador de Israel Sr. Bahij Mansour y La Directiva de la Comunidad Jud\u00eda Presidida por el Sr. Isaac Rudman &hellip;<\/p>\n","protected":false},"author":1,"featured_media":468,"comment_status":"open","ping_status":"open","sticky":false,"template":"","format":"standard","meta":{"footnotes":""},"categories":[30],"tags":[],"class_list":["post-466","post","type-post","status-publish","format-standard","has-post-thumbnail","hentry","category-reportajes"],"yoast_head":"<!-- This site is optimized with the Yoast SEO Premium plugin v24.2 (Yoast SEO v27.1.1) - https:\/\/yoast.com\/product\/yoast-seo-premium-wordpress\/ -->\n<title>Comunidad Jud\u00eda Reconoce Solidaridad Pueblo Dominicano - Tabernaculo Prensa de Dios<\/title>\n<meta name=\"robots\" content=\"index, follow, max-snippet:-1, max-image-preview:large, max-video-preview:-1\" \/>\n<link rel=\"canonical\" href=\"https:\/\/tabernaculoprensadedios.com\/web\/comunidad-judia-reconoce-solidaridad-pueblo-dominicano\/\" class=\"yoast-seo-meta-tag\" \/>\n<meta property=\"og:locale\" content=\"es_ES\" class=\"yoast-seo-meta-tag\" \/>\n<meta property=\"og:type\" content=\"article\" class=\"yoast-seo-meta-tag\" \/>\n<meta property=\"og:title\" content=\"Comunidad Jud\u00eda Reconoce Solidaridad Pueblo Dominicano\" class=\"yoast-seo-meta-tag\" \/>\n<meta property=\"og:description\" content=\"Entregan Placa Conmemorativa a Vicepresidenta Dra. Margarita Cede\u00f1o de Fern\u00e1ndez, en el marco del 75 aniversario de la llegada de los jud\u00edos Republica Dominicana. En un ambiente de alegr\u00eda y celebraci\u00f3n en el Centro Israelita, El Embajador de Israel Sr. Bahij Mansour y La Directiva de la Comunidad Jud\u00eda Presidida por el Sr. Isaac Rudman &hellip;\" class=\"yoast-seo-meta-tag\" \/>\n<meta property=\"og:url\" content=\"https:\/\/tabernaculoprensadedios.com\/web\/comunidad-judia-reconoce-solidaridad-pueblo-dominicano\/\" class=\"yoast-seo-meta-tag\" \/>\n<meta property=\"og:site_name\" content=\"Tabernaculo Prensa de Dios\" class=\"yoast-seo-meta-tag\" \/>\n<meta property=\"article:published_time\" content=\"2015-06-11T23:26:30+00:00\" class=\"yoast-seo-meta-tag\" \/>\n<meta property=\"article:modified_time\" content=\"2015-06-14T02:42:10+00:00\" class=\"yoast-seo-meta-tag\" \/>\n<meta property=\"og:image\" content=\"https:\/\/tabernaculoprensadedios.com\/web\/wp-content\/uploads\/2015\/06\/DSC_1288.jpg\" class=\"yoast-seo-meta-tag\" \/>\n\t<meta property=\"og:image:width\" content=\"1000\" class=\"yoast-seo-meta-tag\" \/>\n\t<meta property=\"og:image:height\" content=\"662\" class=\"yoast-seo-meta-tag\" \/>\n\t<meta property=\"og:image:type\" content=\"image\/jpeg\" class=\"yoast-seo-meta-tag\" \/>\n<meta name=\"author\" content=\"tabernaculo\" class=\"yoast-seo-meta-tag\" \/>\n<meta name=\"twitter:card\" content=\"summary_large_image\" class=\"yoast-seo-meta-tag\" \/>\n<meta name=\"twitter:creator\" content=\"@PrensadeDios\" class=\"yoast-seo-meta-tag\" \/>\n<meta name=\"twitter:site\" content=\"@PrensadeDios\" class=\"yoast-seo-meta-tag\" \/>\n<meta name=\"twitter:label1\" content=\"Escrito por\" class=\"yoast-seo-meta-tag\" \/>\n\t<meta name=\"twitter:data1\" content=\"tabernaculo\" class=\"yoast-seo-meta-tag\" \/>\n\t<meta name=\"twitter:label2\" content=\"Tiempo de lectura\" class=\"yoast-seo-meta-tag\" \/>\n\t<meta name=\"twitter:data2\" content=\"3 minutos\" class=\"yoast-seo-meta-tag\" \/>\n<script type=\"application\/ld+json\" class=\"yoast-schema-graph\">{\"@context\":\"https:\/\/schema.org\",\"@graph\":[{\"@type\":\"Article\",\"@id\":\"https:\/\/tabernaculoprensadedios.com\/web\/comunidad-judia-reconoce-solidaridad-pueblo-dominicano\/#article\",\"isPartOf\":{\"@id\":\"https:\/\/tabernaculoprensadedios.com\/web\/comunidad-judia-reconoce-solidaridad-pueblo-dominicano\/\"},\"author\":{\"name\":\"tabernaculo\",\"@id\":\"https:\/\/tabernaculoprensadedios.com\/web\/#\/schema\/person\/bc0e069fef56b38e177db6f098ae0b6e\"},\"headline\":\"Comunidad Jud\u00eda Reconoce Solidaridad Pueblo Dominicano\",\"datePublished\":\"2015-06-11T23:26:30+00:00\",\"dateModified\":\"2015-06-14T02:42:10+00:00\",\"mainEntityOfPage\":{\"@id\":\"https:\/\/tabernaculoprensadedios.com\/web\/comunidad-judia-reconoce-solidaridad-pueblo-dominicano\/\"},\"wordCount\":647,\"commentCount\":0,\"publisher\":{\"@id\":\"https:\/\/tabernaculoprensadedios.com\/web\/#\/schema\/person\/bc0e069fef56b38e177db6f098ae0b6e\"},\"image\":{\"@id\":\"https:\/\/tabernaculoprensadedios.com\/web\/comunidad-judia-reconoce-solidaridad-pueblo-dominicano\/#primaryimage\"},\"thumbnailUrl\":\"https:\/\/tabernaculoprensadedios.com\/web\/wp-content\/uploads\/2015\/06\/DSC_1288.jpg\",\"articleSection\":[\"Reportajes\"],\"inLanguage\":\"es\",\"potentialAction\":[{\"@type\":\"CommentAction\",\"name\":\"Comment\",\"target\":[\"https:\/\/tabernaculoprensadedios.com\/web\/comunidad-judia-reconoce-solidaridad-pueblo-dominicano\/#respond\"]}]},{\"@type\":\"WebPage\",\"@id\":\"https:\/\/tabernaculoprensadedios.com\/web\/comunidad-judia-reconoce-solidaridad-pueblo-dominicano\/\",\"url\":\"https:\/\/tabernaculoprensadedios.com\/web\/comunidad-judia-reconoce-solidaridad-pueblo-dominicano\/\",\"name\":\"Comunidad Jud\u00eda Reconoce Solidaridad Pueblo Dominicano - Tabernaculo Prensa de Dios\",\"isPartOf\":{\"@id\":\"https:\/\/tabernaculoprensadedios.com\/web\/#website\"},\"primaryImageOfPage\":{\"@id\":\"https:\/\/tabernaculoprensadedios.com\/web\/comunidad-judia-reconoce-solidaridad-pueblo-dominicano\/#primaryimage\"},\"image\":{\"@id\":\"https:\/\/tabernaculoprensadedios.com\/web\/comunidad-judia-reconoce-solidaridad-pueblo-dominicano\/#primaryimage\"},\"thumbnailUrl\":\"https:\/\/tabernaculoprensadedios.com\/web\/wp-content\/uploads\/2015\/06\/DSC_1288.jpg\",\"datePublished\":\"2015-06-11T23:26:30+00:00\",\"dateModified\":\"2015-06-14T02:42:10+00:00\",\"breadcrumb\":{\"@id\":\"https:\/\/tabernaculoprensadedios.com\/web\/comunidad-judia-reconoce-solidaridad-pueblo-dominicano\/#breadcrumb\"},\"inLanguage\":\"es\",\"potentialAction\":[{\"@type\":\"ReadAction\",\"target\":[\"https:\/\/tabernaculoprensadedios.com\/web\/comunidad-judia-reconoce-solidaridad-pueblo-dominicano\/\"]}]},{\"@type\":\"ImageObject\",\"inLanguage\":\"es\",\"@id\":\"https:\/\/tabernaculoprensadedios.com\/web\/comunidad-judia-reconoce-solidaridad-pueblo-dominicano\/#primaryimage\",\"url\":\"https:\/\/tabernaculoprensadedios.com\/web\/wp-content\/uploads\/2015\/06\/DSC_1288.jpg\",\"contentUrl\":\"https:\/\/tabernaculoprensadedios.com\/web\/wp-content\/uploads\/2015\/06\/DSC_1288.jpg\",\"width\":1000,\"height\":662},{\"@type\":\"BreadcrumbList\",\"@id\":\"https:\/\/tabernaculoprensadedios.com\/web\/comunidad-judia-reconoce-solidaridad-pueblo-dominicano\/#breadcrumb\",\"itemListElement\":[{\"@type\":\"ListItem\",\"position\":1,\"name\":\"Portada\",\"item\":\"https:\/\/tabernaculoprensadedios.com\/web\/\"},{\"@type\":\"ListItem\",\"position\":2,\"name\":\"Comunidad Jud\u00eda Reconoce Solidaridad Pueblo Dominicano\"}]},{\"@type\":\"WebSite\",\"@id\":\"https:\/\/tabernaculoprensadedios.com\/web\/#website\",\"url\":\"https:\/\/tabernaculoprensadedios.com\/web\/\",\"name\":\"Tabernaculo Prensa de Dios\",\"description\":\"Un medio a la manera de Dios\",\"publisher\":{\"@id\":\"https:\/\/tabernaculoprensadedios.com\/web\/#\/schema\/person\/bc0e069fef56b38e177db6f098ae0b6e\"},\"potentialAction\":[{\"@type\":\"SearchAction\",\"target\":{\"@type\":\"EntryPoint\",\"urlTemplate\":\"https:\/\/tabernaculoprensadedios.com\/web\/?s={search_term_string}\"},\"query-input\":{\"@type\":\"PropertyValueSpecification\",\"valueRequired\":true,\"valueName\":\"search_term_string\"}}],\"inLanguage\":\"es\"},{\"@type\":[\"Person\",\"Organization\"],\"@id\":\"https:\/\/tabernaculoprensadedios.com\/web\/#\/schema\/person\/bc0e069fef56b38e177db6f098ae0b6e\",\"name\":\"tabernaculo\",\"image\":{\"@type\":\"ImageObject\",\"inLanguage\":\"es\",\"@id\":\"https:\/\/tabernaculoprensadedios.com\/web\/#\/schema\/person\/image\/\",\"url\":\"https:\/\/tabernaculoprensadedios.com\/web\/wp-content\/uploads\/2015\/06\/login-logo1.png\",\"contentUrl\":\"https:\/\/tabernaculoprensadedios.com\/web\/wp-content\/uploads\/2015\/06\/login-logo1.png\",\"width\":300,\"height\":118,\"caption\":\"tabernaculo\"},\"logo\":{\"@id\":\"https:\/\/tabernaculoprensadedios.com\/web\/#\/schema\/person\/image\/\"},\"url\":\"https:\/\/tabernaculoprensadedios.com\/web\/author\/tabernaculo\/\"}]}<\/script>\n<!-- \/ Yoast SEO Premium plugin. -->","yoast_head_json":{"title":"Comunidad Jud\u00eda Reconoce Solidaridad Pueblo Dominicano - Tabernaculo Prensa de Dios","robots":{"index":"index","follow":"follow","max-snippet":"max-snippet:-1","max-image-preview":"max-image-preview:large","max-video-preview":"max-video-preview:-1"},"canonical":"https:\/\/tabernaculoprensadedios.com\/web\/comunidad-judia-reconoce-solidaridad-pueblo-dominicano\/","og_locale":"es_ES","og_type":"article","og_title":"Comunidad Jud\u00eda Reconoce Solidaridad Pueblo Dominicano","og_description":"Entregan Placa Conmemorativa a Vicepresidenta Dra. Margarita Cede\u00f1o de Fern\u00e1ndez, en el marco del 75 aniversario de la llegada de los jud\u00edos Republica Dominicana. En un ambiente de alegr\u00eda y celebraci\u00f3n en el Centro Israelita, El Embajador de Israel Sr. Bahij Mansour y La Directiva de la Comunidad Jud\u00eda Presidida por el Sr. Isaac Rudman &hellip;","og_url":"https:\/\/tabernaculoprensadedios.com\/web\/comunidad-judia-reconoce-solidaridad-pueblo-dominicano\/","og_site_name":"Tabernaculo Prensa de Dios","article_published_time":"2015-06-11T23:26:30+00:00","article_modified_time":"2015-06-14T02:42:10+00:00","og_image":[{"width":1000,"height":662,"url":"https:\/\/tabernaculoprensadedios.com\/web\/wp-content\/uploads\/2015\/06\/DSC_1288.jpg","type":"image\/jpeg"}],"author":"tabernaculo","twitter_card":"summary_large_image","twitter_creator":"@PrensadeDios","twitter_site":"@PrensadeDios","twitter_misc":{"Escrito por":"tabernaculo","Tiempo de lectura":"3 minutos"},"schema":{"@context":"https:\/\/schema.org","@graph":[{"@type":"Article","@id":"https:\/\/tabernaculoprensadedios.com\/web\/comunidad-judia-reconoce-solidaridad-pueblo-dominicano\/#article","isPartOf":{"@id":"https:\/\/tabernaculoprensadedios.com\/web\/comunidad-judia-reconoce-solidaridad-pueblo-dominicano\/"},"author":{"name":"tabernaculo","@id":"https:\/\/tabernaculoprensadedios.com\/web\/#\/schema\/person\/bc0e069fef56b38e177db6f098ae0b6e"},"headline":"Comunidad Jud\u00eda Reconoce Solidaridad Pueblo Dominicano","datePublished":"2015-06-11T23:26:30+00:00","dateModified":"2015-06-14T02:42:10+00:00","mainEntityOfPage":{"@id":"https:\/\/tabernaculoprensadedios.com\/web\/comunidad-judia-reconoce-solidaridad-pueblo-dominicano\/"},"wordCount":647,"commentCount":0,"publisher":{"@id":"https:\/\/tabernaculoprensadedios.com\/web\/#\/schema\/person\/bc0e069fef56b38e177db6f098ae0b6e"},"image":{"@id":"https:\/\/tabernaculoprensadedios.com\/web\/comunidad-judia-reconoce-solidaridad-pueblo-dominicano\/#primaryimage"},"thumbnailUrl":"https:\/\/tabernaculoprensadedios.com\/web\/wp-content\/uploads\/2015\/06\/DSC_1288.jpg","articleSection":["Reportajes"],"inLanguage":"es","potentialAction":[{"@type":"CommentAction","name":"Comment","target":["https:\/\/tabernaculoprensadedios.com\/web\/comunidad-judia-reconoce-solidaridad-pueblo-dominicano\/#respond"]}]},{"@type":"WebPage","@id":"https:\/\/tabernaculoprensadedios.com\/web\/comunidad-judia-reconoce-solidaridad-pueblo-dominicano\/","url":"https:\/\/tabernaculoprensadedios.com\/web\/comunidad-judia-reconoce-solidaridad-pueblo-dominicano\/","name":"Comunidad Jud\u00eda Reconoce Solidaridad Pueblo Dominicano - Tabernaculo Prensa de Dios","isPartOf":{"@id":"https:\/\/tabernaculoprensadedios.com\/web\/#website"},"primaryImageOfPage":{"@id":"https:\/\/tabernaculoprensadedios.com\/web\/comunidad-judia-reconoce-solidaridad-pueblo-dominicano\/#primaryimage"},"image":{"@id":"https:\/\/tabernaculoprensadedios.com\/web\/comunidad-judia-reconoce-solidaridad-pueblo-dominicano\/#primaryimage"},"thumbnailUrl":"https:\/\/tabernaculoprensadedios.com\/web\/wp-content\/uploads\/2015\/06\/DSC_1288.jpg","datePublished":"2015-06-11T23:26:30+00:00","dateModified":"2015-06-14T02:42:10+00:00","breadcrumb":{"@id":"https:\/\/tabernaculoprensadedios.com\/web\/comunidad-judia-reconoce-solidaridad-pueblo-dominicano\/#breadcrumb"},"inLanguage":"es","potentialAction":[{"@type":"ReadAction","target":["https:\/\/tabernaculoprensadedios.com\/web\/comunidad-judia-reconoce-solidaridad-pueblo-dominicano\/"]}]},{"@type":"ImageObject","inLanguage":"es","@id":"https:\/\/tabernaculoprensadedios.com\/web\/comunidad-judia-reconoce-solidaridad-pueblo-dominicano\/#primaryimage","url":"https:\/\/tabernaculoprensadedios.com\/web\/wp-content\/uploads\/2015\/06\/DSC_1288.jpg","contentUrl":"https:\/\/tabernaculoprensadedios.com\/web\/wp-content\/uploads\/2015\/06\/DSC_1288.jpg","width":1000,"height":662},{"@type":"BreadcrumbList","@id":"https:\/\/tabernaculoprensadedios.com\/web\/comunidad-judia-reconoce-solidaridad-pueblo-dominicano\/#breadcrumb","itemListElement":[{"@type":"ListItem","position":1,"name":"Portada","item":"https:\/\/tabernaculoprensadedios.com\/web\/"},{"@type":"ListItem","position":2,"name":"Comunidad Jud\u00eda Reconoce Solidaridad Pueblo Dominicano"}]},{"@type":"WebSite","@id":"https:\/\/tabernaculoprensadedios.com\/web\/#website","url":"https:\/\/tabernaculoprensadedios.com\/web\/","name":"Tabernaculo Prensa de Dios","description":"Un medio a la manera de Dios","publisher":{"@id":"https:\/\/tabernaculoprensadedios.com\/web\/#\/schema\/person\/bc0e069fef56b38e177db6f098ae0b6e"},"potentialAction":[{"@type":"SearchAction","target":{"@type":"EntryPoint","urlTemplate":"https:\/\/tabernaculoprensadedios.com\/web\/?s={search_term_string}"},"query-input":{"@type":"PropertyValueSpecification","valueRequired":true,"valueName":"search_term_string"}}],"inLanguage":"es"},{"@type":["Person","Organization"],"@id":"https:\/\/tabernaculoprensadedios.com\/web\/#\/schema\/person\/bc0e069fef56b38e177db6f098ae0b6e","name":"tabernaculo","image":{"@type":"ImageObject","inLanguage":"es","@id":"https:\/\/tabernaculoprensadedios.com\/web\/#\/schema\/person\/image\/","url":"https:\/\/tabernaculoprensadedios.com\/web\/wp-content\/uploads\/2015\/06\/login-logo1.png","contentUrl":"https:\/\/tabernaculoprensadedios.com\/web\/wp-content\/uploads\/2015\/06\/login-logo1.png","width":300,"height":118,"caption":"tabernaculo"},"logo":{"@id":"https:\/\/tabernaculoprensadedios.com\/web\/#\/schema\/person\/image\/"},"url":"https:\/\/tabernaculoprensadedios.com\/web\/author\/tabernaculo\/"}]}},"_links":{"self":[{"href":"https:\/\/tabernaculoprensadedios.com\/web\/wp-json\/wp\/v2\/posts\/466","targetHints":{"allow":["GET"]}}],"collection":[{"href":"https:\/\/tabernaculoprensadedios.com\/web\/wp-json\/wp\/v2\/posts"}],"about":[{"href":"https:\/\/tabernaculoprensadedios.com\/web\/wp-json\/wp\/v2\/types\/post"}],"author":[{"embeddable":true,"href":"https:\/\/tabernaculoprensadedios.com\/web\/wp-json\/wp\/v2\/users\/1"}],"replies":[{"embeddable":true,"href":"https:\/\/tabernaculoprensadedios.com\/web\/wp-json\/wp\/v2\/comments?post=466"}],"version-history":[{"count":3,"href":"https:\/\/tabernaculoprensadedios.com\/web\/wp-json\/wp\/v2\/posts\/466\/revisions"}],"predecessor-version":[{"id":554,"href":"https:\/\/tabernaculoprensadedios.com\/web\/wp-json\/wp\/v2\/posts\/466\/revisions\/554"}],"wp:featuredmedia":[{"embeddable":true,"href":"https:\/\/tabernaculoprensadedios.com\/web\/wp-json\/wp\/v2\/media\/468"}],"wp:attachment":[{"href":"https:\/\/tabernaculoprensadedios.com\/web\/wp-json\/wp\/v2\/media?parent=466"}],"wp:term":[{"taxonomy":"category","embeddable":true,"href":"https:\/\/tabernaculoprensadedios.com\/web\/wp-json\/wp\/v2\/categories?post=466"},{"taxonomy":"post_tag","embeddable":true,"href":"https:\/\/tabernaculoprensadedios.com\/web\/wp-json\/wp\/v2\/tags?post=466"}],"curies":[{"name":"wp","href":"https:\/\/api.w.org\/{rel}","templated":true}]}}