{"id":4011,"date":"2015-11-14T14:07:21","date_gmt":"2015-11-14T14:07:21","guid":{"rendered":"http:\/\/tabernaculoprensadedios.com\/web\/?p=4011"},"modified":"2015-11-14T14:07:21","modified_gmt":"2015-11-14T14:07:21","slug":"una-conversacion-sobre-la-unidad-racial","status":"publish","type":"post","link":"https:\/\/tabernaculoprensadedios.com\/web\/una-conversacion-sobre-la-unidad-racial\/","title":{"rendered":"Una conversaci\u00f3n sobre la unidad racial"},"content":{"rendered":"<p>Jerry Young, presidente de la Convenci\u00f3n Nacional Bautista, USA, y yo dirigiremos \u00abUna conversaci\u00f3n nacional sobre la unidad racial en EE.UU.\u00bb en Jackson, Mississippi, el mi\u00e9rcoles 4 de noviembre. El doctor Young y yo hablamos recientemente en un rally llamado \u00abFuertes Juntos,\u00bb realizado en la Primera Iglesia Bautista en Jackson, Mississippi. Fue una noche incre\u00edble, una de las m\u00e1s memorables como presidente de la Convenci\u00f3n Bautista del Sur.<br \/>\n22 pastores participar\u00e1n en esta conversaci\u00f3n<\/p>\n<p>El doctor Young dirige la m\u00e1s grande denominaci\u00f3n de cristianos predominantemente afroamericanos en los Estados Unidos. Esta denominaci\u00f3n est\u00e1 comprendida por 31.000 congregaciones y por 7.5 millones de miembros.<\/p>\n<p>El doctor Young y yo cada uno les estamos pidiendo a pastores de iglesias locales a lo largo y ancho de EE.UU. en nuestras respectivas convenciones que se unan a nosotros en esta conversaci\u00f3n nacional sobre la unidad racial. Estamos agradecidos por cada l\u00edder o grupo que est\u00e1 intentando abordar esta crisis nacional. Sin embargo, creemos que los pastores y las iglesias locales pueden brindar una perspectiva \u00fanica sobre la crisis racial; y en realidad, necesitamos guiar el camino hacia abordar y resolver la crisis.<\/p>\n<p><strong>Los 10 pastores que representan a la Convenci\u00f3n Bautista del Sur y que se me unir\u00e1n son los siguientes:<br \/>\n<\/strong>&#8212; K. Marshall Williams, presidente, Compa\u00f1erismo Nacional Afroamericano de la CBS, pastor s\u00e9nior, Iglesia Bautista Nazarene, Philadelphia, Pennsylvania.<\/p>\n<p>&#8212; Steve Gaines, pastor s\u00e9nior, Iglesia Bautista Bellevue, Cordova, Tennessee.<\/p>\n<p>&#8212; A.B. Vines, expresidente, Compa\u00f1erismo Nacional Afroamericano de la CBS, pastor s\u00e9nior, Iglesia New Seasons, Spring Valley, California.<\/p>\n<p>&#8212; Ted Traylor, pastor s\u00e9nior, Iglesia Bautista Olive, Pensacola, Florida.<\/p>\n<p>&#8212; Marshall Blalock, pastor s\u00e9nior, Primera Iglesia Bautista de Charleston,<\/p>\n<p>Charleston, South Carolina.<\/p>\n<p>&#8212; Ed Litton, Iglesia Redemption, North Mobile, Alabama.<\/p>\n<p>&#8212; Timmy Chavis, presidente, Consejo Asesor Multi\u00e9tnico de la CBS, pastor s\u00e9nior, Iglesia Bautista Bear Swamp, Pembroke, North Carolina.<\/p>\n<p>&#8212; Paul Kim, consultor asi\u00e1tico estadounidense de la CBS, pastor em\u00e9rito, Iglesia Bautista Antioch, Cambridge, Massachusetts.<\/p>\n<p>&#8212; F\u00e9lix Cabrera, director de Red 1:8, red de plantaci\u00f3n de iglesias, pastor l\u00edder, Iglesia Bautista Central, Oklahoma City, Oklahoma.<\/p>\n<p>&#8212; Gene Henderson, pastor y l\u00edder en Mississippi, Iglesia Bautista Pinelake, Brandon, Mississippi.<\/p>\n<p>Por favor, oren por cada uno de estos hombres y su papel el 4 de noviembre. Tambi\u00e9n oren por los 10 pastores de la Convenci\u00f3n Nacional Bautista que se unir\u00e1n al doctor Young.<\/p>\n<p><strong>Otros pueden asistir a esta conversaci\u00f3n<br \/>\n<\/strong>El evento se llevar\u00e1 a cabo el mi\u00e9rcoles 4 de noviembre a las 8:30 a.m. La ubicaci\u00f3n ser\u00e1 en la secci\u00f3n A y B del ballroom (sala de fiesta) del Jackson Convention Complex, Jackson, Mississippi. Este evento est\u00e1 abierto a todos, as\u00ed que si tienen inter\u00e9s, espero que se nos unan.<\/p>\n<p>Hay m\u00e1s informaci\u00f3n disponible aqu\u00ed.<\/p>\n<p><strong>\u00danase a nosotros para el almuerzo de reconciliaci\u00f3n racial de la misi\u00f3n de Mississippi en Jackson<br \/>\n<\/strong>Neddie Winters es el presidente de Misi\u00f3n Mississippi. La misi\u00f3n de ellos es animar y demostrar la gracia de Dios en el cuerpo de Cristo a trav\u00e9s de las l\u00edneas raciales, de manera que las comunidades a lo largo de Mississippi puedan ver evidencia pr\u00e1ctica del mensaje del evangelio. Misi\u00f3n Mississippi cree que mediante Cristo, podemos encontrar un punto en com\u00fan para edificar relaciones y comunidades fuertes para el mejoramiento de todos los habitantes de Mississippi, sin importar la raza. Su visi\u00f3n es: \u00abSer el recurso l\u00edder y catalizador para la reconciliaci\u00f3n racial cristiana y la sanidad de Mississippi y del mundo.\u00bb<\/p>\n<p>El almuerzo se llevar\u00e1 a cabo en las secciones C, D, y E del ballroom del Jackson Convention Complex. Si desean unirse a nosotros para este almuerzo, para saber m\u00e1s, por favor vayan aqu\u00ed: missionmississippi.net\/racial-reconciliation-celebration. El doctor Young, el doctor Winters y yo estar\u00edamos encantados de conocerlos.<\/p>\n<p>Dios se est\u00e1 moviendo en medio de su pueblo<\/p>\n<p>En diciembre de 2013, estuve en Atlanta en una reuni\u00f3n de oraci\u00f3n y despertar espiritual. Estuvimos discutiendo la necesidad de crecer y fortalecer las relaciones entre todas las razas y las etnicidades. El doctor K. Marshall Williams, un querido amigo y ahora presidente del Compa\u00f1erismo Nacional Afroamericano de nuestra Convenci\u00f3n Bautista del Sur, nos manifest\u00f3: \u00abLos bautistas del sur deben proyectarse y comenzar a tener conversaciones con nuestros hermanos de la Convenci\u00f3n Nacional Bautista.\u00bb Nunca olvid\u00e9 lo que \u00e9l dijo con gran pasi\u00f3n y convicci\u00f3n.<\/p>\n<p>Cuando fui elegido presidente, comenc\u00e9 a orar por puertas abiertas. A trav\u00e9s de reuniones de oraci\u00f3n, empec\u00e9 a ver a Dios derribando los muros que dividen razas y etnicidades. Entonces, tristemente por las tragedias de Ferguson y de otras ciudades en nuestra naci\u00f3n, la carga y la convicci\u00f3n se volvieron abrumadoras.<\/p>\n<p>En la segunda mitad de 2014 cuando la tensi\u00f3n racial y la violencia aumentaban exponencialmente, publiqu\u00e9 un art\u00edculo titulado \u00abLas heridas son profundas: El racismo y la injusticia deben terminar y la gracia y el amor deben comenzar.\u00bb Este art\u00edculo abri\u00f3 puertas a varias conversaciones y experiencias.<\/p>\n<p>Dios us\u00f3 este art\u00edculo para abrir puertas que nos dirigieran a estas dos experiencias del 4 de noviembre en Jackson, Mississippi. Nuestra reuni\u00f3n nacional de oraci\u00f3n en la Convenci\u00f3n Bautista del Sur 2015 enfatiz\u00f3 la necesidad de la unidad racial y fue catalizadora para esta oportunidad en Jackson. Quiera Dios usarla para su gloria. Oren por nosotros. \u00dananse a nosotros.<\/p>\n","protected":false},"excerpt":{"rendered":"<p>Jerry Young, presidente de la Convenci\u00f3n Nacional Bautista, USA, y yo dirigiremos \u00abUna conversaci\u00f3n nacional sobre la unidad racial en EE.UU.\u00bb en Jackson, Mississippi, el mi\u00e9rcoles 4 de noviembre. El doctor Young y yo hablamos recientemente en un rally llamado \u00abFuertes Juntos,\u00bb realizado en la Primera Iglesia Bautista en Jackson, Mississippi. Fue una noche incre\u00edble, &hellip;<\/p>\n","protected":false},"author":1,"featured_media":4012,"comment_status":"open","ping_status":"open","sticky":false,"template":"","format":"standard","meta":{"footnotes":""},"categories":[30],"tags":[],"class_list":["post-4011","post","type-post","status-publish","format-standard","has-post-thumbnail","hentry","category-reportajes"],"yoast_head":"<!-- This site is optimized with the Yoast SEO Premium plugin v24.2 (Yoast SEO v27.1.1) - https:\/\/yoast.com\/product\/yoast-seo-premium-wordpress\/ -->\n<title>Una conversaci\u00f3n sobre la unidad racial - Tabernaculo Prensa de Dios<\/title>\n<meta name=\"robots\" content=\"index, follow, max-snippet:-1, max-image-preview:large, max-video-preview:-1\" \/>\n<link rel=\"canonical\" href=\"https:\/\/tabernaculoprensadedios.com\/web\/una-conversacion-sobre-la-unidad-racial\/\" class=\"yoast-seo-meta-tag\" \/>\n<meta property=\"og:locale\" content=\"es_ES\" class=\"yoast-seo-meta-tag\" \/>\n<meta property=\"og:type\" content=\"article\" class=\"yoast-seo-meta-tag\" \/>\n<meta property=\"og:title\" content=\"Una conversaci\u00f3n sobre la unidad racial\" class=\"yoast-seo-meta-tag\" \/>\n<meta property=\"og:description\" content=\"Jerry Young, presidente de la Convenci\u00f3n Nacional Bautista, USA, y yo dirigiremos \u00abUna conversaci\u00f3n nacional sobre la unidad racial en EE.UU.\u00bb en Jackson, Mississippi, el mi\u00e9rcoles 4 de noviembre. El doctor Young y yo hablamos recientemente en un rally llamado \u00abFuertes Juntos,\u00bb realizado en la Primera Iglesia Bautista en Jackson, Mississippi. Fue una noche incre\u00edble, &hellip;\" class=\"yoast-seo-meta-tag\" \/>\n<meta property=\"og:url\" content=\"https:\/\/tabernaculoprensadedios.com\/web\/una-conversacion-sobre-la-unidad-racial\/\" class=\"yoast-seo-meta-tag\" \/>\n<meta property=\"og:site_name\" content=\"Tabernaculo Prensa de Dios\" class=\"yoast-seo-meta-tag\" \/>\n<meta property=\"article:published_time\" content=\"2015-11-14T14:07:21+00:00\" class=\"yoast-seo-meta-tag\" \/>\n<meta property=\"og:image\" content=\"https:\/\/tabernaculoprensadedios.com\/web\/wp-content\/uploads\/2015\/11\/jerry.jpg\" class=\"yoast-seo-meta-tag\" \/>\n\t<meta property=\"og:image:width\" content=\"442\" class=\"yoast-seo-meta-tag\" \/>\n\t<meta property=\"og:image:height\" content=\"221\" class=\"yoast-seo-meta-tag\" \/>\n\t<meta property=\"og:image:type\" content=\"image\/jpeg\" class=\"yoast-seo-meta-tag\" \/>\n<meta name=\"author\" content=\"tabernaculo\" class=\"yoast-seo-meta-tag\" \/>\n<meta name=\"twitter:card\" content=\"summary_large_image\" class=\"yoast-seo-meta-tag\" \/>\n<meta name=\"twitter:creator\" content=\"@PrensadeDios\" class=\"yoast-seo-meta-tag\" \/>\n<meta name=\"twitter:site\" content=\"@PrensadeDios\" class=\"yoast-seo-meta-tag\" \/>\n<meta name=\"twitter:label1\" content=\"Escrito por\" class=\"yoast-seo-meta-tag\" \/>\n\t<meta name=\"twitter:data1\" content=\"tabernaculo\" class=\"yoast-seo-meta-tag\" \/>\n\t<meta name=\"twitter:label2\" content=\"Tiempo de lectura\" class=\"yoast-seo-meta-tag\" \/>\n\t<meta name=\"twitter:data2\" content=\"5 minutos\" class=\"yoast-seo-meta-tag\" \/>\n<script type=\"application\/ld+json\" class=\"yoast-schema-graph\">{\"@context\":\"https:\/\/schema.org\",\"@graph\":[{\"@type\":\"Article\",\"@id\":\"https:\/\/tabernaculoprensadedios.com\/web\/una-conversacion-sobre-la-unidad-racial\/#article\",\"isPartOf\":{\"@id\":\"https:\/\/tabernaculoprensadedios.com\/web\/una-conversacion-sobre-la-unidad-racial\/\"},\"author\":{\"name\":\"tabernaculo\",\"@id\":\"https:\/\/tabernaculoprensadedios.com\/web\/#\/schema\/person\/bc0e069fef56b38e177db6f098ae0b6e\"},\"headline\":\"Una conversaci\u00f3n sobre la unidad racial\",\"datePublished\":\"2015-11-14T14:07:21+00:00\",\"mainEntityOfPage\":{\"@id\":\"https:\/\/tabernaculoprensadedios.com\/web\/una-conversacion-sobre-la-unidad-racial\/\"},\"wordCount\":935,\"commentCount\":0,\"publisher\":{\"@id\":\"https:\/\/tabernaculoprensadedios.com\/web\/#\/schema\/person\/bc0e069fef56b38e177db6f098ae0b6e\"},\"image\":{\"@id\":\"https:\/\/tabernaculoprensadedios.com\/web\/una-conversacion-sobre-la-unidad-racial\/#primaryimage\"},\"thumbnailUrl\":\"https:\/\/tabernaculoprensadedios.com\/web\/wp-content\/uploads\/2015\/11\/jerry.jpg\",\"articleSection\":[\"Reportajes\"],\"inLanguage\":\"es\",\"potentialAction\":[{\"@type\":\"CommentAction\",\"name\":\"Comment\",\"target\":[\"https:\/\/tabernaculoprensadedios.com\/web\/una-conversacion-sobre-la-unidad-racial\/#respond\"]}]},{\"@type\":\"WebPage\",\"@id\":\"https:\/\/tabernaculoprensadedios.com\/web\/una-conversacion-sobre-la-unidad-racial\/\",\"url\":\"https:\/\/tabernaculoprensadedios.com\/web\/una-conversacion-sobre-la-unidad-racial\/\",\"name\":\"Una conversaci\u00f3n sobre la unidad racial - Tabernaculo Prensa de Dios\",\"isPartOf\":{\"@id\":\"https:\/\/tabernaculoprensadedios.com\/web\/#website\"},\"primaryImageOfPage\":{\"@id\":\"https:\/\/tabernaculoprensadedios.com\/web\/una-conversacion-sobre-la-unidad-racial\/#primaryimage\"},\"image\":{\"@id\":\"https:\/\/tabernaculoprensadedios.com\/web\/una-conversacion-sobre-la-unidad-racial\/#primaryimage\"},\"thumbnailUrl\":\"https:\/\/tabernaculoprensadedios.com\/web\/wp-content\/uploads\/2015\/11\/jerry.jpg\",\"datePublished\":\"2015-11-14T14:07:21+00:00\",\"breadcrumb\":{\"@id\":\"https:\/\/tabernaculoprensadedios.com\/web\/una-conversacion-sobre-la-unidad-racial\/#breadcrumb\"},\"inLanguage\":\"es\",\"potentialAction\":[{\"@type\":\"ReadAction\",\"target\":[\"https:\/\/tabernaculoprensadedios.com\/web\/una-conversacion-sobre-la-unidad-racial\/\"]}]},{\"@type\":\"ImageObject\",\"inLanguage\":\"es\",\"@id\":\"https:\/\/tabernaculoprensadedios.com\/web\/una-conversacion-sobre-la-unidad-racial\/#primaryimage\",\"url\":\"https:\/\/tabernaculoprensadedios.com\/web\/wp-content\/uploads\/2015\/11\/jerry.jpg\",\"contentUrl\":\"https:\/\/tabernaculoprensadedios.com\/web\/wp-content\/uploads\/2015\/11\/jerry.jpg\",\"width\":442,\"height\":221},{\"@type\":\"BreadcrumbList\",\"@id\":\"https:\/\/tabernaculoprensadedios.com\/web\/una-conversacion-sobre-la-unidad-racial\/#breadcrumb\",\"itemListElement\":[{\"@type\":\"ListItem\",\"position\":1,\"name\":\"Portada\",\"item\":\"https:\/\/tabernaculoprensadedios.com\/web\/\"},{\"@type\":\"ListItem\",\"position\":2,\"name\":\"Una conversaci\u00f3n sobre la unidad racial\"}]},{\"@type\":\"WebSite\",\"@id\":\"https:\/\/tabernaculoprensadedios.com\/web\/#website\",\"url\":\"https:\/\/tabernaculoprensadedios.com\/web\/\",\"name\":\"Tabernaculo Prensa de Dios\",\"description\":\"Un medio a la manera de Dios\",\"publisher\":{\"@id\":\"https:\/\/tabernaculoprensadedios.com\/web\/#\/schema\/person\/bc0e069fef56b38e177db6f098ae0b6e\"},\"potentialAction\":[{\"@type\":\"SearchAction\",\"target\":{\"@type\":\"EntryPoint\",\"urlTemplate\":\"https:\/\/tabernaculoprensadedios.com\/web\/?s={search_term_string}\"},\"query-input\":{\"@type\":\"PropertyValueSpecification\",\"valueRequired\":true,\"valueName\":\"search_term_string\"}}],\"inLanguage\":\"es\"},{\"@type\":[\"Person\",\"Organization\"],\"@id\":\"https:\/\/tabernaculoprensadedios.com\/web\/#\/schema\/person\/bc0e069fef56b38e177db6f098ae0b6e\",\"name\":\"tabernaculo\",\"image\":{\"@type\":\"ImageObject\",\"inLanguage\":\"es\",\"@id\":\"https:\/\/tabernaculoprensadedios.com\/web\/#\/schema\/person\/image\/\",\"url\":\"https:\/\/tabernaculoprensadedios.com\/web\/wp-content\/uploads\/2015\/06\/login-logo1.png\",\"contentUrl\":\"https:\/\/tabernaculoprensadedios.com\/web\/wp-content\/uploads\/2015\/06\/login-logo1.png\",\"width\":300,\"height\":118,\"caption\":\"tabernaculo\"},\"logo\":{\"@id\":\"https:\/\/tabernaculoprensadedios.com\/web\/#\/schema\/person\/image\/\"},\"url\":\"https:\/\/tabernaculoprensadedios.com\/web\/author\/tabernaculo\/\"}]}<\/script>\n<!-- \/ Yoast SEO Premium plugin. -->","yoast_head_json":{"title":"Una conversaci\u00f3n sobre la unidad racial - Tabernaculo Prensa de Dios","robots":{"index":"index","follow":"follow","max-snippet":"max-snippet:-1","max-image-preview":"max-image-preview:large","max-video-preview":"max-video-preview:-1"},"canonical":"https:\/\/tabernaculoprensadedios.com\/web\/una-conversacion-sobre-la-unidad-racial\/","og_locale":"es_ES","og_type":"article","og_title":"Una conversaci\u00f3n sobre la unidad racial","og_description":"Jerry Young, presidente de la Convenci\u00f3n Nacional Bautista, USA, y yo dirigiremos \u00abUna conversaci\u00f3n nacional sobre la unidad racial en EE.UU.\u00bb en Jackson, Mississippi, el mi\u00e9rcoles 4 de noviembre. El doctor Young y yo hablamos recientemente en un rally llamado \u00abFuertes Juntos,\u00bb realizado en la Primera Iglesia Bautista en Jackson, Mississippi. Fue una noche incre\u00edble, &hellip;","og_url":"https:\/\/tabernaculoprensadedios.com\/web\/una-conversacion-sobre-la-unidad-racial\/","og_site_name":"Tabernaculo Prensa de Dios","article_published_time":"2015-11-14T14:07:21+00:00","og_image":[{"width":442,"height":221,"url":"https:\/\/tabernaculoprensadedios.com\/web\/wp-content\/uploads\/2015\/11\/jerry.jpg","type":"image\/jpeg"}],"author":"tabernaculo","twitter_card":"summary_large_image","twitter_creator":"@PrensadeDios","twitter_site":"@PrensadeDios","twitter_misc":{"Escrito por":"tabernaculo","Tiempo de lectura":"5 minutos"},"schema":{"@context":"https:\/\/schema.org","@graph":[{"@type":"Article","@id":"https:\/\/tabernaculoprensadedios.com\/web\/una-conversacion-sobre-la-unidad-racial\/#article","isPartOf":{"@id":"https:\/\/tabernaculoprensadedios.com\/web\/una-conversacion-sobre-la-unidad-racial\/"},"author":{"name":"tabernaculo","@id":"https:\/\/tabernaculoprensadedios.com\/web\/#\/schema\/person\/bc0e069fef56b38e177db6f098ae0b6e"},"headline":"Una conversaci\u00f3n sobre la unidad racial","datePublished":"2015-11-14T14:07:21+00:00","mainEntityOfPage":{"@id":"https:\/\/tabernaculoprensadedios.com\/web\/una-conversacion-sobre-la-unidad-racial\/"},"wordCount":935,"commentCount":0,"publisher":{"@id":"https:\/\/tabernaculoprensadedios.com\/web\/#\/schema\/person\/bc0e069fef56b38e177db6f098ae0b6e"},"image":{"@id":"https:\/\/tabernaculoprensadedios.com\/web\/una-conversacion-sobre-la-unidad-racial\/#primaryimage"},"thumbnailUrl":"https:\/\/tabernaculoprensadedios.com\/web\/wp-content\/uploads\/2015\/11\/jerry.jpg","articleSection":["Reportajes"],"inLanguage":"es","potentialAction":[{"@type":"CommentAction","name":"Comment","target":["https:\/\/tabernaculoprensadedios.com\/web\/una-conversacion-sobre-la-unidad-racial\/#respond"]}]},{"@type":"WebPage","@id":"https:\/\/tabernaculoprensadedios.com\/web\/una-conversacion-sobre-la-unidad-racial\/","url":"https:\/\/tabernaculoprensadedios.com\/web\/una-conversacion-sobre-la-unidad-racial\/","name":"Una conversaci\u00f3n sobre la unidad racial - Tabernaculo Prensa de Dios","isPartOf":{"@id":"https:\/\/tabernaculoprensadedios.com\/web\/#website"},"primaryImageOfPage":{"@id":"https:\/\/tabernaculoprensadedios.com\/web\/una-conversacion-sobre-la-unidad-racial\/#primaryimage"},"image":{"@id":"https:\/\/tabernaculoprensadedios.com\/web\/una-conversacion-sobre-la-unidad-racial\/#primaryimage"},"thumbnailUrl":"https:\/\/tabernaculoprensadedios.com\/web\/wp-content\/uploads\/2015\/11\/jerry.jpg","datePublished":"2015-11-14T14:07:21+00:00","breadcrumb":{"@id":"https:\/\/tabernaculoprensadedios.com\/web\/una-conversacion-sobre-la-unidad-racial\/#breadcrumb"},"inLanguage":"es","potentialAction":[{"@type":"ReadAction","target":["https:\/\/tabernaculoprensadedios.com\/web\/una-conversacion-sobre-la-unidad-racial\/"]}]},{"@type":"ImageObject","inLanguage":"es","@id":"https:\/\/tabernaculoprensadedios.com\/web\/una-conversacion-sobre-la-unidad-racial\/#primaryimage","url":"https:\/\/tabernaculoprensadedios.com\/web\/wp-content\/uploads\/2015\/11\/jerry.jpg","contentUrl":"https:\/\/tabernaculoprensadedios.com\/web\/wp-content\/uploads\/2015\/11\/jerry.jpg","width":442,"height":221},{"@type":"BreadcrumbList","@id":"https:\/\/tabernaculoprensadedios.com\/web\/una-conversacion-sobre-la-unidad-racial\/#breadcrumb","itemListElement":[{"@type":"ListItem","position":1,"name":"Portada","item":"https:\/\/tabernaculoprensadedios.com\/web\/"},{"@type":"ListItem","position":2,"name":"Una conversaci\u00f3n sobre la unidad racial"}]},{"@type":"WebSite","@id":"https:\/\/tabernaculoprensadedios.com\/web\/#website","url":"https:\/\/tabernaculoprensadedios.com\/web\/","name":"Tabernaculo Prensa de Dios","description":"Un medio a la manera de Dios","publisher":{"@id":"https:\/\/tabernaculoprensadedios.com\/web\/#\/schema\/person\/bc0e069fef56b38e177db6f098ae0b6e"},"potentialAction":[{"@type":"SearchAction","target":{"@type":"EntryPoint","urlTemplate":"https:\/\/tabernaculoprensadedios.com\/web\/?s={search_term_string}"},"query-input":{"@type":"PropertyValueSpecification","valueRequired":true,"valueName":"search_term_string"}}],"inLanguage":"es"},{"@type":["Person","Organization"],"@id":"https:\/\/tabernaculoprensadedios.com\/web\/#\/schema\/person\/bc0e069fef56b38e177db6f098ae0b6e","name":"tabernaculo","image":{"@type":"ImageObject","inLanguage":"es","@id":"https:\/\/tabernaculoprensadedios.com\/web\/#\/schema\/person\/image\/","url":"https:\/\/tabernaculoprensadedios.com\/web\/wp-content\/uploads\/2015\/06\/login-logo1.png","contentUrl":"https:\/\/tabernaculoprensadedios.com\/web\/wp-content\/uploads\/2015\/06\/login-logo1.png","width":300,"height":118,"caption":"tabernaculo"},"logo":{"@id":"https:\/\/tabernaculoprensadedios.com\/web\/#\/schema\/person\/image\/"},"url":"https:\/\/tabernaculoprensadedios.com\/web\/author\/tabernaculo\/"}]}},"_links":{"self":[{"href":"https:\/\/tabernaculoprensadedios.com\/web\/wp-json\/wp\/v2\/posts\/4011","targetHints":{"allow":["GET"]}}],"collection":[{"href":"https:\/\/tabernaculoprensadedios.com\/web\/wp-json\/wp\/v2\/posts"}],"about":[{"href":"https:\/\/tabernaculoprensadedios.com\/web\/wp-json\/wp\/v2\/types\/post"}],"author":[{"embeddable":true,"href":"https:\/\/tabernaculoprensadedios.com\/web\/wp-json\/wp\/v2\/users\/1"}],"replies":[{"embeddable":true,"href":"https:\/\/tabernaculoprensadedios.com\/web\/wp-json\/wp\/v2\/comments?post=4011"}],"version-history":[{"count":1,"href":"https:\/\/tabernaculoprensadedios.com\/web\/wp-json\/wp\/v2\/posts\/4011\/revisions"}],"predecessor-version":[{"id":4013,"href":"https:\/\/tabernaculoprensadedios.com\/web\/wp-json\/wp\/v2\/posts\/4011\/revisions\/4013"}],"wp:featuredmedia":[{"embeddable":true,"href":"https:\/\/tabernaculoprensadedios.com\/web\/wp-json\/wp\/v2\/media\/4012"}],"wp:attachment":[{"href":"https:\/\/tabernaculoprensadedios.com\/web\/wp-json\/wp\/v2\/media?parent=4011"}],"wp:term":[{"taxonomy":"category","embeddable":true,"href":"https:\/\/tabernaculoprensadedios.com\/web\/wp-json\/wp\/v2\/categories?post=4011"},{"taxonomy":"post_tag","embeddable":true,"href":"https:\/\/tabernaculoprensadedios.com\/web\/wp-json\/wp\/v2\/tags?post=4011"}],"curies":[{"name":"wp","href":"https:\/\/api.w.org\/{rel}","templated":true}]}}