{"id":3988,"date":"2015-11-14T03:52:43","date_gmt":"2015-11-14T03:52:43","guid":{"rendered":"http:\/\/tabernaculoprensadedios.com\/web\/?p=3988"},"modified":"2015-11-14T03:52:43","modified_gmt":"2015-11-14T03:52:43","slug":"confirman-primer-brote-del-virus-del-zika-en-el-caribe","status":"publish","type":"post","link":"https:\/\/tabernaculoprensadedios.com\/web\/confirman-primer-brote-del-virus-del-zika-en-el-caribe\/","title":{"rendered":"Confirman primer brote del virus del Zika en el Caribe"},"content":{"rendered":"<p>La Agencia de Salud del Caribe (Carpha, en ingl\u00e9s) confirm\u00f3 hoy el primer brote de zika en la regi\u00f3n tras dar a conocer cinco casos de pacientes infectados por el virus, que transmite el mismo mosquito del dengue y el chikungu\u00f1a.<\/p>\n<p>\u201cLa mejor forma de protegerse de esta enfermedad es evitar las picaduras de mosquitos y prevenir los criaderos\u201d, dijo el director ejecutivo de Carpha, James Hospedales, en un escueto comunicado.<\/p>\n<p>Carpha no especific\u00f3 en qu\u00e9 territorio se registr\u00f3 el brote de este virus para el cual \u201cno hay vacuna ni tratamiento\u201d, pero indic\u00f3 que este a\u00f1o Brasil y Rep\u00fablica Dominicana -que no pertenece al organismo regional- reportaron potenciales casos.<\/p>\n<p>\u201cLos s\u00edntomas del virus pueden durar de cuatro a siete d\u00edas. Las complicaciones son raras y no se han reportado muertes relacionadas al virus\u201d, apunt\u00f3 Carpha.<\/p>\n<p>El virus del zika fue aislado por primera vez en 1947 en muestras de sangre de monos del bosque Zika (Uganda) utilizados en proyectos para controlar la fiebre amarilla.<\/p>\n<p>Se trata de un virus end\u00e9mico del oeste de \u00c1frica pero ya se han registrado casos de circulaci\u00f3n espor\u00e1dica en Asia y Ocean\u00eda, as\u00ed como una situaci\u00f3n epid\u00e9mica en Malasia y Micronesia en 2007.<\/p>\n<p>El virus presenta s\u00edntomas similares al dengue y el chikungu\u00f1a, tales como dolores musculares y en las articulaciones, dolores de cabeza, erupciones en la piel y conjuntivitis.<\/p>\n<p>Carpha da cobertura a Anguila, Antigua y Barbuda, Aruba, Bermudas, Bahamas, Barbados, Belice, Curazao, Dominica, Granada, Guyana, Hait\u00ed, Jamaica, Montserrat, San Crist\u00f3bal y Nieves, Santa Luc\u00eda, San Mart\u00edn, San Vicente y las Granadinas, Surinam, Trinidad y Tobago, Turcas y Caicos y las Islas V\u00edrgenes Brit\u00e1nicas.<\/p>\n","protected":false},"excerpt":{"rendered":"<p>La Agencia de Salud del Caribe (Carpha, en ingl\u00e9s) confirm\u00f3 hoy el primer brote de zika en la regi\u00f3n tras dar a conocer cinco casos de pacientes infectados por el virus, que transmite el mismo mosquito del dengue y el chikungu\u00f1a. \u201cLa mejor forma de protegerse de esta enfermedad es evitar las picaduras de mosquitos &hellip;<\/p>\n","protected":false},"author":1,"featured_media":3989,"comment_status":"open","ping_status":"open","sticky":false,"template":"","format":"standard","meta":{"footnotes":""},"categories":[39],"tags":[],"class_list":["post-3988","post","type-post","status-publish","format-standard","has-post-thumbnail","hentry","category-almomento"],"yoast_head":"<!-- This site is optimized with the Yoast SEO Premium plugin v24.2 (Yoast SEO v27.1.1) - https:\/\/yoast.com\/product\/yoast-seo-premium-wordpress\/ -->\n<title>Confirman primer brote del virus del Zika en el Caribe - Tabernaculo Prensa de Dios<\/title>\n<meta name=\"robots\" content=\"index, follow, max-snippet:-1, max-image-preview:large, max-video-preview:-1\" \/>\n<link rel=\"canonical\" href=\"https:\/\/tabernaculoprensadedios.com\/web\/confirman-primer-brote-del-virus-del-zika-en-el-caribe\/\" class=\"yoast-seo-meta-tag\" \/>\n<meta property=\"og:locale\" content=\"es_ES\" class=\"yoast-seo-meta-tag\" \/>\n<meta property=\"og:type\" content=\"article\" class=\"yoast-seo-meta-tag\" \/>\n<meta property=\"og:title\" content=\"Confirman primer brote del virus del Zika en el Caribe\" class=\"yoast-seo-meta-tag\" \/>\n<meta property=\"og:description\" content=\"La Agencia de Salud del Caribe (Carpha, en ingl\u00e9s) confirm\u00f3 hoy el primer brote de zika en la regi\u00f3n tras dar a conocer cinco casos de pacientes infectados por el virus, que transmite el mismo mosquito del dengue y el chikungu\u00f1a. \u201cLa mejor forma de protegerse de esta enfermedad es evitar las picaduras de mosquitos &hellip;\" class=\"yoast-seo-meta-tag\" \/>\n<meta property=\"og:url\" content=\"https:\/\/tabernaculoprensadedios.com\/web\/confirman-primer-brote-del-virus-del-zika-en-el-caribe\/\" class=\"yoast-seo-meta-tag\" \/>\n<meta property=\"og:site_name\" content=\"Tabernaculo Prensa de Dios\" class=\"yoast-seo-meta-tag\" \/>\n<meta property=\"article:published_time\" content=\"2015-11-14T03:52:43+00:00\" class=\"yoast-seo-meta-tag\" \/>\n<meta property=\"og:image\" content=\"https:\/\/tabernaculoprensadedios.com\/web\/wp-content\/uploads\/2015\/11\/zika.jpg\" class=\"yoast-seo-meta-tag\" \/>\n\t<meta property=\"og:image:width\" content=\"442\" class=\"yoast-seo-meta-tag\" \/>\n\t<meta property=\"og:image:height\" content=\"256\" class=\"yoast-seo-meta-tag\" \/>\n\t<meta property=\"og:image:type\" content=\"image\/jpeg\" class=\"yoast-seo-meta-tag\" \/>\n<meta name=\"author\" content=\"tabernaculo\" class=\"yoast-seo-meta-tag\" \/>\n<meta name=\"twitter:card\" content=\"summary_large_image\" class=\"yoast-seo-meta-tag\" \/>\n<meta name=\"twitter:creator\" content=\"@PrensadeDios\" class=\"yoast-seo-meta-tag\" \/>\n<meta name=\"twitter:site\" content=\"@PrensadeDios\" class=\"yoast-seo-meta-tag\" \/>\n<meta name=\"twitter:label1\" content=\"Escrito por\" class=\"yoast-seo-meta-tag\" \/>\n\t<meta name=\"twitter:data1\" content=\"tabernaculo\" class=\"yoast-seo-meta-tag\" \/>\n\t<meta name=\"twitter:label2\" content=\"Tiempo de lectura\" class=\"yoast-seo-meta-tag\" \/>\n\t<meta name=\"twitter:data2\" content=\"1 minuto\" class=\"yoast-seo-meta-tag\" \/>\n<script type=\"application\/ld+json\" class=\"yoast-schema-graph\">{\"@context\":\"https:\/\/schema.org\",\"@graph\":[{\"@type\":\"Article\",\"@id\":\"https:\/\/tabernaculoprensadedios.com\/web\/confirman-primer-brote-del-virus-del-zika-en-el-caribe\/#article\",\"isPartOf\":{\"@id\":\"https:\/\/tabernaculoprensadedios.com\/web\/confirman-primer-brote-del-virus-del-zika-en-el-caribe\/\"},\"author\":{\"name\":\"tabernaculo\",\"@id\":\"https:\/\/tabernaculoprensadedios.com\/web\/#\/schema\/person\/bc0e069fef56b38e177db6f098ae0b6e\"},\"headline\":\"Confirman primer brote del virus del Zika en el Caribe\",\"datePublished\":\"2015-11-14T03:52:43+00:00\",\"mainEntityOfPage\":{\"@id\":\"https:\/\/tabernaculoprensadedios.com\/web\/confirman-primer-brote-del-virus-del-zika-en-el-caribe\/\"},\"wordCount\":299,\"commentCount\":0,\"publisher\":{\"@id\":\"https:\/\/tabernaculoprensadedios.com\/web\/#\/schema\/person\/bc0e069fef56b38e177db6f098ae0b6e\"},\"image\":{\"@id\":\"https:\/\/tabernaculoprensadedios.com\/web\/confirman-primer-brote-del-virus-del-zika-en-el-caribe\/#primaryimage\"},\"thumbnailUrl\":\"https:\/\/tabernaculoprensadedios.com\/web\/wp-content\/uploads\/2015\/11\/zika.jpg\",\"articleSection\":[\"almomento\"],\"inLanguage\":\"es\",\"potentialAction\":[{\"@type\":\"CommentAction\",\"name\":\"Comment\",\"target\":[\"https:\/\/tabernaculoprensadedios.com\/web\/confirman-primer-brote-del-virus-del-zika-en-el-caribe\/#respond\"]}]},{\"@type\":\"WebPage\",\"@id\":\"https:\/\/tabernaculoprensadedios.com\/web\/confirman-primer-brote-del-virus-del-zika-en-el-caribe\/\",\"url\":\"https:\/\/tabernaculoprensadedios.com\/web\/confirman-primer-brote-del-virus-del-zika-en-el-caribe\/\",\"name\":\"Confirman primer brote del virus del Zika en el Caribe - Tabernaculo Prensa de Dios\",\"isPartOf\":{\"@id\":\"https:\/\/tabernaculoprensadedios.com\/web\/#website\"},\"primaryImageOfPage\":{\"@id\":\"https:\/\/tabernaculoprensadedios.com\/web\/confirman-primer-brote-del-virus-del-zika-en-el-caribe\/#primaryimage\"},\"image\":{\"@id\":\"https:\/\/tabernaculoprensadedios.com\/web\/confirman-primer-brote-del-virus-del-zika-en-el-caribe\/#primaryimage\"},\"thumbnailUrl\":\"https:\/\/tabernaculoprensadedios.com\/web\/wp-content\/uploads\/2015\/11\/zika.jpg\",\"datePublished\":\"2015-11-14T03:52:43+00:00\",\"breadcrumb\":{\"@id\":\"https:\/\/tabernaculoprensadedios.com\/web\/confirman-primer-brote-del-virus-del-zika-en-el-caribe\/#breadcrumb\"},\"inLanguage\":\"es\",\"potentialAction\":[{\"@type\":\"ReadAction\",\"target\":[\"https:\/\/tabernaculoprensadedios.com\/web\/confirman-primer-brote-del-virus-del-zika-en-el-caribe\/\"]}]},{\"@type\":\"ImageObject\",\"inLanguage\":\"es\",\"@id\":\"https:\/\/tabernaculoprensadedios.com\/web\/confirman-primer-brote-del-virus-del-zika-en-el-caribe\/#primaryimage\",\"url\":\"https:\/\/tabernaculoprensadedios.com\/web\/wp-content\/uploads\/2015\/11\/zika.jpg\",\"contentUrl\":\"https:\/\/tabernaculoprensadedios.com\/web\/wp-content\/uploads\/2015\/11\/zika.jpg\",\"width\":442,\"height\":256},{\"@type\":\"BreadcrumbList\",\"@id\":\"https:\/\/tabernaculoprensadedios.com\/web\/confirman-primer-brote-del-virus-del-zika-en-el-caribe\/#breadcrumb\",\"itemListElement\":[{\"@type\":\"ListItem\",\"position\":1,\"name\":\"Portada\",\"item\":\"https:\/\/tabernaculoprensadedios.com\/web\/\"},{\"@type\":\"ListItem\",\"position\":2,\"name\":\"Confirman primer brote del virus del Zika en el Caribe\"}]},{\"@type\":\"WebSite\",\"@id\":\"https:\/\/tabernaculoprensadedios.com\/web\/#website\",\"url\":\"https:\/\/tabernaculoprensadedios.com\/web\/\",\"name\":\"Tabernaculo Prensa de Dios\",\"description\":\"Un medio a la manera de Dios\",\"publisher\":{\"@id\":\"https:\/\/tabernaculoprensadedios.com\/web\/#\/schema\/person\/bc0e069fef56b38e177db6f098ae0b6e\"},\"potentialAction\":[{\"@type\":\"SearchAction\",\"target\":{\"@type\":\"EntryPoint\",\"urlTemplate\":\"https:\/\/tabernaculoprensadedios.com\/web\/?s={search_term_string}\"},\"query-input\":{\"@type\":\"PropertyValueSpecification\",\"valueRequired\":true,\"valueName\":\"search_term_string\"}}],\"inLanguage\":\"es\"},{\"@type\":[\"Person\",\"Organization\"],\"@id\":\"https:\/\/tabernaculoprensadedios.com\/web\/#\/schema\/person\/bc0e069fef56b38e177db6f098ae0b6e\",\"name\":\"tabernaculo\",\"image\":{\"@type\":\"ImageObject\",\"inLanguage\":\"es\",\"@id\":\"https:\/\/tabernaculoprensadedios.com\/web\/#\/schema\/person\/image\/\",\"url\":\"https:\/\/tabernaculoprensadedios.com\/web\/wp-content\/uploads\/2015\/06\/login-logo1.png\",\"contentUrl\":\"https:\/\/tabernaculoprensadedios.com\/web\/wp-content\/uploads\/2015\/06\/login-logo1.png\",\"width\":300,\"height\":118,\"caption\":\"tabernaculo\"},\"logo\":{\"@id\":\"https:\/\/tabernaculoprensadedios.com\/web\/#\/schema\/person\/image\/\"},\"url\":\"https:\/\/tabernaculoprensadedios.com\/web\/author\/tabernaculo\/\"}]}<\/script>\n<!-- \/ Yoast SEO Premium plugin. -->","yoast_head_json":{"title":"Confirman primer brote del virus del Zika en el Caribe - Tabernaculo Prensa de Dios","robots":{"index":"index","follow":"follow","max-snippet":"max-snippet:-1","max-image-preview":"max-image-preview:large","max-video-preview":"max-video-preview:-1"},"canonical":"https:\/\/tabernaculoprensadedios.com\/web\/confirman-primer-brote-del-virus-del-zika-en-el-caribe\/","og_locale":"es_ES","og_type":"article","og_title":"Confirman primer brote del virus del Zika en el Caribe","og_description":"La Agencia de Salud del Caribe (Carpha, en ingl\u00e9s) confirm\u00f3 hoy el primer brote de zika en la regi\u00f3n tras dar a conocer cinco casos de pacientes infectados por el virus, que transmite el mismo mosquito del dengue y el chikungu\u00f1a. \u201cLa mejor forma de protegerse de esta enfermedad es evitar las picaduras de mosquitos &hellip;","og_url":"https:\/\/tabernaculoprensadedios.com\/web\/confirman-primer-brote-del-virus-del-zika-en-el-caribe\/","og_site_name":"Tabernaculo Prensa de Dios","article_published_time":"2015-11-14T03:52:43+00:00","og_image":[{"width":442,"height":256,"url":"https:\/\/tabernaculoprensadedios.com\/web\/wp-content\/uploads\/2015\/11\/zika.jpg","type":"image\/jpeg"}],"author":"tabernaculo","twitter_card":"summary_large_image","twitter_creator":"@PrensadeDios","twitter_site":"@PrensadeDios","twitter_misc":{"Escrito por":"tabernaculo","Tiempo de lectura":"1 minuto"},"schema":{"@context":"https:\/\/schema.org","@graph":[{"@type":"Article","@id":"https:\/\/tabernaculoprensadedios.com\/web\/confirman-primer-brote-del-virus-del-zika-en-el-caribe\/#article","isPartOf":{"@id":"https:\/\/tabernaculoprensadedios.com\/web\/confirman-primer-brote-del-virus-del-zika-en-el-caribe\/"},"author":{"name":"tabernaculo","@id":"https:\/\/tabernaculoprensadedios.com\/web\/#\/schema\/person\/bc0e069fef56b38e177db6f098ae0b6e"},"headline":"Confirman primer brote del virus del Zika en el Caribe","datePublished":"2015-11-14T03:52:43+00:00","mainEntityOfPage":{"@id":"https:\/\/tabernaculoprensadedios.com\/web\/confirman-primer-brote-del-virus-del-zika-en-el-caribe\/"},"wordCount":299,"commentCount":0,"publisher":{"@id":"https:\/\/tabernaculoprensadedios.com\/web\/#\/schema\/person\/bc0e069fef56b38e177db6f098ae0b6e"},"image":{"@id":"https:\/\/tabernaculoprensadedios.com\/web\/confirman-primer-brote-del-virus-del-zika-en-el-caribe\/#primaryimage"},"thumbnailUrl":"https:\/\/tabernaculoprensadedios.com\/web\/wp-content\/uploads\/2015\/11\/zika.jpg","articleSection":["almomento"],"inLanguage":"es","potentialAction":[{"@type":"CommentAction","name":"Comment","target":["https:\/\/tabernaculoprensadedios.com\/web\/confirman-primer-brote-del-virus-del-zika-en-el-caribe\/#respond"]}]},{"@type":"WebPage","@id":"https:\/\/tabernaculoprensadedios.com\/web\/confirman-primer-brote-del-virus-del-zika-en-el-caribe\/","url":"https:\/\/tabernaculoprensadedios.com\/web\/confirman-primer-brote-del-virus-del-zika-en-el-caribe\/","name":"Confirman primer brote del virus del Zika en el Caribe - Tabernaculo Prensa de Dios","isPartOf":{"@id":"https:\/\/tabernaculoprensadedios.com\/web\/#website"},"primaryImageOfPage":{"@id":"https:\/\/tabernaculoprensadedios.com\/web\/confirman-primer-brote-del-virus-del-zika-en-el-caribe\/#primaryimage"},"image":{"@id":"https:\/\/tabernaculoprensadedios.com\/web\/confirman-primer-brote-del-virus-del-zika-en-el-caribe\/#primaryimage"},"thumbnailUrl":"https:\/\/tabernaculoprensadedios.com\/web\/wp-content\/uploads\/2015\/11\/zika.jpg","datePublished":"2015-11-14T03:52:43+00:00","breadcrumb":{"@id":"https:\/\/tabernaculoprensadedios.com\/web\/confirman-primer-brote-del-virus-del-zika-en-el-caribe\/#breadcrumb"},"inLanguage":"es","potentialAction":[{"@type":"ReadAction","target":["https:\/\/tabernaculoprensadedios.com\/web\/confirman-primer-brote-del-virus-del-zika-en-el-caribe\/"]}]},{"@type":"ImageObject","inLanguage":"es","@id":"https:\/\/tabernaculoprensadedios.com\/web\/confirman-primer-brote-del-virus-del-zika-en-el-caribe\/#primaryimage","url":"https:\/\/tabernaculoprensadedios.com\/web\/wp-content\/uploads\/2015\/11\/zika.jpg","contentUrl":"https:\/\/tabernaculoprensadedios.com\/web\/wp-content\/uploads\/2015\/11\/zika.jpg","width":442,"height":256},{"@type":"BreadcrumbList","@id":"https:\/\/tabernaculoprensadedios.com\/web\/confirman-primer-brote-del-virus-del-zika-en-el-caribe\/#breadcrumb","itemListElement":[{"@type":"ListItem","position":1,"name":"Portada","item":"https:\/\/tabernaculoprensadedios.com\/web\/"},{"@type":"ListItem","position":2,"name":"Confirman primer brote del virus del Zika en el Caribe"}]},{"@type":"WebSite","@id":"https:\/\/tabernaculoprensadedios.com\/web\/#website","url":"https:\/\/tabernaculoprensadedios.com\/web\/","name":"Tabernaculo Prensa de Dios","description":"Un medio a la manera de Dios","publisher":{"@id":"https:\/\/tabernaculoprensadedios.com\/web\/#\/schema\/person\/bc0e069fef56b38e177db6f098ae0b6e"},"potentialAction":[{"@type":"SearchAction","target":{"@type":"EntryPoint","urlTemplate":"https:\/\/tabernaculoprensadedios.com\/web\/?s={search_term_string}"},"query-input":{"@type":"PropertyValueSpecification","valueRequired":true,"valueName":"search_term_string"}}],"inLanguage":"es"},{"@type":["Person","Organization"],"@id":"https:\/\/tabernaculoprensadedios.com\/web\/#\/schema\/person\/bc0e069fef56b38e177db6f098ae0b6e","name":"tabernaculo","image":{"@type":"ImageObject","inLanguage":"es","@id":"https:\/\/tabernaculoprensadedios.com\/web\/#\/schema\/person\/image\/","url":"https:\/\/tabernaculoprensadedios.com\/web\/wp-content\/uploads\/2015\/06\/login-logo1.png","contentUrl":"https:\/\/tabernaculoprensadedios.com\/web\/wp-content\/uploads\/2015\/06\/login-logo1.png","width":300,"height":118,"caption":"tabernaculo"},"logo":{"@id":"https:\/\/tabernaculoprensadedios.com\/web\/#\/schema\/person\/image\/"},"url":"https:\/\/tabernaculoprensadedios.com\/web\/author\/tabernaculo\/"}]}},"_links":{"self":[{"href":"https:\/\/tabernaculoprensadedios.com\/web\/wp-json\/wp\/v2\/posts\/3988","targetHints":{"allow":["GET"]}}],"collection":[{"href":"https:\/\/tabernaculoprensadedios.com\/web\/wp-json\/wp\/v2\/posts"}],"about":[{"href":"https:\/\/tabernaculoprensadedios.com\/web\/wp-json\/wp\/v2\/types\/post"}],"author":[{"embeddable":true,"href":"https:\/\/tabernaculoprensadedios.com\/web\/wp-json\/wp\/v2\/users\/1"}],"replies":[{"embeddable":true,"href":"https:\/\/tabernaculoprensadedios.com\/web\/wp-json\/wp\/v2\/comments?post=3988"}],"version-history":[{"count":1,"href":"https:\/\/tabernaculoprensadedios.com\/web\/wp-json\/wp\/v2\/posts\/3988\/revisions"}],"predecessor-version":[{"id":3990,"href":"https:\/\/tabernaculoprensadedios.com\/web\/wp-json\/wp\/v2\/posts\/3988\/revisions\/3990"}],"wp:featuredmedia":[{"embeddable":true,"href":"https:\/\/tabernaculoprensadedios.com\/web\/wp-json\/wp\/v2\/media\/3989"}],"wp:attachment":[{"href":"https:\/\/tabernaculoprensadedios.com\/web\/wp-json\/wp\/v2\/media?parent=3988"}],"wp:term":[{"taxonomy":"category","embeddable":true,"href":"https:\/\/tabernaculoprensadedios.com\/web\/wp-json\/wp\/v2\/categories?post=3988"},{"taxonomy":"post_tag","embeddable":true,"href":"https:\/\/tabernaculoprensadedios.com\/web\/wp-json\/wp\/v2\/tags?post=3988"}],"curies":[{"name":"wp","href":"https:\/\/api.w.org\/{rel}","templated":true}]}}