{"id":38971,"date":"2026-09-05T11:58:31","date_gmt":"2026-09-05T15:58:31","guid":{"rendered":"https:\/\/tabernaculoprensadedios.com\/web\/?p=38971"},"modified":"2026-09-05T11:58:31","modified_gmt":"2026-09-05T15:58:31","slug":"decimas-por-lo-alto-en-el-monumento-a-los-heroes-de-la-restauracion","status":"publish","type":"post","link":"https:\/\/tabernaculoprensadedios.com\/web\/decimas-por-lo-alto-en-el-monumento-a-los-heroes-de-la-restauracion\/","title":{"rendered":"D\u00e9cimas por lo Alto en el Monumento a los H\u00e9roes de la Restauraci\u00f3n"},"content":{"rendered":"<p>El Museo Monumento a los H\u00e9roes de la Restauraci\u00f3n y el movimiento decimero DeciM\u00e1s, invita a toda la familia a disfrutar de un recital po\u00e9tico dedicado al insigne poeta popular dominicano Juan Antonio Alix, con motivo de conmemorarse el 193 aniversario de su natalicio.<\/p>\n<p>El encuentro se celebrar\u00e1 este domingo 6 de septiembre, a las 4:00 de la tarde, en el primer nivel del Museo Monumento a los H\u00e9roes de la Restauraci\u00f3n, donde se rendir\u00e1 homenaje a la obra y legado de quien es considerado una de las figuras fundamentales de la tradici\u00f3n de la d\u00e9cima popular dominicana.<\/p>\n<p>El recital contar\u00e1 con la participaci\u00f3n de destacados escritores de d\u00e9cimas, entre ellos Ynocencia Vega, Noel Rodr\u00edguez, Fello Est\u00e9vez, Jhonny Lama y Sime\u00f3n Familia, quienes compartir\u00e1n con el p\u00fablico sus composiciones y versos, en una jornada dedicada a celebrar la palabra, la poes\u00eda y las tradiciones culturales dominicanas.<\/p>\n<p>D\u00e9cimas por lo Alto procura mantener viva la tradici\u00f3n de la d\u00e9cima y acercarla a las nuevas generaciones, promoviendo espacios de encuentro donde la creaci\u00f3n literaria y la identidad cultural convergen.<\/p>\n<p>Los organizadores extienden una cordial invitaci\u00f3n a familias, amantes de la poes\u00eda, estudiantes, escritores y p\u00fablico en general para participar de esta celebraci\u00f3n cultural en honor a Juan Antonio Alix.<\/p>\n<p>La entrada es una oportunidad para disfrutar de la poes\u00eda y la cultura dominicana en un ambiente familiar.<\/p>\n<p><strong>Fecha:<\/strong> Domingo 6 de septiembre<br \/>\n<strong>Hora<\/strong>: 4:00 p. m.<br \/>\n<strong>Lugar:<\/strong> Primer nivel del Museo Monumento a los H\u00e9roes de la Restauraci\u00f3n<br \/>\n<strong>Actividad:<\/strong> Recital po\u00e9tico en homenaje a Juan Antonio Alix.<\/p>\n","protected":false},"excerpt":{"rendered":"<p>El Museo Monumento a los H\u00e9roes de la Restauraci\u00f3n y el movimiento decimero DeciM\u00e1s, invita a toda la familia a disfrutar de un recital po\u00e9tico dedicado al insigne poeta popular dominicano Juan Antonio Alix, con motivo de conmemorarse el 193 aniversario de su natalicio. El encuentro se celebrar\u00e1 este domingo 6 de septiembre, a las &hellip;<\/p>\n","protected":false},"author":1,"featured_media":38973,"comment_status":"open","ping_status":"open","sticky":false,"template":"","format":"standard","meta":{"footnotes":""},"categories":[794],"tags":[],"class_list":["post-38971","post","type-post","status-publish","format-standard","has-post-thumbnail","hentry","category-mas-alla-del-monumento"],"yoast_head":"<!-- This site is optimized with the Yoast SEO Premium plugin v24.2 (Yoast SEO v28.3) - https:\/\/yoast.com\/product\/yoast-seo-premium-wordpress\/ -->\n<title>D\u00e9cimas por lo Alto en el Monumento a los H\u00e9roes de la Restauraci\u00f3n - Tabernaculo Prensa de Dios<\/title>\n<meta name=\"robots\" content=\"index, follow, max-snippet:-1, max-image-preview:large, max-video-preview:-1\" \/>\n<link rel=\"canonical\" href=\"https:\/\/tabernaculoprensadedios.com\/web\/decimas-por-lo-alto-en-el-monumento-a-los-heroes-de-la-restauracion\/\" class=\"yoast-seo-meta-tag\" \/>\n<meta property=\"og:locale\" content=\"es_ES\" class=\"yoast-seo-meta-tag\" \/>\n<meta property=\"og:type\" content=\"article\" class=\"yoast-seo-meta-tag\" \/>\n<meta property=\"og:title\" content=\"D\u00e9cimas por lo Alto en el Monumento a los H\u00e9roes de la Restauraci\u00f3n\" class=\"yoast-seo-meta-tag\" \/>\n<meta property=\"og:description\" content=\"El Museo Monumento a los H\u00e9roes de la Restauraci\u00f3n y el movimiento decimero DeciM\u00e1s, invita a toda la familia a disfrutar de un recital po\u00e9tico dedicado al insigne poeta popular dominicano Juan Antonio Alix, con motivo de conmemorarse el 193 aniversario de su natalicio. El encuentro se celebrar\u00e1 este domingo 6 de septiembre, a las &hellip;\" class=\"yoast-seo-meta-tag\" \/>\n<meta property=\"og:url\" content=\"https:\/\/tabernaculoprensadedios.com\/web\/decimas-por-lo-alto-en-el-monumento-a-los-heroes-de-la-restauracion\/\" class=\"yoast-seo-meta-tag\" \/>\n<meta property=\"og:site_name\" content=\"Tabernaculo Prensa de Dios\" class=\"yoast-seo-meta-tag\" \/>\n<meta property=\"article:published_time\" content=\"2026-09-05T15:58:31+00:00\" class=\"yoast-seo-meta-tag\" \/>\n<meta property=\"og:image\" content=\"https:\/\/tabernaculoprensadedios.com\/web\/wp-content\/uploads\/2026\/09\/monumento-Decimas-.avif\" class=\"yoast-seo-meta-tag\" \/>\n\t<meta property=\"og:image:width\" content=\"1600\" class=\"yoast-seo-meta-tag\" \/>\n\t<meta property=\"og:image:height\" content=\"893\" class=\"yoast-seo-meta-tag\" \/>\n\t<meta property=\"og:image:type\" content=\"image\/jpeg\" class=\"yoast-seo-meta-tag\" \/>\n<meta name=\"author\" content=\"tabernaculo\" class=\"yoast-seo-meta-tag\" \/>\n<meta name=\"twitter:card\" content=\"summary_large_image\" class=\"yoast-seo-meta-tag\" \/>\n<meta name=\"twitter:creator\" content=\"@PrensadeDios\" class=\"yoast-seo-meta-tag\" \/>\n<meta name=\"twitter:site\" content=\"@PrensadeDios\" class=\"yoast-seo-meta-tag\" \/>\n<meta name=\"twitter:label1\" content=\"Escrito por\" class=\"yoast-seo-meta-tag\" \/>\n\t<meta name=\"twitter:data1\" content=\"tabernaculo\" class=\"yoast-seo-meta-tag\" \/>\n\t<meta name=\"twitter:label2\" content=\"Tiempo de lectura\" class=\"yoast-seo-meta-tag\" \/>\n\t<meta name=\"twitter:data2\" content=\"2 minutos\" class=\"yoast-seo-meta-tag\" \/>\n<script type=\"application\/ld+json\" class=\"yoast-schema-graph\">{\"@context\":\"https:\\\/\\\/schema.org\",\"@graph\":[{\"@type\":\"Article\",\"@id\":\"https:\\\/\\\/tabernaculoprensadedios.com\\\/web\\\/decimas-por-lo-alto-en-el-monumento-a-los-heroes-de-la-restauracion\\\/#article\",\"isPartOf\":{\"@id\":\"https:\\\/\\\/tabernaculoprensadedios.com\\\/web\\\/decimas-por-lo-alto-en-el-monumento-a-los-heroes-de-la-restauracion\\\/\"},\"author\":{\"name\":\"tabernaculo\",\"@id\":\"https:\\\/\\\/tabernaculoprensadedios.com\\\/web\\\/#\\\/schema\\\/person\\\/bc0e069fef56b38e177db6f098ae0b6e\"},\"headline\":\"D\u00e9cimas por lo Alto en el Monumento a los H\u00e9roes de la Restauraci\u00f3n\",\"datePublished\":\"2026-09-05T15:58:31+00:00\",\"mainEntityOfPage\":{\"@id\":\"https:\\\/\\\/tabernaculoprensadedios.com\\\/web\\\/decimas-por-lo-alto-en-el-monumento-a-los-heroes-de-la-restauracion\\\/\"},\"wordCount\":294,\"commentCount\":0,\"publisher\":{\"@id\":\"https:\\\/\\\/tabernaculoprensadedios.com\\\/web\\\/#\\\/schema\\\/person\\\/bc0e069fef56b38e177db6f098ae0b6e\"},\"image\":{\"@id\":\"https:\\\/\\\/tabernaculoprensadedios.com\\\/web\\\/decimas-por-lo-alto-en-el-monumento-a-los-heroes-de-la-restauracion\\\/#primaryimage\"},\"thumbnailUrl\":\"https:\\\/\\\/tabernaculoprensadedios.com\\\/web\\\/wp-content\\\/uploads\\\/2026\\\/09\\\/monumento-Decimas-.avif\",\"articleSection\":[\"M\u00e1s all\u00e1 del Monumento\"],\"inLanguage\":\"es\",\"potentialAction\":[{\"@type\":\"CommentAction\",\"name\":\"Comment\",\"target\":[\"https:\\\/\\\/tabernaculoprensadedios.com\\\/web\\\/decimas-por-lo-alto-en-el-monumento-a-los-heroes-de-la-restauracion\\\/#respond\"]}]},{\"@type\":\"WebPage\",\"@id\":\"https:\\\/\\\/tabernaculoprensadedios.com\\\/web\\\/decimas-por-lo-alto-en-el-monumento-a-los-heroes-de-la-restauracion\\\/\",\"url\":\"https:\\\/\\\/tabernaculoprensadedios.com\\\/web\\\/decimas-por-lo-alto-en-el-monumento-a-los-heroes-de-la-restauracion\\\/\",\"name\":\"D\u00e9cimas por lo Alto en el Monumento a los H\u00e9roes de la Restauraci\u00f3n - Tabernaculo Prensa de Dios\",\"isPartOf\":{\"@id\":\"https:\\\/\\\/tabernaculoprensadedios.com\\\/web\\\/#website\"},\"primaryImageOfPage\":{\"@id\":\"https:\\\/\\\/tabernaculoprensadedios.com\\\/web\\\/decimas-por-lo-alto-en-el-monumento-a-los-heroes-de-la-restauracion\\\/#primaryimage\"},\"image\":{\"@id\":\"https:\\\/\\\/tabernaculoprensadedios.com\\\/web\\\/decimas-por-lo-alto-en-el-monumento-a-los-heroes-de-la-restauracion\\\/#primaryimage\"},\"thumbnailUrl\":\"https:\\\/\\\/tabernaculoprensadedios.com\\\/web\\\/wp-content\\\/uploads\\\/2026\\\/09\\\/monumento-Decimas-.avif\",\"datePublished\":\"2026-09-05T15:58:31+00:00\",\"breadcrumb\":{\"@id\":\"https:\\\/\\\/tabernaculoprensadedios.com\\\/web\\\/decimas-por-lo-alto-en-el-monumento-a-los-heroes-de-la-restauracion\\\/#breadcrumb\"},\"inLanguage\":\"es\",\"potentialAction\":[{\"@type\":\"ReadAction\",\"target\":[\"https:\\\/\\\/tabernaculoprensadedios.com\\\/web\\\/decimas-por-lo-alto-en-el-monumento-a-los-heroes-de-la-restauracion\\\/\"]}]},{\"@type\":\"ImageObject\",\"inLanguage\":\"es\",\"@id\":\"https:\\\/\\\/tabernaculoprensadedios.com\\\/web\\\/decimas-por-lo-alto-en-el-monumento-a-los-heroes-de-la-restauracion\\\/#primaryimage\",\"url\":\"https:\\\/\\\/tabernaculoprensadedios.com\\\/web\\\/wp-content\\\/uploads\\\/2026\\\/09\\\/monumento-Decimas-.avif\",\"contentUrl\":\"https:\\\/\\\/tabernaculoprensadedios.com\\\/web\\\/wp-content\\\/uploads\\\/2026\\\/09\\\/monumento-Decimas-.avif\",\"width\":1600,\"height\":893},{\"@type\":\"BreadcrumbList\",\"@id\":\"https:\\\/\\\/tabernaculoprensadedios.com\\\/web\\\/decimas-por-lo-alto-en-el-monumento-a-los-heroes-de-la-restauracion\\\/#breadcrumb\",\"itemListElement\":[{\"@type\":\"ListItem\",\"position\":1,\"name\":\"Portada\",\"item\":\"https:\\\/\\\/tabernaculoprensadedios.com\\\/web\\\/\"},{\"@type\":\"ListItem\",\"position\":2,\"name\":\"D\u00e9cimas por lo Alto en el Monumento a los H\u00e9roes de la Restauraci\u00f3n\"}]},{\"@type\":\"WebSite\",\"@id\":\"https:\\\/\\\/tabernaculoprensadedios.com\\\/web\\\/#website\",\"url\":\"https:\\\/\\\/tabernaculoprensadedios.com\\\/web\\\/\",\"name\":\"Tabernaculo Prensa de Dios\",\"description\":\"Un medio a la manera de Dios\",\"publisher\":{\"@id\":\"https:\\\/\\\/tabernaculoprensadedios.com\\\/web\\\/#\\\/schema\\\/person\\\/bc0e069fef56b38e177db6f098ae0b6e\"},\"potentialAction\":[{\"@type\":\"SearchAction\",\"target\":{\"@type\":\"EntryPoint\",\"urlTemplate\":\"https:\\\/\\\/tabernaculoprensadedios.com\\\/web\\\/?s={search_term_string}\"},\"query-input\":{\"@type\":\"PropertyValueSpecification\",\"valueRequired\":true,\"valueName\":\"search_term_string\"}}],\"inLanguage\":\"es\"},{\"@type\":[\"Person\",\"Organization\"],\"@id\":\"https:\\\/\\\/tabernaculoprensadedios.com\\\/web\\\/#\\\/schema\\\/person\\\/bc0e069fef56b38e177db6f098ae0b6e\",\"name\":\"tabernaculo\",\"image\":{\"@type\":\"ImageObject\",\"inLanguage\":\"es\",\"@id\":\"https:\\\/\\\/tabernaculoprensadedios.com\\\/web\\\/wp-content\\\/uploads\\\/2015\\\/06\\\/login-logo1.png\",\"url\":\"https:\\\/\\\/tabernaculoprensadedios.com\\\/web\\\/wp-content\\\/uploads\\\/2015\\\/06\\\/login-logo1.png\",\"contentUrl\":\"https:\\\/\\\/tabernaculoprensadedios.com\\\/web\\\/wp-content\\\/uploads\\\/2015\\\/06\\\/login-logo1.png\",\"width\":300,\"height\":118,\"caption\":\"tabernaculo\"},\"logo\":{\"@id\":\"https:\\\/\\\/tabernaculoprensadedios.com\\\/web\\\/wp-content\\\/uploads\\\/2015\\\/06\\\/login-logo1.png\"},\"url\":\"https:\\\/\\\/tabernaculoprensadedios.com\\\/web\\\/author\\\/tabernaculo\\\/\"}]}<\/script>\n<!-- \/ Yoast SEO Premium plugin. -->","yoast_head_json":{"title":"D\u00e9cimas por lo Alto en el Monumento a los H\u00e9roes de la Restauraci\u00f3n - Tabernaculo Prensa de Dios","robots":{"index":"index","follow":"follow","max-snippet":"max-snippet:-1","max-image-preview":"max-image-preview:large","max-video-preview":"max-video-preview:-1"},"canonical":"https:\/\/tabernaculoprensadedios.com\/web\/decimas-por-lo-alto-en-el-monumento-a-los-heroes-de-la-restauracion\/","og_locale":"es_ES","og_type":"article","og_title":"D\u00e9cimas por lo Alto en el Monumento a los H\u00e9roes de la Restauraci\u00f3n","og_description":"El Museo Monumento a los H\u00e9roes de la Restauraci\u00f3n y el movimiento decimero DeciM\u00e1s, invita a toda la familia a disfrutar de un recital po\u00e9tico dedicado al insigne poeta popular dominicano Juan Antonio Alix, con motivo de conmemorarse el 193 aniversario de su natalicio. El encuentro se celebrar\u00e1 este domingo 6 de septiembre, a las &hellip;","og_url":"https:\/\/tabernaculoprensadedios.com\/web\/decimas-por-lo-alto-en-el-monumento-a-los-heroes-de-la-restauracion\/","og_site_name":"Tabernaculo Prensa de Dios","article_published_time":"2026-09-05T15:58:31+00:00","og_image":[{"width":1600,"height":893,"url":"https:\/\/tabernaculoprensadedios.com\/web\/wp-content\/uploads\/2026\/09\/monumento-Decimas-.avif","type":"image\/jpeg"}],"author":"tabernaculo","twitter_card":"summary_large_image","twitter_creator":"@PrensadeDios","twitter_site":"@PrensadeDios","twitter_misc":{"Escrito por":"tabernaculo","Tiempo de lectura":"2 minutos"},"schema":{"@context":"https:\/\/schema.org","@graph":[{"@type":"Article","@id":"https:\/\/tabernaculoprensadedios.com\/web\/decimas-por-lo-alto-en-el-monumento-a-los-heroes-de-la-restauracion\/#article","isPartOf":{"@id":"https:\/\/tabernaculoprensadedios.com\/web\/decimas-por-lo-alto-en-el-monumento-a-los-heroes-de-la-restauracion\/"},"author":{"name":"tabernaculo","@id":"https:\/\/tabernaculoprensadedios.com\/web\/#\/schema\/person\/bc0e069fef56b38e177db6f098ae0b6e"},"headline":"D\u00e9cimas por lo Alto en el Monumento a los H\u00e9roes de la Restauraci\u00f3n","datePublished":"2026-09-05T15:58:31+00:00","mainEntityOfPage":{"@id":"https:\/\/tabernaculoprensadedios.com\/web\/decimas-por-lo-alto-en-el-monumento-a-los-heroes-de-la-restauracion\/"},"wordCount":294,"commentCount":0,"publisher":{"@id":"https:\/\/tabernaculoprensadedios.com\/web\/#\/schema\/person\/bc0e069fef56b38e177db6f098ae0b6e"},"image":{"@id":"https:\/\/tabernaculoprensadedios.com\/web\/decimas-por-lo-alto-en-el-monumento-a-los-heroes-de-la-restauracion\/#primaryimage"},"thumbnailUrl":"https:\/\/tabernaculoprensadedios.com\/web\/wp-content\/uploads\/2026\/09\/monumento-Decimas-.avif","articleSection":["M\u00e1s all\u00e1 del Monumento"],"inLanguage":"es","potentialAction":[{"@type":"CommentAction","name":"Comment","target":["https:\/\/tabernaculoprensadedios.com\/web\/decimas-por-lo-alto-en-el-monumento-a-los-heroes-de-la-restauracion\/#respond"]}]},{"@type":"WebPage","@id":"https:\/\/tabernaculoprensadedios.com\/web\/decimas-por-lo-alto-en-el-monumento-a-los-heroes-de-la-restauracion\/","url":"https:\/\/tabernaculoprensadedios.com\/web\/decimas-por-lo-alto-en-el-monumento-a-los-heroes-de-la-restauracion\/","name":"D\u00e9cimas por lo Alto en el Monumento a los H\u00e9roes de la Restauraci\u00f3n - Tabernaculo Prensa de Dios","isPartOf":{"@id":"https:\/\/tabernaculoprensadedios.com\/web\/#website"},"primaryImageOfPage":{"@id":"https:\/\/tabernaculoprensadedios.com\/web\/decimas-por-lo-alto-en-el-monumento-a-los-heroes-de-la-restauracion\/#primaryimage"},"image":{"@id":"https:\/\/tabernaculoprensadedios.com\/web\/decimas-por-lo-alto-en-el-monumento-a-los-heroes-de-la-restauracion\/#primaryimage"},"thumbnailUrl":"https:\/\/tabernaculoprensadedios.com\/web\/wp-content\/uploads\/2026\/09\/monumento-Decimas-.avif","datePublished":"2026-09-05T15:58:31+00:00","breadcrumb":{"@id":"https:\/\/tabernaculoprensadedios.com\/web\/decimas-por-lo-alto-en-el-monumento-a-los-heroes-de-la-restauracion\/#breadcrumb"},"inLanguage":"es","potentialAction":[{"@type":"ReadAction","target":["https:\/\/tabernaculoprensadedios.com\/web\/decimas-por-lo-alto-en-el-monumento-a-los-heroes-de-la-restauracion\/"]}]},{"@type":"ImageObject","inLanguage":"es","@id":"https:\/\/tabernaculoprensadedios.com\/web\/decimas-por-lo-alto-en-el-monumento-a-los-heroes-de-la-restauracion\/#primaryimage","url":"https:\/\/tabernaculoprensadedios.com\/web\/wp-content\/uploads\/2026\/09\/monumento-Decimas-.avif","contentUrl":"https:\/\/tabernaculoprensadedios.com\/web\/wp-content\/uploads\/2026\/09\/monumento-Decimas-.avif","width":1600,"height":893},{"@type":"BreadcrumbList","@id":"https:\/\/tabernaculoprensadedios.com\/web\/decimas-por-lo-alto-en-el-monumento-a-los-heroes-de-la-restauracion\/#breadcrumb","itemListElement":[{"@type":"ListItem","position":1,"name":"Portada","item":"https:\/\/tabernaculoprensadedios.com\/web\/"},{"@type":"ListItem","position":2,"name":"D\u00e9cimas por lo Alto en el Monumento a los H\u00e9roes de la Restauraci\u00f3n"}]},{"@type":"WebSite","@id":"https:\/\/tabernaculoprensadedios.com\/web\/#website","url":"https:\/\/tabernaculoprensadedios.com\/web\/","name":"Tabernaculo Prensa de Dios","description":"Un medio a la manera de Dios","publisher":{"@id":"https:\/\/tabernaculoprensadedios.com\/web\/#\/schema\/person\/bc0e069fef56b38e177db6f098ae0b6e"},"potentialAction":[{"@type":"SearchAction","target":{"@type":"EntryPoint","urlTemplate":"https:\/\/tabernaculoprensadedios.com\/web\/?s={search_term_string}"},"query-input":{"@type":"PropertyValueSpecification","valueRequired":true,"valueName":"search_term_string"}}],"inLanguage":"es"},{"@type":["Person","Organization"],"@id":"https:\/\/tabernaculoprensadedios.com\/web\/#\/schema\/person\/bc0e069fef56b38e177db6f098ae0b6e","name":"tabernaculo","image":{"@type":"ImageObject","inLanguage":"es","@id":"https:\/\/tabernaculoprensadedios.com\/web\/wp-content\/uploads\/2015\/06\/login-logo1.png","url":"https:\/\/tabernaculoprensadedios.com\/web\/wp-content\/uploads\/2015\/06\/login-logo1.png","contentUrl":"https:\/\/tabernaculoprensadedios.com\/web\/wp-content\/uploads\/2015\/06\/login-logo1.png","width":300,"height":118,"caption":"tabernaculo"},"logo":{"@id":"https:\/\/tabernaculoprensadedios.com\/web\/wp-content\/uploads\/2015\/06\/login-logo1.png"},"url":"https:\/\/tabernaculoprensadedios.com\/web\/author\/tabernaculo\/"}]}},"_links":{"self":[{"href":"https:\/\/tabernaculoprensadedios.com\/web\/wp-json\/wp\/v2\/posts\/38971","targetHints":{"allow":["GET"]}}],"collection":[{"href":"https:\/\/tabernaculoprensadedios.com\/web\/wp-json\/wp\/v2\/posts"}],"about":[{"href":"https:\/\/tabernaculoprensadedios.com\/web\/wp-json\/wp\/v2\/types\/post"}],"author":[{"embeddable":true,"href":"https:\/\/tabernaculoprensadedios.com\/web\/wp-json\/wp\/v2\/users\/1"}],"replies":[{"embeddable":true,"href":"https:\/\/tabernaculoprensadedios.com\/web\/wp-json\/wp\/v2\/comments?post=38971"}],"version-history":[{"count":1,"href":"https:\/\/tabernaculoprensadedios.com\/web\/wp-json\/wp\/v2\/posts\/38971\/revisions"}],"predecessor-version":[{"id":38974,"href":"https:\/\/tabernaculoprensadedios.com\/web\/wp-json\/wp\/v2\/posts\/38971\/revisions\/38974"}],"wp:featuredmedia":[{"embeddable":true,"href":"https:\/\/tabernaculoprensadedios.com\/web\/wp-json\/wp\/v2\/media\/38973"}],"wp:attachment":[{"href":"https:\/\/tabernaculoprensadedios.com\/web\/wp-json\/wp\/v2\/media?parent=38971"}],"wp:term":[{"taxonomy":"category","embeddable":true,"href":"https:\/\/tabernaculoprensadedios.com\/web\/wp-json\/wp\/v2\/categories?post=38971"},{"taxonomy":"post_tag","embeddable":true,"href":"https:\/\/tabernaculoprensadedios.com\/web\/wp-json\/wp\/v2\/tags?post=38971"}],"curies":[{"name":"wp","href":"https:\/\/api.w.org\/{rel}","templated":true}]}}