{"id":38942,"date":"2026-09-03T18:28:39","date_gmt":"2026-09-03T22:28:39","guid":{"rendered":"https:\/\/tabernaculoprensadedios.com\/web\/?p=38942"},"modified":"2026-09-03T22:33:50","modified_gmt":"2026-09-04T02:33:50","slug":"ifb-y-fundacion-ayo-entregan-mochilas-y-utiles-escolares-a-ninos-de-escasos-recursos","status":"publish","type":"post","link":"https:\/\/tabernaculoprensadedios.com\/web\/ifb-y-fundacion-ayo-entregan-mochilas-y-utiles-escolares-a-ninos-de-escasos-recursos\/","title":{"rendered":"IFB y Fundaci\u00f3n AYO entregan mochilas y \u00fatiles escolares a ni\u00f1os de escasos recursos"},"content":{"rendered":"<p>La Iglesia Fundamento B\u00edblico(IFB) junto a la Fundaci\u00f3n AYO (Ayudando a Otro) distribuy\u00f3 m\u00e1s de 500 mochilas y \u00fatiles escolares a ni\u00f1os y ni\u00f1as de familias de escasos recursos, como parte de sus acciones de apoyo social con motivo del inicio del a\u00f1o escolar.<\/p>\n<p>El pastor \u00c1ngel Castillo, representante de la organizaci\u00f3n, explic\u00f3 que las jornadas de solidaridad se desarrollaron en diferentes comunidades de la regi\u00f3n Sur y la zona Este del pa\u00eds, as\u00ed como la sede de la Iglesia Fundamento B\u00edblico(IFB) en Santo Domingo Este, con el prop\u00f3sito de contribuir a que los menores cuenten con los materiales b\u00e1sicos necesarios para asistir a sus centros educativos.<\/p>\n<p>Destac\u00f3 que estas acciones forman parte de su compromiso de promover la solidaridad, el servicio y la formaci\u00f3n integral de ni\u00f1os, j\u00f3venes y familias en condiciones de vulnerabilidad.<\/p>\n<p>La iniciativa tambi\u00e9n busca aliviar la carga econ\u00f3mica de padres y tutores que enfrentan dificultades para cubrir los gastos relacionados con el inicio del per\u00edodo escolar.<\/p>\n<p>Adem\u00e1s de la entrega de \u00fatiles, la Fundaci\u00f3n AYO desarrolla programas de asistencia comunitaria que incluyen distribuci\u00f3n de alimentos, apoyo a familias vulnerables y proyectos de mejoramiento de viviendas.<\/p>\n<p>Con estas iniciativas, la Fundaci\u00f3n AYO procura que las limitaciones econ\u00f3micas no impidan a los ni\u00f1os contar con las herramientas necesarias para asistir a las aulas, al tiempo que promueve valores de solidaridad, servicio y responsabilidad comunitaria.<\/p>\n<div id='gallery-1' class='gallery galleryid-38942 gallery-columns-2 gallery-size-medium'><figure class='gallery-item'>\n\t\t\t<div class='gallery-icon portrait'>\n\t\t\t\t<a href='https:\/\/tabernaculoprensadedios.com\/web\/wp-content\/uploads\/2026\/09\/WhatsApp-Image-2026-08-30-at-8.03.58-PM.avif'><img loading=\"lazy\" decoding=\"async\" width=\"1200\" height=\"1600\" src=\"https:\/\/tabernaculoprensadedios.com\/web\/wp-content\/uploads\/2026\/09\/WhatsApp-Image-2026-08-30-at-8.03.58-PM.avif\" class=\"attachment-medium size-medium\" alt=\"\" \/><\/a>\n\t\t\t<\/div><\/figure><figure class='gallery-item'>\n\t\t\t<div class='gallery-icon portrait'>\n\t\t\t\t<a href='https:\/\/tabernaculoprensadedios.com\/web\/wp-content\/uploads\/2026\/09\/WhatsApp-Image-2026-08-30-at-8.06.02-PM.avif'><img loading=\"lazy\" decoding=\"async\" width=\"960\" height=\"962\" src=\"https:\/\/tabernaculoprensadedios.com\/web\/wp-content\/uploads\/2026\/09\/WhatsApp-Image-2026-08-30-at-8.06.02-PM.avif\" class=\"attachment-medium size-medium\" alt=\"\" \/><\/a>\n\t\t\t<\/div><\/figure>\n\t\t<\/div>\n\n","protected":false},"excerpt":{"rendered":"<p>La Iglesia Fundamento B\u00edblico(IFB) junto a la Fundaci\u00f3n AYO (Ayudando a Otro) distribuy\u00f3 m\u00e1s de 500 mochilas y \u00fatiles escolares a ni\u00f1os y ni\u00f1as de familias de escasos recursos, como parte de sus acciones de apoyo social con motivo del inicio del a\u00f1o escolar. El pastor \u00c1ngel Castillo, representante de la organizaci\u00f3n, explic\u00f3 que las &hellip;<\/p>\n","protected":false},"author":1,"featured_media":38945,"comment_status":"open","ping_status":"open","sticky":false,"template":"","format":"standard","meta":{"footnotes":""},"categories":[39],"tags":[],"class_list":["post-38942","post","type-post","status-publish","format-standard","has-post-thumbnail","hentry","category-almomento"],"yoast_head":"<!-- This site is optimized with the Yoast SEO Premium plugin v24.2 (Yoast SEO v28.3) - https:\/\/yoast.com\/product\/yoast-seo-premium-wordpress\/ -->\n<title>IFB y Fundaci\u00f3n AYO entregan mochilas y \u00fatiles escolares a ni\u00f1os de escasos recursos - Tabernaculo Prensa de Dios<\/title>\n<meta name=\"robots\" content=\"index, follow, max-snippet:-1, max-image-preview:large, max-video-preview:-1\" \/>\n<link rel=\"canonical\" href=\"https:\/\/tabernaculoprensadedios.com\/web\/ifb-y-fundacion-ayo-entregan-mochilas-y-utiles-escolares-a-ninos-de-escasos-recursos\/\" class=\"yoast-seo-meta-tag\" \/>\n<meta property=\"og:locale\" content=\"es_ES\" class=\"yoast-seo-meta-tag\" \/>\n<meta property=\"og:type\" content=\"article\" class=\"yoast-seo-meta-tag\" \/>\n<meta property=\"og:title\" content=\"IFB y Fundaci\u00f3n AYO entregan mochilas y \u00fatiles escolares a ni\u00f1os de escasos recursos\" class=\"yoast-seo-meta-tag\" \/>\n<meta property=\"og:description\" content=\"La Iglesia Fundamento B\u00edblico(IFB) junto a la Fundaci\u00f3n AYO (Ayudando a Otro) distribuy\u00f3 m\u00e1s de 500 mochilas y \u00fatiles escolares a ni\u00f1os y ni\u00f1as de familias de escasos recursos, como parte de sus acciones de apoyo social con motivo del inicio del a\u00f1o escolar. El pastor \u00c1ngel Castillo, representante de la organizaci\u00f3n, explic\u00f3 que las &hellip;\" class=\"yoast-seo-meta-tag\" \/>\n<meta property=\"og:url\" content=\"https:\/\/tabernaculoprensadedios.com\/web\/ifb-y-fundacion-ayo-entregan-mochilas-y-utiles-escolares-a-ninos-de-escasos-recursos\/\" class=\"yoast-seo-meta-tag\" \/>\n<meta property=\"og:site_name\" content=\"Tabernaculo Prensa de Dios\" class=\"yoast-seo-meta-tag\" \/>\n<meta property=\"article:published_time\" content=\"2026-09-03T22:28:39+00:00\" class=\"yoast-seo-meta-tag\" \/>\n<meta property=\"article:modified_time\" content=\"2026-09-04T02:33:50+00:00\" class=\"yoast-seo-meta-tag\" \/>\n<meta property=\"og:image\" content=\"https:\/\/tabernaculoprensadedios.com\/web\/wp-content\/uploads\/2026\/09\/WhatsApp-Image-2026-08-30-at-8.03.59-PM.avif\" class=\"yoast-seo-meta-tag\" \/>\n\t<meta property=\"og:image:width\" content=\"1600\" class=\"yoast-seo-meta-tag\" \/>\n\t<meta property=\"og:image:height\" content=\"900\" class=\"yoast-seo-meta-tag\" \/>\n\t<meta property=\"og:image:type\" content=\"image\/jpeg\" class=\"yoast-seo-meta-tag\" \/>\n<meta name=\"author\" content=\"tabernaculo\" class=\"yoast-seo-meta-tag\" \/>\n<meta name=\"twitter:card\" content=\"summary_large_image\" class=\"yoast-seo-meta-tag\" \/>\n<meta name=\"twitter:creator\" content=\"@PrensadeDios\" class=\"yoast-seo-meta-tag\" \/>\n<meta name=\"twitter:site\" content=\"@PrensadeDios\" class=\"yoast-seo-meta-tag\" \/>\n<meta name=\"twitter:label1\" content=\"Escrito por\" class=\"yoast-seo-meta-tag\" \/>\n\t<meta name=\"twitter:data1\" content=\"tabernaculo\" class=\"yoast-seo-meta-tag\" \/>\n\t<meta name=\"twitter:label2\" content=\"Tiempo de lectura\" class=\"yoast-seo-meta-tag\" \/>\n\t<meta name=\"twitter:data2\" content=\"2 minutos\" class=\"yoast-seo-meta-tag\" \/>\n<script type=\"application\/ld+json\" class=\"yoast-schema-graph\">{\"@context\":\"https:\\\/\\\/schema.org\",\"@graph\":[{\"@type\":\"Article\",\"@id\":\"https:\\\/\\\/tabernaculoprensadedios.com\\\/web\\\/ifb-y-fundacion-ayo-entregan-mochilas-y-utiles-escolares-a-ninos-de-escasos-recursos\\\/#article\",\"isPartOf\":{\"@id\":\"https:\\\/\\\/tabernaculoprensadedios.com\\\/web\\\/ifb-y-fundacion-ayo-entregan-mochilas-y-utiles-escolares-a-ninos-de-escasos-recursos\\\/\"},\"author\":{\"name\":\"tabernaculo\",\"@id\":\"https:\\\/\\\/tabernaculoprensadedios.com\\\/web\\\/#\\\/schema\\\/person\\\/bc0e069fef56b38e177db6f098ae0b6e\"},\"headline\":\"IFB y Fundaci\u00f3n AYO entregan mochilas y \u00fatiles escolares a ni\u00f1os de escasos recursos\",\"datePublished\":\"2026-09-03T22:28:39+00:00\",\"dateModified\":\"2026-09-04T02:33:50+00:00\",\"mainEntityOfPage\":{\"@id\":\"https:\\\/\\\/tabernaculoprensadedios.com\\\/web\\\/ifb-y-fundacion-ayo-entregan-mochilas-y-utiles-escolares-a-ninos-de-escasos-recursos\\\/\"},\"wordCount\":275,\"commentCount\":0,\"publisher\":{\"@id\":\"https:\\\/\\\/tabernaculoprensadedios.com\\\/web\\\/#\\\/schema\\\/person\\\/bc0e069fef56b38e177db6f098ae0b6e\"},\"image\":{\"@id\":\"https:\\\/\\\/tabernaculoprensadedios.com\\\/web\\\/ifb-y-fundacion-ayo-entregan-mochilas-y-utiles-escolares-a-ninos-de-escasos-recursos\\\/#primaryimage\"},\"thumbnailUrl\":\"https:\\\/\\\/tabernaculoprensadedios.com\\\/web\\\/wp-content\\\/uploads\\\/2026\\\/09\\\/WhatsApp-Image-2026-08-30-at-8.03.59-PM.avif\",\"articleSection\":[\"almomento\"],\"inLanguage\":\"es\",\"potentialAction\":[{\"@type\":\"CommentAction\",\"name\":\"Comment\",\"target\":[\"https:\\\/\\\/tabernaculoprensadedios.com\\\/web\\\/ifb-y-fundacion-ayo-entregan-mochilas-y-utiles-escolares-a-ninos-de-escasos-recursos\\\/#respond\"]}]},{\"@type\":\"WebPage\",\"@id\":\"https:\\\/\\\/tabernaculoprensadedios.com\\\/web\\\/ifb-y-fundacion-ayo-entregan-mochilas-y-utiles-escolares-a-ninos-de-escasos-recursos\\\/\",\"url\":\"https:\\\/\\\/tabernaculoprensadedios.com\\\/web\\\/ifb-y-fundacion-ayo-entregan-mochilas-y-utiles-escolares-a-ninos-de-escasos-recursos\\\/\",\"name\":\"IFB y Fundaci\u00f3n AYO entregan mochilas y \u00fatiles escolares a ni\u00f1os de escasos recursos - Tabernaculo Prensa de Dios\",\"isPartOf\":{\"@id\":\"https:\\\/\\\/tabernaculoprensadedios.com\\\/web\\\/#website\"},\"primaryImageOfPage\":{\"@id\":\"https:\\\/\\\/tabernaculoprensadedios.com\\\/web\\\/ifb-y-fundacion-ayo-entregan-mochilas-y-utiles-escolares-a-ninos-de-escasos-recursos\\\/#primaryimage\"},\"image\":{\"@id\":\"https:\\\/\\\/tabernaculoprensadedios.com\\\/web\\\/ifb-y-fundacion-ayo-entregan-mochilas-y-utiles-escolares-a-ninos-de-escasos-recursos\\\/#primaryimage\"},\"thumbnailUrl\":\"https:\\\/\\\/tabernaculoprensadedios.com\\\/web\\\/wp-content\\\/uploads\\\/2026\\\/09\\\/WhatsApp-Image-2026-08-30-at-8.03.59-PM.avif\",\"datePublished\":\"2026-09-03T22:28:39+00:00\",\"dateModified\":\"2026-09-04T02:33:50+00:00\",\"breadcrumb\":{\"@id\":\"https:\\\/\\\/tabernaculoprensadedios.com\\\/web\\\/ifb-y-fundacion-ayo-entregan-mochilas-y-utiles-escolares-a-ninos-de-escasos-recursos\\\/#breadcrumb\"},\"inLanguage\":\"es\",\"potentialAction\":[{\"@type\":\"ReadAction\",\"target\":[\"https:\\\/\\\/tabernaculoprensadedios.com\\\/web\\\/ifb-y-fundacion-ayo-entregan-mochilas-y-utiles-escolares-a-ninos-de-escasos-recursos\\\/\"]}]},{\"@type\":\"ImageObject\",\"inLanguage\":\"es\",\"@id\":\"https:\\\/\\\/tabernaculoprensadedios.com\\\/web\\\/ifb-y-fundacion-ayo-entregan-mochilas-y-utiles-escolares-a-ninos-de-escasos-recursos\\\/#primaryimage\",\"url\":\"https:\\\/\\\/tabernaculoprensadedios.com\\\/web\\\/wp-content\\\/uploads\\\/2026\\\/09\\\/WhatsApp-Image-2026-08-30-at-8.03.59-PM.avif\",\"contentUrl\":\"https:\\\/\\\/tabernaculoprensadedios.com\\\/web\\\/wp-content\\\/uploads\\\/2026\\\/09\\\/WhatsApp-Image-2026-08-30-at-8.03.59-PM.avif\",\"width\":1600,\"height\":900},{\"@type\":\"BreadcrumbList\",\"@id\":\"https:\\\/\\\/tabernaculoprensadedios.com\\\/web\\\/ifb-y-fundacion-ayo-entregan-mochilas-y-utiles-escolares-a-ninos-de-escasos-recursos\\\/#breadcrumb\",\"itemListElement\":[{\"@type\":\"ListItem\",\"position\":1,\"name\":\"Portada\",\"item\":\"https:\\\/\\\/tabernaculoprensadedios.com\\\/web\\\/\"},{\"@type\":\"ListItem\",\"position\":2,\"name\":\"IFB y Fundaci\u00f3n AYO entregan mochilas y \u00fatiles escolares a ni\u00f1os de escasos recursos\"}]},{\"@type\":\"WebSite\",\"@id\":\"https:\\\/\\\/tabernaculoprensadedios.com\\\/web\\\/#website\",\"url\":\"https:\\\/\\\/tabernaculoprensadedios.com\\\/web\\\/\",\"name\":\"Tabernaculo Prensa de Dios\",\"description\":\"Un medio a la manera de Dios\",\"publisher\":{\"@id\":\"https:\\\/\\\/tabernaculoprensadedios.com\\\/web\\\/#\\\/schema\\\/person\\\/bc0e069fef56b38e177db6f098ae0b6e\"},\"potentialAction\":[{\"@type\":\"SearchAction\",\"target\":{\"@type\":\"EntryPoint\",\"urlTemplate\":\"https:\\\/\\\/tabernaculoprensadedios.com\\\/web\\\/?s={search_term_string}\"},\"query-input\":{\"@type\":\"PropertyValueSpecification\",\"valueRequired\":true,\"valueName\":\"search_term_string\"}}],\"inLanguage\":\"es\"},{\"@type\":[\"Person\",\"Organization\"],\"@id\":\"https:\\\/\\\/tabernaculoprensadedios.com\\\/web\\\/#\\\/schema\\\/person\\\/bc0e069fef56b38e177db6f098ae0b6e\",\"name\":\"tabernaculo\",\"image\":{\"@type\":\"ImageObject\",\"inLanguage\":\"es\",\"@id\":\"https:\\\/\\\/tabernaculoprensadedios.com\\\/web\\\/wp-content\\\/uploads\\\/2015\\\/06\\\/login-logo1.png\",\"url\":\"https:\\\/\\\/tabernaculoprensadedios.com\\\/web\\\/wp-content\\\/uploads\\\/2015\\\/06\\\/login-logo1.png\",\"contentUrl\":\"https:\\\/\\\/tabernaculoprensadedios.com\\\/web\\\/wp-content\\\/uploads\\\/2015\\\/06\\\/login-logo1.png\",\"width\":300,\"height\":118,\"caption\":\"tabernaculo\"},\"logo\":{\"@id\":\"https:\\\/\\\/tabernaculoprensadedios.com\\\/web\\\/wp-content\\\/uploads\\\/2015\\\/06\\\/login-logo1.png\"},\"url\":\"https:\\\/\\\/tabernaculoprensadedios.com\\\/web\\\/author\\\/tabernaculo\\\/\"}]}<\/script>\n<!-- \/ Yoast SEO Premium plugin. -->","yoast_head_json":{"title":"IFB y Fundaci\u00f3n AYO entregan mochilas y \u00fatiles escolares a ni\u00f1os de escasos recursos - Tabernaculo Prensa de Dios","robots":{"index":"index","follow":"follow","max-snippet":"max-snippet:-1","max-image-preview":"max-image-preview:large","max-video-preview":"max-video-preview:-1"},"canonical":"https:\/\/tabernaculoprensadedios.com\/web\/ifb-y-fundacion-ayo-entregan-mochilas-y-utiles-escolares-a-ninos-de-escasos-recursos\/","og_locale":"es_ES","og_type":"article","og_title":"IFB y Fundaci\u00f3n AYO entregan mochilas y \u00fatiles escolares a ni\u00f1os de escasos recursos","og_description":"La Iglesia Fundamento B\u00edblico(IFB) junto a la Fundaci\u00f3n AYO (Ayudando a Otro) distribuy\u00f3 m\u00e1s de 500 mochilas y \u00fatiles escolares a ni\u00f1os y ni\u00f1as de familias de escasos recursos, como parte de sus acciones de apoyo social con motivo del inicio del a\u00f1o escolar. El pastor \u00c1ngel Castillo, representante de la organizaci\u00f3n, explic\u00f3 que las &hellip;","og_url":"https:\/\/tabernaculoprensadedios.com\/web\/ifb-y-fundacion-ayo-entregan-mochilas-y-utiles-escolares-a-ninos-de-escasos-recursos\/","og_site_name":"Tabernaculo Prensa de Dios","article_published_time":"2026-09-03T22:28:39+00:00","article_modified_time":"2026-09-04T02:33:50+00:00","og_image":[{"width":1600,"height":900,"url":"https:\/\/tabernaculoprensadedios.com\/web\/wp-content\/uploads\/2026\/09\/WhatsApp-Image-2026-08-30-at-8.03.59-PM.avif","type":"image\/jpeg"}],"author":"tabernaculo","twitter_card":"summary_large_image","twitter_creator":"@PrensadeDios","twitter_site":"@PrensadeDios","twitter_misc":{"Escrito por":"tabernaculo","Tiempo de lectura":"2 minutos"},"schema":{"@context":"https:\/\/schema.org","@graph":[{"@type":"Article","@id":"https:\/\/tabernaculoprensadedios.com\/web\/ifb-y-fundacion-ayo-entregan-mochilas-y-utiles-escolares-a-ninos-de-escasos-recursos\/#article","isPartOf":{"@id":"https:\/\/tabernaculoprensadedios.com\/web\/ifb-y-fundacion-ayo-entregan-mochilas-y-utiles-escolares-a-ninos-de-escasos-recursos\/"},"author":{"name":"tabernaculo","@id":"https:\/\/tabernaculoprensadedios.com\/web\/#\/schema\/person\/bc0e069fef56b38e177db6f098ae0b6e"},"headline":"IFB y Fundaci\u00f3n AYO entregan mochilas y \u00fatiles escolares a ni\u00f1os de escasos recursos","datePublished":"2026-09-03T22:28:39+00:00","dateModified":"2026-09-04T02:33:50+00:00","mainEntityOfPage":{"@id":"https:\/\/tabernaculoprensadedios.com\/web\/ifb-y-fundacion-ayo-entregan-mochilas-y-utiles-escolares-a-ninos-de-escasos-recursos\/"},"wordCount":275,"commentCount":0,"publisher":{"@id":"https:\/\/tabernaculoprensadedios.com\/web\/#\/schema\/person\/bc0e069fef56b38e177db6f098ae0b6e"},"image":{"@id":"https:\/\/tabernaculoprensadedios.com\/web\/ifb-y-fundacion-ayo-entregan-mochilas-y-utiles-escolares-a-ninos-de-escasos-recursos\/#primaryimage"},"thumbnailUrl":"https:\/\/tabernaculoprensadedios.com\/web\/wp-content\/uploads\/2026\/09\/WhatsApp-Image-2026-08-30-at-8.03.59-PM.avif","articleSection":["almomento"],"inLanguage":"es","potentialAction":[{"@type":"CommentAction","name":"Comment","target":["https:\/\/tabernaculoprensadedios.com\/web\/ifb-y-fundacion-ayo-entregan-mochilas-y-utiles-escolares-a-ninos-de-escasos-recursos\/#respond"]}]},{"@type":"WebPage","@id":"https:\/\/tabernaculoprensadedios.com\/web\/ifb-y-fundacion-ayo-entregan-mochilas-y-utiles-escolares-a-ninos-de-escasos-recursos\/","url":"https:\/\/tabernaculoprensadedios.com\/web\/ifb-y-fundacion-ayo-entregan-mochilas-y-utiles-escolares-a-ninos-de-escasos-recursos\/","name":"IFB y Fundaci\u00f3n AYO entregan mochilas y \u00fatiles escolares a ni\u00f1os de escasos recursos - Tabernaculo Prensa de Dios","isPartOf":{"@id":"https:\/\/tabernaculoprensadedios.com\/web\/#website"},"primaryImageOfPage":{"@id":"https:\/\/tabernaculoprensadedios.com\/web\/ifb-y-fundacion-ayo-entregan-mochilas-y-utiles-escolares-a-ninos-de-escasos-recursos\/#primaryimage"},"image":{"@id":"https:\/\/tabernaculoprensadedios.com\/web\/ifb-y-fundacion-ayo-entregan-mochilas-y-utiles-escolares-a-ninos-de-escasos-recursos\/#primaryimage"},"thumbnailUrl":"https:\/\/tabernaculoprensadedios.com\/web\/wp-content\/uploads\/2026\/09\/WhatsApp-Image-2026-08-30-at-8.03.59-PM.avif","datePublished":"2026-09-03T22:28:39+00:00","dateModified":"2026-09-04T02:33:50+00:00","breadcrumb":{"@id":"https:\/\/tabernaculoprensadedios.com\/web\/ifb-y-fundacion-ayo-entregan-mochilas-y-utiles-escolares-a-ninos-de-escasos-recursos\/#breadcrumb"},"inLanguage":"es","potentialAction":[{"@type":"ReadAction","target":["https:\/\/tabernaculoprensadedios.com\/web\/ifb-y-fundacion-ayo-entregan-mochilas-y-utiles-escolares-a-ninos-de-escasos-recursos\/"]}]},{"@type":"ImageObject","inLanguage":"es","@id":"https:\/\/tabernaculoprensadedios.com\/web\/ifb-y-fundacion-ayo-entregan-mochilas-y-utiles-escolares-a-ninos-de-escasos-recursos\/#primaryimage","url":"https:\/\/tabernaculoprensadedios.com\/web\/wp-content\/uploads\/2026\/09\/WhatsApp-Image-2026-08-30-at-8.03.59-PM.avif","contentUrl":"https:\/\/tabernaculoprensadedios.com\/web\/wp-content\/uploads\/2026\/09\/WhatsApp-Image-2026-08-30-at-8.03.59-PM.avif","width":1600,"height":900},{"@type":"BreadcrumbList","@id":"https:\/\/tabernaculoprensadedios.com\/web\/ifb-y-fundacion-ayo-entregan-mochilas-y-utiles-escolares-a-ninos-de-escasos-recursos\/#breadcrumb","itemListElement":[{"@type":"ListItem","position":1,"name":"Portada","item":"https:\/\/tabernaculoprensadedios.com\/web\/"},{"@type":"ListItem","position":2,"name":"IFB y Fundaci\u00f3n AYO entregan mochilas y \u00fatiles escolares a ni\u00f1os de escasos recursos"}]},{"@type":"WebSite","@id":"https:\/\/tabernaculoprensadedios.com\/web\/#website","url":"https:\/\/tabernaculoprensadedios.com\/web\/","name":"Tabernaculo Prensa de Dios","description":"Un medio a la manera de Dios","publisher":{"@id":"https:\/\/tabernaculoprensadedios.com\/web\/#\/schema\/person\/bc0e069fef56b38e177db6f098ae0b6e"},"potentialAction":[{"@type":"SearchAction","target":{"@type":"EntryPoint","urlTemplate":"https:\/\/tabernaculoprensadedios.com\/web\/?s={search_term_string}"},"query-input":{"@type":"PropertyValueSpecification","valueRequired":true,"valueName":"search_term_string"}}],"inLanguage":"es"},{"@type":["Person","Organization"],"@id":"https:\/\/tabernaculoprensadedios.com\/web\/#\/schema\/person\/bc0e069fef56b38e177db6f098ae0b6e","name":"tabernaculo","image":{"@type":"ImageObject","inLanguage":"es","@id":"https:\/\/tabernaculoprensadedios.com\/web\/wp-content\/uploads\/2015\/06\/login-logo1.png","url":"https:\/\/tabernaculoprensadedios.com\/web\/wp-content\/uploads\/2015\/06\/login-logo1.png","contentUrl":"https:\/\/tabernaculoprensadedios.com\/web\/wp-content\/uploads\/2015\/06\/login-logo1.png","width":300,"height":118,"caption":"tabernaculo"},"logo":{"@id":"https:\/\/tabernaculoprensadedios.com\/web\/wp-content\/uploads\/2015\/06\/login-logo1.png"},"url":"https:\/\/tabernaculoprensadedios.com\/web\/author\/tabernaculo\/"}]}},"_links":{"self":[{"href":"https:\/\/tabernaculoprensadedios.com\/web\/wp-json\/wp\/v2\/posts\/38942","targetHints":{"allow":["GET"]}}],"collection":[{"href":"https:\/\/tabernaculoprensadedios.com\/web\/wp-json\/wp\/v2\/posts"}],"about":[{"href":"https:\/\/tabernaculoprensadedios.com\/web\/wp-json\/wp\/v2\/types\/post"}],"author":[{"embeddable":true,"href":"https:\/\/tabernaculoprensadedios.com\/web\/wp-json\/wp\/v2\/users\/1"}],"replies":[{"embeddable":true,"href":"https:\/\/tabernaculoprensadedios.com\/web\/wp-json\/wp\/v2\/comments?post=38942"}],"version-history":[{"count":1,"href":"https:\/\/tabernaculoprensadedios.com\/web\/wp-json\/wp\/v2\/posts\/38942\/revisions"}],"predecessor-version":[{"id":38946,"href":"https:\/\/tabernaculoprensadedios.com\/web\/wp-json\/wp\/v2\/posts\/38942\/revisions\/38946"}],"wp:featuredmedia":[{"embeddable":true,"href":"https:\/\/tabernaculoprensadedios.com\/web\/wp-json\/wp\/v2\/media\/38945"}],"wp:attachment":[{"href":"https:\/\/tabernaculoprensadedios.com\/web\/wp-json\/wp\/v2\/media?parent=38942"}],"wp:term":[{"taxonomy":"category","embeddable":true,"href":"https:\/\/tabernaculoprensadedios.com\/web\/wp-json\/wp\/v2\/categories?post=38942"},{"taxonomy":"post_tag","embeddable":true,"href":"https:\/\/tabernaculoprensadedios.com\/web\/wp-json\/wp\/v2\/tags?post=38942"}],"curies":[{"name":"wp","href":"https:\/\/api.w.org\/{rel}","templated":true}]}}