{"id":38925,"date":"2026-09-02T13:16:56","date_gmt":"2026-09-02T17:16:56","guid":{"rendered":"https:\/\/tabernaculoprensadedios.com\/web\/?p=38925"},"modified":"2026-09-02T13:22:03","modified_gmt":"2026-09-02T17:22:03","slug":"el-reloj-de-dios-esta-marcando-la-hora","status":"publish","type":"post","link":"https:\/\/tabernaculoprensadedios.com\/web\/el-reloj-de-dios-esta-marcando-la-hora\/","title":{"rendered":"EL RELOJ DE DIOS EST\u00c1 MARCANDO LA HORA"},"content":{"rendered":"<p>Hay un reloj que el mundo no puede detener.<\/p>\n<p>Los hombres pueden cambiar sus agendas, adelantar o atrasar sus relojes, hacer planes y pensar que tienen todo bajo control; pero hay un tiempo que solamente Dios conoce y que avanza conforme a Su prop\u00f3sito eterno.<\/p>\n<p><strong>El reloj de Dios est\u00e1 marcando la hora.<\/strong><\/p>\n<p>Y la pregunta que debemos hacernos no es solamente qu\u00e9 hora marca el reloj del mundo, sino: <strong>\u00bfqu\u00e9 est\u00e1 se\u00f1alando el reloj de Dios para Su Iglesia?<\/strong><\/p>\n<p>La Palabra nos advierte: <em>\u201cMirad, pues, con diligencia c\u00f3mo and\u00e9is\u2026 aprovechando bien el tiempo, porque los d\u00edas son malos\u201d<\/em> (Efesios 5:15-16).<\/p>\n<p>Estamos viviendo d\u00edas que demandan discernimiento espiritual. No podemos caminar distra\u00eddos, entretenidos solamente con lo pasajero, mientras las se\u00f1ales de nuestro tiempo nos llaman a despertar.<\/p>\n<p>Jes\u00fas dijo: <strong>\u201cVelad, pues, porque no sab\u00e9is el d\u00eda ni la hora\u201d<\/strong> (Mateo 25:13).<\/p>\n<p>El llamado no es al miedo, sino a la preparaci\u00f3n.<\/p>\n<p>No es tiempo para una Iglesia dormida.<br \/>\nNo es tiempo para una Iglesia dividida.<br \/>\nNo es tiempo para una Iglesia entretenida con lo superficial.<\/p>\n<p><strong>Es tiempo de volver a la oraci\u00f3n, a la Palabra, a la santidad, al arrepentimiento y a la unidad.<\/strong><\/p>\n<p>El reloj de Dios tambi\u00e9n nos recuerda que cada generaci\u00f3n tiene una responsabilidad delante del Se\u00f1or. Hay una hora para sembrar, una hora para cosechar, una hora para hablar y una hora para guardar silencio. Pero tambi\u00e9n llegar\u00e1 la hora en que se cumplir\u00e1 aquello que Dios ha determinado.<\/p>\n<p>Por eso, la Iglesia debe aprender a discernir los tiempos sin caer en especulaciones ni poner fechas a aquello que Dios no ha revelado.<\/p>\n<p>Cristo viene.<\/p>\n<p>Esa esperanza no debe producir temor en el coraz\u00f3n del creyente, sino <strong>santidad, perseverancia y urgencia espiritual<\/strong>.<\/p>\n<p>El problema no es que el reloj de Dios est\u00e9 detenido.<\/p>\n<p><strong>El problema ser\u00eda que nosotros dejemos de mirar sus manecillas.<\/strong><\/p>\n<p>Mientras el mundo contin\u00faa con sus actividades, la Iglesia debe permanecer despierta. Mientras muchos viven solamente para el presente, nosotros debemos recordar que existe una eternidad.<\/p>\n<p>La par\u00e1bola de las diez v\u00edrgenes nos deja una advertencia solemne: todas ten\u00edan l\u00e1mparas, pero no todas estaban preparadas cuando lleg\u00f3 el esposo.<\/p>\n<p>Por eso hoy resuena nuevamente el clamor:<\/p>\n<p><strong>\u201c\u00a1Aqu\u00ed viene el esposo; salid a recibirle!\u201d<\/strong> (Mateo 25:6).<\/p>\n<p>Que no se nos apague la l\u00e1mpara.<\/p>\n<p>Que no se agote nuestro aceite.<\/p>\n<p>Que no perdamos la sensibilidad espiritual.<\/p>\n<p>Que no confundamos actividad religiosa con intimidad con Dios.<\/p>\n<p>Que cuando llegue nuestra hora, nos encuentre trabajando, velando, orando y esperando al Rey.<\/p>\n<p><strong>El reloj de Dios est\u00e1 marcando la hora.<\/strong><\/p>\n<p>Y quiz\u00e1s la pregunta m\u00e1s importante para nosotros no sea cu\u00e1nto falta en el reloj del mundo, sino:<\/p>\n<h3><strong>\u00bfEST\u00c1 NUESTRA VIDA PREPARADA PARA LA HORA DE DIOS?<\/strong><\/h3>\n<p>&nbsp;<\/p>\n","protected":false},"excerpt":{"rendered":"<p>Hay un reloj que el mundo no puede detener. Los hombres pueden cambiar sus agendas, adelantar o atrasar sus relojes, hacer planes y pensar que tienen todo bajo control; pero hay un tiempo que solamente Dios conoce y que avanza conforme a Su prop\u00f3sito eterno. El reloj de Dios est\u00e1 marcando la hora. Y la &hellip;<\/p>\n","protected":false},"author":1,"featured_media":38926,"comment_status":"open","ping_status":"open","sticky":false,"template":"","format":"standard","meta":{"footnotes":""},"categories":[836],"tags":[],"class_list":["post-38925","post","type-post","status-publish","format-standard","has-post-thumbnail","hentry","category-voz-profetica"],"yoast_head":"<!-- This site is optimized with the Yoast SEO Premium plugin v24.2 (Yoast SEO v28.3) - https:\/\/yoast.com\/product\/yoast-seo-premium-wordpress\/ -->\n<title>EL RELOJ DE DIOS EST\u00c1 MARCANDO LA HORA - Tabernaculo Prensa de Dios<\/title>\n<meta name=\"robots\" content=\"index, follow, max-snippet:-1, max-image-preview:large, max-video-preview:-1\" \/>\n<link rel=\"canonical\" href=\"https:\/\/tabernaculoprensadedios.com\/web\/el-reloj-de-dios-esta-marcando-la-hora\/\" class=\"yoast-seo-meta-tag\" \/>\n<meta property=\"og:locale\" content=\"es_ES\" class=\"yoast-seo-meta-tag\" \/>\n<meta property=\"og:type\" content=\"article\" class=\"yoast-seo-meta-tag\" \/>\n<meta property=\"og:title\" content=\"EL RELOJ DE DIOS EST\u00c1 MARCANDO LA HORA\" class=\"yoast-seo-meta-tag\" \/>\n<meta property=\"og:description\" content=\"Hay un reloj que el mundo no puede detener. Los hombres pueden cambiar sus agendas, adelantar o atrasar sus relojes, hacer planes y pensar que tienen todo bajo control; pero hay un tiempo que solamente Dios conoce y que avanza conforme a Su prop\u00f3sito eterno. El reloj de Dios est\u00e1 marcando la hora. Y la &hellip;\" class=\"yoast-seo-meta-tag\" \/>\n<meta property=\"og:url\" content=\"https:\/\/tabernaculoprensadedios.com\/web\/el-reloj-de-dios-esta-marcando-la-hora\/\" class=\"yoast-seo-meta-tag\" \/>\n<meta property=\"og:site_name\" content=\"Tabernaculo Prensa de Dios\" class=\"yoast-seo-meta-tag\" \/>\n<meta property=\"article:published_time\" content=\"2026-09-02T17:16:56+00:00\" class=\"yoast-seo-meta-tag\" \/>\n<meta property=\"article:modified_time\" content=\"2026-09-02T17:22:03+00:00\" class=\"yoast-seo-meta-tag\" \/>\n<meta property=\"og:image\" content=\"https:\/\/tabernaculoprensadedios.com\/web\/wp-content\/uploads\/2026\/09\/mid2gg0a9gu.avif\" class=\"yoast-seo-meta-tag\" \/>\n\t<meta property=\"og:image:width\" content=\"1600\" class=\"yoast-seo-meta-tag\" \/>\n\t<meta property=\"og:image:height\" content=\"995\" class=\"yoast-seo-meta-tag\" \/>\n\t<meta property=\"og:image:type\" content=\"image\/jpeg\" class=\"yoast-seo-meta-tag\" \/>\n<meta name=\"author\" content=\"tabernaculo\" class=\"yoast-seo-meta-tag\" \/>\n<meta name=\"twitter:card\" content=\"summary_large_image\" class=\"yoast-seo-meta-tag\" \/>\n<meta name=\"twitter:creator\" content=\"@PrensadeDios\" class=\"yoast-seo-meta-tag\" \/>\n<meta name=\"twitter:site\" content=\"@PrensadeDios\" class=\"yoast-seo-meta-tag\" \/>\n<meta name=\"twitter:label1\" content=\"Escrito por\" class=\"yoast-seo-meta-tag\" \/>\n\t<meta name=\"twitter:data1\" content=\"tabernaculo\" class=\"yoast-seo-meta-tag\" \/>\n\t<meta name=\"twitter:label2\" content=\"Tiempo de lectura\" class=\"yoast-seo-meta-tag\" \/>\n\t<meta name=\"twitter:data2\" content=\"3 minutos\" class=\"yoast-seo-meta-tag\" \/>\n<script type=\"application\/ld+json\" class=\"yoast-schema-graph\">{\"@context\":\"https:\\\/\\\/schema.org\",\"@graph\":[{\"@type\":\"Article\",\"@id\":\"https:\\\/\\\/tabernaculoprensadedios.com\\\/web\\\/el-reloj-de-dios-esta-marcando-la-hora\\\/#article\",\"isPartOf\":{\"@id\":\"https:\\\/\\\/tabernaculoprensadedios.com\\\/web\\\/el-reloj-de-dios-esta-marcando-la-hora\\\/\"},\"author\":{\"name\":\"tabernaculo\",\"@id\":\"https:\\\/\\\/tabernaculoprensadedios.com\\\/web\\\/#\\\/schema\\\/person\\\/bc0e069fef56b38e177db6f098ae0b6e\"},\"headline\":\"EL RELOJ DE DIOS EST\u00c1 MARCANDO LA HORA\",\"datePublished\":\"2026-09-02T17:16:56+00:00\",\"dateModified\":\"2026-09-02T17:22:03+00:00\",\"mainEntityOfPage\":{\"@id\":\"https:\\\/\\\/tabernaculoprensadedios.com\\\/web\\\/el-reloj-de-dios-esta-marcando-la-hora\\\/\"},\"wordCount\":484,\"commentCount\":0,\"publisher\":{\"@id\":\"https:\\\/\\\/tabernaculoprensadedios.com\\\/web\\\/#\\\/schema\\\/person\\\/bc0e069fef56b38e177db6f098ae0b6e\"},\"image\":{\"@id\":\"https:\\\/\\\/tabernaculoprensadedios.com\\\/web\\\/el-reloj-de-dios-esta-marcando-la-hora\\\/#primaryimage\"},\"thumbnailUrl\":\"https:\\\/\\\/tabernaculoprensadedios.com\\\/web\\\/wp-content\\\/uploads\\\/2026\\\/09\\\/mid2gg0a9gu.avif\",\"articleSection\":[\"VOZ PROFETICA\"],\"inLanguage\":\"es\",\"potentialAction\":[{\"@type\":\"CommentAction\",\"name\":\"Comment\",\"target\":[\"https:\\\/\\\/tabernaculoprensadedios.com\\\/web\\\/el-reloj-de-dios-esta-marcando-la-hora\\\/#respond\"]}]},{\"@type\":\"WebPage\",\"@id\":\"https:\\\/\\\/tabernaculoprensadedios.com\\\/web\\\/el-reloj-de-dios-esta-marcando-la-hora\\\/\",\"url\":\"https:\\\/\\\/tabernaculoprensadedios.com\\\/web\\\/el-reloj-de-dios-esta-marcando-la-hora\\\/\",\"name\":\"EL RELOJ DE DIOS EST\u00c1 MARCANDO LA HORA - Tabernaculo Prensa de Dios\",\"isPartOf\":{\"@id\":\"https:\\\/\\\/tabernaculoprensadedios.com\\\/web\\\/#website\"},\"primaryImageOfPage\":{\"@id\":\"https:\\\/\\\/tabernaculoprensadedios.com\\\/web\\\/el-reloj-de-dios-esta-marcando-la-hora\\\/#primaryimage\"},\"image\":{\"@id\":\"https:\\\/\\\/tabernaculoprensadedios.com\\\/web\\\/el-reloj-de-dios-esta-marcando-la-hora\\\/#primaryimage\"},\"thumbnailUrl\":\"https:\\\/\\\/tabernaculoprensadedios.com\\\/web\\\/wp-content\\\/uploads\\\/2026\\\/09\\\/mid2gg0a9gu.avif\",\"datePublished\":\"2026-09-02T17:16:56+00:00\",\"dateModified\":\"2026-09-02T17:22:03+00:00\",\"breadcrumb\":{\"@id\":\"https:\\\/\\\/tabernaculoprensadedios.com\\\/web\\\/el-reloj-de-dios-esta-marcando-la-hora\\\/#breadcrumb\"},\"inLanguage\":\"es\",\"potentialAction\":[{\"@type\":\"ReadAction\",\"target\":[\"https:\\\/\\\/tabernaculoprensadedios.com\\\/web\\\/el-reloj-de-dios-esta-marcando-la-hora\\\/\"]}]},{\"@type\":\"ImageObject\",\"inLanguage\":\"es\",\"@id\":\"https:\\\/\\\/tabernaculoprensadedios.com\\\/web\\\/el-reloj-de-dios-esta-marcando-la-hora\\\/#primaryimage\",\"url\":\"https:\\\/\\\/tabernaculoprensadedios.com\\\/web\\\/wp-content\\\/uploads\\\/2026\\\/09\\\/mid2gg0a9gu.avif\",\"contentUrl\":\"https:\\\/\\\/tabernaculoprensadedios.com\\\/web\\\/wp-content\\\/uploads\\\/2026\\\/09\\\/mid2gg0a9gu.avif\",\"width\":1600,\"height\":995,\"caption\":\"grayscale photography of clock\"},{\"@type\":\"BreadcrumbList\",\"@id\":\"https:\\\/\\\/tabernaculoprensadedios.com\\\/web\\\/el-reloj-de-dios-esta-marcando-la-hora\\\/#breadcrumb\",\"itemListElement\":[{\"@type\":\"ListItem\",\"position\":1,\"name\":\"Portada\",\"item\":\"https:\\\/\\\/tabernaculoprensadedios.com\\\/web\\\/\"},{\"@type\":\"ListItem\",\"position\":2,\"name\":\"EL RELOJ DE DIOS EST\u00c1 MARCANDO LA HORA\"}]},{\"@type\":\"WebSite\",\"@id\":\"https:\\\/\\\/tabernaculoprensadedios.com\\\/web\\\/#website\",\"url\":\"https:\\\/\\\/tabernaculoprensadedios.com\\\/web\\\/\",\"name\":\"Tabernaculo Prensa de Dios\",\"description\":\"Un medio a la manera de Dios\",\"publisher\":{\"@id\":\"https:\\\/\\\/tabernaculoprensadedios.com\\\/web\\\/#\\\/schema\\\/person\\\/bc0e069fef56b38e177db6f098ae0b6e\"},\"potentialAction\":[{\"@type\":\"SearchAction\",\"target\":{\"@type\":\"EntryPoint\",\"urlTemplate\":\"https:\\\/\\\/tabernaculoprensadedios.com\\\/web\\\/?s={search_term_string}\"},\"query-input\":{\"@type\":\"PropertyValueSpecification\",\"valueRequired\":true,\"valueName\":\"search_term_string\"}}],\"inLanguage\":\"es\"},{\"@type\":[\"Person\",\"Organization\"],\"@id\":\"https:\\\/\\\/tabernaculoprensadedios.com\\\/web\\\/#\\\/schema\\\/person\\\/bc0e069fef56b38e177db6f098ae0b6e\",\"name\":\"tabernaculo\",\"image\":{\"@type\":\"ImageObject\",\"inLanguage\":\"es\",\"@id\":\"https:\\\/\\\/tabernaculoprensadedios.com\\\/web\\\/wp-content\\\/uploads\\\/2015\\\/06\\\/login-logo1.png\",\"url\":\"https:\\\/\\\/tabernaculoprensadedios.com\\\/web\\\/wp-content\\\/uploads\\\/2015\\\/06\\\/login-logo1.png\",\"contentUrl\":\"https:\\\/\\\/tabernaculoprensadedios.com\\\/web\\\/wp-content\\\/uploads\\\/2015\\\/06\\\/login-logo1.png\",\"width\":300,\"height\":118,\"caption\":\"tabernaculo\"},\"logo\":{\"@id\":\"https:\\\/\\\/tabernaculoprensadedios.com\\\/web\\\/wp-content\\\/uploads\\\/2015\\\/06\\\/login-logo1.png\"},\"url\":\"https:\\\/\\\/tabernaculoprensadedios.com\\\/web\\\/author\\\/tabernaculo\\\/\"}]}<\/script>\n<!-- \/ Yoast SEO Premium plugin. -->","yoast_head_json":{"title":"EL RELOJ DE DIOS EST\u00c1 MARCANDO LA HORA - Tabernaculo Prensa de Dios","robots":{"index":"index","follow":"follow","max-snippet":"max-snippet:-1","max-image-preview":"max-image-preview:large","max-video-preview":"max-video-preview:-1"},"canonical":"https:\/\/tabernaculoprensadedios.com\/web\/el-reloj-de-dios-esta-marcando-la-hora\/","og_locale":"es_ES","og_type":"article","og_title":"EL RELOJ DE DIOS EST\u00c1 MARCANDO LA HORA","og_description":"Hay un reloj que el mundo no puede detener. Los hombres pueden cambiar sus agendas, adelantar o atrasar sus relojes, hacer planes y pensar que tienen todo bajo control; pero hay un tiempo que solamente Dios conoce y que avanza conforme a Su prop\u00f3sito eterno. El reloj de Dios est\u00e1 marcando la hora. Y la &hellip;","og_url":"https:\/\/tabernaculoprensadedios.com\/web\/el-reloj-de-dios-esta-marcando-la-hora\/","og_site_name":"Tabernaculo Prensa de Dios","article_published_time":"2026-09-02T17:16:56+00:00","article_modified_time":"2026-09-02T17:22:03+00:00","og_image":[{"width":1600,"height":995,"url":"https:\/\/tabernaculoprensadedios.com\/web\/wp-content\/uploads\/2026\/09\/mid2gg0a9gu.avif","type":"image\/jpeg"}],"author":"tabernaculo","twitter_card":"summary_large_image","twitter_creator":"@PrensadeDios","twitter_site":"@PrensadeDios","twitter_misc":{"Escrito por":"tabernaculo","Tiempo de lectura":"3 minutos"},"schema":{"@context":"https:\/\/schema.org","@graph":[{"@type":"Article","@id":"https:\/\/tabernaculoprensadedios.com\/web\/el-reloj-de-dios-esta-marcando-la-hora\/#article","isPartOf":{"@id":"https:\/\/tabernaculoprensadedios.com\/web\/el-reloj-de-dios-esta-marcando-la-hora\/"},"author":{"name":"tabernaculo","@id":"https:\/\/tabernaculoprensadedios.com\/web\/#\/schema\/person\/bc0e069fef56b38e177db6f098ae0b6e"},"headline":"EL RELOJ DE DIOS EST\u00c1 MARCANDO LA HORA","datePublished":"2026-09-02T17:16:56+00:00","dateModified":"2026-09-02T17:22:03+00:00","mainEntityOfPage":{"@id":"https:\/\/tabernaculoprensadedios.com\/web\/el-reloj-de-dios-esta-marcando-la-hora\/"},"wordCount":484,"commentCount":0,"publisher":{"@id":"https:\/\/tabernaculoprensadedios.com\/web\/#\/schema\/person\/bc0e069fef56b38e177db6f098ae0b6e"},"image":{"@id":"https:\/\/tabernaculoprensadedios.com\/web\/el-reloj-de-dios-esta-marcando-la-hora\/#primaryimage"},"thumbnailUrl":"https:\/\/tabernaculoprensadedios.com\/web\/wp-content\/uploads\/2026\/09\/mid2gg0a9gu.avif","articleSection":["VOZ PROFETICA"],"inLanguage":"es","potentialAction":[{"@type":"CommentAction","name":"Comment","target":["https:\/\/tabernaculoprensadedios.com\/web\/el-reloj-de-dios-esta-marcando-la-hora\/#respond"]}]},{"@type":"WebPage","@id":"https:\/\/tabernaculoprensadedios.com\/web\/el-reloj-de-dios-esta-marcando-la-hora\/","url":"https:\/\/tabernaculoprensadedios.com\/web\/el-reloj-de-dios-esta-marcando-la-hora\/","name":"EL RELOJ DE DIOS EST\u00c1 MARCANDO LA HORA - Tabernaculo Prensa de Dios","isPartOf":{"@id":"https:\/\/tabernaculoprensadedios.com\/web\/#website"},"primaryImageOfPage":{"@id":"https:\/\/tabernaculoprensadedios.com\/web\/el-reloj-de-dios-esta-marcando-la-hora\/#primaryimage"},"image":{"@id":"https:\/\/tabernaculoprensadedios.com\/web\/el-reloj-de-dios-esta-marcando-la-hora\/#primaryimage"},"thumbnailUrl":"https:\/\/tabernaculoprensadedios.com\/web\/wp-content\/uploads\/2026\/09\/mid2gg0a9gu.avif","datePublished":"2026-09-02T17:16:56+00:00","dateModified":"2026-09-02T17:22:03+00:00","breadcrumb":{"@id":"https:\/\/tabernaculoprensadedios.com\/web\/el-reloj-de-dios-esta-marcando-la-hora\/#breadcrumb"},"inLanguage":"es","potentialAction":[{"@type":"ReadAction","target":["https:\/\/tabernaculoprensadedios.com\/web\/el-reloj-de-dios-esta-marcando-la-hora\/"]}]},{"@type":"ImageObject","inLanguage":"es","@id":"https:\/\/tabernaculoprensadedios.com\/web\/el-reloj-de-dios-esta-marcando-la-hora\/#primaryimage","url":"https:\/\/tabernaculoprensadedios.com\/web\/wp-content\/uploads\/2026\/09\/mid2gg0a9gu.avif","contentUrl":"https:\/\/tabernaculoprensadedios.com\/web\/wp-content\/uploads\/2026\/09\/mid2gg0a9gu.avif","width":1600,"height":995,"caption":"grayscale photography of clock"},{"@type":"BreadcrumbList","@id":"https:\/\/tabernaculoprensadedios.com\/web\/el-reloj-de-dios-esta-marcando-la-hora\/#breadcrumb","itemListElement":[{"@type":"ListItem","position":1,"name":"Portada","item":"https:\/\/tabernaculoprensadedios.com\/web\/"},{"@type":"ListItem","position":2,"name":"EL RELOJ DE DIOS EST\u00c1 MARCANDO LA HORA"}]},{"@type":"WebSite","@id":"https:\/\/tabernaculoprensadedios.com\/web\/#website","url":"https:\/\/tabernaculoprensadedios.com\/web\/","name":"Tabernaculo Prensa de Dios","description":"Un medio a la manera de Dios","publisher":{"@id":"https:\/\/tabernaculoprensadedios.com\/web\/#\/schema\/person\/bc0e069fef56b38e177db6f098ae0b6e"},"potentialAction":[{"@type":"SearchAction","target":{"@type":"EntryPoint","urlTemplate":"https:\/\/tabernaculoprensadedios.com\/web\/?s={search_term_string}"},"query-input":{"@type":"PropertyValueSpecification","valueRequired":true,"valueName":"search_term_string"}}],"inLanguage":"es"},{"@type":["Person","Organization"],"@id":"https:\/\/tabernaculoprensadedios.com\/web\/#\/schema\/person\/bc0e069fef56b38e177db6f098ae0b6e","name":"tabernaculo","image":{"@type":"ImageObject","inLanguage":"es","@id":"https:\/\/tabernaculoprensadedios.com\/web\/wp-content\/uploads\/2015\/06\/login-logo1.png","url":"https:\/\/tabernaculoprensadedios.com\/web\/wp-content\/uploads\/2015\/06\/login-logo1.png","contentUrl":"https:\/\/tabernaculoprensadedios.com\/web\/wp-content\/uploads\/2015\/06\/login-logo1.png","width":300,"height":118,"caption":"tabernaculo"},"logo":{"@id":"https:\/\/tabernaculoprensadedios.com\/web\/wp-content\/uploads\/2015\/06\/login-logo1.png"},"url":"https:\/\/tabernaculoprensadedios.com\/web\/author\/tabernaculo\/"}]}},"_links":{"self":[{"href":"https:\/\/tabernaculoprensadedios.com\/web\/wp-json\/wp\/v2\/posts\/38925","targetHints":{"allow":["GET"]}}],"collection":[{"href":"https:\/\/tabernaculoprensadedios.com\/web\/wp-json\/wp\/v2\/posts"}],"about":[{"href":"https:\/\/tabernaculoprensadedios.com\/web\/wp-json\/wp\/v2\/types\/post"}],"author":[{"embeddable":true,"href":"https:\/\/tabernaculoprensadedios.com\/web\/wp-json\/wp\/v2\/users\/1"}],"replies":[{"embeddable":true,"href":"https:\/\/tabernaculoprensadedios.com\/web\/wp-json\/wp\/v2\/comments?post=38925"}],"version-history":[{"count":1,"href":"https:\/\/tabernaculoprensadedios.com\/web\/wp-json\/wp\/v2\/posts\/38925\/revisions"}],"predecessor-version":[{"id":38927,"href":"https:\/\/tabernaculoprensadedios.com\/web\/wp-json\/wp\/v2\/posts\/38925\/revisions\/38927"}],"wp:featuredmedia":[{"embeddable":true,"href":"https:\/\/tabernaculoprensadedios.com\/web\/wp-json\/wp\/v2\/media\/38926"}],"wp:attachment":[{"href":"https:\/\/tabernaculoprensadedios.com\/web\/wp-json\/wp\/v2\/media?parent=38925"}],"wp:term":[{"taxonomy":"category","embeddable":true,"href":"https:\/\/tabernaculoprensadedios.com\/web\/wp-json\/wp\/v2\/categories?post=38925"},{"taxonomy":"post_tag","embeddable":true,"href":"https:\/\/tabernaculoprensadedios.com\/web\/wp-json\/wp\/v2\/tags?post=38925"}],"curies":[{"name":"wp","href":"https:\/\/api.w.org\/{rel}","templated":true}]}}