{"id":38923,"date":"2026-09-02T13:03:58","date_gmt":"2026-09-02T17:03:58","guid":{"rendered":"https:\/\/tabernaculoprensadedios.com\/web\/?p=38923"},"modified":"2026-09-02T13:44:17","modified_gmt":"2026-09-02T17:44:17","slug":"epilogo-la-respuesta-llego-en-el-tiempo-de-dios","status":"publish","type":"post","link":"https:\/\/tabernaculoprensadedios.com\/web\/epilogo-la-respuesta-llego-en-el-tiempo-de-dios\/","title":{"rendered":"EP\u00cdLOGO: LA RESPUESTA LLEG\u00d3 EN EL TIEMPO DE DIOS"},"content":{"rendered":"<p>Hoy, <strong>2 de septiembre<\/strong>, se cumple un a\u00f1o desde aquel sue\u00f1o que Dios puso en mi coraz\u00f3n, relacionado con mi hermano Jos\u00e9 Reynaldo.<\/p>\n<p>Durante todo el mes de agosto guard\u00e9 silencio.<\/p>\n<p>No porque hubiera dejado de creer, sino porque quer\u00eda esperar a Dios. Mientras otros pod\u00edan preguntar, preocuparse o esperar noticias, yo escog\u00ed <strong>orar, clamar y esperar<\/strong>.<\/p>\n<p>Ten\u00eda en mis manos fotograf\u00edas de todo el proceso: momentos de oraci\u00f3n, de clamor y de angustia por mi querido hermano. Pero, en lo profundo de mi coraz\u00f3n, hab\u00eda una sola petici\u00f3n:<\/p>\n<p><strong>\u201cSe\u00f1or, dame una buena noticia.\u201d<\/strong><\/p>\n<p>Y la respuesta lleg\u00f3.<\/p>\n<p>Esta madrugada, Dios utiliz\u00f3 nuevamente a mi hermana para hablar en sue\u00f1os.<\/p>\n<p>En el sue\u00f1o, ella me dijo:<\/p>\n<p><strong>\u201cNuestro hermano te manda a decir que est\u00e1 s\u00faper contento.\u201d<\/strong><\/p>\n<p>\u00bfPor qu\u00e9?<\/p>\n<p>Porque ten\u00eda que ir al m\u00e9dico y, al ser evaluado, el m\u00e9dico le dijo:<\/p>\n<p><strong>\u201cYa puedes hacer lo que quieras. Est\u00e1s s\u00faper sano.\u201d<\/strong><\/p>\n<p>Pero la noticia que m\u00e1s estremeci\u00f3 mi coraz\u00f3n no fue solamente la de su salud f\u00edsica.<\/p>\n<p>Mi hermano le dijo a mi hermana:<\/p>\n<p><strong>\u201cDile a Margo que he conocido a Jesucristo y que nunca lo dejar\u00e9.\u201d<\/strong><\/p>\n<p>Cuando despert\u00e9, entend\u00ed que aquella era la respuesta que durante tanto tiempo hab\u00eda estado esperando.<\/p>\n<p>Yo hab\u00eda pedido una buena noticia.<\/p>\n<p><strong>Y Dios me dio una noticia mucho mayor.<\/strong><\/p>\n<p>No solamente una noticia sobre su cuerpo.<\/p>\n<p><strong>Una noticia sobre su alma.<\/strong><\/p>\n<h3><strong>DIOS CERR\u00d3 EL CICLO CON UNA RESPUESTA DE VIDA<\/strong><\/h3>\n<p>Ahora comprendo todav\u00eda m\u00e1s aquel sue\u00f1o del 2 de septiembre de 2025.<\/p>\n<p>En aquel momento parec\u00eda un sue\u00f1o dif\u00edcil de entender. Hoy, un a\u00f1o despu\u00e9s, puedo mirar hacia atr\u00e1s y reconocer que Dios estaba mostrando que hab\u00eda un proceso espiritual que deb\u00eda cumplirse.<\/p>\n<p>Mi hermano hab\u00eda sido librado una vez.<\/p>\n<p>Despu\u00e9s, otra vez.<\/p>\n<p>Y una tercera vez.<\/p>\n<p>Pero la mayor liberaci\u00f3n no fue solamente haber escapado de la muerte.<\/p>\n<p><strong>La mayor liberaci\u00f3n fue encontrarse con Jesucristo.<\/strong><\/p>\n<p>Porque podemos celebrar que alguien vuelva a caminar, que salga del hospital, que reciba un diagn\u00f3stico favorable y que su cuerpo sea restaurado.<\/p>\n<p>Pero cuando una persona puede decir:<\/p>\n<p><strong>\u201cHe conocido a Jesucristo y nunca lo dejar\u00e9\u201d<\/strong>,<\/p>\n<p>entonces el cielo tiene una raz\u00f3n todav\u00eda mayor para celebrar.<\/p>\n<h3><strong>LA ORACI\u00d3N NO FUE EN VANO<\/strong><\/h3>\n<p>Todo aquel mes de agosto que permanec\u00ed callada, orando y clamando, no fue un tiempo perdido.<\/p>\n<p>Dios estaba trabajando.<\/p>\n<p>A veces oramos y pensamos que nada est\u00e1 ocurriendo porque no vemos inmediatamente la respuesta.<\/p>\n<p>Pero Dios puede estar obrando precisamente detr\u00e1s del silencio.<\/p>\n<p>Por eso hoy puedo decir con toda seguridad:<\/p>\n<p><strong>No dejemos de orar por nuestros seres queridos.<\/strong><\/p>\n<p>No dejemos de clamar por aquellos que todav\u00eda no conocen a Cristo.<\/p>\n<p>No dejemos de hablarles de Jes\u00fas.<\/p>\n<p>No dejemos de creer cuando parezca que nada cambia.<\/p>\n<p>Porque <strong>Dios sigue llamando.<\/strong><\/p>\n<p>Y cuando Dios llama, su misericordia puede alcanzar al hombre aun en el momento m\u00e1s inesperado.<\/p>\n<h3><strong>UNA RESPUESTA QUE GUARDO EN EL CORAZ\u00d3N<\/strong><\/h3>\n<p>Hoy doy gracias a Dios por la vida de mi hermano Jos\u00e9 Reynaldo.<\/p>\n<p>Doy gracias por su recuperaci\u00f3n.<\/p>\n<p>Doy gracias por cada persona que or\u00f3.<\/p>\n<p>Doy gracias por cada clamor levantado.<\/p>\n<p>Doy gracias por cada l\u00e1grima derramada.<\/p>\n<p>Pero, sobre todo, doy gracias porque puedo escuchar esta noticia:<\/p>\n<p><strong>\u201cHe conocido a Jesucristo y nunca lo dejar\u00e9.\u201d<\/strong><\/p>\n<p>Esa frase vale m\u00e1s que cualquier diagn\u00f3stico m\u00e9dico.<\/p>\n<p>Porque la salud del cuerpo es una bendici\u00f3n, pero <strong>la salvaci\u00f3n del alma es un milagro eterno.<\/strong><\/p>\n<p>Por eso este testimonio termina donde realmente deb\u00eda terminar:<\/p>\n<p><strong>Con Cristo.<\/strong><\/p>\n<p>El Dios que llam\u00f3 tres veces no lo hizo para condenarlo.<\/p>\n<p>Lo llam\u00f3 por misericordia.<\/p>\n<p>Lo llam\u00f3 con prop\u00f3sito.<\/p>\n<p>Lo llam\u00f3 para darle una nueva oportunidad.<\/p>\n<p>Y hoy mi coraz\u00f3n puede decir:<\/p>\n<p><strong>\u00a1GRACIAS, SE\u00d1OR, PORQUE TU MISERICORDIA NO SE AGOT\u00d3!<\/strong><\/p>\n<p><strong>\u00a1GRACIAS PORQUE TODAV\u00cdA HAY TIEMPO!<\/strong><\/p>\n<p><strong>\u00a1GRACIAS PORQUE MI HERMANO EST\u00c1 VIVO Y HA CONOCIDO A JESUCRISTO!<\/strong><\/p>\n<p>Que nadie desprecie las oportunidades que Dios nos concede.<\/p>\n<p>Si Dios te est\u00e1 llamando hoy:<\/p>\n<p><strong>NO ENDUREZCAS TU CORAZ\u00d3N.<\/strong><\/p>\n<p>Ac\u00e9rcate a \u00c9l.<\/p>\n<p>Entr\u00e9gale tu vida.<\/p>\n<p>Porque todav\u00eda estamos a tiempo.<\/p>\n<p><strong>TODA HONRA, TODA GLORIA Y TODA LA ALABANZA SEAN PARA NUESTRO SE\u00d1OR JESUCRISTO.<\/strong><\/p>\n<p><strong>Cuando Dios determina algo, \u00c9l puede utilizar los medios que quiera para llevar a cabo Su prop\u00f3sito.<\/strong><\/p>\n<p>Hay quienes cuestionan los sue\u00f1os y se preguntan por qu\u00e9 Dios puede hablar de esa manera.<\/p>\n<p>Yo solamente puedo decir lo que he vivido y lo que la Palabra de Dios ense\u00f1a.<\/p>\n<p><strong>Cuando Dios determina algo, \u00c9l puede utilizar los medios que quiera para llevar a cabo Su prop\u00f3sito.<\/strong><\/p>\n<p>La Biblia nos muestra que Dios utiliz\u00f3 a <strong>Fara\u00f3n<\/strong>, un hombre que no pertenec\u00eda al pueblo de Dios, para recibir sue\u00f1os que anunciaban lo que estaba por acontecer en Egipto. Y tambi\u00e9n levant\u00f3 a <strong>Jos\u00e9<\/strong>, poniendo en \u00e9l la gracia, la sabidur\u00eda y la revelaci\u00f3n necesarias para interpretar aquellos sue\u00f1os.<\/p>\n<p>Jos\u00e9 no recibi\u00f3 la gloria.<\/p>\n<p><strong>Dios recibi\u00f3 la gloria.<\/strong><\/p>\n<p>Por eso, cuando alguien me pregunta por qu\u00e9 Dios me permiti\u00f3 so\u00f1ar aquello que despu\u00e9s comenz\u00f3 a cumplirse, mi respuesta es sencilla:<\/p>\n<p><strong>Yo no escog\u00ed el sue\u00f1o.<br \/>\nYo no fabriqu\u00e9 el cumplimiento.<br \/>\nYo solamente or\u00e9, esper\u00e9 y obedec\u00ed.<\/strong><\/p>\n<p>Y hoy puedo mirar hacia atr\u00e1s y decir:<\/p>\n<p><strong>Cuando Dios dice algo, \u00c9l sabe c\u00f3mo cumplirlo.<\/strong><\/p>\n<p>Cuando Dios quiere advertir, advierte.<\/p>\n<p>Cuando Dios quiere llamar, llama.<\/p>\n<p>Cuando Dios quiere rescatar, rescata.<\/p>\n<p>Y cuando Dios quiere bendecir, <strong>lo hace como \u00c9l quiere, cuando \u00c9l quiere y por los medios que \u00c9l determina.<\/strong><\/p>\n<p>No pretendo que nadie crea en mis sue\u00f1os.<\/p>\n<p><strong>Mi fe no est\u00e1 puesta en mis sue\u00f1os; est\u00e1 puesta en Dios y en Su Palabra.<\/strong><\/p>\n<p>Pero tampoco voy a negar lo que Dios me permiti\u00f3 vivir.<\/p>\n<p>Porque este testimonio no termina exaltando a mi.<\/p>\n<p><strong>Termina exaltando a Jesucristo.<\/strong><\/p>\n<p>Y despu\u00e9s de todo lo ocurrido, solamente puedo decir:<\/p>\n<p><strong>\u00a1A Dios sea toda la honra y toda la gloria!<\/strong><\/p>\n","protected":false},"excerpt":{"rendered":"<p>Hoy, 2 de septiembre, se cumple un a\u00f1o desde aquel sue\u00f1o que Dios puso en mi coraz\u00f3n, relacionado con mi hermano Jos\u00e9 Reynaldo. Durante todo el mes de agosto guard\u00e9 silencio. No porque hubiera dejado de creer, sino porque quer\u00eda esperar a Dios. Mientras otros pod\u00edan preguntar, preocuparse o esperar noticias, yo escog\u00ed orar, clamar &hellip;<\/p>\n","protected":false},"author":1,"featured_media":38930,"comment_status":"open","ping_status":"open","sticky":false,"template":"","format":"standard","meta":{"footnotes":""},"categories":[49],"tags":[],"class_list":["post-38923","post","type-post","status-publish","format-standard","has-post-thumbnail","hentry","category-testimonios-de-margarita"],"yoast_head":"<!-- This site is optimized with the Yoast SEO Premium plugin v24.2 (Yoast SEO v28.3) - https:\/\/yoast.com\/product\/yoast-seo-premium-wordpress\/ -->\n<title>EP\u00cdLOGO: LA RESPUESTA LLEG\u00d3 EN EL TIEMPO DE DIOS - Tabernaculo Prensa de Dios<\/title>\n<meta name=\"robots\" content=\"index, follow, max-snippet:-1, max-image-preview:large, max-video-preview:-1\" \/>\n<link rel=\"canonical\" href=\"https:\/\/tabernaculoprensadedios.com\/web\/epilogo-la-respuesta-llego-en-el-tiempo-de-dios\/\" class=\"yoast-seo-meta-tag\" \/>\n<meta property=\"og:locale\" content=\"es_ES\" class=\"yoast-seo-meta-tag\" \/>\n<meta property=\"og:type\" content=\"article\" class=\"yoast-seo-meta-tag\" \/>\n<meta property=\"og:title\" content=\"EP\u00cdLOGO: LA RESPUESTA LLEG\u00d3 EN EL TIEMPO DE DIOS\" class=\"yoast-seo-meta-tag\" \/>\n<meta property=\"og:description\" content=\"Hoy, 2 de septiembre, se cumple un a\u00f1o desde aquel sue\u00f1o que Dios puso en mi coraz\u00f3n, relacionado con mi hermano Jos\u00e9 Reynaldo. Durante todo el mes de agosto guard\u00e9 silencio. No porque hubiera dejado de creer, sino porque quer\u00eda esperar a Dios. Mientras otros pod\u00edan preguntar, preocuparse o esperar noticias, yo escog\u00ed orar, clamar &hellip;\" class=\"yoast-seo-meta-tag\" \/>\n<meta property=\"og:url\" content=\"https:\/\/tabernaculoprensadedios.com\/web\/epilogo-la-respuesta-llego-en-el-tiempo-de-dios\/\" class=\"yoast-seo-meta-tag\" \/>\n<meta property=\"og:site_name\" content=\"Tabernaculo Prensa de Dios\" class=\"yoast-seo-meta-tag\" \/>\n<meta property=\"article:published_time\" content=\"2026-09-02T17:03:58+00:00\" class=\"yoast-seo-meta-tag\" \/>\n<meta property=\"article:modified_time\" content=\"2026-09-02T17:44:17+00:00\" class=\"yoast-seo-meta-tag\" \/>\n<meta property=\"og:image\" content=\"https:\/\/tabernaculoprensadedios.com\/web\/wp-content\/uploads\/2026\/09\/WhatsApp-Image-2026-09-01-at-9.00.11-PM.avif\" class=\"yoast-seo-meta-tag\" \/>\n\t<meta property=\"og:image:width\" content=\"1024\" class=\"yoast-seo-meta-tag\" \/>\n\t<meta property=\"og:image:height\" content=\"768\" class=\"yoast-seo-meta-tag\" \/>\n\t<meta property=\"og:image:type\" content=\"image\/jpeg\" class=\"yoast-seo-meta-tag\" \/>\n<meta name=\"author\" content=\"tabernaculo\" class=\"yoast-seo-meta-tag\" \/>\n<meta name=\"twitter:card\" content=\"summary_large_image\" class=\"yoast-seo-meta-tag\" \/>\n<meta name=\"twitter:creator\" content=\"@PrensadeDios\" class=\"yoast-seo-meta-tag\" \/>\n<meta name=\"twitter:site\" content=\"@PrensadeDios\" class=\"yoast-seo-meta-tag\" \/>\n<meta name=\"twitter:label1\" content=\"Escrito por\" class=\"yoast-seo-meta-tag\" \/>\n\t<meta name=\"twitter:data1\" content=\"tabernaculo\" class=\"yoast-seo-meta-tag\" \/>\n\t<meta name=\"twitter:label2\" content=\"Tiempo de lectura\" class=\"yoast-seo-meta-tag\" \/>\n\t<meta name=\"twitter:data2\" content=\"5 minutos\" class=\"yoast-seo-meta-tag\" \/>\n<script type=\"application\/ld+json\" class=\"yoast-schema-graph\">{\"@context\":\"https:\\\/\\\/schema.org\",\"@graph\":[{\"@type\":\"Article\",\"@id\":\"https:\\\/\\\/tabernaculoprensadedios.com\\\/web\\\/epilogo-la-respuesta-llego-en-el-tiempo-de-dios\\\/#article\",\"isPartOf\":{\"@id\":\"https:\\\/\\\/tabernaculoprensadedios.com\\\/web\\\/epilogo-la-respuesta-llego-en-el-tiempo-de-dios\\\/\"},\"author\":{\"name\":\"tabernaculo\",\"@id\":\"https:\\\/\\\/tabernaculoprensadedios.com\\\/web\\\/#\\\/schema\\\/person\\\/bc0e069fef56b38e177db6f098ae0b6e\"},\"headline\":\"EP\u00cdLOGO: LA RESPUESTA LLEG\u00d3 EN EL TIEMPO DE DIOS\",\"datePublished\":\"2026-09-02T17:03:58+00:00\",\"dateModified\":\"2026-09-02T17:44:17+00:00\",\"mainEntityOfPage\":{\"@id\":\"https:\\\/\\\/tabernaculoprensadedios.com\\\/web\\\/epilogo-la-respuesta-llego-en-el-tiempo-de-dios\\\/\"},\"wordCount\":1041,\"commentCount\":0,\"publisher\":{\"@id\":\"https:\\\/\\\/tabernaculoprensadedios.com\\\/web\\\/#\\\/schema\\\/person\\\/bc0e069fef56b38e177db6f098ae0b6e\"},\"image\":{\"@id\":\"https:\\\/\\\/tabernaculoprensadedios.com\\\/web\\\/epilogo-la-respuesta-llego-en-el-tiempo-de-dios\\\/#primaryimage\"},\"thumbnailUrl\":\"https:\\\/\\\/tabernaculoprensadedios.com\\\/web\\\/wp-content\\\/uploads\\\/2026\\\/09\\\/WhatsApp-Image-2026-09-01-at-9.00.11-PM.avif\",\"articleSection\":[\"TESTIMONIOS DE MARGARITA\"],\"inLanguage\":\"es\",\"potentialAction\":[{\"@type\":\"CommentAction\",\"name\":\"Comment\",\"target\":[\"https:\\\/\\\/tabernaculoprensadedios.com\\\/web\\\/epilogo-la-respuesta-llego-en-el-tiempo-de-dios\\\/#respond\"]}]},{\"@type\":\"WebPage\",\"@id\":\"https:\\\/\\\/tabernaculoprensadedios.com\\\/web\\\/epilogo-la-respuesta-llego-en-el-tiempo-de-dios\\\/\",\"url\":\"https:\\\/\\\/tabernaculoprensadedios.com\\\/web\\\/epilogo-la-respuesta-llego-en-el-tiempo-de-dios\\\/\",\"name\":\"EP\u00cdLOGO: LA RESPUESTA LLEG\u00d3 EN EL TIEMPO DE DIOS - Tabernaculo Prensa de Dios\",\"isPartOf\":{\"@id\":\"https:\\\/\\\/tabernaculoprensadedios.com\\\/web\\\/#website\"},\"primaryImageOfPage\":{\"@id\":\"https:\\\/\\\/tabernaculoprensadedios.com\\\/web\\\/epilogo-la-respuesta-llego-en-el-tiempo-de-dios\\\/#primaryimage\"},\"image\":{\"@id\":\"https:\\\/\\\/tabernaculoprensadedios.com\\\/web\\\/epilogo-la-respuesta-llego-en-el-tiempo-de-dios\\\/#primaryimage\"},\"thumbnailUrl\":\"https:\\\/\\\/tabernaculoprensadedios.com\\\/web\\\/wp-content\\\/uploads\\\/2026\\\/09\\\/WhatsApp-Image-2026-09-01-at-9.00.11-PM.avif\",\"datePublished\":\"2026-09-02T17:03:58+00:00\",\"dateModified\":\"2026-09-02T17:44:17+00:00\",\"breadcrumb\":{\"@id\":\"https:\\\/\\\/tabernaculoprensadedios.com\\\/web\\\/epilogo-la-respuesta-llego-en-el-tiempo-de-dios\\\/#breadcrumb\"},\"inLanguage\":\"es\",\"potentialAction\":[{\"@type\":\"ReadAction\",\"target\":[\"https:\\\/\\\/tabernaculoprensadedios.com\\\/web\\\/epilogo-la-respuesta-llego-en-el-tiempo-de-dios\\\/\"]}]},{\"@type\":\"ImageObject\",\"inLanguage\":\"es\",\"@id\":\"https:\\\/\\\/tabernaculoprensadedios.com\\\/web\\\/epilogo-la-respuesta-llego-en-el-tiempo-de-dios\\\/#primaryimage\",\"url\":\"https:\\\/\\\/tabernaculoprensadedios.com\\\/web\\\/wp-content\\\/uploads\\\/2026\\\/09\\\/WhatsApp-Image-2026-09-01-at-9.00.11-PM.avif\",\"contentUrl\":\"https:\\\/\\\/tabernaculoprensadedios.com\\\/web\\\/wp-content\\\/uploads\\\/2026\\\/09\\\/WhatsApp-Image-2026-09-01-at-9.00.11-PM.avif\",\"width\":1024,\"height\":768},{\"@type\":\"BreadcrumbList\",\"@id\":\"https:\\\/\\\/tabernaculoprensadedios.com\\\/web\\\/epilogo-la-respuesta-llego-en-el-tiempo-de-dios\\\/#breadcrumb\",\"itemListElement\":[{\"@type\":\"ListItem\",\"position\":1,\"name\":\"Portada\",\"item\":\"https:\\\/\\\/tabernaculoprensadedios.com\\\/web\\\/\"},{\"@type\":\"ListItem\",\"position\":2,\"name\":\"EP\u00cdLOGO: LA RESPUESTA LLEG\u00d3 EN EL TIEMPO DE DIOS\"}]},{\"@type\":\"WebSite\",\"@id\":\"https:\\\/\\\/tabernaculoprensadedios.com\\\/web\\\/#website\",\"url\":\"https:\\\/\\\/tabernaculoprensadedios.com\\\/web\\\/\",\"name\":\"Tabernaculo Prensa de Dios\",\"description\":\"Un medio a la manera de Dios\",\"publisher\":{\"@id\":\"https:\\\/\\\/tabernaculoprensadedios.com\\\/web\\\/#\\\/schema\\\/person\\\/bc0e069fef56b38e177db6f098ae0b6e\"},\"potentialAction\":[{\"@type\":\"SearchAction\",\"target\":{\"@type\":\"EntryPoint\",\"urlTemplate\":\"https:\\\/\\\/tabernaculoprensadedios.com\\\/web\\\/?s={search_term_string}\"},\"query-input\":{\"@type\":\"PropertyValueSpecification\",\"valueRequired\":true,\"valueName\":\"search_term_string\"}}],\"inLanguage\":\"es\"},{\"@type\":[\"Person\",\"Organization\"],\"@id\":\"https:\\\/\\\/tabernaculoprensadedios.com\\\/web\\\/#\\\/schema\\\/person\\\/bc0e069fef56b38e177db6f098ae0b6e\",\"name\":\"tabernaculo\",\"image\":{\"@type\":\"ImageObject\",\"inLanguage\":\"es\",\"@id\":\"https:\\\/\\\/tabernaculoprensadedios.com\\\/web\\\/wp-content\\\/uploads\\\/2015\\\/06\\\/login-logo1.png\",\"url\":\"https:\\\/\\\/tabernaculoprensadedios.com\\\/web\\\/wp-content\\\/uploads\\\/2015\\\/06\\\/login-logo1.png\",\"contentUrl\":\"https:\\\/\\\/tabernaculoprensadedios.com\\\/web\\\/wp-content\\\/uploads\\\/2015\\\/06\\\/login-logo1.png\",\"width\":300,\"height\":118,\"caption\":\"tabernaculo\"},\"logo\":{\"@id\":\"https:\\\/\\\/tabernaculoprensadedios.com\\\/web\\\/wp-content\\\/uploads\\\/2015\\\/06\\\/login-logo1.png\"},\"url\":\"https:\\\/\\\/tabernaculoprensadedios.com\\\/web\\\/author\\\/tabernaculo\\\/\"}]}<\/script>\n<!-- \/ Yoast SEO Premium plugin. -->","yoast_head_json":{"title":"EP\u00cdLOGO: LA RESPUESTA LLEG\u00d3 EN EL TIEMPO DE DIOS - Tabernaculo Prensa de Dios","robots":{"index":"index","follow":"follow","max-snippet":"max-snippet:-1","max-image-preview":"max-image-preview:large","max-video-preview":"max-video-preview:-1"},"canonical":"https:\/\/tabernaculoprensadedios.com\/web\/epilogo-la-respuesta-llego-en-el-tiempo-de-dios\/","og_locale":"es_ES","og_type":"article","og_title":"EP\u00cdLOGO: LA RESPUESTA LLEG\u00d3 EN EL TIEMPO DE DIOS","og_description":"Hoy, 2 de septiembre, se cumple un a\u00f1o desde aquel sue\u00f1o que Dios puso en mi coraz\u00f3n, relacionado con mi hermano Jos\u00e9 Reynaldo. Durante todo el mes de agosto guard\u00e9 silencio. No porque hubiera dejado de creer, sino porque quer\u00eda esperar a Dios. Mientras otros pod\u00edan preguntar, preocuparse o esperar noticias, yo escog\u00ed orar, clamar &hellip;","og_url":"https:\/\/tabernaculoprensadedios.com\/web\/epilogo-la-respuesta-llego-en-el-tiempo-de-dios\/","og_site_name":"Tabernaculo Prensa de Dios","article_published_time":"2026-09-02T17:03:58+00:00","article_modified_time":"2026-09-02T17:44:17+00:00","og_image":[{"width":1024,"height":768,"url":"https:\/\/tabernaculoprensadedios.com\/web\/wp-content\/uploads\/2026\/09\/WhatsApp-Image-2026-09-01-at-9.00.11-PM.avif","type":"image\/jpeg"}],"author":"tabernaculo","twitter_card":"summary_large_image","twitter_creator":"@PrensadeDios","twitter_site":"@PrensadeDios","twitter_misc":{"Escrito por":"tabernaculo","Tiempo de lectura":"5 minutos"},"schema":{"@context":"https:\/\/schema.org","@graph":[{"@type":"Article","@id":"https:\/\/tabernaculoprensadedios.com\/web\/epilogo-la-respuesta-llego-en-el-tiempo-de-dios\/#article","isPartOf":{"@id":"https:\/\/tabernaculoprensadedios.com\/web\/epilogo-la-respuesta-llego-en-el-tiempo-de-dios\/"},"author":{"name":"tabernaculo","@id":"https:\/\/tabernaculoprensadedios.com\/web\/#\/schema\/person\/bc0e069fef56b38e177db6f098ae0b6e"},"headline":"EP\u00cdLOGO: LA RESPUESTA LLEG\u00d3 EN EL TIEMPO DE DIOS","datePublished":"2026-09-02T17:03:58+00:00","dateModified":"2026-09-02T17:44:17+00:00","mainEntityOfPage":{"@id":"https:\/\/tabernaculoprensadedios.com\/web\/epilogo-la-respuesta-llego-en-el-tiempo-de-dios\/"},"wordCount":1041,"commentCount":0,"publisher":{"@id":"https:\/\/tabernaculoprensadedios.com\/web\/#\/schema\/person\/bc0e069fef56b38e177db6f098ae0b6e"},"image":{"@id":"https:\/\/tabernaculoprensadedios.com\/web\/epilogo-la-respuesta-llego-en-el-tiempo-de-dios\/#primaryimage"},"thumbnailUrl":"https:\/\/tabernaculoprensadedios.com\/web\/wp-content\/uploads\/2026\/09\/WhatsApp-Image-2026-09-01-at-9.00.11-PM.avif","articleSection":["TESTIMONIOS DE MARGARITA"],"inLanguage":"es","potentialAction":[{"@type":"CommentAction","name":"Comment","target":["https:\/\/tabernaculoprensadedios.com\/web\/epilogo-la-respuesta-llego-en-el-tiempo-de-dios\/#respond"]}]},{"@type":"WebPage","@id":"https:\/\/tabernaculoprensadedios.com\/web\/epilogo-la-respuesta-llego-en-el-tiempo-de-dios\/","url":"https:\/\/tabernaculoprensadedios.com\/web\/epilogo-la-respuesta-llego-en-el-tiempo-de-dios\/","name":"EP\u00cdLOGO: LA RESPUESTA LLEG\u00d3 EN EL TIEMPO DE DIOS - Tabernaculo Prensa de Dios","isPartOf":{"@id":"https:\/\/tabernaculoprensadedios.com\/web\/#website"},"primaryImageOfPage":{"@id":"https:\/\/tabernaculoprensadedios.com\/web\/epilogo-la-respuesta-llego-en-el-tiempo-de-dios\/#primaryimage"},"image":{"@id":"https:\/\/tabernaculoprensadedios.com\/web\/epilogo-la-respuesta-llego-en-el-tiempo-de-dios\/#primaryimage"},"thumbnailUrl":"https:\/\/tabernaculoprensadedios.com\/web\/wp-content\/uploads\/2026\/09\/WhatsApp-Image-2026-09-01-at-9.00.11-PM.avif","datePublished":"2026-09-02T17:03:58+00:00","dateModified":"2026-09-02T17:44:17+00:00","breadcrumb":{"@id":"https:\/\/tabernaculoprensadedios.com\/web\/epilogo-la-respuesta-llego-en-el-tiempo-de-dios\/#breadcrumb"},"inLanguage":"es","potentialAction":[{"@type":"ReadAction","target":["https:\/\/tabernaculoprensadedios.com\/web\/epilogo-la-respuesta-llego-en-el-tiempo-de-dios\/"]}]},{"@type":"ImageObject","inLanguage":"es","@id":"https:\/\/tabernaculoprensadedios.com\/web\/epilogo-la-respuesta-llego-en-el-tiempo-de-dios\/#primaryimage","url":"https:\/\/tabernaculoprensadedios.com\/web\/wp-content\/uploads\/2026\/09\/WhatsApp-Image-2026-09-01-at-9.00.11-PM.avif","contentUrl":"https:\/\/tabernaculoprensadedios.com\/web\/wp-content\/uploads\/2026\/09\/WhatsApp-Image-2026-09-01-at-9.00.11-PM.avif","width":1024,"height":768},{"@type":"BreadcrumbList","@id":"https:\/\/tabernaculoprensadedios.com\/web\/epilogo-la-respuesta-llego-en-el-tiempo-de-dios\/#breadcrumb","itemListElement":[{"@type":"ListItem","position":1,"name":"Portada","item":"https:\/\/tabernaculoprensadedios.com\/web\/"},{"@type":"ListItem","position":2,"name":"EP\u00cdLOGO: LA RESPUESTA LLEG\u00d3 EN EL TIEMPO DE DIOS"}]},{"@type":"WebSite","@id":"https:\/\/tabernaculoprensadedios.com\/web\/#website","url":"https:\/\/tabernaculoprensadedios.com\/web\/","name":"Tabernaculo Prensa de Dios","description":"Un medio a la manera de Dios","publisher":{"@id":"https:\/\/tabernaculoprensadedios.com\/web\/#\/schema\/person\/bc0e069fef56b38e177db6f098ae0b6e"},"potentialAction":[{"@type":"SearchAction","target":{"@type":"EntryPoint","urlTemplate":"https:\/\/tabernaculoprensadedios.com\/web\/?s={search_term_string}"},"query-input":{"@type":"PropertyValueSpecification","valueRequired":true,"valueName":"search_term_string"}}],"inLanguage":"es"},{"@type":["Person","Organization"],"@id":"https:\/\/tabernaculoprensadedios.com\/web\/#\/schema\/person\/bc0e069fef56b38e177db6f098ae0b6e","name":"tabernaculo","image":{"@type":"ImageObject","inLanguage":"es","@id":"https:\/\/tabernaculoprensadedios.com\/web\/wp-content\/uploads\/2015\/06\/login-logo1.png","url":"https:\/\/tabernaculoprensadedios.com\/web\/wp-content\/uploads\/2015\/06\/login-logo1.png","contentUrl":"https:\/\/tabernaculoprensadedios.com\/web\/wp-content\/uploads\/2015\/06\/login-logo1.png","width":300,"height":118,"caption":"tabernaculo"},"logo":{"@id":"https:\/\/tabernaculoprensadedios.com\/web\/wp-content\/uploads\/2015\/06\/login-logo1.png"},"url":"https:\/\/tabernaculoprensadedios.com\/web\/author\/tabernaculo\/"}]}},"_links":{"self":[{"href":"https:\/\/tabernaculoprensadedios.com\/web\/wp-json\/wp\/v2\/posts\/38923","targetHints":{"allow":["GET"]}}],"collection":[{"href":"https:\/\/tabernaculoprensadedios.com\/web\/wp-json\/wp\/v2\/posts"}],"about":[{"href":"https:\/\/tabernaculoprensadedios.com\/web\/wp-json\/wp\/v2\/types\/post"}],"author":[{"embeddable":true,"href":"https:\/\/tabernaculoprensadedios.com\/web\/wp-json\/wp\/v2\/users\/1"}],"replies":[{"embeddable":true,"href":"https:\/\/tabernaculoprensadedios.com\/web\/wp-json\/wp\/v2\/comments?post=38923"}],"version-history":[{"count":1,"href":"https:\/\/tabernaculoprensadedios.com\/web\/wp-json\/wp\/v2\/posts\/38923\/revisions"}],"predecessor-version":[{"id":38924,"href":"https:\/\/tabernaculoprensadedios.com\/web\/wp-json\/wp\/v2\/posts\/38923\/revisions\/38924"}],"wp:featuredmedia":[{"embeddable":true,"href":"https:\/\/tabernaculoprensadedios.com\/web\/wp-json\/wp\/v2\/media\/38930"}],"wp:attachment":[{"href":"https:\/\/tabernaculoprensadedios.com\/web\/wp-json\/wp\/v2\/media?parent=38923"}],"wp:term":[{"taxonomy":"category","embeddable":true,"href":"https:\/\/tabernaculoprensadedios.com\/web\/wp-json\/wp\/v2\/categories?post=38923"},{"taxonomy":"post_tag","embeddable":true,"href":"https:\/\/tabernaculoprensadedios.com\/web\/wp-json\/wp\/v2\/tags?post=38923"}],"curies":[{"name":"wp","href":"https:\/\/api.w.org\/{rel}","templated":true}]}}