{"id":37881,"date":"2026-05-01T21:39:22","date_gmt":"2026-05-02T01:39:22","guid":{"rendered":"https:\/\/tabernaculoprensadedios.com\/web\/?p=37881"},"modified":"2026-05-01T21:43:33","modified_gmt":"2026-05-02T01:43:33","slug":"unev-celebra-su-73-a-graduacion-ordinaria-con-enfasis-en-la-integridad-academica-y-la-formacion-con-proposito","status":"publish","type":"post","link":"https:\/\/tabernaculoprensadedios.com\/web\/unev-celebra-su-73-a-graduacion-ordinaria-con-enfasis-en-la-integridad-academica-y-la-formacion-con-proposito\/","title":{"rendered":"UNEV celebra su 73.\u00aa Graduaci\u00f3n Ordinaria con \u00e9nfasis en la integridad acad\u00e9mica y la formaci\u00f3n con prop\u00f3sito"},"content":{"rendered":"<p>La\u00a0Universidad Nacional Evang\u00e9lica\u00a0(UNEV) celebr\u00f3 su 73.\u00aa Graduaci\u00f3n Ordinaria en un acto solemne que trascendi\u00f3 la entrega de t\u00edtulos para convertirse en una plataforma de reflexi\u00f3n acad\u00e9mica, reconocimiento institucional y afirmaci\u00f3n de valores en tiempos marcados por el avance de la tecnolog\u00eda.<\/p>\n<p>Un total de 371 nuevos profesionales fueron investidos, marcando una nueva generaci\u00f3n llamada a impactar la sociedad dominicana con conocimiento, \u00e9tica y compromiso.<\/p>\n<h3>Un reconocimiento con significado: honra a una trayectoria acad\u00e9mica<\/h3>\n<p>Uno de los momentos m\u00e1s significativos de la ceremonia fue el reconocimiento al\u00a0Alfredo Ossers Veras, quien, junto a la academia, celebra cinco d\u00e9cadas de trayectoria vinculada al desarrollo educativo.<\/p>\n<p>El rector de la UNEV, en un gesto de honra institucional, dispuso que el Dr. Ossers Veras fuera el invitado especial y orador central de la ceremonia, destacando no solo su legado acad\u00e9mico, sino su aporte a la formaci\u00f3n de generaciones.<\/p>\n<p>Este acto no fue protocolar, sino profundamente simb\u00f3lico. una universidad que reconoce la fidelidad, la permanencia y la construcci\u00f3n del conocimiento a lo largo del tiempo.<\/p>\n<h3>Un discurso que confronta los tiempos actuales<\/h3>\n<p>En su intervenci\u00f3n, el Dr. Ossers Veras abord\u00f3 con firmeza los desaf\u00edos que enfrenta la educaci\u00f3n superior en la era de la inteligencia artificial.<\/p>\n<p>Advirti\u00f3 sobre el riesgo de una formaci\u00f3n superficial impulsada por el uso indiscriminado de herramientas tecnol\u00f3gicas, exhortando a los graduandos a no sustituir el pensamiento cr\u00edtico por la inmediatez digital.<\/p>\n<p>Su llamado fue claro: preservar la integridad acad\u00e9mica y ejercer el conocimiento con autoridad, m\u00e1s all\u00e1 del t\u00edtulo obtenido.<\/p>\n<h3>Psicolog\u00eda. reflejo de una necesidad nacional<\/h3>\n<p>La composici\u00f3n de esta promoci\u00f3n evidenci\u00f3 una tendencia significativa: el 52.56% de los graduados pertenecen al \u00e1rea de Psicolog\u00eda, posicion\u00e1ndose como la carrera con mayor representaci\u00f3n.<\/p>\n<p>Este dato revela una respuesta directa a las demandas actuales de salud mental en la sociedad dominicana. Le siguen Contabilidad (13.21%) y Derecho (6.20%), \u00e1reas clave para el desarrollo estructural del pa\u00eds.<\/p>\n<h3>Excelencia acad\u00e9mica con visi\u00f3n integral<\/h3>\n<p>La m\u00e1xima distinci\u00f3n acad\u00e9mica recay\u00f3 en\u00a0Darleny Trinidad de la Cruz, graduada de Psicolog\u00eda Cl\u00ednica con los m\u00e1s altos honores.<\/p>\n<p>En sus palabras, destac\u00f3 que el verdadero \u00e9xito no radica \u00fanicamente en el rendimiento acad\u00e9mico, sino en una formaci\u00f3n integral donde convergen la disciplina, los valores y la fe.<\/p>\n<p>Su intervenci\u00f3n represent\u00f3 la voz de una generaci\u00f3n que entiende que el conocimiento sin prop\u00f3sito pierde su esencia.<\/p>\n<h3>Formaci\u00f3n para un tiempo desafiante<\/h3>\n<p>En un contexto global donde la inteligencia artificial redefine los procesos educativos y profesionales, la UNEV reafirma su misi\u00f3n de formar no solo especialistas, sino ciudadanos con conciencia \u00e9tica y responsabilidad social.<\/p>\n<p>Esta graduaci\u00f3n no solo marca el cierre de una etapa acad\u00e9mica, sino el inicio de una asignaci\u00f3n mayor: influir en la sociedad con conocimiento, car\u00e1cter y temor de Dios.<\/p>\n<div id='gallery-1' class='gallery galleryid-37881 gallery-columns-3 gallery-size-thumbnail'><figure class='gallery-item'>\n\t\t\t<div class='gallery-icon landscape'>\n\t\t\t\t<a href='https:\/\/tabernaculoprensadedios.com\/web\/unev-celebra-su-73-a-graduacion-ordinaria-con-enfasis-en-la-integridad-academica-y-la-formacion-con-proposito\/unnamed-4-8\/'><img loading=\"lazy\" decoding=\"async\" width=\"128\" height=\"91\" src=\"https:\/\/tabernaculoprensadedios.com\/web\/wp-content\/uploads\/2026\/05\/unnamed-4.avif\" class=\"attachment-thumbnail size-thumbnail\" alt=\"\" \/><\/a>\n\t\t\t<\/div><\/figure><figure class='gallery-item'>\n\t\t\t<div class='gallery-icon landscape'>\n\t\t\t\t<a href='https:\/\/tabernaculoprensadedios.com\/web\/unev-celebra-su-73-a-graduacion-ordinaria-con-enfasis-en-la-integridad-academica-y-la-formacion-con-proposito\/unnamed-3-12\/'><img loading=\"lazy\" decoding=\"async\" width=\"128\" height=\"91\" src=\"https:\/\/tabernaculoprensadedios.com\/web\/wp-content\/uploads\/2026\/05\/unnamed-3.avif\" class=\"attachment-thumbnail size-thumbnail\" alt=\"\" \/><\/a>\n\t\t\t<\/div><\/figure><figure class='gallery-item'>\n\t\t\t<div class='gallery-icon landscape'>\n\t\t\t\t<a href='https:\/\/tabernaculoprensadedios.com\/web\/unev-celebra-su-73-a-graduacion-ordinaria-con-enfasis-en-la-integridad-academica-y-la-formacion-con-proposito\/unnamed-2-14\/'><img loading=\"lazy\" decoding=\"async\" width=\"128\" height=\"85\" src=\"https:\/\/tabernaculoprensadedios.com\/web\/wp-content\/uploads\/2026\/05\/unnamed-2.avif\" class=\"attachment-thumbnail size-thumbnail\" alt=\"\" \/><\/a>\n\t\t\t<\/div><\/figure>\n\t\t<\/div>\n\n","protected":false},"excerpt":{"rendered":"<p>La\u00a0Universidad Nacional Evang\u00e9lica\u00a0(UNEV) celebr\u00f3 su 73.\u00aa Graduaci\u00f3n Ordinaria en un acto solemne que trascendi\u00f3 la entrega de t\u00edtulos para convertirse en una plataforma de reflexi\u00f3n acad\u00e9mica, reconocimiento institucional y afirmaci\u00f3n de valores en tiempos marcados por el avance de la tecnolog\u00eda. Un total de 371 nuevos profesionales fueron investidos, marcando una nueva generaci\u00f3n llamada a &hellip;<\/p>\n","protected":false},"author":1,"featured_media":37882,"comment_status":"open","ping_status":"open","sticky":false,"template":"","format":"standard","meta":{"footnotes":""},"categories":[19],"tags":[],"class_list":["post-37881","post","type-post","status-publish","format-standard","has-post-thumbnail","hentry","category-educacion"],"yoast_head":"<!-- This site is optimized with the Yoast SEO Premium plugin v24.2 (Yoast SEO v27.1.1) - https:\/\/yoast.com\/product\/yoast-seo-premium-wordpress\/ -->\n<title>UNEV celebra su 73.\u00aa Graduaci\u00f3n Ordinaria con \u00e9nfasis en la integridad acad\u00e9mica y la formaci\u00f3n con prop\u00f3sito - Tabernaculo Prensa de Dios<\/title>\n<meta name=\"robots\" content=\"index, follow, max-snippet:-1, max-image-preview:large, max-video-preview:-1\" \/>\n<link rel=\"canonical\" href=\"https:\/\/tabernaculoprensadedios.com\/web\/unev-celebra-su-73-a-graduacion-ordinaria-con-enfasis-en-la-integridad-academica-y-la-formacion-con-proposito\/\" class=\"yoast-seo-meta-tag\" \/>\n<meta property=\"og:locale\" content=\"es_ES\" class=\"yoast-seo-meta-tag\" \/>\n<meta property=\"og:type\" content=\"article\" class=\"yoast-seo-meta-tag\" \/>\n<meta property=\"og:title\" content=\"UNEV celebra su 73.\u00aa Graduaci\u00f3n Ordinaria con \u00e9nfasis en la integridad acad\u00e9mica y la formaci\u00f3n con prop\u00f3sito\" class=\"yoast-seo-meta-tag\" \/>\n<meta property=\"og:description\" content=\"La\u00a0Universidad Nacional Evang\u00e9lica\u00a0(UNEV) celebr\u00f3 su 73.\u00aa Graduaci\u00f3n Ordinaria en un acto solemne que trascendi\u00f3 la entrega de t\u00edtulos para convertirse en una plataforma de reflexi\u00f3n acad\u00e9mica, reconocimiento institucional y afirmaci\u00f3n de valores en tiempos marcados por el avance de la tecnolog\u00eda. Un total de 371 nuevos profesionales fueron investidos, marcando una nueva generaci\u00f3n llamada a &hellip;\" class=\"yoast-seo-meta-tag\" \/>\n<meta property=\"og:url\" content=\"https:\/\/tabernaculoprensadedios.com\/web\/unev-celebra-su-73-a-graduacion-ordinaria-con-enfasis-en-la-integridad-academica-y-la-formacion-con-proposito\/\" class=\"yoast-seo-meta-tag\" \/>\n<meta property=\"og:site_name\" content=\"Tabernaculo Prensa de Dios\" class=\"yoast-seo-meta-tag\" \/>\n<meta property=\"article:published_time\" content=\"2026-05-02T01:39:22+00:00\" class=\"yoast-seo-meta-tag\" \/>\n<meta property=\"article:modified_time\" content=\"2026-05-02T01:43:33+00:00\" class=\"yoast-seo-meta-tag\" \/>\n<meta property=\"og:image\" content=\"https:\/\/tabernaculoprensadedios.com\/web\/wp-content\/uploads\/2026\/05\/IMG-20260501-WA0004.avif\" class=\"yoast-seo-meta-tag\" \/>\n\t<meta property=\"og:image:width\" content=\"1218\" class=\"yoast-seo-meta-tag\" \/>\n\t<meta property=\"og:image:height\" content=\"731\" class=\"yoast-seo-meta-tag\" \/>\n\t<meta property=\"og:image:type\" content=\"image\/jpeg\" class=\"yoast-seo-meta-tag\" \/>\n<meta name=\"author\" content=\"tabernaculo\" class=\"yoast-seo-meta-tag\" \/>\n<meta name=\"twitter:card\" content=\"summary_large_image\" class=\"yoast-seo-meta-tag\" \/>\n<meta name=\"twitter:creator\" content=\"@PrensadeDios\" class=\"yoast-seo-meta-tag\" \/>\n<meta name=\"twitter:site\" content=\"@PrensadeDios\" class=\"yoast-seo-meta-tag\" \/>\n<meta name=\"twitter:label1\" content=\"Escrito por\" class=\"yoast-seo-meta-tag\" \/>\n\t<meta name=\"twitter:data1\" content=\"tabernaculo\" class=\"yoast-seo-meta-tag\" \/>\n\t<meta name=\"twitter:label2\" content=\"Tiempo de lectura\" class=\"yoast-seo-meta-tag\" \/>\n\t<meta name=\"twitter:data2\" content=\"3 minutos\" class=\"yoast-seo-meta-tag\" \/>\n<script type=\"application\/ld+json\" class=\"yoast-schema-graph\">{\"@context\":\"https:\/\/schema.org\",\"@graph\":[{\"@type\":\"Article\",\"@id\":\"https:\/\/tabernaculoprensadedios.com\/web\/unev-celebra-su-73-a-graduacion-ordinaria-con-enfasis-en-la-integridad-academica-y-la-formacion-con-proposito\/#article\",\"isPartOf\":{\"@id\":\"https:\/\/tabernaculoprensadedios.com\/web\/unev-celebra-su-73-a-graduacion-ordinaria-con-enfasis-en-la-integridad-academica-y-la-formacion-con-proposito\/\"},\"author\":{\"name\":\"tabernaculo\",\"@id\":\"https:\/\/tabernaculoprensadedios.com\/web\/#\/schema\/person\/bc0e069fef56b38e177db6f098ae0b6e\"},\"headline\":\"UNEV celebra su 73.\u00aa Graduaci\u00f3n Ordinaria con \u00e9nfasis en la integridad acad\u00e9mica y la formaci\u00f3n con prop\u00f3sito\",\"datePublished\":\"2026-05-02T01:39:22+00:00\",\"dateModified\":\"2026-05-02T01:43:33+00:00\",\"mainEntityOfPage\":{\"@id\":\"https:\/\/tabernaculoprensadedios.com\/web\/unev-celebra-su-73-a-graduacion-ordinaria-con-enfasis-en-la-integridad-academica-y-la-formacion-con-proposito\/\"},\"wordCount\":521,\"commentCount\":0,\"publisher\":{\"@id\":\"https:\/\/tabernaculoprensadedios.com\/web\/#\/schema\/person\/bc0e069fef56b38e177db6f098ae0b6e\"},\"image\":{\"@id\":\"https:\/\/tabernaculoprensadedios.com\/web\/unev-celebra-su-73-a-graduacion-ordinaria-con-enfasis-en-la-integridad-academica-y-la-formacion-con-proposito\/#primaryimage\"},\"thumbnailUrl\":\"https:\/\/tabernaculoprensadedios.com\/web\/wp-content\/uploads\/2026\/05\/IMG-20260501-WA0004.avif\",\"articleSection\":[\"Educaci\u00f3n\"],\"inLanguage\":\"es\",\"potentialAction\":[{\"@type\":\"CommentAction\",\"name\":\"Comment\",\"target\":[\"https:\/\/tabernaculoprensadedios.com\/web\/unev-celebra-su-73-a-graduacion-ordinaria-con-enfasis-en-la-integridad-academica-y-la-formacion-con-proposito\/#respond\"]}]},{\"@type\":\"WebPage\",\"@id\":\"https:\/\/tabernaculoprensadedios.com\/web\/unev-celebra-su-73-a-graduacion-ordinaria-con-enfasis-en-la-integridad-academica-y-la-formacion-con-proposito\/\",\"url\":\"https:\/\/tabernaculoprensadedios.com\/web\/unev-celebra-su-73-a-graduacion-ordinaria-con-enfasis-en-la-integridad-academica-y-la-formacion-con-proposito\/\",\"name\":\"UNEV celebra su 73.\u00aa Graduaci\u00f3n Ordinaria con \u00e9nfasis en la integridad acad\u00e9mica y la formaci\u00f3n con prop\u00f3sito - Tabernaculo Prensa de Dios\",\"isPartOf\":{\"@id\":\"https:\/\/tabernaculoprensadedios.com\/web\/#website\"},\"primaryImageOfPage\":{\"@id\":\"https:\/\/tabernaculoprensadedios.com\/web\/unev-celebra-su-73-a-graduacion-ordinaria-con-enfasis-en-la-integridad-academica-y-la-formacion-con-proposito\/#primaryimage\"},\"image\":{\"@id\":\"https:\/\/tabernaculoprensadedios.com\/web\/unev-celebra-su-73-a-graduacion-ordinaria-con-enfasis-en-la-integridad-academica-y-la-formacion-con-proposito\/#primaryimage\"},\"thumbnailUrl\":\"https:\/\/tabernaculoprensadedios.com\/web\/wp-content\/uploads\/2026\/05\/IMG-20260501-WA0004.avif\",\"datePublished\":\"2026-05-02T01:39:22+00:00\",\"dateModified\":\"2026-05-02T01:43:33+00:00\",\"breadcrumb\":{\"@id\":\"https:\/\/tabernaculoprensadedios.com\/web\/unev-celebra-su-73-a-graduacion-ordinaria-con-enfasis-en-la-integridad-academica-y-la-formacion-con-proposito\/#breadcrumb\"},\"inLanguage\":\"es\",\"potentialAction\":[{\"@type\":\"ReadAction\",\"target\":[\"https:\/\/tabernaculoprensadedios.com\/web\/unev-celebra-su-73-a-graduacion-ordinaria-con-enfasis-en-la-integridad-academica-y-la-formacion-con-proposito\/\"]}]},{\"@type\":\"ImageObject\",\"inLanguage\":\"es\",\"@id\":\"https:\/\/tabernaculoprensadedios.com\/web\/unev-celebra-su-73-a-graduacion-ordinaria-con-enfasis-en-la-integridad-academica-y-la-formacion-con-proposito\/#primaryimage\",\"url\":\"https:\/\/tabernaculoprensadedios.com\/web\/wp-content\/uploads\/2026\/05\/IMG-20260501-WA0004.avif\",\"contentUrl\":\"https:\/\/tabernaculoprensadedios.com\/web\/wp-content\/uploads\/2026\/05\/IMG-20260501-WA0004.avif\",\"width\":1218,\"height\":731},{\"@type\":\"BreadcrumbList\",\"@id\":\"https:\/\/tabernaculoprensadedios.com\/web\/unev-celebra-su-73-a-graduacion-ordinaria-con-enfasis-en-la-integridad-academica-y-la-formacion-con-proposito\/#breadcrumb\",\"itemListElement\":[{\"@type\":\"ListItem\",\"position\":1,\"name\":\"Portada\",\"item\":\"https:\/\/tabernaculoprensadedios.com\/web\/\"},{\"@type\":\"ListItem\",\"position\":2,\"name\":\"UNEV celebra su 73.\u00aa Graduaci\u00f3n Ordinaria con \u00e9nfasis en la integridad acad\u00e9mica y la formaci\u00f3n con prop\u00f3sito\"}]},{\"@type\":\"WebSite\",\"@id\":\"https:\/\/tabernaculoprensadedios.com\/web\/#website\",\"url\":\"https:\/\/tabernaculoprensadedios.com\/web\/\",\"name\":\"Tabernaculo Prensa de Dios\",\"description\":\"Un medio a la manera de Dios\",\"publisher\":{\"@id\":\"https:\/\/tabernaculoprensadedios.com\/web\/#\/schema\/person\/bc0e069fef56b38e177db6f098ae0b6e\"},\"potentialAction\":[{\"@type\":\"SearchAction\",\"target\":{\"@type\":\"EntryPoint\",\"urlTemplate\":\"https:\/\/tabernaculoprensadedios.com\/web\/?s={search_term_string}\"},\"query-input\":{\"@type\":\"PropertyValueSpecification\",\"valueRequired\":true,\"valueName\":\"search_term_string\"}}],\"inLanguage\":\"es\"},{\"@type\":[\"Person\",\"Organization\"],\"@id\":\"https:\/\/tabernaculoprensadedios.com\/web\/#\/schema\/person\/bc0e069fef56b38e177db6f098ae0b6e\",\"name\":\"tabernaculo\",\"image\":{\"@type\":\"ImageObject\",\"inLanguage\":\"es\",\"@id\":\"https:\/\/tabernaculoprensadedios.com\/web\/#\/schema\/person\/image\/\",\"url\":\"https:\/\/tabernaculoprensadedios.com\/web\/wp-content\/uploads\/2015\/06\/login-logo1.png\",\"contentUrl\":\"https:\/\/tabernaculoprensadedios.com\/web\/wp-content\/uploads\/2015\/06\/login-logo1.png\",\"width\":300,\"height\":118,\"caption\":\"tabernaculo\"},\"logo\":{\"@id\":\"https:\/\/tabernaculoprensadedios.com\/web\/#\/schema\/person\/image\/\"},\"url\":\"https:\/\/tabernaculoprensadedios.com\/web\/author\/tabernaculo\/\"}]}<\/script>\n<!-- \/ Yoast SEO Premium plugin. -->","yoast_head_json":{"title":"UNEV celebra su 73.\u00aa Graduaci\u00f3n Ordinaria con \u00e9nfasis en la integridad acad\u00e9mica y la formaci\u00f3n con prop\u00f3sito - Tabernaculo Prensa de Dios","robots":{"index":"index","follow":"follow","max-snippet":"max-snippet:-1","max-image-preview":"max-image-preview:large","max-video-preview":"max-video-preview:-1"},"canonical":"https:\/\/tabernaculoprensadedios.com\/web\/unev-celebra-su-73-a-graduacion-ordinaria-con-enfasis-en-la-integridad-academica-y-la-formacion-con-proposito\/","og_locale":"es_ES","og_type":"article","og_title":"UNEV celebra su 73.\u00aa Graduaci\u00f3n Ordinaria con \u00e9nfasis en la integridad acad\u00e9mica y la formaci\u00f3n con prop\u00f3sito","og_description":"La\u00a0Universidad Nacional Evang\u00e9lica\u00a0(UNEV) celebr\u00f3 su 73.\u00aa Graduaci\u00f3n Ordinaria en un acto solemne que trascendi\u00f3 la entrega de t\u00edtulos para convertirse en una plataforma de reflexi\u00f3n acad\u00e9mica, reconocimiento institucional y afirmaci\u00f3n de valores en tiempos marcados por el avance de la tecnolog\u00eda. Un total de 371 nuevos profesionales fueron investidos, marcando una nueva generaci\u00f3n llamada a &hellip;","og_url":"https:\/\/tabernaculoprensadedios.com\/web\/unev-celebra-su-73-a-graduacion-ordinaria-con-enfasis-en-la-integridad-academica-y-la-formacion-con-proposito\/","og_site_name":"Tabernaculo Prensa de Dios","article_published_time":"2026-05-02T01:39:22+00:00","article_modified_time":"2026-05-02T01:43:33+00:00","og_image":[{"width":1218,"height":731,"url":"https:\/\/tabernaculoprensadedios.com\/web\/wp-content\/uploads\/2026\/05\/IMG-20260501-WA0004.avif","type":"image\/jpeg"}],"author":"tabernaculo","twitter_card":"summary_large_image","twitter_creator":"@PrensadeDios","twitter_site":"@PrensadeDios","twitter_misc":{"Escrito por":"tabernaculo","Tiempo de lectura":"3 minutos"},"schema":{"@context":"https:\/\/schema.org","@graph":[{"@type":"Article","@id":"https:\/\/tabernaculoprensadedios.com\/web\/unev-celebra-su-73-a-graduacion-ordinaria-con-enfasis-en-la-integridad-academica-y-la-formacion-con-proposito\/#article","isPartOf":{"@id":"https:\/\/tabernaculoprensadedios.com\/web\/unev-celebra-su-73-a-graduacion-ordinaria-con-enfasis-en-la-integridad-academica-y-la-formacion-con-proposito\/"},"author":{"name":"tabernaculo","@id":"https:\/\/tabernaculoprensadedios.com\/web\/#\/schema\/person\/bc0e069fef56b38e177db6f098ae0b6e"},"headline":"UNEV celebra su 73.\u00aa Graduaci\u00f3n Ordinaria con \u00e9nfasis en la integridad acad\u00e9mica y la formaci\u00f3n con prop\u00f3sito","datePublished":"2026-05-02T01:39:22+00:00","dateModified":"2026-05-02T01:43:33+00:00","mainEntityOfPage":{"@id":"https:\/\/tabernaculoprensadedios.com\/web\/unev-celebra-su-73-a-graduacion-ordinaria-con-enfasis-en-la-integridad-academica-y-la-formacion-con-proposito\/"},"wordCount":521,"commentCount":0,"publisher":{"@id":"https:\/\/tabernaculoprensadedios.com\/web\/#\/schema\/person\/bc0e069fef56b38e177db6f098ae0b6e"},"image":{"@id":"https:\/\/tabernaculoprensadedios.com\/web\/unev-celebra-su-73-a-graduacion-ordinaria-con-enfasis-en-la-integridad-academica-y-la-formacion-con-proposito\/#primaryimage"},"thumbnailUrl":"https:\/\/tabernaculoprensadedios.com\/web\/wp-content\/uploads\/2026\/05\/IMG-20260501-WA0004.avif","articleSection":["Educaci\u00f3n"],"inLanguage":"es","potentialAction":[{"@type":"CommentAction","name":"Comment","target":["https:\/\/tabernaculoprensadedios.com\/web\/unev-celebra-su-73-a-graduacion-ordinaria-con-enfasis-en-la-integridad-academica-y-la-formacion-con-proposito\/#respond"]}]},{"@type":"WebPage","@id":"https:\/\/tabernaculoprensadedios.com\/web\/unev-celebra-su-73-a-graduacion-ordinaria-con-enfasis-en-la-integridad-academica-y-la-formacion-con-proposito\/","url":"https:\/\/tabernaculoprensadedios.com\/web\/unev-celebra-su-73-a-graduacion-ordinaria-con-enfasis-en-la-integridad-academica-y-la-formacion-con-proposito\/","name":"UNEV celebra su 73.\u00aa Graduaci\u00f3n Ordinaria con \u00e9nfasis en la integridad acad\u00e9mica y la formaci\u00f3n con prop\u00f3sito - Tabernaculo Prensa de Dios","isPartOf":{"@id":"https:\/\/tabernaculoprensadedios.com\/web\/#website"},"primaryImageOfPage":{"@id":"https:\/\/tabernaculoprensadedios.com\/web\/unev-celebra-su-73-a-graduacion-ordinaria-con-enfasis-en-la-integridad-academica-y-la-formacion-con-proposito\/#primaryimage"},"image":{"@id":"https:\/\/tabernaculoprensadedios.com\/web\/unev-celebra-su-73-a-graduacion-ordinaria-con-enfasis-en-la-integridad-academica-y-la-formacion-con-proposito\/#primaryimage"},"thumbnailUrl":"https:\/\/tabernaculoprensadedios.com\/web\/wp-content\/uploads\/2026\/05\/IMG-20260501-WA0004.avif","datePublished":"2026-05-02T01:39:22+00:00","dateModified":"2026-05-02T01:43:33+00:00","breadcrumb":{"@id":"https:\/\/tabernaculoprensadedios.com\/web\/unev-celebra-su-73-a-graduacion-ordinaria-con-enfasis-en-la-integridad-academica-y-la-formacion-con-proposito\/#breadcrumb"},"inLanguage":"es","potentialAction":[{"@type":"ReadAction","target":["https:\/\/tabernaculoprensadedios.com\/web\/unev-celebra-su-73-a-graduacion-ordinaria-con-enfasis-en-la-integridad-academica-y-la-formacion-con-proposito\/"]}]},{"@type":"ImageObject","inLanguage":"es","@id":"https:\/\/tabernaculoprensadedios.com\/web\/unev-celebra-su-73-a-graduacion-ordinaria-con-enfasis-en-la-integridad-academica-y-la-formacion-con-proposito\/#primaryimage","url":"https:\/\/tabernaculoprensadedios.com\/web\/wp-content\/uploads\/2026\/05\/IMG-20260501-WA0004.avif","contentUrl":"https:\/\/tabernaculoprensadedios.com\/web\/wp-content\/uploads\/2026\/05\/IMG-20260501-WA0004.avif","width":1218,"height":731},{"@type":"BreadcrumbList","@id":"https:\/\/tabernaculoprensadedios.com\/web\/unev-celebra-su-73-a-graduacion-ordinaria-con-enfasis-en-la-integridad-academica-y-la-formacion-con-proposito\/#breadcrumb","itemListElement":[{"@type":"ListItem","position":1,"name":"Portada","item":"https:\/\/tabernaculoprensadedios.com\/web\/"},{"@type":"ListItem","position":2,"name":"UNEV celebra su 73.\u00aa Graduaci\u00f3n Ordinaria con \u00e9nfasis en la integridad acad\u00e9mica y la formaci\u00f3n con prop\u00f3sito"}]},{"@type":"WebSite","@id":"https:\/\/tabernaculoprensadedios.com\/web\/#website","url":"https:\/\/tabernaculoprensadedios.com\/web\/","name":"Tabernaculo Prensa de Dios","description":"Un medio a la manera de Dios","publisher":{"@id":"https:\/\/tabernaculoprensadedios.com\/web\/#\/schema\/person\/bc0e069fef56b38e177db6f098ae0b6e"},"potentialAction":[{"@type":"SearchAction","target":{"@type":"EntryPoint","urlTemplate":"https:\/\/tabernaculoprensadedios.com\/web\/?s={search_term_string}"},"query-input":{"@type":"PropertyValueSpecification","valueRequired":true,"valueName":"search_term_string"}}],"inLanguage":"es"},{"@type":["Person","Organization"],"@id":"https:\/\/tabernaculoprensadedios.com\/web\/#\/schema\/person\/bc0e069fef56b38e177db6f098ae0b6e","name":"tabernaculo","image":{"@type":"ImageObject","inLanguage":"es","@id":"https:\/\/tabernaculoprensadedios.com\/web\/#\/schema\/person\/image\/","url":"https:\/\/tabernaculoprensadedios.com\/web\/wp-content\/uploads\/2015\/06\/login-logo1.png","contentUrl":"https:\/\/tabernaculoprensadedios.com\/web\/wp-content\/uploads\/2015\/06\/login-logo1.png","width":300,"height":118,"caption":"tabernaculo"},"logo":{"@id":"https:\/\/tabernaculoprensadedios.com\/web\/#\/schema\/person\/image\/"},"url":"https:\/\/tabernaculoprensadedios.com\/web\/author\/tabernaculo\/"}]}},"_links":{"self":[{"href":"https:\/\/tabernaculoprensadedios.com\/web\/wp-json\/wp\/v2\/posts\/37881","targetHints":{"allow":["GET"]}}],"collection":[{"href":"https:\/\/tabernaculoprensadedios.com\/web\/wp-json\/wp\/v2\/posts"}],"about":[{"href":"https:\/\/tabernaculoprensadedios.com\/web\/wp-json\/wp\/v2\/types\/post"}],"author":[{"embeddable":true,"href":"https:\/\/tabernaculoprensadedios.com\/web\/wp-json\/wp\/v2\/users\/1"}],"replies":[{"embeddable":true,"href":"https:\/\/tabernaculoprensadedios.com\/web\/wp-json\/wp\/v2\/comments?post=37881"}],"version-history":[{"count":3,"href":"https:\/\/tabernaculoprensadedios.com\/web\/wp-json\/wp\/v2\/posts\/37881\/revisions"}],"predecessor-version":[{"id":37888,"href":"https:\/\/tabernaculoprensadedios.com\/web\/wp-json\/wp\/v2\/posts\/37881\/revisions\/37888"}],"wp:featuredmedia":[{"embeddable":true,"href":"https:\/\/tabernaculoprensadedios.com\/web\/wp-json\/wp\/v2\/media\/37882"}],"wp:attachment":[{"href":"https:\/\/tabernaculoprensadedios.com\/web\/wp-json\/wp\/v2\/media?parent=37881"}],"wp:term":[{"taxonomy":"category","embeddable":true,"href":"https:\/\/tabernaculoprensadedios.com\/web\/wp-json\/wp\/v2\/categories?post=37881"},{"taxonomy":"post_tag","embeddable":true,"href":"https:\/\/tabernaculoprensadedios.com\/web\/wp-json\/wp\/v2\/tags?post=37881"}],"curies":[{"name":"wp","href":"https:\/\/api.w.org\/{rel}","templated":true}]}}