{"id":37869,"date":"2026-04-28T18:51:53","date_gmt":"2026-04-28T22:51:53","guid":{"rendered":"https:\/\/tabernaculoprensadedios.com\/web\/?p=37869"},"modified":"2026-04-28T18:55:29","modified_gmt":"2026-04-28T22:55:29","slug":"unev-celebra-40-anos-formando-con-proposito-divino","status":"publish","type":"post","link":"https:\/\/tabernaculoprensadedios.com\/web\/unev-celebra-40-anos-formando-con-proposito-divino\/","title":{"rendered":"UNEV CELEBRA 40 A\u00d1OS FORMANDO CON PROP\u00d3SITO DIVINO"},"content":{"rendered":"<p>La\u00a0<strong>Universidad Nacional Evang\u00e9lica\u00a0(UNEV)<\/strong>\u00a0se prepara para celebrar este\u00a0<strong>30 de julio de 2026 su 40\u00ba aniversario<\/strong>, consolid\u00e1ndose como una de las instituciones cristianas m\u00e1s influyentes en la formaci\u00f3n acad\u00e9mica y espiritual de la naci\u00f3n dominicana.<\/p>\n<p>Desde su fundaci\u00f3n en 1986 en\u00a0<strong>Santiago de los Caballeros<\/strong>, la UNEV ha extendido su impacto a\u00a0<strong>Santo Domingo<\/strong>\u00a0y\u00a0<strong>Villa Altagracia<\/strong>, formando generaciones comprometidas con los principios de\u00a0<strong>Dios, Patria y Libertad<\/strong>.<\/p>\n<h3><span role=\"text\"><strong>Graduaci\u00f3n que marca historia<\/strong><\/span><\/h3>\n<p>Este\u00a0<strong>30 de abril<\/strong>, el\u00a0<strong>Pabell\u00f3n de la Fama del Deporte Dominicano<\/strong>\u00a0ser\u00e1 el escenario donde\u00a0<strong>371 nuevos profesionales<\/strong>\u00a0recibir\u00e1n sus t\u00edtulos, en un acto que trasciende lo acad\u00e9mico para convertirse en un testimonio de fe.<\/p>\n<blockquote><p><span role=\"text\"><em>\u201cESTO ES UNA CARRERA DE RELEVO\u2026 ME HA TOCADO EL CETRO, Y LO LEVANTAR\u00c9 JUNTO A USTEDES.\u201d <\/em>\u00a0<strong>Dr. Rafael Reyes RECTOR UNEV<\/strong><\/span><\/p><\/blockquote>\n<p>La joven\u00a0<strong>Darleny Trinidad de la Cruz<\/strong>, graduada con los m\u00e1s altos honores en Psicolog\u00eda Cl\u00ednica, tendr\u00e1 a su cargo el discurso de Gracias en representaci\u00f3n de los graduandos.<\/p>\n<h3><span role=\"text\"><strong>Un pueblo que ora, una obra que permanece<\/strong><\/span><\/h3>\n<p>En medio de desaf\u00edos, incluso de salud que ha enfrentado su rector, el doctor\u00a0<strong>Rafael Reyes<\/strong>, la comunidad universitaria se mantiene firme.<\/p>\n<p>Hay un remanente que ora, que cree y que sostiene esta obra en el esp\u00edritu.<\/p>\n<p>La UNEV no solo forma profesionales\u2026<br \/>\n<strong>forma prop\u00f3sito, levanta generaciones y enciende luz en la naci\u00f3n.<\/strong><\/p>\n","protected":false},"excerpt":{"rendered":"<p>La\u00a0Universidad Nacional Evang\u00e9lica\u00a0(UNEV)\u00a0se prepara para celebrar este\u00a030 de julio de 2026 su 40\u00ba aniversario, consolid\u00e1ndose como una de las instituciones cristianas m\u00e1s influyentes en la formaci\u00f3n acad\u00e9mica y espiritual de la naci\u00f3n dominicana. Desde su fundaci\u00f3n en 1986 en\u00a0Santiago de los Caballeros, la UNEV ha extendido su impacto a\u00a0Santo Domingo\u00a0y\u00a0Villa Altagracia, formando generaciones comprometidas con &hellip;<\/p>\n","protected":false},"author":1,"featured_media":37743,"comment_status":"open","ping_status":"open","sticky":false,"template":"","format":"standard","meta":{"footnotes":""},"categories":[38],"tags":[125,792,42,43],"class_list":["post-37869","post","type-post","status-publish","format-standard","has-post-thumbnail","hentry","category-principal","tag-graduacion","tag-tabernaculo","tag-unev","tag-universidad"],"yoast_head":"<!-- This site is optimized with the Yoast SEO Premium plugin v24.2 (Yoast SEO v27.1.1) - https:\/\/yoast.com\/product\/yoast-seo-premium-wordpress\/ -->\n<title>UNEV CELEBRA 40 A\u00d1OS FORMANDO CON PROP\u00d3SITO DIVINO - Tabernaculo Prensa de Dios<\/title>\n<meta name=\"robots\" content=\"index, follow, max-snippet:-1, max-image-preview:large, max-video-preview:-1\" \/>\n<link rel=\"canonical\" href=\"https:\/\/tabernaculoprensadedios.com\/web\/unev-celebra-40-anos-formando-con-proposito-divino\/\" class=\"yoast-seo-meta-tag\" \/>\n<meta property=\"og:locale\" content=\"es_ES\" class=\"yoast-seo-meta-tag\" \/>\n<meta property=\"og:type\" content=\"article\" class=\"yoast-seo-meta-tag\" \/>\n<meta property=\"og:title\" content=\"UNEV CELEBRA 40 A\u00d1OS FORMANDO CON PROP\u00d3SITO DIVINO\" class=\"yoast-seo-meta-tag\" \/>\n<meta property=\"og:description\" content=\"La\u00a0Universidad Nacional Evang\u00e9lica\u00a0(UNEV)\u00a0se prepara para celebrar este\u00a030 de julio de 2026 su 40\u00ba aniversario, consolid\u00e1ndose como una de las instituciones cristianas m\u00e1s influyentes en la formaci\u00f3n acad\u00e9mica y espiritual de la naci\u00f3n dominicana. Desde su fundaci\u00f3n en 1986 en\u00a0Santiago de los Caballeros, la UNEV ha extendido su impacto a\u00a0Santo Domingo\u00a0y\u00a0Villa Altagracia, formando generaciones comprometidas con &hellip;\" class=\"yoast-seo-meta-tag\" \/>\n<meta property=\"og:url\" content=\"https:\/\/tabernaculoprensadedios.com\/web\/unev-celebra-40-anos-formando-con-proposito-divino\/\" class=\"yoast-seo-meta-tag\" \/>\n<meta property=\"og:site_name\" content=\"Tabernaculo Prensa de Dios\" class=\"yoast-seo-meta-tag\" \/>\n<meta property=\"article:published_time\" content=\"2026-04-28T22:51:53+00:00\" class=\"yoast-seo-meta-tag\" \/>\n<meta property=\"article:modified_time\" content=\"2026-04-28T22:55:29+00:00\" class=\"yoast-seo-meta-tag\" \/>\n<meta property=\"og:image\" content=\"https:\/\/tabernaculoprensadedios.com\/web\/wp-content\/uploads\/2026\/04\/arte-40unev.avif\" class=\"yoast-seo-meta-tag\" \/>\n\t<meta property=\"og:image:width\" content=\"400\" class=\"yoast-seo-meta-tag\" \/>\n\t<meta property=\"og:image:height\" content=\"517\" class=\"yoast-seo-meta-tag\" \/>\n\t<meta property=\"og:image:type\" content=\"image\/jpeg\" class=\"yoast-seo-meta-tag\" \/>\n<meta name=\"author\" content=\"tabernaculo\" class=\"yoast-seo-meta-tag\" \/>\n<meta name=\"twitter:card\" content=\"summary_large_image\" class=\"yoast-seo-meta-tag\" \/>\n<meta name=\"twitter:creator\" content=\"@PrensadeDios\" class=\"yoast-seo-meta-tag\" \/>\n<meta name=\"twitter:site\" content=\"@PrensadeDios\" class=\"yoast-seo-meta-tag\" \/>\n<meta name=\"twitter:label1\" content=\"Escrito por\" class=\"yoast-seo-meta-tag\" \/>\n\t<meta name=\"twitter:data1\" content=\"tabernaculo\" class=\"yoast-seo-meta-tag\" \/>\n\t<meta name=\"twitter:label2\" content=\"Tiempo de lectura\" class=\"yoast-seo-meta-tag\" \/>\n\t<meta name=\"twitter:data2\" content=\"2 minutos\" class=\"yoast-seo-meta-tag\" \/>\n<script type=\"application\/ld+json\" class=\"yoast-schema-graph\">{\"@context\":\"https:\/\/schema.org\",\"@graph\":[{\"@type\":\"Article\",\"@id\":\"https:\/\/tabernaculoprensadedios.com\/web\/unev-celebra-40-anos-formando-con-proposito-divino\/#article\",\"isPartOf\":{\"@id\":\"https:\/\/tabernaculoprensadedios.com\/web\/unev-celebra-40-anos-formando-con-proposito-divino\/\"},\"author\":{\"name\":\"tabernaculo\",\"@id\":\"https:\/\/tabernaculoprensadedios.com\/web\/#\/schema\/person\/bc0e069fef56b38e177db6f098ae0b6e\"},\"headline\":\"UNEV CELEBRA 40 A\u00d1OS FORMANDO CON PROP\u00d3SITO DIVINO\",\"datePublished\":\"2026-04-28T22:51:53+00:00\",\"dateModified\":\"2026-04-28T22:55:29+00:00\",\"mainEntityOfPage\":{\"@id\":\"https:\/\/tabernaculoprensadedios.com\/web\/unev-celebra-40-anos-formando-con-proposito-divino\/\"},\"wordCount\":245,\"commentCount\":0,\"publisher\":{\"@id\":\"https:\/\/tabernaculoprensadedios.com\/web\/#\/schema\/person\/bc0e069fef56b38e177db6f098ae0b6e\"},\"image\":{\"@id\":\"https:\/\/tabernaculoprensadedios.com\/web\/unev-celebra-40-anos-formando-con-proposito-divino\/#primaryimage\"},\"thumbnailUrl\":\"https:\/\/tabernaculoprensadedios.com\/web\/wp-content\/uploads\/2026\/04\/arte-40unev.avif\",\"keywords\":[\"graduacion\",\"Tabern\u00e1culo\",\"unev\",\"universidad\"],\"articleSection\":[\"Principal\"],\"inLanguage\":\"es\",\"potentialAction\":[{\"@type\":\"CommentAction\",\"name\":\"Comment\",\"target\":[\"https:\/\/tabernaculoprensadedios.com\/web\/unev-celebra-40-anos-formando-con-proposito-divino\/#respond\"]}]},{\"@type\":\"WebPage\",\"@id\":\"https:\/\/tabernaculoprensadedios.com\/web\/unev-celebra-40-anos-formando-con-proposito-divino\/\",\"url\":\"https:\/\/tabernaculoprensadedios.com\/web\/unev-celebra-40-anos-formando-con-proposito-divino\/\",\"name\":\"UNEV CELEBRA 40 A\u00d1OS FORMANDO CON PROP\u00d3SITO DIVINO - Tabernaculo Prensa de Dios\",\"isPartOf\":{\"@id\":\"https:\/\/tabernaculoprensadedios.com\/web\/#website\"},\"primaryImageOfPage\":{\"@id\":\"https:\/\/tabernaculoprensadedios.com\/web\/unev-celebra-40-anos-formando-con-proposito-divino\/#primaryimage\"},\"image\":{\"@id\":\"https:\/\/tabernaculoprensadedios.com\/web\/unev-celebra-40-anos-formando-con-proposito-divino\/#primaryimage\"},\"thumbnailUrl\":\"https:\/\/tabernaculoprensadedios.com\/web\/wp-content\/uploads\/2026\/04\/arte-40unev.avif\",\"datePublished\":\"2026-04-28T22:51:53+00:00\",\"dateModified\":\"2026-04-28T22:55:29+00:00\",\"breadcrumb\":{\"@id\":\"https:\/\/tabernaculoprensadedios.com\/web\/unev-celebra-40-anos-formando-con-proposito-divino\/#breadcrumb\"},\"inLanguage\":\"es\",\"potentialAction\":[{\"@type\":\"ReadAction\",\"target\":[\"https:\/\/tabernaculoprensadedios.com\/web\/unev-celebra-40-anos-formando-con-proposito-divino\/\"]}]},{\"@type\":\"ImageObject\",\"inLanguage\":\"es\",\"@id\":\"https:\/\/tabernaculoprensadedios.com\/web\/unev-celebra-40-anos-formando-con-proposito-divino\/#primaryimage\",\"url\":\"https:\/\/tabernaculoprensadedios.com\/web\/wp-content\/uploads\/2026\/04\/arte-40unev.avif\",\"contentUrl\":\"https:\/\/tabernaculoprensadedios.com\/web\/wp-content\/uploads\/2026\/04\/arte-40unev.avif\",\"width\":400,\"height\":517},{\"@type\":\"BreadcrumbList\",\"@id\":\"https:\/\/tabernaculoprensadedios.com\/web\/unev-celebra-40-anos-formando-con-proposito-divino\/#breadcrumb\",\"itemListElement\":[{\"@type\":\"ListItem\",\"position\":1,\"name\":\"Portada\",\"item\":\"https:\/\/tabernaculoprensadedios.com\/web\/\"},{\"@type\":\"ListItem\",\"position\":2,\"name\":\"UNEV CELEBRA 40 A\u00d1OS FORMANDO CON PROP\u00d3SITO DIVINO\"}]},{\"@type\":\"WebSite\",\"@id\":\"https:\/\/tabernaculoprensadedios.com\/web\/#website\",\"url\":\"https:\/\/tabernaculoprensadedios.com\/web\/\",\"name\":\"Tabernaculo Prensa de Dios\",\"description\":\"Un medio a la manera de Dios\",\"publisher\":{\"@id\":\"https:\/\/tabernaculoprensadedios.com\/web\/#\/schema\/person\/bc0e069fef56b38e177db6f098ae0b6e\"},\"potentialAction\":[{\"@type\":\"SearchAction\",\"target\":{\"@type\":\"EntryPoint\",\"urlTemplate\":\"https:\/\/tabernaculoprensadedios.com\/web\/?s={search_term_string}\"},\"query-input\":{\"@type\":\"PropertyValueSpecification\",\"valueRequired\":true,\"valueName\":\"search_term_string\"}}],\"inLanguage\":\"es\"},{\"@type\":[\"Person\",\"Organization\"],\"@id\":\"https:\/\/tabernaculoprensadedios.com\/web\/#\/schema\/person\/bc0e069fef56b38e177db6f098ae0b6e\",\"name\":\"tabernaculo\",\"image\":{\"@type\":\"ImageObject\",\"inLanguage\":\"es\",\"@id\":\"https:\/\/tabernaculoprensadedios.com\/web\/#\/schema\/person\/image\/\",\"url\":\"https:\/\/tabernaculoprensadedios.com\/web\/wp-content\/uploads\/2015\/06\/login-logo1.png\",\"contentUrl\":\"https:\/\/tabernaculoprensadedios.com\/web\/wp-content\/uploads\/2015\/06\/login-logo1.png\",\"width\":300,\"height\":118,\"caption\":\"tabernaculo\"},\"logo\":{\"@id\":\"https:\/\/tabernaculoprensadedios.com\/web\/#\/schema\/person\/image\/\"},\"url\":\"https:\/\/tabernaculoprensadedios.com\/web\/author\/tabernaculo\/\"}]}<\/script>\n<!-- \/ Yoast SEO Premium plugin. -->","yoast_head_json":{"title":"UNEV CELEBRA 40 A\u00d1OS FORMANDO CON PROP\u00d3SITO DIVINO - Tabernaculo Prensa de Dios","robots":{"index":"index","follow":"follow","max-snippet":"max-snippet:-1","max-image-preview":"max-image-preview:large","max-video-preview":"max-video-preview:-1"},"canonical":"https:\/\/tabernaculoprensadedios.com\/web\/unev-celebra-40-anos-formando-con-proposito-divino\/","og_locale":"es_ES","og_type":"article","og_title":"UNEV CELEBRA 40 A\u00d1OS FORMANDO CON PROP\u00d3SITO DIVINO","og_description":"La\u00a0Universidad Nacional Evang\u00e9lica\u00a0(UNEV)\u00a0se prepara para celebrar este\u00a030 de julio de 2026 su 40\u00ba aniversario, consolid\u00e1ndose como una de las instituciones cristianas m\u00e1s influyentes en la formaci\u00f3n acad\u00e9mica y espiritual de la naci\u00f3n dominicana. Desde su fundaci\u00f3n en 1986 en\u00a0Santiago de los Caballeros, la UNEV ha extendido su impacto a\u00a0Santo Domingo\u00a0y\u00a0Villa Altagracia, formando generaciones comprometidas con &hellip;","og_url":"https:\/\/tabernaculoprensadedios.com\/web\/unev-celebra-40-anos-formando-con-proposito-divino\/","og_site_name":"Tabernaculo Prensa de Dios","article_published_time":"2026-04-28T22:51:53+00:00","article_modified_time":"2026-04-28T22:55:29+00:00","og_image":[{"width":400,"height":517,"url":"https:\/\/tabernaculoprensadedios.com\/web\/wp-content\/uploads\/2026\/04\/arte-40unev.avif","type":"image\/jpeg"}],"author":"tabernaculo","twitter_card":"summary_large_image","twitter_creator":"@PrensadeDios","twitter_site":"@PrensadeDios","twitter_misc":{"Escrito por":"tabernaculo","Tiempo de lectura":"2 minutos"},"schema":{"@context":"https:\/\/schema.org","@graph":[{"@type":"Article","@id":"https:\/\/tabernaculoprensadedios.com\/web\/unev-celebra-40-anos-formando-con-proposito-divino\/#article","isPartOf":{"@id":"https:\/\/tabernaculoprensadedios.com\/web\/unev-celebra-40-anos-formando-con-proposito-divino\/"},"author":{"name":"tabernaculo","@id":"https:\/\/tabernaculoprensadedios.com\/web\/#\/schema\/person\/bc0e069fef56b38e177db6f098ae0b6e"},"headline":"UNEV CELEBRA 40 A\u00d1OS FORMANDO CON PROP\u00d3SITO DIVINO","datePublished":"2026-04-28T22:51:53+00:00","dateModified":"2026-04-28T22:55:29+00:00","mainEntityOfPage":{"@id":"https:\/\/tabernaculoprensadedios.com\/web\/unev-celebra-40-anos-formando-con-proposito-divino\/"},"wordCount":245,"commentCount":0,"publisher":{"@id":"https:\/\/tabernaculoprensadedios.com\/web\/#\/schema\/person\/bc0e069fef56b38e177db6f098ae0b6e"},"image":{"@id":"https:\/\/tabernaculoprensadedios.com\/web\/unev-celebra-40-anos-formando-con-proposito-divino\/#primaryimage"},"thumbnailUrl":"https:\/\/tabernaculoprensadedios.com\/web\/wp-content\/uploads\/2026\/04\/arte-40unev.avif","keywords":["graduacion","Tabern\u00e1culo","unev","universidad"],"articleSection":["Principal"],"inLanguage":"es","potentialAction":[{"@type":"CommentAction","name":"Comment","target":["https:\/\/tabernaculoprensadedios.com\/web\/unev-celebra-40-anos-formando-con-proposito-divino\/#respond"]}]},{"@type":"WebPage","@id":"https:\/\/tabernaculoprensadedios.com\/web\/unev-celebra-40-anos-formando-con-proposito-divino\/","url":"https:\/\/tabernaculoprensadedios.com\/web\/unev-celebra-40-anos-formando-con-proposito-divino\/","name":"UNEV CELEBRA 40 A\u00d1OS FORMANDO CON PROP\u00d3SITO DIVINO - Tabernaculo Prensa de Dios","isPartOf":{"@id":"https:\/\/tabernaculoprensadedios.com\/web\/#website"},"primaryImageOfPage":{"@id":"https:\/\/tabernaculoprensadedios.com\/web\/unev-celebra-40-anos-formando-con-proposito-divino\/#primaryimage"},"image":{"@id":"https:\/\/tabernaculoprensadedios.com\/web\/unev-celebra-40-anos-formando-con-proposito-divino\/#primaryimage"},"thumbnailUrl":"https:\/\/tabernaculoprensadedios.com\/web\/wp-content\/uploads\/2026\/04\/arte-40unev.avif","datePublished":"2026-04-28T22:51:53+00:00","dateModified":"2026-04-28T22:55:29+00:00","breadcrumb":{"@id":"https:\/\/tabernaculoprensadedios.com\/web\/unev-celebra-40-anos-formando-con-proposito-divino\/#breadcrumb"},"inLanguage":"es","potentialAction":[{"@type":"ReadAction","target":["https:\/\/tabernaculoprensadedios.com\/web\/unev-celebra-40-anos-formando-con-proposito-divino\/"]}]},{"@type":"ImageObject","inLanguage":"es","@id":"https:\/\/tabernaculoprensadedios.com\/web\/unev-celebra-40-anos-formando-con-proposito-divino\/#primaryimage","url":"https:\/\/tabernaculoprensadedios.com\/web\/wp-content\/uploads\/2026\/04\/arte-40unev.avif","contentUrl":"https:\/\/tabernaculoprensadedios.com\/web\/wp-content\/uploads\/2026\/04\/arte-40unev.avif","width":400,"height":517},{"@type":"BreadcrumbList","@id":"https:\/\/tabernaculoprensadedios.com\/web\/unev-celebra-40-anos-formando-con-proposito-divino\/#breadcrumb","itemListElement":[{"@type":"ListItem","position":1,"name":"Portada","item":"https:\/\/tabernaculoprensadedios.com\/web\/"},{"@type":"ListItem","position":2,"name":"UNEV CELEBRA 40 A\u00d1OS FORMANDO CON PROP\u00d3SITO DIVINO"}]},{"@type":"WebSite","@id":"https:\/\/tabernaculoprensadedios.com\/web\/#website","url":"https:\/\/tabernaculoprensadedios.com\/web\/","name":"Tabernaculo Prensa de Dios","description":"Un medio a la manera de Dios","publisher":{"@id":"https:\/\/tabernaculoprensadedios.com\/web\/#\/schema\/person\/bc0e069fef56b38e177db6f098ae0b6e"},"potentialAction":[{"@type":"SearchAction","target":{"@type":"EntryPoint","urlTemplate":"https:\/\/tabernaculoprensadedios.com\/web\/?s={search_term_string}"},"query-input":{"@type":"PropertyValueSpecification","valueRequired":true,"valueName":"search_term_string"}}],"inLanguage":"es"},{"@type":["Person","Organization"],"@id":"https:\/\/tabernaculoprensadedios.com\/web\/#\/schema\/person\/bc0e069fef56b38e177db6f098ae0b6e","name":"tabernaculo","image":{"@type":"ImageObject","inLanguage":"es","@id":"https:\/\/tabernaculoprensadedios.com\/web\/#\/schema\/person\/image\/","url":"https:\/\/tabernaculoprensadedios.com\/web\/wp-content\/uploads\/2015\/06\/login-logo1.png","contentUrl":"https:\/\/tabernaculoprensadedios.com\/web\/wp-content\/uploads\/2015\/06\/login-logo1.png","width":300,"height":118,"caption":"tabernaculo"},"logo":{"@id":"https:\/\/tabernaculoprensadedios.com\/web\/#\/schema\/person\/image\/"},"url":"https:\/\/tabernaculoprensadedios.com\/web\/author\/tabernaculo\/"}]}},"_links":{"self":[{"href":"https:\/\/tabernaculoprensadedios.com\/web\/wp-json\/wp\/v2\/posts\/37869","targetHints":{"allow":["GET"]}}],"collection":[{"href":"https:\/\/tabernaculoprensadedios.com\/web\/wp-json\/wp\/v2\/posts"}],"about":[{"href":"https:\/\/tabernaculoprensadedios.com\/web\/wp-json\/wp\/v2\/types\/post"}],"author":[{"embeddable":true,"href":"https:\/\/tabernaculoprensadedios.com\/web\/wp-json\/wp\/v2\/users\/1"}],"replies":[{"embeddable":true,"href":"https:\/\/tabernaculoprensadedios.com\/web\/wp-json\/wp\/v2\/comments?post=37869"}],"version-history":[{"count":1,"href":"https:\/\/tabernaculoprensadedios.com\/web\/wp-json\/wp\/v2\/posts\/37869\/revisions"}],"predecessor-version":[{"id":37870,"href":"https:\/\/tabernaculoprensadedios.com\/web\/wp-json\/wp\/v2\/posts\/37869\/revisions\/37870"}],"wp:featuredmedia":[{"embeddable":true,"href":"https:\/\/tabernaculoprensadedios.com\/web\/wp-json\/wp\/v2\/media\/37743"}],"wp:attachment":[{"href":"https:\/\/tabernaculoprensadedios.com\/web\/wp-json\/wp\/v2\/media?parent=37869"}],"wp:term":[{"taxonomy":"category","embeddable":true,"href":"https:\/\/tabernaculoprensadedios.com\/web\/wp-json\/wp\/v2\/categories?post=37869"},{"taxonomy":"post_tag","embeddable":true,"href":"https:\/\/tabernaculoprensadedios.com\/web\/wp-json\/wp\/v2\/tags?post=37869"}],"curies":[{"name":"wp","href":"https:\/\/api.w.org\/{rel}","templated":true}]}}