{"id":37867,"date":"2026-04-28T18:46:50","date_gmt":"2026-04-28T22:46:50","guid":{"rendered":"https:\/\/tabernaculoprensadedios.com\/web\/?p=37867"},"modified":"2026-04-28T18:46:50","modified_gmt":"2026-04-28T22:46:50","slug":"una-temporada-de-puertas-abiertas-bajo-vigilancia-espiritual","status":"publish","type":"post","link":"https:\/\/tabernaculoprensadedios.com\/web\/una-temporada-de-puertas-abiertas-bajo-vigilancia-espiritual\/","title":{"rendered":"Una temporada de puertas abiertas\u2026 bajo vigilancia espiritual"},"content":{"rendered":"<p>En medio de un tiempo que muchos l\u00edderes espirituales describen como crucial, se est\u00e1 percibiendo un movimiento inusual: puertas que antes estaban cerradas comienzan a abrirse con rapidez. Se habla de acceso, estrategia y autoridad liberada para el pueblo de Dios.<\/p>\n<p>Sin embargo, junto a esta apertura, tambi\u00e9n se intensifica una oposici\u00f3n espiritual. Diversos testimonios dentro del cuerpo de Cristo coinciden en una misma alerta: distracciones, confusi\u00f3n, ataques a la identidad y una sensaci\u00f3n de \u201cinterferencia espiritual\u201d en momentos clave.<\/p>\n<p>Un sue\u00f1o prof\u00e9tico reciente, compartido por el profeta\u00a0<strong>Charlie Shamp<\/strong>, describe una escena inquietante: una especie de \u201cinsecto\u201d en el o\u00eddo de un creyente, interpretado como un \u201cesp\u00edritu de monitoreo\u201d, cuya funci\u00f3n ser\u00eda escuchar, distorsionar y sabotear la comunicaci\u00f3n espiritual.<\/p>\n<p>La advertencia es clara: no solo se trata de avance, sino tambi\u00e9n de discernimiento.<br \/>\nLa Escritura lo confirma:<\/p>\n<p><strong>\u00bfY QU\u00c9 DICE DIOS?<\/strong><\/p>\n<p>\u201cYo estoy abriendo puertas que nadie podr\u00e1 cerrar.<br \/>\nEstoy entregando llaves de autoridad a los que caminan en obediencia.<\/p>\n<p>Pero te digo: mantente alerta.<\/p>\n<p>No todo lo que escucha, oye con pureza.<br \/>\nNo todo lo que habla, viene de M\u00ed.<\/p>\n<p>Estoy exponiendo lo oculto.<br \/>\nEstoy rompiendo toda interferencia.<br \/>\nEstoy limpiando la atm\u00f3sfera donde hablo a mi pueblo.<\/p>\n<p>Donde hubo susurros de mentira\u2026 Yo establezco verdad.<br \/>\nDonde hubo confusi\u00f3n\u2026 Yo traigo claridad.<br \/>\nDonde hubo vigilancia enemiga\u2026 Yo establezco cobertura divina.<\/p>\n<p>Te llevo a una comuni\u00f3n m\u00e1s profunda,<br \/>\nun lugar donde Mi voz no ser\u00e1 distorsionada.<\/p>\n<p>Lev\u00e1ntate con discernimiento.<br \/>\nMu\u00e9vete con autoridad.<br \/>\nNo temas, porque ya te he dado dominio.\u201d<\/p>\n<blockquote><p>\u201cLes he dado autoridad\u2026 para vencer todo el poder del enemigo.\u201d <strong>(Lucas 10:19)<\/strong><\/p><\/blockquote>\n<h3><span role=\"text\">\u00a0<strong>RESPUESTA PROF\u00c9TICA (Qu\u00e9 hacer ahora)<\/strong><\/span><\/h3>\n<ul>\n<li><strong>Ora por discernimiento<\/strong><br \/>\nNo todo lo que parece espiritual viene de Dios. Pide claridad.<\/li>\n<li><strong>Ejercita tu autoridad<\/strong><br \/>\nDeclara en el nombre de Jes\u00fas el rompimiento de toda interferencia.<\/li>\n<li><strong>Cuida lo que hablas y con qui\u00e9n<\/strong><br \/>\nHay conversaciones que deben ser guiadas por el Esp\u00edritu.<\/li>\n<li><strong>Declara claridad espiritual<\/strong><br \/>\nsobre tu mente, tus o\u00eddos y tu ambiente.<\/li>\n<\/ul>\n<h3><span role=\"text\"><strong>CIERRE PROF\u00c9TICO<\/strong><\/span><\/h3>\n<p>Este no es un tiempo para retroceder\u2026<br \/>\nes un tiempo para caminar con precisi\u00f3n.<\/p>\n<p>Las puertas est\u00e1n abiertas.<br \/>\nLa autoridad ya fue dada.<br \/>\nPero el discernimiento ser\u00e1 la llave que sostenga tu avance.<\/p>\n<p><strong>Que la iglesia despierte.<br \/>\nQue los o\u00eddos sean afinados.<br \/>\nY que todo lo oculto sea expuesto bajo la luz divina,\u00a0<\/strong><\/p>\n<p><strong>Adaptado a la Reflexi\u00f3n\u00a0de la Profeta Mggie\u00a0de Cano<\/strong><\/p>\n","protected":false},"excerpt":{"rendered":"<p>En medio de un tiempo que muchos l\u00edderes espirituales describen como crucial, se est\u00e1 percibiendo un movimiento inusual: puertas que antes estaban cerradas comienzan a abrirse con rapidez. Se habla de acceso, estrategia y autoridad liberada para el pueblo de Dios. Sin embargo, junto a esta apertura, tambi\u00e9n se intensifica una oposici\u00f3n espiritual. Diversos testimonios &hellip;<\/p>\n","protected":false},"author":1,"featured_media":37049,"comment_status":"open","ping_status":"open","sticky":false,"template":"","format":"standard","meta":{"footnotes":""},"categories":[819],"tags":[],"class_list":["post-37867","post","type-post","status-publish","format-standard","has-post-thumbnail","hentry","category-respuesta-del-reino"],"yoast_head":"<!-- This site is optimized with the Yoast SEO Premium plugin v24.2 (Yoast SEO v27.1.1) - https:\/\/yoast.com\/product\/yoast-seo-premium-wordpress\/ -->\n<title>Una temporada de puertas abiertas\u2026 bajo vigilancia espiritual - Tabernaculo Prensa de Dios<\/title>\n<meta name=\"robots\" content=\"index, follow, max-snippet:-1, max-image-preview:large, max-video-preview:-1\" \/>\n<link rel=\"canonical\" href=\"https:\/\/tabernaculoprensadedios.com\/web\/una-temporada-de-puertas-abiertas-bajo-vigilancia-espiritual\/\" class=\"yoast-seo-meta-tag\" \/>\n<meta property=\"og:locale\" content=\"es_ES\" class=\"yoast-seo-meta-tag\" \/>\n<meta property=\"og:type\" content=\"article\" class=\"yoast-seo-meta-tag\" \/>\n<meta property=\"og:title\" content=\"Una temporada de puertas abiertas\u2026 bajo vigilancia espiritual\" class=\"yoast-seo-meta-tag\" \/>\n<meta property=\"og:description\" content=\"En medio de un tiempo que muchos l\u00edderes espirituales describen como crucial, se est\u00e1 percibiendo un movimiento inusual: puertas que antes estaban cerradas comienzan a abrirse con rapidez. Se habla de acceso, estrategia y autoridad liberada para el pueblo de Dios. Sin embargo, junto a esta apertura, tambi\u00e9n se intensifica una oposici\u00f3n espiritual. Diversos testimonios &hellip;\" class=\"yoast-seo-meta-tag\" \/>\n<meta property=\"og:url\" content=\"https:\/\/tabernaculoprensadedios.com\/web\/una-temporada-de-puertas-abiertas-bajo-vigilancia-espiritual\/\" class=\"yoast-seo-meta-tag\" \/>\n<meta property=\"og:site_name\" content=\"Tabernaculo Prensa de Dios\" class=\"yoast-seo-meta-tag\" \/>\n<meta property=\"article:published_time\" content=\"2026-04-28T22:46:50+00:00\" class=\"yoast-seo-meta-tag\" \/>\n<meta property=\"og:image\" content=\"https:\/\/tabernaculoprensadedios.com\/web\/wp-content\/uploads\/2026\/02\/Logo-de-La-Noticia-y-la-Respuesta-del-Reino-1-e1770258010239.avif\" class=\"yoast-seo-meta-tag\" \/>\n\t<meta property=\"og:image:width\" content=\"1024\" class=\"yoast-seo-meta-tag\" \/>\n\t<meta property=\"og:image:height\" content=\"707\" class=\"yoast-seo-meta-tag\" \/>\n\t<meta property=\"og:image:type\" content=\"image\/png\" class=\"yoast-seo-meta-tag\" \/>\n<meta name=\"author\" content=\"tabernaculo\" class=\"yoast-seo-meta-tag\" \/>\n<meta name=\"twitter:card\" content=\"summary_large_image\" class=\"yoast-seo-meta-tag\" \/>\n<meta name=\"twitter:creator\" content=\"@PrensadeDios\" class=\"yoast-seo-meta-tag\" \/>\n<meta name=\"twitter:site\" content=\"@PrensadeDios\" class=\"yoast-seo-meta-tag\" \/>\n<meta name=\"twitter:label1\" content=\"Escrito por\" class=\"yoast-seo-meta-tag\" \/>\n\t<meta name=\"twitter:data1\" content=\"tabernaculo\" class=\"yoast-seo-meta-tag\" \/>\n\t<meta name=\"twitter:label2\" content=\"Tiempo de lectura\" class=\"yoast-seo-meta-tag\" \/>\n\t<meta name=\"twitter:data2\" content=\"2 minutos\" class=\"yoast-seo-meta-tag\" \/>\n<script type=\"application\/ld+json\" class=\"yoast-schema-graph\">{\"@context\":\"https:\/\/schema.org\",\"@graph\":[{\"@type\":\"Article\",\"@id\":\"https:\/\/tabernaculoprensadedios.com\/web\/una-temporada-de-puertas-abiertas-bajo-vigilancia-espiritual\/#article\",\"isPartOf\":{\"@id\":\"https:\/\/tabernaculoprensadedios.com\/web\/una-temporada-de-puertas-abiertas-bajo-vigilancia-espiritual\/\"},\"author\":{\"name\":\"tabernaculo\",\"@id\":\"https:\/\/tabernaculoprensadedios.com\/web\/#\/schema\/person\/bc0e069fef56b38e177db6f098ae0b6e\"},\"headline\":\"Una temporada de puertas abiertas\u2026 bajo vigilancia espiritual\",\"datePublished\":\"2026-04-28T22:46:50+00:00\",\"mainEntityOfPage\":{\"@id\":\"https:\/\/tabernaculoprensadedios.com\/web\/una-temporada-de-puertas-abiertas-bajo-vigilancia-espiritual\/\"},\"wordCount\":424,\"commentCount\":0,\"publisher\":{\"@id\":\"https:\/\/tabernaculoprensadedios.com\/web\/#\/schema\/person\/bc0e069fef56b38e177db6f098ae0b6e\"},\"image\":{\"@id\":\"https:\/\/tabernaculoprensadedios.com\/web\/una-temporada-de-puertas-abiertas-bajo-vigilancia-espiritual\/#primaryimage\"},\"thumbnailUrl\":\"https:\/\/tabernaculoprensadedios.com\/web\/wp-content\/uploads\/2026\/02\/Logo-de-La-Noticia-y-la-Respuesta-del-Reino-1-e1770258010239.avif\",\"articleSection\":[\"Respuesta del Reino\"],\"inLanguage\":\"es\",\"potentialAction\":[{\"@type\":\"CommentAction\",\"name\":\"Comment\",\"target\":[\"https:\/\/tabernaculoprensadedios.com\/web\/una-temporada-de-puertas-abiertas-bajo-vigilancia-espiritual\/#respond\"]}]},{\"@type\":\"WebPage\",\"@id\":\"https:\/\/tabernaculoprensadedios.com\/web\/una-temporada-de-puertas-abiertas-bajo-vigilancia-espiritual\/\",\"url\":\"https:\/\/tabernaculoprensadedios.com\/web\/una-temporada-de-puertas-abiertas-bajo-vigilancia-espiritual\/\",\"name\":\"Una temporada de puertas abiertas\u2026 bajo vigilancia espiritual - Tabernaculo Prensa de Dios\",\"isPartOf\":{\"@id\":\"https:\/\/tabernaculoprensadedios.com\/web\/#website\"},\"primaryImageOfPage\":{\"@id\":\"https:\/\/tabernaculoprensadedios.com\/web\/una-temporada-de-puertas-abiertas-bajo-vigilancia-espiritual\/#primaryimage\"},\"image\":{\"@id\":\"https:\/\/tabernaculoprensadedios.com\/web\/una-temporada-de-puertas-abiertas-bajo-vigilancia-espiritual\/#primaryimage\"},\"thumbnailUrl\":\"https:\/\/tabernaculoprensadedios.com\/web\/wp-content\/uploads\/2026\/02\/Logo-de-La-Noticia-y-la-Respuesta-del-Reino-1-e1770258010239.avif\",\"datePublished\":\"2026-04-28T22:46:50+00:00\",\"breadcrumb\":{\"@id\":\"https:\/\/tabernaculoprensadedios.com\/web\/una-temporada-de-puertas-abiertas-bajo-vigilancia-espiritual\/#breadcrumb\"},\"inLanguage\":\"es\",\"potentialAction\":[{\"@type\":\"ReadAction\",\"target\":[\"https:\/\/tabernaculoprensadedios.com\/web\/una-temporada-de-puertas-abiertas-bajo-vigilancia-espiritual\/\"]}]},{\"@type\":\"ImageObject\",\"inLanguage\":\"es\",\"@id\":\"https:\/\/tabernaculoprensadedios.com\/web\/una-temporada-de-puertas-abiertas-bajo-vigilancia-espiritual\/#primaryimage\",\"url\":\"https:\/\/tabernaculoprensadedios.com\/web\/wp-content\/uploads\/2026\/02\/Logo-de-La-Noticia-y-la-Respuesta-del-Reino-1-e1770258010239.avif\",\"contentUrl\":\"https:\/\/tabernaculoprensadedios.com\/web\/wp-content\/uploads\/2026\/02\/Logo-de-La-Noticia-y-la-Respuesta-del-Reino-1-e1770258010239.avif\",\"width\":1024,\"height\":707},{\"@type\":\"BreadcrumbList\",\"@id\":\"https:\/\/tabernaculoprensadedios.com\/web\/una-temporada-de-puertas-abiertas-bajo-vigilancia-espiritual\/#breadcrumb\",\"itemListElement\":[{\"@type\":\"ListItem\",\"position\":1,\"name\":\"Portada\",\"item\":\"https:\/\/tabernaculoprensadedios.com\/web\/\"},{\"@type\":\"ListItem\",\"position\":2,\"name\":\"Una temporada de puertas abiertas\u2026 bajo vigilancia espiritual\"}]},{\"@type\":\"WebSite\",\"@id\":\"https:\/\/tabernaculoprensadedios.com\/web\/#website\",\"url\":\"https:\/\/tabernaculoprensadedios.com\/web\/\",\"name\":\"Tabernaculo Prensa de Dios\",\"description\":\"Un medio a la manera de Dios\",\"publisher\":{\"@id\":\"https:\/\/tabernaculoprensadedios.com\/web\/#\/schema\/person\/bc0e069fef56b38e177db6f098ae0b6e\"},\"potentialAction\":[{\"@type\":\"SearchAction\",\"target\":{\"@type\":\"EntryPoint\",\"urlTemplate\":\"https:\/\/tabernaculoprensadedios.com\/web\/?s={search_term_string}\"},\"query-input\":{\"@type\":\"PropertyValueSpecification\",\"valueRequired\":true,\"valueName\":\"search_term_string\"}}],\"inLanguage\":\"es\"},{\"@type\":[\"Person\",\"Organization\"],\"@id\":\"https:\/\/tabernaculoprensadedios.com\/web\/#\/schema\/person\/bc0e069fef56b38e177db6f098ae0b6e\",\"name\":\"tabernaculo\",\"image\":{\"@type\":\"ImageObject\",\"inLanguage\":\"es\",\"@id\":\"https:\/\/tabernaculoprensadedios.com\/web\/#\/schema\/person\/image\/\",\"url\":\"https:\/\/tabernaculoprensadedios.com\/web\/wp-content\/uploads\/2015\/06\/login-logo1.png\",\"contentUrl\":\"https:\/\/tabernaculoprensadedios.com\/web\/wp-content\/uploads\/2015\/06\/login-logo1.png\",\"width\":300,\"height\":118,\"caption\":\"tabernaculo\"},\"logo\":{\"@id\":\"https:\/\/tabernaculoprensadedios.com\/web\/#\/schema\/person\/image\/\"},\"url\":\"https:\/\/tabernaculoprensadedios.com\/web\/author\/tabernaculo\/\"}]}<\/script>\n<!-- \/ Yoast SEO Premium plugin. -->","yoast_head_json":{"title":"Una temporada de puertas abiertas\u2026 bajo vigilancia espiritual - Tabernaculo Prensa de Dios","robots":{"index":"index","follow":"follow","max-snippet":"max-snippet:-1","max-image-preview":"max-image-preview:large","max-video-preview":"max-video-preview:-1"},"canonical":"https:\/\/tabernaculoprensadedios.com\/web\/una-temporada-de-puertas-abiertas-bajo-vigilancia-espiritual\/","og_locale":"es_ES","og_type":"article","og_title":"Una temporada de puertas abiertas\u2026 bajo vigilancia espiritual","og_description":"En medio de un tiempo que muchos l\u00edderes espirituales describen como crucial, se est\u00e1 percibiendo un movimiento inusual: puertas que antes estaban cerradas comienzan a abrirse con rapidez. Se habla de acceso, estrategia y autoridad liberada para el pueblo de Dios. Sin embargo, junto a esta apertura, tambi\u00e9n se intensifica una oposici\u00f3n espiritual. Diversos testimonios &hellip;","og_url":"https:\/\/tabernaculoprensadedios.com\/web\/una-temporada-de-puertas-abiertas-bajo-vigilancia-espiritual\/","og_site_name":"Tabernaculo Prensa de Dios","article_published_time":"2026-04-28T22:46:50+00:00","og_image":[{"width":1024,"height":707,"url":"https:\/\/tabernaculoprensadedios.com\/web\/wp-content\/uploads\/2026\/02\/Logo-de-La-Noticia-y-la-Respuesta-del-Reino-1-e1770258010239.avif","type":"image\/png"}],"author":"tabernaculo","twitter_card":"summary_large_image","twitter_creator":"@PrensadeDios","twitter_site":"@PrensadeDios","twitter_misc":{"Escrito por":"tabernaculo","Tiempo de lectura":"2 minutos"},"schema":{"@context":"https:\/\/schema.org","@graph":[{"@type":"Article","@id":"https:\/\/tabernaculoprensadedios.com\/web\/una-temporada-de-puertas-abiertas-bajo-vigilancia-espiritual\/#article","isPartOf":{"@id":"https:\/\/tabernaculoprensadedios.com\/web\/una-temporada-de-puertas-abiertas-bajo-vigilancia-espiritual\/"},"author":{"name":"tabernaculo","@id":"https:\/\/tabernaculoprensadedios.com\/web\/#\/schema\/person\/bc0e069fef56b38e177db6f098ae0b6e"},"headline":"Una temporada de puertas abiertas\u2026 bajo vigilancia espiritual","datePublished":"2026-04-28T22:46:50+00:00","mainEntityOfPage":{"@id":"https:\/\/tabernaculoprensadedios.com\/web\/una-temporada-de-puertas-abiertas-bajo-vigilancia-espiritual\/"},"wordCount":424,"commentCount":0,"publisher":{"@id":"https:\/\/tabernaculoprensadedios.com\/web\/#\/schema\/person\/bc0e069fef56b38e177db6f098ae0b6e"},"image":{"@id":"https:\/\/tabernaculoprensadedios.com\/web\/una-temporada-de-puertas-abiertas-bajo-vigilancia-espiritual\/#primaryimage"},"thumbnailUrl":"https:\/\/tabernaculoprensadedios.com\/web\/wp-content\/uploads\/2026\/02\/Logo-de-La-Noticia-y-la-Respuesta-del-Reino-1-e1770258010239.avif","articleSection":["Respuesta del Reino"],"inLanguage":"es","potentialAction":[{"@type":"CommentAction","name":"Comment","target":["https:\/\/tabernaculoprensadedios.com\/web\/una-temporada-de-puertas-abiertas-bajo-vigilancia-espiritual\/#respond"]}]},{"@type":"WebPage","@id":"https:\/\/tabernaculoprensadedios.com\/web\/una-temporada-de-puertas-abiertas-bajo-vigilancia-espiritual\/","url":"https:\/\/tabernaculoprensadedios.com\/web\/una-temporada-de-puertas-abiertas-bajo-vigilancia-espiritual\/","name":"Una temporada de puertas abiertas\u2026 bajo vigilancia espiritual - Tabernaculo Prensa de Dios","isPartOf":{"@id":"https:\/\/tabernaculoprensadedios.com\/web\/#website"},"primaryImageOfPage":{"@id":"https:\/\/tabernaculoprensadedios.com\/web\/una-temporada-de-puertas-abiertas-bajo-vigilancia-espiritual\/#primaryimage"},"image":{"@id":"https:\/\/tabernaculoprensadedios.com\/web\/una-temporada-de-puertas-abiertas-bajo-vigilancia-espiritual\/#primaryimage"},"thumbnailUrl":"https:\/\/tabernaculoprensadedios.com\/web\/wp-content\/uploads\/2026\/02\/Logo-de-La-Noticia-y-la-Respuesta-del-Reino-1-e1770258010239.avif","datePublished":"2026-04-28T22:46:50+00:00","breadcrumb":{"@id":"https:\/\/tabernaculoprensadedios.com\/web\/una-temporada-de-puertas-abiertas-bajo-vigilancia-espiritual\/#breadcrumb"},"inLanguage":"es","potentialAction":[{"@type":"ReadAction","target":["https:\/\/tabernaculoprensadedios.com\/web\/una-temporada-de-puertas-abiertas-bajo-vigilancia-espiritual\/"]}]},{"@type":"ImageObject","inLanguage":"es","@id":"https:\/\/tabernaculoprensadedios.com\/web\/una-temporada-de-puertas-abiertas-bajo-vigilancia-espiritual\/#primaryimage","url":"https:\/\/tabernaculoprensadedios.com\/web\/wp-content\/uploads\/2026\/02\/Logo-de-La-Noticia-y-la-Respuesta-del-Reino-1-e1770258010239.avif","contentUrl":"https:\/\/tabernaculoprensadedios.com\/web\/wp-content\/uploads\/2026\/02\/Logo-de-La-Noticia-y-la-Respuesta-del-Reino-1-e1770258010239.avif","width":1024,"height":707},{"@type":"BreadcrumbList","@id":"https:\/\/tabernaculoprensadedios.com\/web\/una-temporada-de-puertas-abiertas-bajo-vigilancia-espiritual\/#breadcrumb","itemListElement":[{"@type":"ListItem","position":1,"name":"Portada","item":"https:\/\/tabernaculoprensadedios.com\/web\/"},{"@type":"ListItem","position":2,"name":"Una temporada de puertas abiertas\u2026 bajo vigilancia espiritual"}]},{"@type":"WebSite","@id":"https:\/\/tabernaculoprensadedios.com\/web\/#website","url":"https:\/\/tabernaculoprensadedios.com\/web\/","name":"Tabernaculo Prensa de Dios","description":"Un medio a la manera de Dios","publisher":{"@id":"https:\/\/tabernaculoprensadedios.com\/web\/#\/schema\/person\/bc0e069fef56b38e177db6f098ae0b6e"},"potentialAction":[{"@type":"SearchAction","target":{"@type":"EntryPoint","urlTemplate":"https:\/\/tabernaculoprensadedios.com\/web\/?s={search_term_string}"},"query-input":{"@type":"PropertyValueSpecification","valueRequired":true,"valueName":"search_term_string"}}],"inLanguage":"es"},{"@type":["Person","Organization"],"@id":"https:\/\/tabernaculoprensadedios.com\/web\/#\/schema\/person\/bc0e069fef56b38e177db6f098ae0b6e","name":"tabernaculo","image":{"@type":"ImageObject","inLanguage":"es","@id":"https:\/\/tabernaculoprensadedios.com\/web\/#\/schema\/person\/image\/","url":"https:\/\/tabernaculoprensadedios.com\/web\/wp-content\/uploads\/2015\/06\/login-logo1.png","contentUrl":"https:\/\/tabernaculoprensadedios.com\/web\/wp-content\/uploads\/2015\/06\/login-logo1.png","width":300,"height":118,"caption":"tabernaculo"},"logo":{"@id":"https:\/\/tabernaculoprensadedios.com\/web\/#\/schema\/person\/image\/"},"url":"https:\/\/tabernaculoprensadedios.com\/web\/author\/tabernaculo\/"}]}},"_links":{"self":[{"href":"https:\/\/tabernaculoprensadedios.com\/web\/wp-json\/wp\/v2\/posts\/37867","targetHints":{"allow":["GET"]}}],"collection":[{"href":"https:\/\/tabernaculoprensadedios.com\/web\/wp-json\/wp\/v2\/posts"}],"about":[{"href":"https:\/\/tabernaculoprensadedios.com\/web\/wp-json\/wp\/v2\/types\/post"}],"author":[{"embeddable":true,"href":"https:\/\/tabernaculoprensadedios.com\/web\/wp-json\/wp\/v2\/users\/1"}],"replies":[{"embeddable":true,"href":"https:\/\/tabernaculoprensadedios.com\/web\/wp-json\/wp\/v2\/comments?post=37867"}],"version-history":[{"count":1,"href":"https:\/\/tabernaculoprensadedios.com\/web\/wp-json\/wp\/v2\/posts\/37867\/revisions"}],"predecessor-version":[{"id":37868,"href":"https:\/\/tabernaculoprensadedios.com\/web\/wp-json\/wp\/v2\/posts\/37867\/revisions\/37868"}],"wp:featuredmedia":[{"embeddable":true,"href":"https:\/\/tabernaculoprensadedios.com\/web\/wp-json\/wp\/v2\/media\/37049"}],"wp:attachment":[{"href":"https:\/\/tabernaculoprensadedios.com\/web\/wp-json\/wp\/v2\/media?parent=37867"}],"wp:term":[{"taxonomy":"category","embeddable":true,"href":"https:\/\/tabernaculoprensadedios.com\/web\/wp-json\/wp\/v2\/categories?post=37867"},{"taxonomy":"post_tag","embeddable":true,"href":"https:\/\/tabernaculoprensadedios.com\/web\/wp-json\/wp\/v2\/tags?post=37867"}],"curies":[{"name":"wp","href":"https:\/\/api.w.org\/{rel}","templated":true}]}}