{"id":37860,"date":"2026-04-28T18:42:34","date_gmt":"2026-04-28T22:42:34","guid":{"rendered":"https:\/\/tabernaculoprensadedios.com\/web\/?p=37860"},"modified":"2026-04-28T18:44:59","modified_gmt":"2026-04-28T22:44:59","slug":"miguel-franjul-director-listin-diario-cita-retos-del-periodismo-en-la-era-digital","status":"publish","type":"post","link":"https:\/\/tabernaculoprensadedios.com\/web\/miguel-franjul-director-listin-diario-cita-retos-del-periodismo-en-la-era-digital\/","title":{"rendered":"Miguel Franjul Director List\u00edn Diario . Cita retos del Periodismo en la era Digital"},"content":{"rendered":"<p><strong>Santiago de los Caballeros-<\/strong> El director del peri\u00f3dico List\u00edn Diario, Miguel Franjul, encabez\u00f3 aqu\u00ed un interesante conversatorio acerca de <strong>\u201cla responsabilidad de los medios de comunicaci\u00f3n en la era digital\u201d,<\/strong> donde formul\u00f3 la necesidad de fortalecer la \u00e9tica period\u00edstica y preservar la credibilidad profesional, como principales activos de los medios en un contexto marcado por el auge de la inteligencia artificial, las redes sociales y la sobreinformaci\u00f3n.<\/p>\n<p>La actividad fue organizada por el <strong>Colegio Dominicano de Periodistas, seccional Santiago<\/strong>, a la que asisti\u00f3 m\u00e1s de un centenar de periodistas, estudiantes de comunicaci\u00f3n, comunicadores y profesionales de otras ramas del saber, adem\u00e1s de los principales dirigentes de los gremios de la comunicaci\u00f3n de la Ciudad Coraz\u00f3n.<\/p>\n<figure id=\"attachment_37863\" aria-describedby=\"caption-attachment-37863\" style=\"width: 1000px\" class=\"wp-caption alignnone\"><img loading=\"lazy\" decoding=\"async\" class=\"wp-image-37863\" src=\"https:\/\/tabernaculoprensadedios.com\/web\/wp-content\/uploads\/2026\/04\/image.avif\" alt=\"Miguel Franjul junto a los moderadores del conversatorio, Indira V\u00e1squez y Guillermo Saleta.\" width=\"1000\" height=\"669\" \/><figcaption id=\"caption-attachment-37863\" class=\"wp-caption-text\">Miguel Franjul junto a los moderadores del conversatorio, Indira V\u00e1squez y Guillermo Saleta.<\/figcaption><\/figure>\n<p>El conversatorio se desarroll\u00f3 en el contexto de una din\u00e1mica donde el conferencista formul\u00f3 respuestas a preguntas puntuales formuladas por los moderadores Guillermo Saleta e Indira V\u00e1squez, para posteriormente dar cabida a las preguntas e inquietudes de los presentes.<\/p>\n<p>Durante su intervenci\u00f3n, Miguel Franjul abord\u00f3 una amplia gama de subtemas que tienen que ver con el ejercicio period\u00edstico, las nuevas narrativas medi\u00e1ticas, la responsabilidad social de los medios y el compromiso con la verdad por encima de intereses de cualquier naturaleza.<\/p>\n<p>Puso \u00e9nfasis en que la responsabilidad esencial del periodismo, que tiene que permanecer inalterable y fundamentarse en principios como informar con veracidad, verificar los hechos y servir con credibilidad como intermediario entre la sociedad y el poder. En ese sentido, subray\u00f3 que los medios y el periodismo tienen que cumplir con el compromiso de vigilar permanentemente a los que ejercen el poder pol\u00edtico y econ\u00f3mico, sin dejar de denunciar los casos de corrupci\u00f3n.<\/p>\n<p><img loading=\"lazy\" decoding=\"async\" class=\"wp-image-37862 size-full alignright\" src=\"https:\/\/tabernaculoprensadedios.com\/web\/wp-content\/uploads\/2026\/04\/image-1.avif\" alt=\"\" width=\"352\" height=\"235\" \/><\/p>\n<p>Record\u00f3 que los medios de comunicaci\u00f3n constituyen un pilar fundamental de la democracia, en tanto propician el debate, el pluralismo, la denuncia oportuna, a la vez que deben convertirse en voz de los sectores m\u00e1s vulnerables.<\/p>\n<p>El director del List\u00edn Diario reconoci\u00f3 la presencia de nuevos actores en el ecosistema comunicacional, <strong>creadores de contenido, plataformas digitales y otros,<\/strong> y advirti\u00f3 que toda comunicaci\u00f3n responsable debe regirse por est\u00e1ndares \u00e9ticos que garanticen la credibilidad tanto del medio como del periodista.<\/p>\n<p>Miguel Franjul comparti\u00f3 importantes an\u00e9cdotas vividas en el discurrir de su dilatado ejercicio period\u00edstico, coment\u00f3 cerca de los intentos fallidos en procura de actualizar y establecer leyes del entorno medi\u00e1tico y aconsej\u00f3 rechazar cualquier intento de censura por intereses de cualquier \u00edndole.<\/p>\n<p>La hoja de vida del conferencista fue le\u00edda por el veterano periodista y productor de televisi\u00f3n Guillermo Saleta, mientras que su presentaci\u00f3n estuvo a cargo del Secretario General del <strong>CDP<\/strong> Santiago, <strong>Carlos Arroyo Ramos<\/strong>.<\/p>\n<p>El dirigente gremial resalt\u00f3 que el ejercicio del periodismo debe sustentarse en una lucha constante por la verdad, el respeto y la solidaridad con la audiencia.<\/p>\n<p>Se\u00f1al\u00f3 que, pese a los avances tecnol\u00f3gicos, la esencia del oficio no ha cambiado y debe estar guiada por una verdad verificada, valiente y con sentido humano.<\/p>\n<p>Arroyo Ramos tambi\u00e9n advirti\u00f3 sobre los riesgos de subordinar el contenido informativo a intereses publicitarios, indicando que cuando el compromiso con el anunciante prevalece sobre el lector, el periodismo pierde su esencia y se convierte en propaganda.<\/p>\n<figure id=\"attachment_37861\" aria-describedby=\"caption-attachment-37861\" style=\"width: 352px\" class=\"wp-caption alignleft\"><img loading=\"lazy\" decoding=\"async\" class=\"wp-image-37861 size-full\" src=\"https:\/\/tabernaculoprensadedios.com\/web\/wp-content\/uploads\/2026\/04\/image-2.avif\" alt=\"\" width=\"352\" height=\"235\" \/><figcaption id=\"caption-attachment-37861\" class=\"wp-caption-text\">Miguel Franjul, quien por varios a\u00f1os fue director del diario local La Informaci\u00f3n, viaj\u00f3 a Santiago de los Caballeros en compa\u00f1ia de su esposa, la periodista y escritora Wendy Santana.<\/figcaption><\/figure>\n<p><strong>Entrega de reconocimiento y declaratoria como hijo adoptivo de Santiago<br \/>\n<\/strong>Al final de la concurrida actividad, Arroyo Ramos y dem\u00e1s miembros directivos del din\u00e1mico CDP Santiago, hicieron entrega a Miguel Franjul de un pergamino de reconocimiento, emitido por la entidad, por sus aportes al periodismo dominicano y su destacada trayectoria profesional.<\/p>\n<p>Al agradecer la distinci\u00f3n, el homenajeado expres\u00f3 que al reencontrarse con colegas y amigos en Santiago se siente \u201cun santiaguero m\u00e1s\u201d, valorando el intercambio de ideas en espacios como el que fuera creado por el CDP.<\/p>\n<p>A continuaci\u00f3n, y por formal solicitud del CDP Santiago, el Presidente y el Secretario del Consejo edilicio del Ayuntamiento de Santiago, hicieron entrega a Miguel Franjul de una resoluci\u00f3n que lo declara \u201cHijo adoptivo de Santiago de los Caballeros\u201d.<\/p>\n","protected":false},"excerpt":{"rendered":"<p>Santiago de los Caballeros- El director del peri\u00f3dico List\u00edn Diario, Miguel Franjul, encabez\u00f3 aqu\u00ed un interesante conversatorio acerca de \u201cla responsabilidad de los medios de comunicaci\u00f3n en la era digital\u201d, donde formul\u00f3 la necesidad de fortalecer la \u00e9tica period\u00edstica y preservar la credibilidad profesional, como principales activos de los medios en un contexto marcado por &hellip;<\/p>\n","protected":false},"author":1,"featured_media":37064,"comment_status":"open","ping_status":"open","sticky":false,"template":"","format":"standard","meta":{"footnotes":""},"categories":[794],"tags":[],"class_list":["post-37860","post","type-post","status-publish","format-standard","has-post-thumbnail","hentry","category-mas-alla-del-monumento"],"yoast_head":"<!-- This site is optimized with the Yoast SEO Premium plugin v24.2 (Yoast SEO v27.1.1) - https:\/\/yoast.com\/product\/yoast-seo-premium-wordpress\/ -->\n<title>Miguel Franjul Director List\u00edn Diario . Cita retos del Periodismo en la era Digital - Tabernaculo Prensa de Dios<\/title>\n<meta name=\"robots\" content=\"index, follow, max-snippet:-1, max-image-preview:large, max-video-preview:-1\" \/>\n<link rel=\"canonical\" href=\"https:\/\/tabernaculoprensadedios.com\/web\/miguel-franjul-director-listin-diario-cita-retos-del-periodismo-en-la-era-digital\/\" class=\"yoast-seo-meta-tag\" \/>\n<meta property=\"og:locale\" content=\"es_ES\" class=\"yoast-seo-meta-tag\" \/>\n<meta property=\"og:type\" content=\"article\" class=\"yoast-seo-meta-tag\" \/>\n<meta property=\"og:title\" content=\"Miguel Franjul Director List\u00edn Diario . Cita retos del Periodismo en la era Digital\" class=\"yoast-seo-meta-tag\" \/>\n<meta property=\"og:description\" content=\"Santiago de los Caballeros- El director del peri\u00f3dico List\u00edn Diario, Miguel Franjul, encabez\u00f3 aqu\u00ed un interesante conversatorio acerca de \u201cla responsabilidad de los medios de comunicaci\u00f3n en la era digital\u201d, donde formul\u00f3 la necesidad de fortalecer la \u00e9tica period\u00edstica y preservar la credibilidad profesional, como principales activos de los medios en un contexto marcado por &hellip;\" class=\"yoast-seo-meta-tag\" \/>\n<meta property=\"og:url\" content=\"https:\/\/tabernaculoprensadedios.com\/web\/miguel-franjul-director-listin-diario-cita-retos-del-periodismo-en-la-era-digital\/\" class=\"yoast-seo-meta-tag\" \/>\n<meta property=\"og:site_name\" content=\"Tabernaculo Prensa de Dios\" class=\"yoast-seo-meta-tag\" \/>\n<meta property=\"article:published_time\" content=\"2026-04-28T22:42:34+00:00\" class=\"yoast-seo-meta-tag\" \/>\n<meta property=\"article:modified_time\" content=\"2026-04-28T22:44:59+00:00\" class=\"yoast-seo-meta-tag\" \/>\n<meta property=\"og:image\" content=\"https:\/\/tabernaculoprensadedios.com\/web\/wp-content\/uploads\/2026\/02\/mas-alla-delmonumento.jpg\" class=\"yoast-seo-meta-tag\" \/>\n\t<meta property=\"og:image:width\" content=\"1917\" class=\"yoast-seo-meta-tag\" \/>\n\t<meta property=\"og:image:height\" content=\"1096\" class=\"yoast-seo-meta-tag\" \/>\n\t<meta property=\"og:image:type\" content=\"image\/jpeg\" class=\"yoast-seo-meta-tag\" \/>\n<meta name=\"author\" content=\"tabernaculo\" class=\"yoast-seo-meta-tag\" \/>\n<meta name=\"twitter:card\" content=\"summary_large_image\" class=\"yoast-seo-meta-tag\" \/>\n<meta name=\"twitter:creator\" content=\"@PrensadeDios\" class=\"yoast-seo-meta-tag\" \/>\n<meta name=\"twitter:site\" content=\"@PrensadeDios\" class=\"yoast-seo-meta-tag\" \/>\n<meta name=\"twitter:label1\" content=\"Escrito por\" class=\"yoast-seo-meta-tag\" \/>\n\t<meta name=\"twitter:data1\" content=\"tabernaculo\" class=\"yoast-seo-meta-tag\" \/>\n\t<meta name=\"twitter:label2\" content=\"Tiempo de lectura\" class=\"yoast-seo-meta-tag\" \/>\n\t<meta name=\"twitter:data2\" content=\"4 minutos\" class=\"yoast-seo-meta-tag\" \/>\n<script type=\"application\/ld+json\" class=\"yoast-schema-graph\">{\"@context\":\"https:\/\/schema.org\",\"@graph\":[{\"@type\":\"Article\",\"@id\":\"https:\/\/tabernaculoprensadedios.com\/web\/miguel-franjul-director-listin-diario-cita-retos-del-periodismo-en-la-era-digital\/#article\",\"isPartOf\":{\"@id\":\"https:\/\/tabernaculoprensadedios.com\/web\/miguel-franjul-director-listin-diario-cita-retos-del-periodismo-en-la-era-digital\/\"},\"author\":{\"name\":\"tabernaculo\",\"@id\":\"https:\/\/tabernaculoprensadedios.com\/web\/#\/schema\/person\/bc0e069fef56b38e177db6f098ae0b6e\"},\"headline\":\"Miguel Franjul Director List\u00edn Diario . Cita retos del Periodismo en la era Digital\",\"datePublished\":\"2026-04-28T22:42:34+00:00\",\"dateModified\":\"2026-04-28T22:44:59+00:00\",\"mainEntityOfPage\":{\"@id\":\"https:\/\/tabernaculoprensadedios.com\/web\/miguel-franjul-director-listin-diario-cita-retos-del-periodismo-en-la-era-digital\/\"},\"wordCount\":753,\"commentCount\":0,\"publisher\":{\"@id\":\"https:\/\/tabernaculoprensadedios.com\/web\/#\/schema\/person\/bc0e069fef56b38e177db6f098ae0b6e\"},\"image\":{\"@id\":\"https:\/\/tabernaculoprensadedios.com\/web\/miguel-franjul-director-listin-diario-cita-retos-del-periodismo-en-la-era-digital\/#primaryimage\"},\"thumbnailUrl\":\"https:\/\/tabernaculoprensadedios.com\/web\/wp-content\/uploads\/2026\/02\/mas-alla-delmonumento.jpg\",\"articleSection\":[\"M\u00e1s all\u00e1 del Monumento\"],\"inLanguage\":\"es\",\"potentialAction\":[{\"@type\":\"CommentAction\",\"name\":\"Comment\",\"target\":[\"https:\/\/tabernaculoprensadedios.com\/web\/miguel-franjul-director-listin-diario-cita-retos-del-periodismo-en-la-era-digital\/#respond\"]}]},{\"@type\":\"WebPage\",\"@id\":\"https:\/\/tabernaculoprensadedios.com\/web\/miguel-franjul-director-listin-diario-cita-retos-del-periodismo-en-la-era-digital\/\",\"url\":\"https:\/\/tabernaculoprensadedios.com\/web\/miguel-franjul-director-listin-diario-cita-retos-del-periodismo-en-la-era-digital\/\",\"name\":\"Miguel Franjul Director List\u00edn Diario . Cita retos del Periodismo en la era Digital - Tabernaculo Prensa de Dios\",\"isPartOf\":{\"@id\":\"https:\/\/tabernaculoprensadedios.com\/web\/#website\"},\"primaryImageOfPage\":{\"@id\":\"https:\/\/tabernaculoprensadedios.com\/web\/miguel-franjul-director-listin-diario-cita-retos-del-periodismo-en-la-era-digital\/#primaryimage\"},\"image\":{\"@id\":\"https:\/\/tabernaculoprensadedios.com\/web\/miguel-franjul-director-listin-diario-cita-retos-del-periodismo-en-la-era-digital\/#primaryimage\"},\"thumbnailUrl\":\"https:\/\/tabernaculoprensadedios.com\/web\/wp-content\/uploads\/2026\/02\/mas-alla-delmonumento.jpg\",\"datePublished\":\"2026-04-28T22:42:34+00:00\",\"dateModified\":\"2026-04-28T22:44:59+00:00\",\"breadcrumb\":{\"@id\":\"https:\/\/tabernaculoprensadedios.com\/web\/miguel-franjul-director-listin-diario-cita-retos-del-periodismo-en-la-era-digital\/#breadcrumb\"},\"inLanguage\":\"es\",\"potentialAction\":[{\"@type\":\"ReadAction\",\"target\":[\"https:\/\/tabernaculoprensadedios.com\/web\/miguel-franjul-director-listin-diario-cita-retos-del-periodismo-en-la-era-digital\/\"]}]},{\"@type\":\"ImageObject\",\"inLanguage\":\"es\",\"@id\":\"https:\/\/tabernaculoprensadedios.com\/web\/miguel-franjul-director-listin-diario-cita-retos-del-periodismo-en-la-era-digital\/#primaryimage\",\"url\":\"https:\/\/tabernaculoprensadedios.com\/web\/wp-content\/uploads\/2026\/02\/mas-alla-delmonumento.jpg\",\"contentUrl\":\"https:\/\/tabernaculoprensadedios.com\/web\/wp-content\/uploads\/2026\/02\/mas-alla-delmonumento.jpg\",\"width\":1917,\"height\":1096},{\"@type\":\"BreadcrumbList\",\"@id\":\"https:\/\/tabernaculoprensadedios.com\/web\/miguel-franjul-director-listin-diario-cita-retos-del-periodismo-en-la-era-digital\/#breadcrumb\",\"itemListElement\":[{\"@type\":\"ListItem\",\"position\":1,\"name\":\"Portada\",\"item\":\"https:\/\/tabernaculoprensadedios.com\/web\/\"},{\"@type\":\"ListItem\",\"position\":2,\"name\":\"Miguel Franjul Director List\u00edn Diario . Cita retos del Periodismo en la era Digital\"}]},{\"@type\":\"WebSite\",\"@id\":\"https:\/\/tabernaculoprensadedios.com\/web\/#website\",\"url\":\"https:\/\/tabernaculoprensadedios.com\/web\/\",\"name\":\"Tabernaculo Prensa de Dios\",\"description\":\"Un medio a la manera de Dios\",\"publisher\":{\"@id\":\"https:\/\/tabernaculoprensadedios.com\/web\/#\/schema\/person\/bc0e069fef56b38e177db6f098ae0b6e\"},\"potentialAction\":[{\"@type\":\"SearchAction\",\"target\":{\"@type\":\"EntryPoint\",\"urlTemplate\":\"https:\/\/tabernaculoprensadedios.com\/web\/?s={search_term_string}\"},\"query-input\":{\"@type\":\"PropertyValueSpecification\",\"valueRequired\":true,\"valueName\":\"search_term_string\"}}],\"inLanguage\":\"es\"},{\"@type\":[\"Person\",\"Organization\"],\"@id\":\"https:\/\/tabernaculoprensadedios.com\/web\/#\/schema\/person\/bc0e069fef56b38e177db6f098ae0b6e\",\"name\":\"tabernaculo\",\"image\":{\"@type\":\"ImageObject\",\"inLanguage\":\"es\",\"@id\":\"https:\/\/tabernaculoprensadedios.com\/web\/#\/schema\/person\/image\/\",\"url\":\"https:\/\/tabernaculoprensadedios.com\/web\/wp-content\/uploads\/2015\/06\/login-logo1.png\",\"contentUrl\":\"https:\/\/tabernaculoprensadedios.com\/web\/wp-content\/uploads\/2015\/06\/login-logo1.png\",\"width\":300,\"height\":118,\"caption\":\"tabernaculo\"},\"logo\":{\"@id\":\"https:\/\/tabernaculoprensadedios.com\/web\/#\/schema\/person\/image\/\"},\"url\":\"https:\/\/tabernaculoprensadedios.com\/web\/author\/tabernaculo\/\"}]}<\/script>\n<!-- \/ Yoast SEO Premium plugin. -->","yoast_head_json":{"title":"Miguel Franjul Director List\u00edn Diario . Cita retos del Periodismo en la era Digital - Tabernaculo Prensa de Dios","robots":{"index":"index","follow":"follow","max-snippet":"max-snippet:-1","max-image-preview":"max-image-preview:large","max-video-preview":"max-video-preview:-1"},"canonical":"https:\/\/tabernaculoprensadedios.com\/web\/miguel-franjul-director-listin-diario-cita-retos-del-periodismo-en-la-era-digital\/","og_locale":"es_ES","og_type":"article","og_title":"Miguel Franjul Director List\u00edn Diario . Cita retos del Periodismo en la era Digital","og_description":"Santiago de los Caballeros- El director del peri\u00f3dico List\u00edn Diario, Miguel Franjul, encabez\u00f3 aqu\u00ed un interesante conversatorio acerca de \u201cla responsabilidad de los medios de comunicaci\u00f3n en la era digital\u201d, donde formul\u00f3 la necesidad de fortalecer la \u00e9tica period\u00edstica y preservar la credibilidad profesional, como principales activos de los medios en un contexto marcado por &hellip;","og_url":"https:\/\/tabernaculoprensadedios.com\/web\/miguel-franjul-director-listin-diario-cita-retos-del-periodismo-en-la-era-digital\/","og_site_name":"Tabernaculo Prensa de Dios","article_published_time":"2026-04-28T22:42:34+00:00","article_modified_time":"2026-04-28T22:44:59+00:00","og_image":[{"width":1917,"height":1096,"url":"https:\/\/tabernaculoprensadedios.com\/web\/wp-content\/uploads\/2026\/02\/mas-alla-delmonumento.jpg","type":"image\/jpeg"}],"author":"tabernaculo","twitter_card":"summary_large_image","twitter_creator":"@PrensadeDios","twitter_site":"@PrensadeDios","twitter_misc":{"Escrito por":"tabernaculo","Tiempo de lectura":"4 minutos"},"schema":{"@context":"https:\/\/schema.org","@graph":[{"@type":"Article","@id":"https:\/\/tabernaculoprensadedios.com\/web\/miguel-franjul-director-listin-diario-cita-retos-del-periodismo-en-la-era-digital\/#article","isPartOf":{"@id":"https:\/\/tabernaculoprensadedios.com\/web\/miguel-franjul-director-listin-diario-cita-retos-del-periodismo-en-la-era-digital\/"},"author":{"name":"tabernaculo","@id":"https:\/\/tabernaculoprensadedios.com\/web\/#\/schema\/person\/bc0e069fef56b38e177db6f098ae0b6e"},"headline":"Miguel Franjul Director List\u00edn Diario . Cita retos del Periodismo en la era Digital","datePublished":"2026-04-28T22:42:34+00:00","dateModified":"2026-04-28T22:44:59+00:00","mainEntityOfPage":{"@id":"https:\/\/tabernaculoprensadedios.com\/web\/miguel-franjul-director-listin-diario-cita-retos-del-periodismo-en-la-era-digital\/"},"wordCount":753,"commentCount":0,"publisher":{"@id":"https:\/\/tabernaculoprensadedios.com\/web\/#\/schema\/person\/bc0e069fef56b38e177db6f098ae0b6e"},"image":{"@id":"https:\/\/tabernaculoprensadedios.com\/web\/miguel-franjul-director-listin-diario-cita-retos-del-periodismo-en-la-era-digital\/#primaryimage"},"thumbnailUrl":"https:\/\/tabernaculoprensadedios.com\/web\/wp-content\/uploads\/2026\/02\/mas-alla-delmonumento.jpg","articleSection":["M\u00e1s all\u00e1 del Monumento"],"inLanguage":"es","potentialAction":[{"@type":"CommentAction","name":"Comment","target":["https:\/\/tabernaculoprensadedios.com\/web\/miguel-franjul-director-listin-diario-cita-retos-del-periodismo-en-la-era-digital\/#respond"]}]},{"@type":"WebPage","@id":"https:\/\/tabernaculoprensadedios.com\/web\/miguel-franjul-director-listin-diario-cita-retos-del-periodismo-en-la-era-digital\/","url":"https:\/\/tabernaculoprensadedios.com\/web\/miguel-franjul-director-listin-diario-cita-retos-del-periodismo-en-la-era-digital\/","name":"Miguel Franjul Director List\u00edn Diario . Cita retos del Periodismo en la era Digital - Tabernaculo Prensa de Dios","isPartOf":{"@id":"https:\/\/tabernaculoprensadedios.com\/web\/#website"},"primaryImageOfPage":{"@id":"https:\/\/tabernaculoprensadedios.com\/web\/miguel-franjul-director-listin-diario-cita-retos-del-periodismo-en-la-era-digital\/#primaryimage"},"image":{"@id":"https:\/\/tabernaculoprensadedios.com\/web\/miguel-franjul-director-listin-diario-cita-retos-del-periodismo-en-la-era-digital\/#primaryimage"},"thumbnailUrl":"https:\/\/tabernaculoprensadedios.com\/web\/wp-content\/uploads\/2026\/02\/mas-alla-delmonumento.jpg","datePublished":"2026-04-28T22:42:34+00:00","dateModified":"2026-04-28T22:44:59+00:00","breadcrumb":{"@id":"https:\/\/tabernaculoprensadedios.com\/web\/miguel-franjul-director-listin-diario-cita-retos-del-periodismo-en-la-era-digital\/#breadcrumb"},"inLanguage":"es","potentialAction":[{"@type":"ReadAction","target":["https:\/\/tabernaculoprensadedios.com\/web\/miguel-franjul-director-listin-diario-cita-retos-del-periodismo-en-la-era-digital\/"]}]},{"@type":"ImageObject","inLanguage":"es","@id":"https:\/\/tabernaculoprensadedios.com\/web\/miguel-franjul-director-listin-diario-cita-retos-del-periodismo-en-la-era-digital\/#primaryimage","url":"https:\/\/tabernaculoprensadedios.com\/web\/wp-content\/uploads\/2026\/02\/mas-alla-delmonumento.jpg","contentUrl":"https:\/\/tabernaculoprensadedios.com\/web\/wp-content\/uploads\/2026\/02\/mas-alla-delmonumento.jpg","width":1917,"height":1096},{"@type":"BreadcrumbList","@id":"https:\/\/tabernaculoprensadedios.com\/web\/miguel-franjul-director-listin-diario-cita-retos-del-periodismo-en-la-era-digital\/#breadcrumb","itemListElement":[{"@type":"ListItem","position":1,"name":"Portada","item":"https:\/\/tabernaculoprensadedios.com\/web\/"},{"@type":"ListItem","position":2,"name":"Miguel Franjul Director List\u00edn Diario . Cita retos del Periodismo en la era Digital"}]},{"@type":"WebSite","@id":"https:\/\/tabernaculoprensadedios.com\/web\/#website","url":"https:\/\/tabernaculoprensadedios.com\/web\/","name":"Tabernaculo Prensa de Dios","description":"Un medio a la manera de Dios","publisher":{"@id":"https:\/\/tabernaculoprensadedios.com\/web\/#\/schema\/person\/bc0e069fef56b38e177db6f098ae0b6e"},"potentialAction":[{"@type":"SearchAction","target":{"@type":"EntryPoint","urlTemplate":"https:\/\/tabernaculoprensadedios.com\/web\/?s={search_term_string}"},"query-input":{"@type":"PropertyValueSpecification","valueRequired":true,"valueName":"search_term_string"}}],"inLanguage":"es"},{"@type":["Person","Organization"],"@id":"https:\/\/tabernaculoprensadedios.com\/web\/#\/schema\/person\/bc0e069fef56b38e177db6f098ae0b6e","name":"tabernaculo","image":{"@type":"ImageObject","inLanguage":"es","@id":"https:\/\/tabernaculoprensadedios.com\/web\/#\/schema\/person\/image\/","url":"https:\/\/tabernaculoprensadedios.com\/web\/wp-content\/uploads\/2015\/06\/login-logo1.png","contentUrl":"https:\/\/tabernaculoprensadedios.com\/web\/wp-content\/uploads\/2015\/06\/login-logo1.png","width":300,"height":118,"caption":"tabernaculo"},"logo":{"@id":"https:\/\/tabernaculoprensadedios.com\/web\/#\/schema\/person\/image\/"},"url":"https:\/\/tabernaculoprensadedios.com\/web\/author\/tabernaculo\/"}]}},"_links":{"self":[{"href":"https:\/\/tabernaculoprensadedios.com\/web\/wp-json\/wp\/v2\/posts\/37860","targetHints":{"allow":["GET"]}}],"collection":[{"href":"https:\/\/tabernaculoprensadedios.com\/web\/wp-json\/wp\/v2\/posts"}],"about":[{"href":"https:\/\/tabernaculoprensadedios.com\/web\/wp-json\/wp\/v2\/types\/post"}],"author":[{"embeddable":true,"href":"https:\/\/tabernaculoprensadedios.com\/web\/wp-json\/wp\/v2\/users\/1"}],"replies":[{"embeddable":true,"href":"https:\/\/tabernaculoprensadedios.com\/web\/wp-json\/wp\/v2\/comments?post=37860"}],"version-history":[{"count":3,"href":"https:\/\/tabernaculoprensadedios.com\/web\/wp-json\/wp\/v2\/posts\/37860\/revisions"}],"predecessor-version":[{"id":37866,"href":"https:\/\/tabernaculoprensadedios.com\/web\/wp-json\/wp\/v2\/posts\/37860\/revisions\/37866"}],"wp:featuredmedia":[{"embeddable":true,"href":"https:\/\/tabernaculoprensadedios.com\/web\/wp-json\/wp\/v2\/media\/37064"}],"wp:attachment":[{"href":"https:\/\/tabernaculoprensadedios.com\/web\/wp-json\/wp\/v2\/media?parent=37860"}],"wp:term":[{"taxonomy":"category","embeddable":true,"href":"https:\/\/tabernaculoprensadedios.com\/web\/wp-json\/wp\/v2\/categories?post=37860"},{"taxonomy":"post_tag","embeddable":true,"href":"https:\/\/tabernaculoprensadedios.com\/web\/wp-json\/wp\/v2\/tags?post=37860"}],"curies":[{"name":"wp","href":"https:\/\/api.w.org\/{rel}","templated":true}]}}