{"id":37854,"date":"2026-04-28T17:56:34","date_gmt":"2026-04-28T21:56:34","guid":{"rendered":"https:\/\/tabernaculoprensadedios.com\/web\/?p=37854"},"modified":"2026-04-28T17:56:34","modified_gmt":"2026-04-28T21:56:34","slug":"subutilizacion-de-la-capacidad-instalada","status":"publish","type":"post","link":"https:\/\/tabernaculoprensadedios.com\/web\/subutilizacion-de-la-capacidad-instalada\/","title":{"rendered":"Subutilizaci\u00f3n de la Capacidad Instalada"},"content":{"rendered":"<p>Aunque es penoso decirlo, cuando caminamos por la ciudad, nos damos cuenta de que el abandono al cual han sido sometidas muchas instalaciones ha provocado su total destrucci\u00f3n, a punto de que en su gran mayor\u00eda son irrecuperables todo esto ha dado al traste por el tiempo que estas capacidades instaladas estuvieron sin utilizarse. Su excelente calidad desapareci\u00f3 definitivamente por el desuso, hoy son solo ruinas.<\/p>\n<p>Nosotros fuimos creados con capacidades, <strong>algunas instaladas desde el momento de nuestro nacimiento y otras fueron instaladas con posterioridad.<\/strong> Muchos de nosotros ni siquiera conoc\u00edamos que estas capacidades se encontraban en nosotros, fuimos descubriendo con el paso de los a\u00f1os que ten\u00edamos en nuestra mente grandes instalaciones que estaban siendo subutilizadas.<\/p>\n<p>Nuestra revelaci\u00f3n suprema sucede cuando entregamos nuestra vida a Dios y le pedimos que tome el control de la misma. Es ah\u00ed donde comenzamos a descubrir las razones por las cuales nuestro creador nos concibi\u00f3 y comienzan a manifestarse en nosotros cu\u00e1les son los dones que ten\u00edamos ocultos y que \u00c9l necesita para que no caigamos en ruinas.<\/p>\n<p>En mi caso en particular, siempre pens\u00e9 que mi don era cantar, pero est\u00e1 claro que por alguna extra\u00f1a raz\u00f3n, no he sido utilizada para esto, sin embargo, Dios me ha usado para escribir, desde reflexiones como estas, hasta consejer\u00eda y pido a \u00c9l que me ayude a ser de bendici\u00f3n para otros a trav\u00e9s de la escritura. Si alguien hace 10 a\u00f1os me hubiese dicho que iba a escribir, me hubiese re\u00eddo en su cara, lo \u00fanico que hab\u00eda escrito en mi vida fue a los 15 a\u00f1os una novela copiando el estilo de \u201cCor\u00edn Tellado\u201d y con perd\u00f3n de los escritores, es lo m\u00e1s superficial y tonto que he le\u00eddo jam\u00e1s. Sin embargo, Dios me mostr\u00f3 el camino que \u00c9l quer\u00eda que yo tomara y para lo que quer\u00eda usarme y le agradezco por ello.<\/p>\n<p>Me asombra ver c\u00f3mo durante a\u00f1os existen personas que van cada domingo a la iglesia, se sientan en los bancos, cantan, hasta lloran y se emocionan, sin embargo presentan un grave problema de subutilizaci\u00f3n de la capacidad instalada, lo peor de todo es que a veces pasan toda una vida sin descubrir las grietas en las paredes de su coraz\u00f3n, a trav\u00e9s de las cuales el fuego del Esp\u00edritu se escapa y todo se arruina.<\/p>\n<p>Todos tenemos capacidades, lo dif\u00edcil es descubrirlas, pero si de verdad fundimos nuestra alma con la de nuestro hacedor y entregamos todo lo que poseemos, encontraremos un cofre lleno de riquezas para poner al servicio de su pueblo.<\/p>\n<p>Nuestra dotaci\u00f3n es valiosa, no permitamos que la subutilizaci\u00f3n la convierta en ruinas. Eso no solo la convertir\u00eda en algo inservible. Eso nos convertir\u00eda en siervos in\u00fatiles.<\/p>\n","protected":false},"excerpt":{"rendered":"<p>Aunque es penoso decirlo, cuando caminamos por la ciudad, nos damos cuenta de que el abandono al cual han sido sometidas muchas instalaciones ha provocado su total destrucci\u00f3n, a punto de que en su gran mayor\u00eda son irrecuperables todo esto ha dado al traste por el tiempo que estas capacidades instaladas estuvieron sin utilizarse. Su &hellip;<\/p>\n","protected":false},"author":1,"featured_media":37855,"comment_status":"open","ping_status":"open","sticky":false,"template":"","format":"standard","meta":{"footnotes":""},"categories":[34],"tags":[],"class_list":["post-37854","post","type-post","status-publish","format-standard","has-post-thumbnail","hentry","category-articulos"],"yoast_head":"<!-- This site is optimized with the Yoast SEO Premium plugin v24.2 (Yoast SEO v27.1.1) - https:\/\/yoast.com\/product\/yoast-seo-premium-wordpress\/ -->\n<title>Subutilizaci\u00f3n de la Capacidad Instalada - Tabernaculo Prensa de Dios<\/title>\n<meta name=\"robots\" content=\"index, follow, max-snippet:-1, max-image-preview:large, max-video-preview:-1\" \/>\n<link rel=\"canonical\" href=\"https:\/\/tabernaculoprensadedios.com\/web\/subutilizacion-de-la-capacidad-instalada\/\" class=\"yoast-seo-meta-tag\" \/>\n<meta property=\"og:locale\" content=\"es_ES\" class=\"yoast-seo-meta-tag\" \/>\n<meta property=\"og:type\" content=\"article\" class=\"yoast-seo-meta-tag\" \/>\n<meta property=\"og:title\" content=\"Subutilizaci\u00f3n de la Capacidad Instalada\" class=\"yoast-seo-meta-tag\" \/>\n<meta property=\"og:description\" content=\"Aunque es penoso decirlo, cuando caminamos por la ciudad, nos damos cuenta de que el abandono al cual han sido sometidas muchas instalaciones ha provocado su total destrucci\u00f3n, a punto de que en su gran mayor\u00eda son irrecuperables todo esto ha dado al traste por el tiempo que estas capacidades instaladas estuvieron sin utilizarse. Su &hellip;\" class=\"yoast-seo-meta-tag\" \/>\n<meta property=\"og:url\" content=\"https:\/\/tabernaculoprensadedios.com\/web\/subutilizacion-de-la-capacidad-instalada\/\" class=\"yoast-seo-meta-tag\" \/>\n<meta property=\"og:site_name\" content=\"Tabernaculo Prensa de Dios\" class=\"yoast-seo-meta-tag\" \/>\n<meta property=\"article:published_time\" content=\"2026-04-28T21:56:34+00:00\" class=\"yoast-seo-meta-tag\" \/>\n<meta property=\"og:image\" content=\"https:\/\/tabernaculoprensadedios.com\/web\/wp-content\/uploads\/2026\/04\/ppuyl-1nokc.avif\" class=\"yoast-seo-meta-tag\" \/>\n\t<meta property=\"og:image:width\" content=\"1600\" class=\"yoast-seo-meta-tag\" \/>\n\t<meta property=\"og:image:height\" content=\"1053\" class=\"yoast-seo-meta-tag\" \/>\n\t<meta property=\"og:image:type\" content=\"image\/jpeg\" class=\"yoast-seo-meta-tag\" \/>\n<meta name=\"author\" content=\"tabernaculo\" class=\"yoast-seo-meta-tag\" \/>\n<meta name=\"twitter:card\" content=\"summary_large_image\" class=\"yoast-seo-meta-tag\" \/>\n<meta name=\"twitter:creator\" content=\"@PrensadeDios\" class=\"yoast-seo-meta-tag\" \/>\n<meta name=\"twitter:site\" content=\"@PrensadeDios\" class=\"yoast-seo-meta-tag\" \/>\n<meta name=\"twitter:label1\" content=\"Escrito por\" class=\"yoast-seo-meta-tag\" \/>\n\t<meta name=\"twitter:data1\" content=\"tabernaculo\" class=\"yoast-seo-meta-tag\" \/>\n\t<meta name=\"twitter:label2\" content=\"Tiempo de lectura\" class=\"yoast-seo-meta-tag\" \/>\n\t<meta name=\"twitter:data2\" content=\"3 minutos\" class=\"yoast-seo-meta-tag\" \/>\n<script type=\"application\/ld+json\" class=\"yoast-schema-graph\">{\"@context\":\"https:\/\/schema.org\",\"@graph\":[{\"@type\":\"Article\",\"@id\":\"https:\/\/tabernaculoprensadedios.com\/web\/subutilizacion-de-la-capacidad-instalada\/#article\",\"isPartOf\":{\"@id\":\"https:\/\/tabernaculoprensadedios.com\/web\/subutilizacion-de-la-capacidad-instalada\/\"},\"author\":{\"name\":\"tabernaculo\",\"@id\":\"https:\/\/tabernaculoprensadedios.com\/web\/#\/schema\/person\/bc0e069fef56b38e177db6f098ae0b6e\"},\"headline\":\"Subutilizaci\u00f3n de la Capacidad Instalada\",\"datePublished\":\"2026-04-28T21:56:34+00:00\",\"mainEntityOfPage\":{\"@id\":\"https:\/\/tabernaculoprensadedios.com\/web\/subutilizacion-de-la-capacidad-instalada\/\"},\"wordCount\":492,\"commentCount\":0,\"publisher\":{\"@id\":\"https:\/\/tabernaculoprensadedios.com\/web\/#\/schema\/person\/bc0e069fef56b38e177db6f098ae0b6e\"},\"image\":{\"@id\":\"https:\/\/tabernaculoprensadedios.com\/web\/subutilizacion-de-la-capacidad-instalada\/#primaryimage\"},\"thumbnailUrl\":\"https:\/\/tabernaculoprensadedios.com\/web\/wp-content\/uploads\/2026\/04\/ppuyl-1nokc.avif\",\"articleSection\":[\"Articulos\"],\"inLanguage\":\"es\",\"potentialAction\":[{\"@type\":\"CommentAction\",\"name\":\"Comment\",\"target\":[\"https:\/\/tabernaculoprensadedios.com\/web\/subutilizacion-de-la-capacidad-instalada\/#respond\"]}]},{\"@type\":\"WebPage\",\"@id\":\"https:\/\/tabernaculoprensadedios.com\/web\/subutilizacion-de-la-capacidad-instalada\/\",\"url\":\"https:\/\/tabernaculoprensadedios.com\/web\/subutilizacion-de-la-capacidad-instalada\/\",\"name\":\"Subutilizaci\u00f3n de la Capacidad Instalada - Tabernaculo Prensa de Dios\",\"isPartOf\":{\"@id\":\"https:\/\/tabernaculoprensadedios.com\/web\/#website\"},\"primaryImageOfPage\":{\"@id\":\"https:\/\/tabernaculoprensadedios.com\/web\/subutilizacion-de-la-capacidad-instalada\/#primaryimage\"},\"image\":{\"@id\":\"https:\/\/tabernaculoprensadedios.com\/web\/subutilizacion-de-la-capacidad-instalada\/#primaryimage\"},\"thumbnailUrl\":\"https:\/\/tabernaculoprensadedios.com\/web\/wp-content\/uploads\/2026\/04\/ppuyl-1nokc.avif\",\"datePublished\":\"2026-04-28T21:56:34+00:00\",\"breadcrumb\":{\"@id\":\"https:\/\/tabernaculoprensadedios.com\/web\/subutilizacion-de-la-capacidad-instalada\/#breadcrumb\"},\"inLanguage\":\"es\",\"potentialAction\":[{\"@type\":\"ReadAction\",\"target\":[\"https:\/\/tabernaculoprensadedios.com\/web\/subutilizacion-de-la-capacidad-instalada\/\"]}]},{\"@type\":\"ImageObject\",\"inLanguage\":\"es\",\"@id\":\"https:\/\/tabernaculoprensadedios.com\/web\/subutilizacion-de-la-capacidad-instalada\/#primaryimage\",\"url\":\"https:\/\/tabernaculoprensadedios.com\/web\/wp-content\/uploads\/2026\/04\/ppuyl-1nokc.avif\",\"contentUrl\":\"https:\/\/tabernaculoprensadedios.com\/web\/wp-content\/uploads\/2026\/04\/ppuyl-1nokc.avif\",\"width\":1600,\"height\":1053,\"caption\":\"green vehicle park near on building\"},{\"@type\":\"BreadcrumbList\",\"@id\":\"https:\/\/tabernaculoprensadedios.com\/web\/subutilizacion-de-la-capacidad-instalada\/#breadcrumb\",\"itemListElement\":[{\"@type\":\"ListItem\",\"position\":1,\"name\":\"Portada\",\"item\":\"https:\/\/tabernaculoprensadedios.com\/web\/\"},{\"@type\":\"ListItem\",\"position\":2,\"name\":\"Subutilizaci\u00f3n de la Capacidad Instalada\"}]},{\"@type\":\"WebSite\",\"@id\":\"https:\/\/tabernaculoprensadedios.com\/web\/#website\",\"url\":\"https:\/\/tabernaculoprensadedios.com\/web\/\",\"name\":\"Tabernaculo Prensa de Dios\",\"description\":\"Un medio a la manera de Dios\",\"publisher\":{\"@id\":\"https:\/\/tabernaculoprensadedios.com\/web\/#\/schema\/person\/bc0e069fef56b38e177db6f098ae0b6e\"},\"potentialAction\":[{\"@type\":\"SearchAction\",\"target\":{\"@type\":\"EntryPoint\",\"urlTemplate\":\"https:\/\/tabernaculoprensadedios.com\/web\/?s={search_term_string}\"},\"query-input\":{\"@type\":\"PropertyValueSpecification\",\"valueRequired\":true,\"valueName\":\"search_term_string\"}}],\"inLanguage\":\"es\"},{\"@type\":[\"Person\",\"Organization\"],\"@id\":\"https:\/\/tabernaculoprensadedios.com\/web\/#\/schema\/person\/bc0e069fef56b38e177db6f098ae0b6e\",\"name\":\"tabernaculo\",\"image\":{\"@type\":\"ImageObject\",\"inLanguage\":\"es\",\"@id\":\"https:\/\/tabernaculoprensadedios.com\/web\/#\/schema\/person\/image\/\",\"url\":\"https:\/\/tabernaculoprensadedios.com\/web\/wp-content\/uploads\/2015\/06\/login-logo1.png\",\"contentUrl\":\"https:\/\/tabernaculoprensadedios.com\/web\/wp-content\/uploads\/2015\/06\/login-logo1.png\",\"width\":300,\"height\":118,\"caption\":\"tabernaculo\"},\"logo\":{\"@id\":\"https:\/\/tabernaculoprensadedios.com\/web\/#\/schema\/person\/image\/\"},\"url\":\"https:\/\/tabernaculoprensadedios.com\/web\/author\/tabernaculo\/\"}]}<\/script>\n<!-- \/ Yoast SEO Premium plugin. -->","yoast_head_json":{"title":"Subutilizaci\u00f3n de la Capacidad Instalada - Tabernaculo Prensa de Dios","robots":{"index":"index","follow":"follow","max-snippet":"max-snippet:-1","max-image-preview":"max-image-preview:large","max-video-preview":"max-video-preview:-1"},"canonical":"https:\/\/tabernaculoprensadedios.com\/web\/subutilizacion-de-la-capacidad-instalada\/","og_locale":"es_ES","og_type":"article","og_title":"Subutilizaci\u00f3n de la Capacidad Instalada","og_description":"Aunque es penoso decirlo, cuando caminamos por la ciudad, nos damos cuenta de que el abandono al cual han sido sometidas muchas instalaciones ha provocado su total destrucci\u00f3n, a punto de que en su gran mayor\u00eda son irrecuperables todo esto ha dado al traste por el tiempo que estas capacidades instaladas estuvieron sin utilizarse. Su &hellip;","og_url":"https:\/\/tabernaculoprensadedios.com\/web\/subutilizacion-de-la-capacidad-instalada\/","og_site_name":"Tabernaculo Prensa de Dios","article_published_time":"2026-04-28T21:56:34+00:00","og_image":[{"width":1600,"height":1053,"url":"https:\/\/tabernaculoprensadedios.com\/web\/wp-content\/uploads\/2026\/04\/ppuyl-1nokc.avif","type":"image\/jpeg"}],"author":"tabernaculo","twitter_card":"summary_large_image","twitter_creator":"@PrensadeDios","twitter_site":"@PrensadeDios","twitter_misc":{"Escrito por":"tabernaculo","Tiempo de lectura":"3 minutos"},"schema":{"@context":"https:\/\/schema.org","@graph":[{"@type":"Article","@id":"https:\/\/tabernaculoprensadedios.com\/web\/subutilizacion-de-la-capacidad-instalada\/#article","isPartOf":{"@id":"https:\/\/tabernaculoprensadedios.com\/web\/subutilizacion-de-la-capacidad-instalada\/"},"author":{"name":"tabernaculo","@id":"https:\/\/tabernaculoprensadedios.com\/web\/#\/schema\/person\/bc0e069fef56b38e177db6f098ae0b6e"},"headline":"Subutilizaci\u00f3n de la Capacidad Instalada","datePublished":"2026-04-28T21:56:34+00:00","mainEntityOfPage":{"@id":"https:\/\/tabernaculoprensadedios.com\/web\/subutilizacion-de-la-capacidad-instalada\/"},"wordCount":492,"commentCount":0,"publisher":{"@id":"https:\/\/tabernaculoprensadedios.com\/web\/#\/schema\/person\/bc0e069fef56b38e177db6f098ae0b6e"},"image":{"@id":"https:\/\/tabernaculoprensadedios.com\/web\/subutilizacion-de-la-capacidad-instalada\/#primaryimage"},"thumbnailUrl":"https:\/\/tabernaculoprensadedios.com\/web\/wp-content\/uploads\/2026\/04\/ppuyl-1nokc.avif","articleSection":["Articulos"],"inLanguage":"es","potentialAction":[{"@type":"CommentAction","name":"Comment","target":["https:\/\/tabernaculoprensadedios.com\/web\/subutilizacion-de-la-capacidad-instalada\/#respond"]}]},{"@type":"WebPage","@id":"https:\/\/tabernaculoprensadedios.com\/web\/subutilizacion-de-la-capacidad-instalada\/","url":"https:\/\/tabernaculoprensadedios.com\/web\/subutilizacion-de-la-capacidad-instalada\/","name":"Subutilizaci\u00f3n de la Capacidad Instalada - Tabernaculo Prensa de Dios","isPartOf":{"@id":"https:\/\/tabernaculoprensadedios.com\/web\/#website"},"primaryImageOfPage":{"@id":"https:\/\/tabernaculoprensadedios.com\/web\/subutilizacion-de-la-capacidad-instalada\/#primaryimage"},"image":{"@id":"https:\/\/tabernaculoprensadedios.com\/web\/subutilizacion-de-la-capacidad-instalada\/#primaryimage"},"thumbnailUrl":"https:\/\/tabernaculoprensadedios.com\/web\/wp-content\/uploads\/2026\/04\/ppuyl-1nokc.avif","datePublished":"2026-04-28T21:56:34+00:00","breadcrumb":{"@id":"https:\/\/tabernaculoprensadedios.com\/web\/subutilizacion-de-la-capacidad-instalada\/#breadcrumb"},"inLanguage":"es","potentialAction":[{"@type":"ReadAction","target":["https:\/\/tabernaculoprensadedios.com\/web\/subutilizacion-de-la-capacidad-instalada\/"]}]},{"@type":"ImageObject","inLanguage":"es","@id":"https:\/\/tabernaculoprensadedios.com\/web\/subutilizacion-de-la-capacidad-instalada\/#primaryimage","url":"https:\/\/tabernaculoprensadedios.com\/web\/wp-content\/uploads\/2026\/04\/ppuyl-1nokc.avif","contentUrl":"https:\/\/tabernaculoprensadedios.com\/web\/wp-content\/uploads\/2026\/04\/ppuyl-1nokc.avif","width":1600,"height":1053,"caption":"green vehicle park near on building"},{"@type":"BreadcrumbList","@id":"https:\/\/tabernaculoprensadedios.com\/web\/subutilizacion-de-la-capacidad-instalada\/#breadcrumb","itemListElement":[{"@type":"ListItem","position":1,"name":"Portada","item":"https:\/\/tabernaculoprensadedios.com\/web\/"},{"@type":"ListItem","position":2,"name":"Subutilizaci\u00f3n de la Capacidad Instalada"}]},{"@type":"WebSite","@id":"https:\/\/tabernaculoprensadedios.com\/web\/#website","url":"https:\/\/tabernaculoprensadedios.com\/web\/","name":"Tabernaculo Prensa de Dios","description":"Un medio a la manera de Dios","publisher":{"@id":"https:\/\/tabernaculoprensadedios.com\/web\/#\/schema\/person\/bc0e069fef56b38e177db6f098ae0b6e"},"potentialAction":[{"@type":"SearchAction","target":{"@type":"EntryPoint","urlTemplate":"https:\/\/tabernaculoprensadedios.com\/web\/?s={search_term_string}"},"query-input":{"@type":"PropertyValueSpecification","valueRequired":true,"valueName":"search_term_string"}}],"inLanguage":"es"},{"@type":["Person","Organization"],"@id":"https:\/\/tabernaculoprensadedios.com\/web\/#\/schema\/person\/bc0e069fef56b38e177db6f098ae0b6e","name":"tabernaculo","image":{"@type":"ImageObject","inLanguage":"es","@id":"https:\/\/tabernaculoprensadedios.com\/web\/#\/schema\/person\/image\/","url":"https:\/\/tabernaculoprensadedios.com\/web\/wp-content\/uploads\/2015\/06\/login-logo1.png","contentUrl":"https:\/\/tabernaculoprensadedios.com\/web\/wp-content\/uploads\/2015\/06\/login-logo1.png","width":300,"height":118,"caption":"tabernaculo"},"logo":{"@id":"https:\/\/tabernaculoprensadedios.com\/web\/#\/schema\/person\/image\/"},"url":"https:\/\/tabernaculoprensadedios.com\/web\/author\/tabernaculo\/"}]}},"_links":{"self":[{"href":"https:\/\/tabernaculoprensadedios.com\/web\/wp-json\/wp\/v2\/posts\/37854","targetHints":{"allow":["GET"]}}],"collection":[{"href":"https:\/\/tabernaculoprensadedios.com\/web\/wp-json\/wp\/v2\/posts"}],"about":[{"href":"https:\/\/tabernaculoprensadedios.com\/web\/wp-json\/wp\/v2\/types\/post"}],"author":[{"embeddable":true,"href":"https:\/\/tabernaculoprensadedios.com\/web\/wp-json\/wp\/v2\/users\/1"}],"replies":[{"embeddable":true,"href":"https:\/\/tabernaculoprensadedios.com\/web\/wp-json\/wp\/v2\/comments?post=37854"}],"version-history":[{"count":1,"href":"https:\/\/tabernaculoprensadedios.com\/web\/wp-json\/wp\/v2\/posts\/37854\/revisions"}],"predecessor-version":[{"id":37856,"href":"https:\/\/tabernaculoprensadedios.com\/web\/wp-json\/wp\/v2\/posts\/37854\/revisions\/37856"}],"wp:featuredmedia":[{"embeddable":true,"href":"https:\/\/tabernaculoprensadedios.com\/web\/wp-json\/wp\/v2\/media\/37855"}],"wp:attachment":[{"href":"https:\/\/tabernaculoprensadedios.com\/web\/wp-json\/wp\/v2\/media?parent=37854"}],"wp:term":[{"taxonomy":"category","embeddable":true,"href":"https:\/\/tabernaculoprensadedios.com\/web\/wp-json\/wp\/v2\/categories?post=37854"},{"taxonomy":"post_tag","embeddable":true,"href":"https:\/\/tabernaculoprensadedios.com\/web\/wp-json\/wp\/v2\/tags?post=37854"}],"curies":[{"name":"wp","href":"https:\/\/api.w.org\/{rel}","templated":true}]}}