{"id":37843,"date":"2026-04-27T22:38:13","date_gmt":"2026-04-28T02:38:13","guid":{"rendered":"https:\/\/tabernaculoprensadedios.com\/web\/?p=37843"},"modified":"2026-04-27T22:38:13","modified_gmt":"2026-04-28T02:38:13","slug":"por-que-realmente-dejamos-de-orar","status":"publish","type":"post","link":"https:\/\/tabernaculoprensadedios.com\/web\/por-que-realmente-dejamos-de-orar\/","title":{"rendered":"Por qu\u00e9 realmente dejamos de Orar"},"content":{"rendered":"<p>\u00abNo he orado en alg\u00fan tiempo\u00bb.<\/p>\n<p>Me digo esto con demasiada frecuencia. \u00bfCu\u00e1nto tiempo ha pasado? A veces unas pocas horas, otras casi todo el d\u00eda (o m\u00e1s). \u00bfD\u00f3nde ha estado mi mente? \u00bfD\u00f3nde ha estado mi coraz\u00f3n?<\/p>\n<p>Siento el delicado pero correctivo empuj\u00f3n del Padre. \u00c9l capta mi atenci\u00f3n al implantar en mi mente la misma pregunta que le hizo a Ad\u00e1n en el jard\u00edn: \u00ab\u00bfD\u00f3nde est\u00e1s?\u00bb (Gn 3:9). Entonces me veo obligado a preguntarme:\u00a0<i>\u00bfD\u00f3nde he estado? \u00bfPor qu\u00e9 no he orado?<\/i><\/p>\n<p>La repentina conciencia de que me he alejado de la bendita presencia de Dios y he ca\u00eddo en un ate\u00edsmo funcional crea en m\u00ed una sensaci\u00f3n de exposici\u00f3n, una vergonzosa desnudez ante Dios. \u00c9l no elimina el aguij\u00f3n de la convicci\u00f3n, sino que me asegura Su gracia: \u00ab\u00bfQui\u00e9n te dijo que estabas desnudo? No hay condenaci\u00f3n para los que est\u00e1n en Cristo Jes\u00fas. \u00a1Vuelve a m\u00ed!\u00bb (Gn 3:11;\u00a0Ro 8:1). Su bondad me lleva a\u00a0la oraci\u00f3n.<\/p>\n<blockquote><p>No podemos acercarnos a Dios mientras nos alejamos simult\u00e1neamente de Su autoridad<\/p>\n<div><\/div>\n<\/blockquote>\n<p>\u00bfCu\u00e1l fue el camino mental, emocional o espiritual que me alej\u00f3 de la conciencia de la presencia de Dios, de la obediencia al mandato de \u00aboren sin cesar\u00bb (1 Ts 5:17)? Normalmente noto una combinaci\u00f3n de tres cosas: decepci\u00f3n, desviaci\u00f3n y distracci\u00f3n.<\/p>\n<h3>Decepci\u00f3n<\/h3>\n<p>Aunque solo hayas sido cristiano durante diez d\u00edas, probablemente hayas experimentado decepci\u00f3n en tu vida de oraci\u00f3n. Has recibido un \u00abno\u00bb o un \u00abtodav\u00eda no\u00bb del Padre. A veces, has orado maravill\u00e1ndome en Su presencia; otras, tus oraciones parecen rebotar en las nubes (Lm 3:44). \u00ab\u00bfHasta cu\u00e1ndo, oh, SE\u00d1OR? \u00bfMe olvidar\u00e1s para siempre? \/ \u00bfHasta cu\u00e1ndo esconder\u00e1s de m\u00ed tu rostro?\u00bb (Sal 13:1).<\/p>\n<p>Aunque es normal, esta experiencia puede estar llena de dolor y aflicci\u00f3n. Hay una raz\u00f3n por la que un tercio de los salmos tienen un tono de lamento: debemos llevar nuestra decepci\u00f3n ante Aquel que nos ha decepcionado. Jes\u00fas nos anima a\u00a0seguir orando, incluso cuando no se nos concede lo que queremos:<\/p>\n<div>\n<p>Jes\u00fas les cont\u00f3 una par\u00e1bola para ense\u00f1arles que ellos deb\u00edan orar en todo tiempo, y no desfallecer: \u00abHab\u00eda en cierta ciudad un juez que ni tem\u00eda a Dios ni respetaba a hombre alguno. Tambi\u00e9n hab\u00eda en aquella ciudad una viuda, la cual ven\u00eda a \u00e9l constantemente, diciendo: \u201cH\u00e1game usted justicia de mi adversario\u201d. Por alg\u00fan tiempo el juez no quiso, pero despu\u00e9s dijo para s\u00ed: \u201cAunque ni temo a Dios, ni respeto a hombre alguno, sin embargo, porque esta viuda me molesta, le har\u00e9 justicia; no sea que por venir continuamente me agote la paciencia\u201d\u00bb. El Se\u00f1or dijo: \u00abEscuchen lo que dijo el juez injusto. \u00bfY no har\u00e1 Dios justicia a Sus escogidos, que claman a \u00c9l d\u00eda y noche? \u00bfSe tardar\u00e1 mucho en responderles? (Lc 18:1-7).<\/p>\n<\/div>\n<p>\u00abClamar a \u00e9l d\u00eda y noche\u00bb requiere dos cosas: decepci\u00f3n y perseverancia. El Padre quiere que seamos como la viuda; quiere que \u00abno nos desanimemos\u00bb y que, por el contrario, \u00absigamos insistiendo\u00bb ante \u00c9l. Porque, aunque a veces tarda en responder, se complace en las palabras de sus hijos.<\/p>\n<h3>Desviaci\u00f3n<\/h3>\n<p>Nuestra vida de oraci\u00f3n tambi\u00e9n se ve obstaculizada cuando somos desobedientes, tanto de forma pasiva como activa.<\/p>\n<div>\n<p>Si observo iniquidad en mi coraz\u00f3n,<br \/>\nEl Se\u00f1or no me escuchar\u00e1 (Sal 66:18).<\/p>\n<p>Ustedes, maridos, igualmente, convivan de manera comprensiva con sus mujeres, como con un vaso m\u00e1s fr\u00e1gil, puesto que es mujer, d\u00e1ndole honor por ser heredera como ustedes de la gracia de la vida, para que sus oraciones no sean estorbadas (1 P 3:7).<\/p>\n<p>Al que aparta su o\u00eddo para no o\u00edr la ley,<br \/>\nSu oraci\u00f3n tambi\u00e9n es abominaci\u00f3n (Pr 28:9).<\/p>\n<\/div>\n<p>Cuando caminamos en un patr\u00f3n de pecado, erigimos una barrera entre Dios y nosotros mismos. Cuando codiciamos, calumnias o robamos, caemos en un ate\u00edsmo funcional y luego nos apoderamos de la anarqu\u00eda a la que este da rienda suelta. No podemos acercarnos a Dios mientras nos alejamos simult\u00e1neamente de Su autoridad.<\/p>\n<p>\u00bfC\u00f3mo rompo este ciclo destructivo? \u00abSi confesamos nuestros pecados, \u00c9l es fiel y justo para perdonarnos los pecados y para limpiarnos de toda maldad\u00bb (1 Jn 1:9).<\/p>\n<h3>Distracci\u00f3n<\/h3>\n<p>\u00abEstoy demasiado ocupado para orar\u00bb, dicen a veces nuestros corazones a la defensiva. Pero el problema fundamental es el ajetreo de nuestros corazones, no el ajetreo de nuestras vidas. Vivimos en el mundo de la econom\u00eda de la atenci\u00f3n, y las personas astutas gastan miles de millones de d\u00f3lares cada d\u00eda para colonizar nuestras mentes. La mundanalidad ahora atiende a los avisos, las notificaciones y las cronolog\u00edas de las redes sociales que, en el fondo, carecen de importancia.<\/p>\n<blockquote><p>El hecho de que desees combatir la falta de oraci\u00f3n sugiere que Dios ya est\u00e1 obrando, acerc\u00e1ndote a \u00c9l<\/p>\n<div><\/div>\n<\/blockquote>\n<p>John Piper escribe: \u00abUno de los grandes usos de Twitter y Facebook ser\u00e1 demostrar en el D\u00eda del Juicio Final que la falta de oraci\u00f3n no se debi\u00f3 a la falta de tiempo\u00bb. Imag\u00ednate: \u00bfy si la mitad del tiempo que pasaste desplaz\u00e1ndose por X, TikTok o Instagram en los \u00faltimos tres a\u00f1os lo hubieras dedicado en cambio a la oraci\u00f3n? \u00bfC\u00f3mo ser\u00edan diferentes tu coraz\u00f3n, tu mente y tu alma? \u00bfC\u00f3mo podr\u00eda Dios haber obrado con poder en respuesta a tus oraciones en las vidas de tus amigos y seres queridos?<\/p>\n<p>Gran parte de la\u00a0falta de oraci\u00f3n\u00a0proviene de la falta de voluntad para establecer l\u00edmites adecuados a los c\u00edrculos viciosos de dopamina con los que hemos hecho las paces. En este sentido, la falta de oraci\u00f3n es pereza, pasividad y abdicaci\u00f3n. Compartimos el pecado de Ad\u00e1n: dejar que la creaci\u00f3n ejerza dominio sobre nosotros en lugar de someter debidamente aquello que Dios ha puesto bajo nosotros. Somos c\u00f3mplices de nuestra propia subyugaci\u00f3n. Dios nos ha sentado con Cristo en los lugares celestiales (Ef 2:6); tenemos la autoridad para reinar sobre las distracciones que nos llevan a la falta de oraci\u00f3n.<\/p>\n<h3>Dale tus palabras a Dios<\/h3>\n<p>Cuando mi hijo llega a casa del colegio, me encanta que me cuente sobre su d\u00eda. Aunque ya haya recibido un informe del maestro, me encanta escucharlo\u00a0<i>de \u00e9l<\/i>. \u00ab\u00bfCon qui\u00e9n jugaste? \u00bfQu\u00e9 te ense\u00f1aron? \u00bfCu\u00e1l fue el momento m\u00e1s feliz de tu d\u00eda? \u00bfC\u00f3mo te fue con ese ni\u00f1o que a veces se porta mal?\u00bb El coraz\u00f3n de un padre se deleita con las palabras de su hijo.<\/p>\n<p>\u00abDesear la ayuda de la gracia es el comienzo de la gracia\u00bb,\u00a0dijo Agust\u00edn. El hecho de que desees combatir la falta de oraci\u00f3n sugiere que Dios ya est\u00e1 obrando, acerc\u00e1ndote a \u00c9l. Dale a Dios lo que \u00c9l quiere de ti: tu amor, tu atenci\u00f3n, tu obediencia, tus palabras y tu deleite lleno de gozo en \u00c9l por encima de todo lo dem\u00e1s. \u00c9l ya lo sabe todo, pero quiere o\u00edrlo\u00a0<i>de ti<\/i>. Agrada a tu Se\u00f1or hoy superando la decepci\u00f3n, dejando a un lado la desviaci\u00f3n y la distracci\u00f3n, y correspondiendo a Su b\u00fasqueda de ti.<\/p>\n","protected":false},"excerpt":{"rendered":"<p>\u00abNo he orado en alg\u00fan tiempo\u00bb. Me digo esto con demasiada frecuencia. \u00bfCu\u00e1nto tiempo ha pasado? A veces unas pocas horas, otras casi todo el d\u00eda (o m\u00e1s). \u00bfD\u00f3nde ha estado mi mente? \u00bfD\u00f3nde ha estado mi coraz\u00f3n? Siento el delicado pero correctivo empuj\u00f3n del Padre. \u00c9l capta mi atenci\u00f3n al implantar en mi mente &hellip;<\/p>\n","protected":false},"author":1,"featured_media":37844,"comment_status":"open","ping_status":"open","sticky":false,"template":"","format":"standard","meta":{"footnotes":""},"categories":[34],"tags":[143,51,50,256,221,44,68,272],"class_list":["post-37843","post","type-post","status-publish","format-standard","has-post-thumbnail","hentry","category-articulos","tag-adoracion","tag-alabad","tag-aleluya","tag-bendicion","tag-biblia","tag-cristo","tag-fe","tag-orar"],"yoast_head":"<!-- This site is optimized with the Yoast SEO Premium plugin v24.2 (Yoast SEO v27.1.1) - https:\/\/yoast.com\/product\/yoast-seo-premium-wordpress\/ -->\n<title>Por qu\u00e9 realmente dejamos de Orar - Tabernaculo Prensa de Dios<\/title>\n<meta name=\"robots\" content=\"index, follow, max-snippet:-1, max-image-preview:large, max-video-preview:-1\" \/>\n<link rel=\"canonical\" href=\"https:\/\/tabernaculoprensadedios.com\/web\/por-que-realmente-dejamos-de-orar\/\" class=\"yoast-seo-meta-tag\" \/>\n<meta property=\"og:locale\" content=\"es_ES\" class=\"yoast-seo-meta-tag\" \/>\n<meta property=\"og:type\" content=\"article\" class=\"yoast-seo-meta-tag\" \/>\n<meta property=\"og:title\" content=\"Por qu\u00e9 realmente dejamos de Orar\" class=\"yoast-seo-meta-tag\" \/>\n<meta property=\"og:description\" content=\"\u00abNo he orado en alg\u00fan tiempo\u00bb. Me digo esto con demasiada frecuencia. \u00bfCu\u00e1nto tiempo ha pasado? A veces unas pocas horas, otras casi todo el d\u00eda (o m\u00e1s). \u00bfD\u00f3nde ha estado mi mente? \u00bfD\u00f3nde ha estado mi coraz\u00f3n? Siento el delicado pero correctivo empuj\u00f3n del Padre. \u00c9l capta mi atenci\u00f3n al implantar en mi mente &hellip;\" class=\"yoast-seo-meta-tag\" \/>\n<meta property=\"og:url\" content=\"https:\/\/tabernaculoprensadedios.com\/web\/por-que-realmente-dejamos-de-orar\/\" class=\"yoast-seo-meta-tag\" \/>\n<meta property=\"og:site_name\" content=\"Tabernaculo Prensa de Dios\" class=\"yoast-seo-meta-tag\" \/>\n<meta property=\"article:published_time\" content=\"2026-04-28T02:38:13+00:00\" class=\"yoast-seo-meta-tag\" \/>\n<meta property=\"og:image\" content=\"https:\/\/tabernaculoprensadedios.com\/web\/wp-content\/uploads\/2026\/04\/lpcu8hngu2e.avif\" class=\"yoast-seo-meta-tag\" \/>\n\t<meta property=\"og:image:width\" content=\"1600\" class=\"yoast-seo-meta-tag\" \/>\n\t<meta property=\"og:image:height\" content=\"1156\" class=\"yoast-seo-meta-tag\" \/>\n\t<meta property=\"og:image:type\" content=\"image\/jpeg\" class=\"yoast-seo-meta-tag\" \/>\n<meta name=\"author\" content=\"tabernaculo\" class=\"yoast-seo-meta-tag\" \/>\n<meta name=\"twitter:card\" content=\"summary_large_image\" class=\"yoast-seo-meta-tag\" \/>\n<meta name=\"twitter:creator\" content=\"@PrensadeDios\" class=\"yoast-seo-meta-tag\" \/>\n<meta name=\"twitter:site\" content=\"@PrensadeDios\" class=\"yoast-seo-meta-tag\" \/>\n<meta name=\"twitter:label1\" content=\"Escrito por\" class=\"yoast-seo-meta-tag\" \/>\n\t<meta name=\"twitter:data1\" content=\"tabernaculo\" class=\"yoast-seo-meta-tag\" \/>\n\t<meta name=\"twitter:label2\" content=\"Tiempo de lectura\" class=\"yoast-seo-meta-tag\" \/>\n\t<meta name=\"twitter:data2\" content=\"6 minutos\" class=\"yoast-seo-meta-tag\" \/>\n<script type=\"application\/ld+json\" class=\"yoast-schema-graph\">{\"@context\":\"https:\/\/schema.org\",\"@graph\":[{\"@type\":\"Article\",\"@id\":\"https:\/\/tabernaculoprensadedios.com\/web\/por-que-realmente-dejamos-de-orar\/#article\",\"isPartOf\":{\"@id\":\"https:\/\/tabernaculoprensadedios.com\/web\/por-que-realmente-dejamos-de-orar\/\"},\"author\":{\"name\":\"tabernaculo\",\"@id\":\"https:\/\/tabernaculoprensadedios.com\/web\/#\/schema\/person\/bc0e069fef56b38e177db6f098ae0b6e\"},\"headline\":\"Por qu\u00e9 realmente dejamos de Orar\",\"datePublished\":\"2026-04-28T02:38:13+00:00\",\"mainEntityOfPage\":{\"@id\":\"https:\/\/tabernaculoprensadedios.com\/web\/por-que-realmente-dejamos-de-orar\/\"},\"wordCount\":1260,\"commentCount\":0,\"publisher\":{\"@id\":\"https:\/\/tabernaculoprensadedios.com\/web\/#\/schema\/person\/bc0e069fef56b38e177db6f098ae0b6e\"},\"image\":{\"@id\":\"https:\/\/tabernaculoprensadedios.com\/web\/por-que-realmente-dejamos-de-orar\/#primaryimage\"},\"thumbnailUrl\":\"https:\/\/tabernaculoprensadedios.com\/web\/wp-content\/uploads\/2026\/04\/lpcu8hngu2e.avif\",\"keywords\":[\"adoracion\",\"Alabad\",\"Aleluya\",\"bendicion\",\"biblia\",\"Cristo\",\"fe\",\"orar\"],\"articleSection\":[\"Articulos\"],\"inLanguage\":\"es\",\"potentialAction\":[{\"@type\":\"CommentAction\",\"name\":\"Comment\",\"target\":[\"https:\/\/tabernaculoprensadedios.com\/web\/por-que-realmente-dejamos-de-orar\/#respond\"]}]},{\"@type\":\"WebPage\",\"@id\":\"https:\/\/tabernaculoprensadedios.com\/web\/por-que-realmente-dejamos-de-orar\/\",\"url\":\"https:\/\/tabernaculoprensadedios.com\/web\/por-que-realmente-dejamos-de-orar\/\",\"name\":\"Por qu\u00e9 realmente dejamos de Orar - Tabernaculo Prensa de Dios\",\"isPartOf\":{\"@id\":\"https:\/\/tabernaculoprensadedios.com\/web\/#website\"},\"primaryImageOfPage\":{\"@id\":\"https:\/\/tabernaculoprensadedios.com\/web\/por-que-realmente-dejamos-de-orar\/#primaryimage\"},\"image\":{\"@id\":\"https:\/\/tabernaculoprensadedios.com\/web\/por-que-realmente-dejamos-de-orar\/#primaryimage\"},\"thumbnailUrl\":\"https:\/\/tabernaculoprensadedios.com\/web\/wp-content\/uploads\/2026\/04\/lpcu8hngu2e.avif\",\"datePublished\":\"2026-04-28T02:38:13+00:00\",\"breadcrumb\":{\"@id\":\"https:\/\/tabernaculoprensadedios.com\/web\/por-que-realmente-dejamos-de-orar\/#breadcrumb\"},\"inLanguage\":\"es\",\"potentialAction\":[{\"@type\":\"ReadAction\",\"target\":[\"https:\/\/tabernaculoprensadedios.com\/web\/por-que-realmente-dejamos-de-orar\/\"]}]},{\"@type\":\"ImageObject\",\"inLanguage\":\"es\",\"@id\":\"https:\/\/tabernaculoprensadedios.com\/web\/por-que-realmente-dejamos-de-orar\/#primaryimage\",\"url\":\"https:\/\/tabernaculoprensadedios.com\/web\/wp-content\/uploads\/2026\/04\/lpcu8hngu2e.avif\",\"contentUrl\":\"https:\/\/tabernaculoprensadedios.com\/web\/wp-content\/uploads\/2026\/04\/lpcu8hngu2e.avif\",\"width\":1600,\"height\":1156,\"caption\":\"silhouette of kneeling man\"},{\"@type\":\"BreadcrumbList\",\"@id\":\"https:\/\/tabernaculoprensadedios.com\/web\/por-que-realmente-dejamos-de-orar\/#breadcrumb\",\"itemListElement\":[{\"@type\":\"ListItem\",\"position\":1,\"name\":\"Portada\",\"item\":\"https:\/\/tabernaculoprensadedios.com\/web\/\"},{\"@type\":\"ListItem\",\"position\":2,\"name\":\"Por qu\u00e9 realmente dejamos de Orar\"}]},{\"@type\":\"WebSite\",\"@id\":\"https:\/\/tabernaculoprensadedios.com\/web\/#website\",\"url\":\"https:\/\/tabernaculoprensadedios.com\/web\/\",\"name\":\"Tabernaculo Prensa de Dios\",\"description\":\"Un medio a la manera de Dios\",\"publisher\":{\"@id\":\"https:\/\/tabernaculoprensadedios.com\/web\/#\/schema\/person\/bc0e069fef56b38e177db6f098ae0b6e\"},\"potentialAction\":[{\"@type\":\"SearchAction\",\"target\":{\"@type\":\"EntryPoint\",\"urlTemplate\":\"https:\/\/tabernaculoprensadedios.com\/web\/?s={search_term_string}\"},\"query-input\":{\"@type\":\"PropertyValueSpecification\",\"valueRequired\":true,\"valueName\":\"search_term_string\"}}],\"inLanguage\":\"es\"},{\"@type\":[\"Person\",\"Organization\"],\"@id\":\"https:\/\/tabernaculoprensadedios.com\/web\/#\/schema\/person\/bc0e069fef56b38e177db6f098ae0b6e\",\"name\":\"tabernaculo\",\"image\":{\"@type\":\"ImageObject\",\"inLanguage\":\"es\",\"@id\":\"https:\/\/tabernaculoprensadedios.com\/web\/#\/schema\/person\/image\/\",\"url\":\"https:\/\/tabernaculoprensadedios.com\/web\/wp-content\/uploads\/2015\/06\/login-logo1.png\",\"contentUrl\":\"https:\/\/tabernaculoprensadedios.com\/web\/wp-content\/uploads\/2015\/06\/login-logo1.png\",\"width\":300,\"height\":118,\"caption\":\"tabernaculo\"},\"logo\":{\"@id\":\"https:\/\/tabernaculoprensadedios.com\/web\/#\/schema\/person\/image\/\"},\"url\":\"https:\/\/tabernaculoprensadedios.com\/web\/author\/tabernaculo\/\"}]}<\/script>\n<!-- \/ Yoast SEO Premium plugin. -->","yoast_head_json":{"title":"Por qu\u00e9 realmente dejamos de Orar - Tabernaculo Prensa de Dios","robots":{"index":"index","follow":"follow","max-snippet":"max-snippet:-1","max-image-preview":"max-image-preview:large","max-video-preview":"max-video-preview:-1"},"canonical":"https:\/\/tabernaculoprensadedios.com\/web\/por-que-realmente-dejamos-de-orar\/","og_locale":"es_ES","og_type":"article","og_title":"Por qu\u00e9 realmente dejamos de Orar","og_description":"\u00abNo he orado en alg\u00fan tiempo\u00bb. Me digo esto con demasiada frecuencia. \u00bfCu\u00e1nto tiempo ha pasado? A veces unas pocas horas, otras casi todo el d\u00eda (o m\u00e1s). \u00bfD\u00f3nde ha estado mi mente? \u00bfD\u00f3nde ha estado mi coraz\u00f3n? Siento el delicado pero correctivo empuj\u00f3n del Padre. \u00c9l capta mi atenci\u00f3n al implantar en mi mente &hellip;","og_url":"https:\/\/tabernaculoprensadedios.com\/web\/por-que-realmente-dejamos-de-orar\/","og_site_name":"Tabernaculo Prensa de Dios","article_published_time":"2026-04-28T02:38:13+00:00","og_image":[{"width":1600,"height":1156,"url":"https:\/\/tabernaculoprensadedios.com\/web\/wp-content\/uploads\/2026\/04\/lpcu8hngu2e.avif","type":"image\/jpeg"}],"author":"tabernaculo","twitter_card":"summary_large_image","twitter_creator":"@PrensadeDios","twitter_site":"@PrensadeDios","twitter_misc":{"Escrito por":"tabernaculo","Tiempo de lectura":"6 minutos"},"schema":{"@context":"https:\/\/schema.org","@graph":[{"@type":"Article","@id":"https:\/\/tabernaculoprensadedios.com\/web\/por-que-realmente-dejamos-de-orar\/#article","isPartOf":{"@id":"https:\/\/tabernaculoprensadedios.com\/web\/por-que-realmente-dejamos-de-orar\/"},"author":{"name":"tabernaculo","@id":"https:\/\/tabernaculoprensadedios.com\/web\/#\/schema\/person\/bc0e069fef56b38e177db6f098ae0b6e"},"headline":"Por qu\u00e9 realmente dejamos de Orar","datePublished":"2026-04-28T02:38:13+00:00","mainEntityOfPage":{"@id":"https:\/\/tabernaculoprensadedios.com\/web\/por-que-realmente-dejamos-de-orar\/"},"wordCount":1260,"commentCount":0,"publisher":{"@id":"https:\/\/tabernaculoprensadedios.com\/web\/#\/schema\/person\/bc0e069fef56b38e177db6f098ae0b6e"},"image":{"@id":"https:\/\/tabernaculoprensadedios.com\/web\/por-que-realmente-dejamos-de-orar\/#primaryimage"},"thumbnailUrl":"https:\/\/tabernaculoprensadedios.com\/web\/wp-content\/uploads\/2026\/04\/lpcu8hngu2e.avif","keywords":["adoracion","Alabad","Aleluya","bendicion","biblia","Cristo","fe","orar"],"articleSection":["Articulos"],"inLanguage":"es","potentialAction":[{"@type":"CommentAction","name":"Comment","target":["https:\/\/tabernaculoprensadedios.com\/web\/por-que-realmente-dejamos-de-orar\/#respond"]}]},{"@type":"WebPage","@id":"https:\/\/tabernaculoprensadedios.com\/web\/por-que-realmente-dejamos-de-orar\/","url":"https:\/\/tabernaculoprensadedios.com\/web\/por-que-realmente-dejamos-de-orar\/","name":"Por qu\u00e9 realmente dejamos de Orar - Tabernaculo Prensa de Dios","isPartOf":{"@id":"https:\/\/tabernaculoprensadedios.com\/web\/#website"},"primaryImageOfPage":{"@id":"https:\/\/tabernaculoprensadedios.com\/web\/por-que-realmente-dejamos-de-orar\/#primaryimage"},"image":{"@id":"https:\/\/tabernaculoprensadedios.com\/web\/por-que-realmente-dejamos-de-orar\/#primaryimage"},"thumbnailUrl":"https:\/\/tabernaculoprensadedios.com\/web\/wp-content\/uploads\/2026\/04\/lpcu8hngu2e.avif","datePublished":"2026-04-28T02:38:13+00:00","breadcrumb":{"@id":"https:\/\/tabernaculoprensadedios.com\/web\/por-que-realmente-dejamos-de-orar\/#breadcrumb"},"inLanguage":"es","potentialAction":[{"@type":"ReadAction","target":["https:\/\/tabernaculoprensadedios.com\/web\/por-que-realmente-dejamos-de-orar\/"]}]},{"@type":"ImageObject","inLanguage":"es","@id":"https:\/\/tabernaculoprensadedios.com\/web\/por-que-realmente-dejamos-de-orar\/#primaryimage","url":"https:\/\/tabernaculoprensadedios.com\/web\/wp-content\/uploads\/2026\/04\/lpcu8hngu2e.avif","contentUrl":"https:\/\/tabernaculoprensadedios.com\/web\/wp-content\/uploads\/2026\/04\/lpcu8hngu2e.avif","width":1600,"height":1156,"caption":"silhouette of kneeling man"},{"@type":"BreadcrumbList","@id":"https:\/\/tabernaculoprensadedios.com\/web\/por-que-realmente-dejamos-de-orar\/#breadcrumb","itemListElement":[{"@type":"ListItem","position":1,"name":"Portada","item":"https:\/\/tabernaculoprensadedios.com\/web\/"},{"@type":"ListItem","position":2,"name":"Por qu\u00e9 realmente dejamos de Orar"}]},{"@type":"WebSite","@id":"https:\/\/tabernaculoprensadedios.com\/web\/#website","url":"https:\/\/tabernaculoprensadedios.com\/web\/","name":"Tabernaculo Prensa de Dios","description":"Un medio a la manera de Dios","publisher":{"@id":"https:\/\/tabernaculoprensadedios.com\/web\/#\/schema\/person\/bc0e069fef56b38e177db6f098ae0b6e"},"potentialAction":[{"@type":"SearchAction","target":{"@type":"EntryPoint","urlTemplate":"https:\/\/tabernaculoprensadedios.com\/web\/?s={search_term_string}"},"query-input":{"@type":"PropertyValueSpecification","valueRequired":true,"valueName":"search_term_string"}}],"inLanguage":"es"},{"@type":["Person","Organization"],"@id":"https:\/\/tabernaculoprensadedios.com\/web\/#\/schema\/person\/bc0e069fef56b38e177db6f098ae0b6e","name":"tabernaculo","image":{"@type":"ImageObject","inLanguage":"es","@id":"https:\/\/tabernaculoprensadedios.com\/web\/#\/schema\/person\/image\/","url":"https:\/\/tabernaculoprensadedios.com\/web\/wp-content\/uploads\/2015\/06\/login-logo1.png","contentUrl":"https:\/\/tabernaculoprensadedios.com\/web\/wp-content\/uploads\/2015\/06\/login-logo1.png","width":300,"height":118,"caption":"tabernaculo"},"logo":{"@id":"https:\/\/tabernaculoprensadedios.com\/web\/#\/schema\/person\/image\/"},"url":"https:\/\/tabernaculoprensadedios.com\/web\/author\/tabernaculo\/"}]}},"_links":{"self":[{"href":"https:\/\/tabernaculoprensadedios.com\/web\/wp-json\/wp\/v2\/posts\/37843","targetHints":{"allow":["GET"]}}],"collection":[{"href":"https:\/\/tabernaculoprensadedios.com\/web\/wp-json\/wp\/v2\/posts"}],"about":[{"href":"https:\/\/tabernaculoprensadedios.com\/web\/wp-json\/wp\/v2\/types\/post"}],"author":[{"embeddable":true,"href":"https:\/\/tabernaculoprensadedios.com\/web\/wp-json\/wp\/v2\/users\/1"}],"replies":[{"embeddable":true,"href":"https:\/\/tabernaculoprensadedios.com\/web\/wp-json\/wp\/v2\/comments?post=37843"}],"version-history":[{"count":1,"href":"https:\/\/tabernaculoprensadedios.com\/web\/wp-json\/wp\/v2\/posts\/37843\/revisions"}],"predecessor-version":[{"id":37845,"href":"https:\/\/tabernaculoprensadedios.com\/web\/wp-json\/wp\/v2\/posts\/37843\/revisions\/37845"}],"wp:featuredmedia":[{"embeddable":true,"href":"https:\/\/tabernaculoprensadedios.com\/web\/wp-json\/wp\/v2\/media\/37844"}],"wp:attachment":[{"href":"https:\/\/tabernaculoprensadedios.com\/web\/wp-json\/wp\/v2\/media?parent=37843"}],"wp:term":[{"taxonomy":"category","embeddable":true,"href":"https:\/\/tabernaculoprensadedios.com\/web\/wp-json\/wp\/v2\/categories?post=37843"},{"taxonomy":"post_tag","embeddable":true,"href":"https:\/\/tabernaculoprensadedios.com\/web\/wp-json\/wp\/v2\/tags?post=37843"}],"curies":[{"name":"wp","href":"https:\/\/api.w.org\/{rel}","templated":true}]}}