{"id":37836,"date":"2026-04-27T10:21:13","date_gmt":"2026-04-27T14:21:13","guid":{"rendered":"https:\/\/tabernaculoprensadedios.com\/web\/?p=37836"},"modified":"2026-04-27T10:21:13","modified_gmt":"2026-04-27T14:21:13","slug":"el-vacio-de-un-mundo-que-olvido-su-esencia","status":"publish","type":"post","link":"https:\/\/tabernaculoprensadedios.com\/web\/el-vacio-de-un-mundo-que-olvido-su-esencia\/","title":{"rendered":"El Vac\u00edo de un Mundo que Olvid\u00f3 su Esencia"},"content":{"rendered":"<p>El amor al sistema de cosas ha vaciado al mundo de su esencia espiritual.<\/p>\n<p>No se trata simplemente de una crisis moral o social; es una desconexi\u00f3n profunda con lo eterno. La humanidad ha aprendido a funcionar sin Dios, a construir sin \u0926\u093f\u0936\u093e divina y a avanzar sin prop\u00f3sito eterno. Se ha exaltado lo visible por encima de lo invisible, lo inmediato por encima de lo eterno.<\/p>\n<p>Hoy vemos un mundo lleno de informaci\u00f3n, pero falto de revelaci\u00f3n. Lleno de entretenimiento, pero carente de paz. Rodeado de logros, pero profundamente vac\u00edo. Y ese vac\u00edo no es casualidad; es el resultado de haber desplazado a Dios del centro.<\/p>\n<p>El sistema ha ense\u00f1ado a amar lo que pasa y a ignorar lo que permanece. Ha formado generaciones que saben producir, pero no saben permanecer; que saben hablar, pero no saben escuchar la voz de Dios.<\/p>\n<p>La esencia espiritual no se pierde de un d\u00eda para otro. Se diluye lentamente cuando se deja de buscar Su presencia, cuando se reemplaza la verdad por conveniencia y cuando se prefiere la aprobaci\u00f3n del mundo antes que la direcci\u00f3n del cielo.<\/p>\n<p>Pero a\u00fan en medio de este panorama, hay un llamado vigente.<\/p>\n<p>Dios sigue buscando corazones que regresen a lo esencial. Hombres y mujeres que no se conformen con la apariencia de vida, sino que anhelen la vida verdadera. Que entiendan que el vac\u00edo del mundo no se llena con m\u00e1s mundo, sino con la presencia de Dios.<\/p>\n<p>La respuesta no est\u00e1 en reformar el sistema, sino en volver al origen.<\/p>\n<p>Volver a Dios no como una opci\u00f3n, sino como la \u00fanica fuente capaz de restaurar la esencia perdida.<\/p>\n<p>Porque donde Su presencia habita, el vac\u00edo desaparece, el prop\u00f3sito se activa y el esp\u00edritu vuelve a vivir.<\/p>\n<h3><span role=\"text\"><strong>\u00a0<\/strong><\/span>No todo avance es progreso, cuando se pierde la esencia espiritual.<\/h3>\n<p>La respuesta no est\u00e1 en adaptarnos al sistema, sino en volver a Dios.<\/p>\n<p>Porque no todo lo que avanza edifica, ni todo lo que brilla tiene vida. El mundo puede ofrecer sustitutos, pero nunca podr\u00e1 reemplazar la esencia que solo proviene del Creador.<\/p>\n<p>Hoy m\u00e1s que nunca, es urgente discernir los tiempos. Volver a lo \u00edntimo, a lo verdadero, a lo eterno. No como una pr\u00e1ctica religiosa, sino como una decisi\u00f3n firme de restaurar lo que se ha perdido.<\/p>\n<p>La esencia espiritual no se negocia, se preserva.<\/p>\n<p>Y todo aquel que decide volver a Dios, no solo llena su propio vac\u00edo, sino que se convierte en luz en medio de un sistema que ha olvidado su prop\u00f3sito.<\/p>\n<blockquote><p>\u201cNo am\u00e9is al mundo, ni las cosas que est\u00e1n en el mundo. Si alguien ama al mundo, el amor del Padre no est\u00e1 en \u00e9l.\u201d<br \/>\n<strong>\u00a01 Juan 2:15<\/strong><\/p><\/blockquote>\n","protected":false},"excerpt":{"rendered":"<p>El amor al sistema de cosas ha vaciado al mundo de su esencia espiritual. No se trata simplemente de una crisis moral o social; es una desconexi\u00f3n profunda con lo eterno. La humanidad ha aprendido a funcionar sin Dios, a construir sin \u0926\u093f\u0936\u093e divina y a avanzar sin prop\u00f3sito eterno. Se ha exaltado lo visible &hellip;<\/p>\n","protected":false},"author":1,"featured_media":8755,"comment_status":"open","ping_status":"open","sticky":false,"template":"","format":"standard","meta":{"footnotes":""},"categories":[34],"tags":[],"class_list":["post-37836","post","type-post","status-publish","format-standard","has-post-thumbnail","hentry","category-articulos"],"yoast_head":"<!-- This site is optimized with the Yoast SEO Premium plugin v24.2 (Yoast SEO v27.1.1) - https:\/\/yoast.com\/product\/yoast-seo-premium-wordpress\/ -->\n<title>El Vac\u00edo de un Mundo que Olvid\u00f3 su Esencia - Tabernaculo Prensa de Dios<\/title>\n<meta name=\"robots\" content=\"index, follow, max-snippet:-1, max-image-preview:large, max-video-preview:-1\" \/>\n<link rel=\"canonical\" href=\"https:\/\/tabernaculoprensadedios.com\/web\/el-vacio-de-un-mundo-que-olvido-su-esencia\/\" class=\"yoast-seo-meta-tag\" \/>\n<meta property=\"og:locale\" content=\"es_ES\" class=\"yoast-seo-meta-tag\" \/>\n<meta property=\"og:type\" content=\"article\" class=\"yoast-seo-meta-tag\" \/>\n<meta property=\"og:title\" content=\"El Vac\u00edo de un Mundo que Olvid\u00f3 su Esencia\" class=\"yoast-seo-meta-tag\" \/>\n<meta property=\"og:description\" content=\"El amor al sistema de cosas ha vaciado al mundo de su esencia espiritual. No se trata simplemente de una crisis moral o social; es una desconexi\u00f3n profunda con lo eterno. La humanidad ha aprendido a funcionar sin Dios, a construir sin \u0926\u093f\u0936\u093e divina y a avanzar sin prop\u00f3sito eterno. Se ha exaltado lo visible &hellip;\" class=\"yoast-seo-meta-tag\" \/>\n<meta property=\"og:url\" content=\"https:\/\/tabernaculoprensadedios.com\/web\/el-vacio-de-un-mundo-que-olvido-su-esencia\/\" class=\"yoast-seo-meta-tag\" \/>\n<meta property=\"og:site_name\" content=\"Tabernaculo Prensa de Dios\" class=\"yoast-seo-meta-tag\" \/>\n<meta property=\"article:published_time\" content=\"2026-04-27T14:21:13+00:00\" class=\"yoast-seo-meta-tag\" \/>\n<meta property=\"og:image\" content=\"https:\/\/tabernaculoprensadedios.com\/web\/wp-content\/uploads\/2018\/07\/city-3521306_960_720.jpg\" class=\"yoast-seo-meta-tag\" \/>\n\t<meta property=\"og:image:width\" content=\"960\" class=\"yoast-seo-meta-tag\" \/>\n\t<meta property=\"og:image:height\" content=\"640\" class=\"yoast-seo-meta-tag\" \/>\n\t<meta property=\"og:image:type\" content=\"image\/jpeg\" class=\"yoast-seo-meta-tag\" \/>\n<meta name=\"author\" content=\"tabernaculo\" class=\"yoast-seo-meta-tag\" \/>\n<meta name=\"twitter:card\" content=\"summary_large_image\" class=\"yoast-seo-meta-tag\" \/>\n<meta name=\"twitter:creator\" content=\"@PrensadeDios\" class=\"yoast-seo-meta-tag\" \/>\n<meta name=\"twitter:site\" content=\"@PrensadeDios\" class=\"yoast-seo-meta-tag\" \/>\n<meta name=\"twitter:label1\" content=\"Escrito por\" class=\"yoast-seo-meta-tag\" \/>\n\t<meta name=\"twitter:data1\" content=\"tabernaculo\" class=\"yoast-seo-meta-tag\" \/>\n\t<meta name=\"twitter:label2\" content=\"Tiempo de lectura\" class=\"yoast-seo-meta-tag\" \/>\n\t<meta name=\"twitter:data2\" content=\"3 minutos\" class=\"yoast-seo-meta-tag\" \/>\n<script type=\"application\/ld+json\" class=\"yoast-schema-graph\">{\"@context\":\"https:\/\/schema.org\",\"@graph\":[{\"@type\":\"Article\",\"@id\":\"https:\/\/tabernaculoprensadedios.com\/web\/el-vacio-de-un-mundo-que-olvido-su-esencia\/#article\",\"isPartOf\":{\"@id\":\"https:\/\/tabernaculoprensadedios.com\/web\/el-vacio-de-un-mundo-que-olvido-su-esencia\/\"},\"author\":{\"name\":\"tabernaculo\",\"@id\":\"https:\/\/tabernaculoprensadedios.com\/web\/#\/schema\/person\/bc0e069fef56b38e177db6f098ae0b6e\"},\"headline\":\"El Vac\u00edo de un Mundo que Olvid\u00f3 su Esencia\",\"datePublished\":\"2026-04-27T14:21:13+00:00\",\"mainEntityOfPage\":{\"@id\":\"https:\/\/tabernaculoprensadedios.com\/web\/el-vacio-de-un-mundo-que-olvido-su-esencia\/\"},\"wordCount\":478,\"commentCount\":0,\"publisher\":{\"@id\":\"https:\/\/tabernaculoprensadedios.com\/web\/#\/schema\/person\/bc0e069fef56b38e177db6f098ae0b6e\"},\"image\":{\"@id\":\"https:\/\/tabernaculoprensadedios.com\/web\/el-vacio-de-un-mundo-que-olvido-su-esencia\/#primaryimage\"},\"thumbnailUrl\":\"https:\/\/tabernaculoprensadedios.com\/web\/wp-content\/uploads\/2018\/07\/city-3521306_960_720.jpg\",\"articleSection\":[\"Articulos\"],\"inLanguage\":\"es\",\"potentialAction\":[{\"@type\":\"CommentAction\",\"name\":\"Comment\",\"target\":[\"https:\/\/tabernaculoprensadedios.com\/web\/el-vacio-de-un-mundo-que-olvido-su-esencia\/#respond\"]}]},{\"@type\":\"WebPage\",\"@id\":\"https:\/\/tabernaculoprensadedios.com\/web\/el-vacio-de-un-mundo-que-olvido-su-esencia\/\",\"url\":\"https:\/\/tabernaculoprensadedios.com\/web\/el-vacio-de-un-mundo-que-olvido-su-esencia\/\",\"name\":\"El Vac\u00edo de un Mundo que Olvid\u00f3 su Esencia - Tabernaculo Prensa de Dios\",\"isPartOf\":{\"@id\":\"https:\/\/tabernaculoprensadedios.com\/web\/#website\"},\"primaryImageOfPage\":{\"@id\":\"https:\/\/tabernaculoprensadedios.com\/web\/el-vacio-de-un-mundo-que-olvido-su-esencia\/#primaryimage\"},\"image\":{\"@id\":\"https:\/\/tabernaculoprensadedios.com\/web\/el-vacio-de-un-mundo-que-olvido-su-esencia\/#primaryimage\"},\"thumbnailUrl\":\"https:\/\/tabernaculoprensadedios.com\/web\/wp-content\/uploads\/2018\/07\/city-3521306_960_720.jpg\",\"datePublished\":\"2026-04-27T14:21:13+00:00\",\"breadcrumb\":{\"@id\":\"https:\/\/tabernaculoprensadedios.com\/web\/el-vacio-de-un-mundo-que-olvido-su-esencia\/#breadcrumb\"},\"inLanguage\":\"es\",\"potentialAction\":[{\"@type\":\"ReadAction\",\"target\":[\"https:\/\/tabernaculoprensadedios.com\/web\/el-vacio-de-un-mundo-que-olvido-su-esencia\/\"]}]},{\"@type\":\"ImageObject\",\"inLanguage\":\"es\",\"@id\":\"https:\/\/tabernaculoprensadedios.com\/web\/el-vacio-de-un-mundo-que-olvido-su-esencia\/#primaryimage\",\"url\":\"https:\/\/tabernaculoprensadedios.com\/web\/wp-content\/uploads\/2018\/07\/city-3521306_960_720.jpg\",\"contentUrl\":\"https:\/\/tabernaculoprensadedios.com\/web\/wp-content\/uploads\/2018\/07\/city-3521306_960_720.jpg\",\"width\":960,\"height\":640},{\"@type\":\"BreadcrumbList\",\"@id\":\"https:\/\/tabernaculoprensadedios.com\/web\/el-vacio-de-un-mundo-que-olvido-su-esencia\/#breadcrumb\",\"itemListElement\":[{\"@type\":\"ListItem\",\"position\":1,\"name\":\"Portada\",\"item\":\"https:\/\/tabernaculoprensadedios.com\/web\/\"},{\"@type\":\"ListItem\",\"position\":2,\"name\":\"El Vac\u00edo de un Mundo que Olvid\u00f3 su Esencia\"}]},{\"@type\":\"WebSite\",\"@id\":\"https:\/\/tabernaculoprensadedios.com\/web\/#website\",\"url\":\"https:\/\/tabernaculoprensadedios.com\/web\/\",\"name\":\"Tabernaculo Prensa de Dios\",\"description\":\"Un medio a la manera de Dios\",\"publisher\":{\"@id\":\"https:\/\/tabernaculoprensadedios.com\/web\/#\/schema\/person\/bc0e069fef56b38e177db6f098ae0b6e\"},\"potentialAction\":[{\"@type\":\"SearchAction\",\"target\":{\"@type\":\"EntryPoint\",\"urlTemplate\":\"https:\/\/tabernaculoprensadedios.com\/web\/?s={search_term_string}\"},\"query-input\":{\"@type\":\"PropertyValueSpecification\",\"valueRequired\":true,\"valueName\":\"search_term_string\"}}],\"inLanguage\":\"es\"},{\"@type\":[\"Person\",\"Organization\"],\"@id\":\"https:\/\/tabernaculoprensadedios.com\/web\/#\/schema\/person\/bc0e069fef56b38e177db6f098ae0b6e\",\"name\":\"tabernaculo\",\"image\":{\"@type\":\"ImageObject\",\"inLanguage\":\"es\",\"@id\":\"https:\/\/tabernaculoprensadedios.com\/web\/#\/schema\/person\/image\/\",\"url\":\"https:\/\/tabernaculoprensadedios.com\/web\/wp-content\/uploads\/2015\/06\/login-logo1.png\",\"contentUrl\":\"https:\/\/tabernaculoprensadedios.com\/web\/wp-content\/uploads\/2015\/06\/login-logo1.png\",\"width\":300,\"height\":118,\"caption\":\"tabernaculo\"},\"logo\":{\"@id\":\"https:\/\/tabernaculoprensadedios.com\/web\/#\/schema\/person\/image\/\"},\"url\":\"https:\/\/tabernaculoprensadedios.com\/web\/author\/tabernaculo\/\"}]}<\/script>\n<!-- \/ Yoast SEO Premium plugin. -->","yoast_head_json":{"title":"El Vac\u00edo de un Mundo que Olvid\u00f3 su Esencia - Tabernaculo Prensa de Dios","robots":{"index":"index","follow":"follow","max-snippet":"max-snippet:-1","max-image-preview":"max-image-preview:large","max-video-preview":"max-video-preview:-1"},"canonical":"https:\/\/tabernaculoprensadedios.com\/web\/el-vacio-de-un-mundo-que-olvido-su-esencia\/","og_locale":"es_ES","og_type":"article","og_title":"El Vac\u00edo de un Mundo que Olvid\u00f3 su Esencia","og_description":"El amor al sistema de cosas ha vaciado al mundo de su esencia espiritual. No se trata simplemente de una crisis moral o social; es una desconexi\u00f3n profunda con lo eterno. La humanidad ha aprendido a funcionar sin Dios, a construir sin \u0926\u093f\u0936\u093e divina y a avanzar sin prop\u00f3sito eterno. Se ha exaltado lo visible &hellip;","og_url":"https:\/\/tabernaculoprensadedios.com\/web\/el-vacio-de-un-mundo-que-olvido-su-esencia\/","og_site_name":"Tabernaculo Prensa de Dios","article_published_time":"2026-04-27T14:21:13+00:00","og_image":[{"width":960,"height":640,"url":"https:\/\/tabernaculoprensadedios.com\/web\/wp-content\/uploads\/2018\/07\/city-3521306_960_720.jpg","type":"image\/jpeg"}],"author":"tabernaculo","twitter_card":"summary_large_image","twitter_creator":"@PrensadeDios","twitter_site":"@PrensadeDios","twitter_misc":{"Escrito por":"tabernaculo","Tiempo de lectura":"3 minutos"},"schema":{"@context":"https:\/\/schema.org","@graph":[{"@type":"Article","@id":"https:\/\/tabernaculoprensadedios.com\/web\/el-vacio-de-un-mundo-que-olvido-su-esencia\/#article","isPartOf":{"@id":"https:\/\/tabernaculoprensadedios.com\/web\/el-vacio-de-un-mundo-que-olvido-su-esencia\/"},"author":{"name":"tabernaculo","@id":"https:\/\/tabernaculoprensadedios.com\/web\/#\/schema\/person\/bc0e069fef56b38e177db6f098ae0b6e"},"headline":"El Vac\u00edo de un Mundo que Olvid\u00f3 su Esencia","datePublished":"2026-04-27T14:21:13+00:00","mainEntityOfPage":{"@id":"https:\/\/tabernaculoprensadedios.com\/web\/el-vacio-de-un-mundo-que-olvido-su-esencia\/"},"wordCount":478,"commentCount":0,"publisher":{"@id":"https:\/\/tabernaculoprensadedios.com\/web\/#\/schema\/person\/bc0e069fef56b38e177db6f098ae0b6e"},"image":{"@id":"https:\/\/tabernaculoprensadedios.com\/web\/el-vacio-de-un-mundo-que-olvido-su-esencia\/#primaryimage"},"thumbnailUrl":"https:\/\/tabernaculoprensadedios.com\/web\/wp-content\/uploads\/2018\/07\/city-3521306_960_720.jpg","articleSection":["Articulos"],"inLanguage":"es","potentialAction":[{"@type":"CommentAction","name":"Comment","target":["https:\/\/tabernaculoprensadedios.com\/web\/el-vacio-de-un-mundo-que-olvido-su-esencia\/#respond"]}]},{"@type":"WebPage","@id":"https:\/\/tabernaculoprensadedios.com\/web\/el-vacio-de-un-mundo-que-olvido-su-esencia\/","url":"https:\/\/tabernaculoprensadedios.com\/web\/el-vacio-de-un-mundo-que-olvido-su-esencia\/","name":"El Vac\u00edo de un Mundo que Olvid\u00f3 su Esencia - Tabernaculo Prensa de Dios","isPartOf":{"@id":"https:\/\/tabernaculoprensadedios.com\/web\/#website"},"primaryImageOfPage":{"@id":"https:\/\/tabernaculoprensadedios.com\/web\/el-vacio-de-un-mundo-que-olvido-su-esencia\/#primaryimage"},"image":{"@id":"https:\/\/tabernaculoprensadedios.com\/web\/el-vacio-de-un-mundo-que-olvido-su-esencia\/#primaryimage"},"thumbnailUrl":"https:\/\/tabernaculoprensadedios.com\/web\/wp-content\/uploads\/2018\/07\/city-3521306_960_720.jpg","datePublished":"2026-04-27T14:21:13+00:00","breadcrumb":{"@id":"https:\/\/tabernaculoprensadedios.com\/web\/el-vacio-de-un-mundo-que-olvido-su-esencia\/#breadcrumb"},"inLanguage":"es","potentialAction":[{"@type":"ReadAction","target":["https:\/\/tabernaculoprensadedios.com\/web\/el-vacio-de-un-mundo-que-olvido-su-esencia\/"]}]},{"@type":"ImageObject","inLanguage":"es","@id":"https:\/\/tabernaculoprensadedios.com\/web\/el-vacio-de-un-mundo-que-olvido-su-esencia\/#primaryimage","url":"https:\/\/tabernaculoprensadedios.com\/web\/wp-content\/uploads\/2018\/07\/city-3521306_960_720.jpg","contentUrl":"https:\/\/tabernaculoprensadedios.com\/web\/wp-content\/uploads\/2018\/07\/city-3521306_960_720.jpg","width":960,"height":640},{"@type":"BreadcrumbList","@id":"https:\/\/tabernaculoprensadedios.com\/web\/el-vacio-de-un-mundo-que-olvido-su-esencia\/#breadcrumb","itemListElement":[{"@type":"ListItem","position":1,"name":"Portada","item":"https:\/\/tabernaculoprensadedios.com\/web\/"},{"@type":"ListItem","position":2,"name":"El Vac\u00edo de un Mundo que Olvid\u00f3 su Esencia"}]},{"@type":"WebSite","@id":"https:\/\/tabernaculoprensadedios.com\/web\/#website","url":"https:\/\/tabernaculoprensadedios.com\/web\/","name":"Tabernaculo Prensa de Dios","description":"Un medio a la manera de Dios","publisher":{"@id":"https:\/\/tabernaculoprensadedios.com\/web\/#\/schema\/person\/bc0e069fef56b38e177db6f098ae0b6e"},"potentialAction":[{"@type":"SearchAction","target":{"@type":"EntryPoint","urlTemplate":"https:\/\/tabernaculoprensadedios.com\/web\/?s={search_term_string}"},"query-input":{"@type":"PropertyValueSpecification","valueRequired":true,"valueName":"search_term_string"}}],"inLanguage":"es"},{"@type":["Person","Organization"],"@id":"https:\/\/tabernaculoprensadedios.com\/web\/#\/schema\/person\/bc0e069fef56b38e177db6f098ae0b6e","name":"tabernaculo","image":{"@type":"ImageObject","inLanguage":"es","@id":"https:\/\/tabernaculoprensadedios.com\/web\/#\/schema\/person\/image\/","url":"https:\/\/tabernaculoprensadedios.com\/web\/wp-content\/uploads\/2015\/06\/login-logo1.png","contentUrl":"https:\/\/tabernaculoprensadedios.com\/web\/wp-content\/uploads\/2015\/06\/login-logo1.png","width":300,"height":118,"caption":"tabernaculo"},"logo":{"@id":"https:\/\/tabernaculoprensadedios.com\/web\/#\/schema\/person\/image\/"},"url":"https:\/\/tabernaculoprensadedios.com\/web\/author\/tabernaculo\/"}]}},"_links":{"self":[{"href":"https:\/\/tabernaculoprensadedios.com\/web\/wp-json\/wp\/v2\/posts\/37836","targetHints":{"allow":["GET"]}}],"collection":[{"href":"https:\/\/tabernaculoprensadedios.com\/web\/wp-json\/wp\/v2\/posts"}],"about":[{"href":"https:\/\/tabernaculoprensadedios.com\/web\/wp-json\/wp\/v2\/types\/post"}],"author":[{"embeddable":true,"href":"https:\/\/tabernaculoprensadedios.com\/web\/wp-json\/wp\/v2\/users\/1"}],"replies":[{"embeddable":true,"href":"https:\/\/tabernaculoprensadedios.com\/web\/wp-json\/wp\/v2\/comments?post=37836"}],"version-history":[{"count":1,"href":"https:\/\/tabernaculoprensadedios.com\/web\/wp-json\/wp\/v2\/posts\/37836\/revisions"}],"predecessor-version":[{"id":37837,"href":"https:\/\/tabernaculoprensadedios.com\/web\/wp-json\/wp\/v2\/posts\/37836\/revisions\/37837"}],"wp:featuredmedia":[{"embeddable":true,"href":"https:\/\/tabernaculoprensadedios.com\/web\/wp-json\/wp\/v2\/media\/8755"}],"wp:attachment":[{"href":"https:\/\/tabernaculoprensadedios.com\/web\/wp-json\/wp\/v2\/media?parent=37836"}],"wp:term":[{"taxonomy":"category","embeddable":true,"href":"https:\/\/tabernaculoprensadedios.com\/web\/wp-json\/wp\/v2\/categories?post=37836"},{"taxonomy":"post_tag","embeddable":true,"href":"https:\/\/tabernaculoprensadedios.com\/web\/wp-json\/wp\/v2\/tags?post=37836"}],"curies":[{"name":"wp","href":"https:\/\/api.w.org\/{rel}","templated":true}]}}