{"id":3750,"date":"2020-10-28T17:55:06","date_gmt":"2020-10-28T17:55:06","guid":{"rendered":"http:\/\/tabernaculoprensadedios.com\/web\/?p=3750"},"modified":"2020-10-29T03:14:23","modified_gmt":"2020-10-29T03:14:23","slug":"el-31-de-octubre-de-1521-martin-lutero-inicio-una-reforma-social-y-religiosa","status":"publish","type":"post","link":"https:\/\/tabernaculoprensadedios.com\/web\/el-31-de-octubre-de-1521-martin-lutero-inicio-una-reforma-social-y-religiosa\/","title":{"rendered":"El 31 De Octubre De 1521 Mart\u00edn Lutero inici\u00f3 una Reforma social y religiosa"},"content":{"rendered":"<p>\u201cIr\u00e9 a Worms aunque me acechen tantos demonios como tejas hay en los techados\u201d, con estas palabras Mart\u00edn Lutero se present\u00f3 ante el Concilio Supremo de los gobernantes de Alemania en 1521; e inici\u00f3 toda una reforma social y religiosa en el mundo entero.<\/p>\n<p>Fue un 18 de febrero de 1546 cuando muri\u00f3 Martin Lutero, el gran Reformador Alem\u00e1n que rescat\u00f3 a la verdadera Iglesia de Jesucristo sumergida en las garras del oscurantismo, enfrentando cara a cara con coraje y valent\u00eda a la poderosa Iglesia Cat\u00f3lica.<\/p>\n<p>\u201cEl justo vivir\u00e1 por la Fe\u201d fue su grito de guerra que hizo explotar como un eco con un poder transformador que el mismo desenterr\u00f3 de las mismas escrituras.<\/p>\n<p>Lutero abandon\u00f3 la iglesia cat\u00f3lica y se dedic\u00f3 a predicar la Fe Evang\u00e9lica, no exento de errores y siempre acompa\u00f1ado de sus batallas personales contra el pecado.<\/p>\n<p>Su lucha m\u00e1s crucial fue cuando se present\u00f3 ante la llamada dieta de Worms, una especie de tribunal inquisitorio ante el Emperador Carlos V y la jerarqu\u00eda romana para esgrimir sus argumentos b\u00edblicos. Acudi\u00f3 a la cita con una confianza absoluta en que Dios le dar\u00eda la victoria contra el averno. Su Oraci\u00f3n antes de iniciar su defensa es lapidaria en la historia, nos recuerda a un David angustiado clamando a su Dios en el d\u00eda de la angustia.<\/p>\n<p>\u201cOmnipotente y eterno Dios, \u00a1qu\u00e9 terrible es este mundo! \u00a1C\u00f3mo quiere abrir sus quijadas para devorarme! \u00a1Y qu\u00e9 d\u00e9bil es la confianza que pongo en ti! Dios m\u00edo, prot\u00e9geme en contra de la sabidur\u00eda mundanal. Lleva a cabo la obra, puesto que no es m\u00eda; sino tuya. No tengo nada que me traiga aqu\u00ed, ni tengo controversia alguna con estos grandes de la tierra. Desear\u00eda pasar los d\u00edas que me quedan de vida, tranquilo, feliz y lleno de calma. Empero, la causa es tuya; es justa; es eterna. \u00a1Dios m\u00edo, amp\u00e1rame, t\u00fa eres fiel y no cambias nunca! No pongo mi confianza en ning\u00fan hombre.<\/p>\n<p>\u00a1Dios m\u00edo, Dios m\u00edo!, \u00bfNo me oyes? \u00bfEst\u00e1s muerto? No, no est\u00e1s muerto, m\u00e1s te escondes. Dios m\u00edo, \u00bfd\u00f3nde est\u00e1s? Ven, ven. Yo s\u00e9 que me has escogido para esta obra. \u00a1Lev\u00e1ntate, pues, y ay\u00fadame! Por amor de tu amado Hijo Jesucristo, que es mi defensor, mi escudo y mi fortaleza, ponte de mi lado. Estoy listo, dispuesto a ofrecer mi vida, tan obediente como un cordero, en testimonio de la verdad. Aun cuando el mundo estuviera lleno de diablos; aunque mi cuerpo fuera descoyuntado en el \u2018potro\u2019, despedazado y reducido a cenizas, mi alma es tuya: tu Sagrada Escritura me lo dice. Am\u00e9n. \u00a1Dios m\u00edo, amp\u00e1rame! Am\u00e9n.\u201d<\/p>\n<p>Las hienas merodeaban el sitio, pero no pudieron devorarlo, sus amigos lo sacaron y providencialmente lo escondieron en el Castillo de Wartburg en cuyos s\u00f3tanos fr\u00edos tradujo la Biblia al alem\u00e1n popular, y esto fue la chispa que encendi\u00f3 las praderas convirti\u00e9ndose el evangelio en la antorcha que ilumin\u00f3 como mil soles al mundo y lo empez\u00f3 a sacar de esa \u00e9poca oscurantista.<\/p>\n<p>Lutero entendi\u00f3 claramente que si queremos ser aceptados por Dios, necesitamos una justicia perfecta que por nuestra naturaleza ca\u00edda nosotros mismos no podemos engendrar, s\u00f3lo cuando aceptamos por la Sola Fe, la Justicia perfecta de Jes\u00fas ofrecida al pecador por la obra perfecta y suficiente del Calvario, entonces somos justificados y somos y somos salvos por la Gracia de Dios mediante la Fe. Somos reconciliados con Dios, el pecado es quitado y la justicia perfecta de Jes\u00fas nos es dada y tenemos paz para con Dios.<\/p>\n<p>Lutero fue un profeta en su tiempo, y su legado comenz\u00f3 a construirlo cuando se entreg\u00f3 de lleno en Oraci\u00f3n y estudio de la Palabra de Dios, haciendo de la Biblia el epicentro de la verdadera revoluci\u00f3n espiritual. El Evangelio hab\u00eda sido sacado de las cenizas del oscurantismo al hab\u00eda sido reducido, y se convirti\u00f3 en la antorcha gloriosa que alumbra el camino de regreso a casa; La Casa Dios.<\/p>\n<p>\u00c9l tradujo toda la Biblia en solo dos meses del lat\u00edn al alem\u00e1n, usando tinta y cuando esta se acababa, sangre de gallina. Plasm\u00f3 toda la Biblia en papiro y us\u00f3 velas para iluminar su habitaci\u00f3n durante toda la traducci\u00f3n.<\/p>\n<p>S\u00e9 t\u00fa tambi\u00e9n un reformador; un reformador de tu barrio, de tu trabajo, de donde estudias. S\u00e9 un reformador de tu familia y haz lo que nadie nunca ha hecho. Sal del lugar de comodidad y deja de estar aguantando tanto problema, tanta opresi\u00f3n, tanta falta de compromiso.<\/p>\n<p>Que puedas recordar este d\u00eda 31 todos los a\u00f1os, porque fue el d\u00eda en que se acab\u00f3 el maltrato e irrespeto a tu vida. Recuerda esta fecha como el d\u00eda en que cambiaste el rumbo de tu hogar y lo transformaste en un lugar de paz y amor.<\/p>\n<p>No recuerdes al 31 como el d\u00eda en que te vestiste de \u201cbruja\u201d o de \u201cfantasma\u201d; sino el d\u00eda en que un hombre o la mujer, tuvo el valor y autoridad para cambiar, lo que hab\u00eda que cambiar.<\/p>\n<p>Recuerda este d\u00eda, como el d\u00eda en que volviste tus ojos al Se\u00f1or y le entregaste tu coraz\u00f3n sin reservas.. <em>\u201cPorque Dios es el que en vosotros produce as\u00ed el querer como el hacer, por su buena voluntad\u201d<\/em>, <strong>Filipenses 2:13<\/strong>.<\/p>\n","protected":false},"excerpt":{"rendered":"<p>\u201cIr\u00e9 a Worms aunque me acechen tantos demonios como tejas hay en los techados\u201d, con estas palabras Mart\u00edn Lutero se present\u00f3 ante el Concilio Supremo de los gobernantes de Alemania en 1521; e inici\u00f3 toda una reforma social y religiosa en el mundo entero. Fue un 18 de febrero de 1546 cuando muri\u00f3 Martin Lutero, &hellip;<\/p>\n","protected":false},"author":1,"featured_media":3751,"comment_status":"open","ping_status":"open","sticky":false,"template":"","format":"standard","meta":{"footnotes":""},"categories":[34],"tags":[],"class_list":["post-3750","post","type-post","status-publish","format-standard","has-post-thumbnail","hentry","category-articulos"],"yoast_head":"<!-- This site is optimized with the Yoast SEO Premium plugin v24.2 (Yoast SEO v27.1.1) - https:\/\/yoast.com\/product\/yoast-seo-premium-wordpress\/ -->\n<title>El 31 De Octubre De 1521 Mart\u00edn Lutero inici\u00f3 una Reforma social y religiosa - Tabernaculo Prensa de Dios<\/title>\n<meta name=\"robots\" content=\"index, follow, max-snippet:-1, max-image-preview:large, max-video-preview:-1\" \/>\n<link rel=\"canonical\" href=\"https:\/\/tabernaculoprensadedios.com\/web\/el-31-de-octubre-de-1521-martin-lutero-inicio-una-reforma-social-y-religiosa\/\" class=\"yoast-seo-meta-tag\" \/>\n<meta property=\"og:locale\" content=\"es_ES\" class=\"yoast-seo-meta-tag\" \/>\n<meta property=\"og:type\" content=\"article\" class=\"yoast-seo-meta-tag\" \/>\n<meta property=\"og:title\" content=\"El 31 De Octubre De 1521 Mart\u00edn Lutero inici\u00f3 una Reforma social y religiosa\" class=\"yoast-seo-meta-tag\" \/>\n<meta property=\"og:description\" content=\"\u201cIr\u00e9 a Worms aunque me acechen tantos demonios como tejas hay en los techados\u201d, con estas palabras Mart\u00edn Lutero se present\u00f3 ante el Concilio Supremo de los gobernantes de Alemania en 1521; e inici\u00f3 toda una reforma social y religiosa en el mundo entero. Fue un 18 de febrero de 1546 cuando muri\u00f3 Martin Lutero, &hellip;\" class=\"yoast-seo-meta-tag\" \/>\n<meta property=\"og:url\" content=\"https:\/\/tabernaculoprensadedios.com\/web\/el-31-de-octubre-de-1521-martin-lutero-inicio-una-reforma-social-y-religiosa\/\" class=\"yoast-seo-meta-tag\" \/>\n<meta property=\"og:site_name\" content=\"Tabernaculo Prensa de Dios\" class=\"yoast-seo-meta-tag\" \/>\n<meta property=\"article:published_time\" content=\"2020-10-28T17:55:06+00:00\" class=\"yoast-seo-meta-tag\" \/>\n<meta property=\"article:modified_time\" content=\"2020-10-29T03:14:23+00:00\" class=\"yoast-seo-meta-tag\" \/>\n<meta property=\"og:image\" content=\"https:\/\/tabernaculoprensadedios.com\/web\/wp-content\/uploads\/2015\/10\/martin.jpg\" class=\"yoast-seo-meta-tag\" \/>\n\t<meta property=\"og:image:width\" content=\"442\" class=\"yoast-seo-meta-tag\" \/>\n\t<meta property=\"og:image:height\" content=\"293\" class=\"yoast-seo-meta-tag\" \/>\n\t<meta property=\"og:image:type\" content=\"image\/jpeg\" class=\"yoast-seo-meta-tag\" \/>\n<meta name=\"author\" content=\"tabernaculo\" class=\"yoast-seo-meta-tag\" \/>\n<meta name=\"twitter:card\" content=\"summary_large_image\" class=\"yoast-seo-meta-tag\" \/>\n<meta name=\"twitter:creator\" content=\"@PrensadeDios\" class=\"yoast-seo-meta-tag\" \/>\n<meta name=\"twitter:site\" content=\"@PrensadeDios\" class=\"yoast-seo-meta-tag\" \/>\n<meta name=\"twitter:label1\" content=\"Escrito por\" class=\"yoast-seo-meta-tag\" \/>\n\t<meta name=\"twitter:data1\" content=\"tabernaculo\" class=\"yoast-seo-meta-tag\" \/>\n\t<meta name=\"twitter:label2\" content=\"Tiempo de lectura\" class=\"yoast-seo-meta-tag\" \/>\n\t<meta name=\"twitter:data2\" content=\"5 minutos\" class=\"yoast-seo-meta-tag\" \/>\n<script type=\"application\/ld+json\" class=\"yoast-schema-graph\">{\"@context\":\"https:\/\/schema.org\",\"@graph\":[{\"@type\":\"Article\",\"@id\":\"https:\/\/tabernaculoprensadedios.com\/web\/el-31-de-octubre-de-1521-martin-lutero-inicio-una-reforma-social-y-religiosa\/#article\",\"isPartOf\":{\"@id\":\"https:\/\/tabernaculoprensadedios.com\/web\/el-31-de-octubre-de-1521-martin-lutero-inicio-una-reforma-social-y-religiosa\/\"},\"author\":{\"name\":\"tabernaculo\",\"@id\":\"https:\/\/tabernaculoprensadedios.com\/web\/#\/schema\/person\/bc0e069fef56b38e177db6f098ae0b6e\"},\"headline\":\"El 31 De Octubre De 1521 Mart\u00edn Lutero inici\u00f3 una Reforma social y religiosa\",\"datePublished\":\"2020-10-28T17:55:06+00:00\",\"dateModified\":\"2020-10-29T03:14:23+00:00\",\"mainEntityOfPage\":{\"@id\":\"https:\/\/tabernaculoprensadedios.com\/web\/el-31-de-octubre-de-1521-martin-lutero-inicio-una-reforma-social-y-religiosa\/\"},\"wordCount\":941,\"commentCount\":0,\"publisher\":{\"@id\":\"https:\/\/tabernaculoprensadedios.com\/web\/#\/schema\/person\/bc0e069fef56b38e177db6f098ae0b6e\"},\"image\":{\"@id\":\"https:\/\/tabernaculoprensadedios.com\/web\/el-31-de-octubre-de-1521-martin-lutero-inicio-una-reforma-social-y-religiosa\/#primaryimage\"},\"thumbnailUrl\":\"https:\/\/tabernaculoprensadedios.com\/web\/wp-content\/uploads\/2015\/10\/martin.jpg\",\"articleSection\":[\"Articulos\"],\"inLanguage\":\"es\",\"potentialAction\":[{\"@type\":\"CommentAction\",\"name\":\"Comment\",\"target\":[\"https:\/\/tabernaculoprensadedios.com\/web\/el-31-de-octubre-de-1521-martin-lutero-inicio-una-reforma-social-y-religiosa\/#respond\"]}]},{\"@type\":\"WebPage\",\"@id\":\"https:\/\/tabernaculoprensadedios.com\/web\/el-31-de-octubre-de-1521-martin-lutero-inicio-una-reforma-social-y-religiosa\/\",\"url\":\"https:\/\/tabernaculoprensadedios.com\/web\/el-31-de-octubre-de-1521-martin-lutero-inicio-una-reforma-social-y-religiosa\/\",\"name\":\"El 31 De Octubre De 1521 Mart\u00edn Lutero inici\u00f3 una Reforma social y religiosa - Tabernaculo Prensa de Dios\",\"isPartOf\":{\"@id\":\"https:\/\/tabernaculoprensadedios.com\/web\/#website\"},\"primaryImageOfPage\":{\"@id\":\"https:\/\/tabernaculoprensadedios.com\/web\/el-31-de-octubre-de-1521-martin-lutero-inicio-una-reforma-social-y-religiosa\/#primaryimage\"},\"image\":{\"@id\":\"https:\/\/tabernaculoprensadedios.com\/web\/el-31-de-octubre-de-1521-martin-lutero-inicio-una-reforma-social-y-religiosa\/#primaryimage\"},\"thumbnailUrl\":\"https:\/\/tabernaculoprensadedios.com\/web\/wp-content\/uploads\/2015\/10\/martin.jpg\",\"datePublished\":\"2020-10-28T17:55:06+00:00\",\"dateModified\":\"2020-10-29T03:14:23+00:00\",\"breadcrumb\":{\"@id\":\"https:\/\/tabernaculoprensadedios.com\/web\/el-31-de-octubre-de-1521-martin-lutero-inicio-una-reforma-social-y-religiosa\/#breadcrumb\"},\"inLanguage\":\"es\",\"potentialAction\":[{\"@type\":\"ReadAction\",\"target\":[\"https:\/\/tabernaculoprensadedios.com\/web\/el-31-de-octubre-de-1521-martin-lutero-inicio-una-reforma-social-y-religiosa\/\"]}]},{\"@type\":\"ImageObject\",\"inLanguage\":\"es\",\"@id\":\"https:\/\/tabernaculoprensadedios.com\/web\/el-31-de-octubre-de-1521-martin-lutero-inicio-una-reforma-social-y-religiosa\/#primaryimage\",\"url\":\"https:\/\/tabernaculoprensadedios.com\/web\/wp-content\/uploads\/2015\/10\/martin.jpg\",\"contentUrl\":\"https:\/\/tabernaculoprensadedios.com\/web\/wp-content\/uploads\/2015\/10\/martin.jpg\",\"width\":442,\"height\":293},{\"@type\":\"BreadcrumbList\",\"@id\":\"https:\/\/tabernaculoprensadedios.com\/web\/el-31-de-octubre-de-1521-martin-lutero-inicio-una-reforma-social-y-religiosa\/#breadcrumb\",\"itemListElement\":[{\"@type\":\"ListItem\",\"position\":1,\"name\":\"Portada\",\"item\":\"https:\/\/tabernaculoprensadedios.com\/web\/\"},{\"@type\":\"ListItem\",\"position\":2,\"name\":\"El 31 De Octubre De 1521 Mart\u00edn Lutero inici\u00f3 una Reforma social y religiosa\"}]},{\"@type\":\"WebSite\",\"@id\":\"https:\/\/tabernaculoprensadedios.com\/web\/#website\",\"url\":\"https:\/\/tabernaculoprensadedios.com\/web\/\",\"name\":\"Tabernaculo Prensa de Dios\",\"description\":\"Un medio a la manera de Dios\",\"publisher\":{\"@id\":\"https:\/\/tabernaculoprensadedios.com\/web\/#\/schema\/person\/bc0e069fef56b38e177db6f098ae0b6e\"},\"potentialAction\":[{\"@type\":\"SearchAction\",\"target\":{\"@type\":\"EntryPoint\",\"urlTemplate\":\"https:\/\/tabernaculoprensadedios.com\/web\/?s={search_term_string}\"},\"query-input\":{\"@type\":\"PropertyValueSpecification\",\"valueRequired\":true,\"valueName\":\"search_term_string\"}}],\"inLanguage\":\"es\"},{\"@type\":[\"Person\",\"Organization\"],\"@id\":\"https:\/\/tabernaculoprensadedios.com\/web\/#\/schema\/person\/bc0e069fef56b38e177db6f098ae0b6e\",\"name\":\"tabernaculo\",\"image\":{\"@type\":\"ImageObject\",\"inLanguage\":\"es\",\"@id\":\"https:\/\/tabernaculoprensadedios.com\/web\/#\/schema\/person\/image\/\",\"url\":\"https:\/\/tabernaculoprensadedios.com\/web\/wp-content\/uploads\/2015\/06\/login-logo1.png\",\"contentUrl\":\"https:\/\/tabernaculoprensadedios.com\/web\/wp-content\/uploads\/2015\/06\/login-logo1.png\",\"width\":300,\"height\":118,\"caption\":\"tabernaculo\"},\"logo\":{\"@id\":\"https:\/\/tabernaculoprensadedios.com\/web\/#\/schema\/person\/image\/\"},\"url\":\"https:\/\/tabernaculoprensadedios.com\/web\/author\/tabernaculo\/\"}]}<\/script>\n<!-- \/ Yoast SEO Premium plugin. -->","yoast_head_json":{"title":"El 31 De Octubre De 1521 Mart\u00edn Lutero inici\u00f3 una Reforma social y religiosa - Tabernaculo Prensa de Dios","robots":{"index":"index","follow":"follow","max-snippet":"max-snippet:-1","max-image-preview":"max-image-preview:large","max-video-preview":"max-video-preview:-1"},"canonical":"https:\/\/tabernaculoprensadedios.com\/web\/el-31-de-octubre-de-1521-martin-lutero-inicio-una-reforma-social-y-religiosa\/","og_locale":"es_ES","og_type":"article","og_title":"El 31 De Octubre De 1521 Mart\u00edn Lutero inici\u00f3 una Reforma social y religiosa","og_description":"\u201cIr\u00e9 a Worms aunque me acechen tantos demonios como tejas hay en los techados\u201d, con estas palabras Mart\u00edn Lutero se present\u00f3 ante el Concilio Supremo de los gobernantes de Alemania en 1521; e inici\u00f3 toda una reforma social y religiosa en el mundo entero. Fue un 18 de febrero de 1546 cuando muri\u00f3 Martin Lutero, &hellip;","og_url":"https:\/\/tabernaculoprensadedios.com\/web\/el-31-de-octubre-de-1521-martin-lutero-inicio-una-reforma-social-y-religiosa\/","og_site_name":"Tabernaculo Prensa de Dios","article_published_time":"2020-10-28T17:55:06+00:00","article_modified_time":"2020-10-29T03:14:23+00:00","og_image":[{"width":442,"height":293,"url":"https:\/\/tabernaculoprensadedios.com\/web\/wp-content\/uploads\/2015\/10\/martin.jpg","type":"image\/jpeg"}],"author":"tabernaculo","twitter_card":"summary_large_image","twitter_creator":"@PrensadeDios","twitter_site":"@PrensadeDios","twitter_misc":{"Escrito por":"tabernaculo","Tiempo de lectura":"5 minutos"},"schema":{"@context":"https:\/\/schema.org","@graph":[{"@type":"Article","@id":"https:\/\/tabernaculoprensadedios.com\/web\/el-31-de-octubre-de-1521-martin-lutero-inicio-una-reforma-social-y-religiosa\/#article","isPartOf":{"@id":"https:\/\/tabernaculoprensadedios.com\/web\/el-31-de-octubre-de-1521-martin-lutero-inicio-una-reforma-social-y-religiosa\/"},"author":{"name":"tabernaculo","@id":"https:\/\/tabernaculoprensadedios.com\/web\/#\/schema\/person\/bc0e069fef56b38e177db6f098ae0b6e"},"headline":"El 31 De Octubre De 1521 Mart\u00edn Lutero inici\u00f3 una Reforma social y religiosa","datePublished":"2020-10-28T17:55:06+00:00","dateModified":"2020-10-29T03:14:23+00:00","mainEntityOfPage":{"@id":"https:\/\/tabernaculoprensadedios.com\/web\/el-31-de-octubre-de-1521-martin-lutero-inicio-una-reforma-social-y-religiosa\/"},"wordCount":941,"commentCount":0,"publisher":{"@id":"https:\/\/tabernaculoprensadedios.com\/web\/#\/schema\/person\/bc0e069fef56b38e177db6f098ae0b6e"},"image":{"@id":"https:\/\/tabernaculoprensadedios.com\/web\/el-31-de-octubre-de-1521-martin-lutero-inicio-una-reforma-social-y-religiosa\/#primaryimage"},"thumbnailUrl":"https:\/\/tabernaculoprensadedios.com\/web\/wp-content\/uploads\/2015\/10\/martin.jpg","articleSection":["Articulos"],"inLanguage":"es","potentialAction":[{"@type":"CommentAction","name":"Comment","target":["https:\/\/tabernaculoprensadedios.com\/web\/el-31-de-octubre-de-1521-martin-lutero-inicio-una-reforma-social-y-religiosa\/#respond"]}]},{"@type":"WebPage","@id":"https:\/\/tabernaculoprensadedios.com\/web\/el-31-de-octubre-de-1521-martin-lutero-inicio-una-reforma-social-y-religiosa\/","url":"https:\/\/tabernaculoprensadedios.com\/web\/el-31-de-octubre-de-1521-martin-lutero-inicio-una-reforma-social-y-religiosa\/","name":"El 31 De Octubre De 1521 Mart\u00edn Lutero inici\u00f3 una Reforma social y religiosa - Tabernaculo Prensa de Dios","isPartOf":{"@id":"https:\/\/tabernaculoprensadedios.com\/web\/#website"},"primaryImageOfPage":{"@id":"https:\/\/tabernaculoprensadedios.com\/web\/el-31-de-octubre-de-1521-martin-lutero-inicio-una-reforma-social-y-religiosa\/#primaryimage"},"image":{"@id":"https:\/\/tabernaculoprensadedios.com\/web\/el-31-de-octubre-de-1521-martin-lutero-inicio-una-reforma-social-y-religiosa\/#primaryimage"},"thumbnailUrl":"https:\/\/tabernaculoprensadedios.com\/web\/wp-content\/uploads\/2015\/10\/martin.jpg","datePublished":"2020-10-28T17:55:06+00:00","dateModified":"2020-10-29T03:14:23+00:00","breadcrumb":{"@id":"https:\/\/tabernaculoprensadedios.com\/web\/el-31-de-octubre-de-1521-martin-lutero-inicio-una-reforma-social-y-religiosa\/#breadcrumb"},"inLanguage":"es","potentialAction":[{"@type":"ReadAction","target":["https:\/\/tabernaculoprensadedios.com\/web\/el-31-de-octubre-de-1521-martin-lutero-inicio-una-reforma-social-y-religiosa\/"]}]},{"@type":"ImageObject","inLanguage":"es","@id":"https:\/\/tabernaculoprensadedios.com\/web\/el-31-de-octubre-de-1521-martin-lutero-inicio-una-reforma-social-y-religiosa\/#primaryimage","url":"https:\/\/tabernaculoprensadedios.com\/web\/wp-content\/uploads\/2015\/10\/martin.jpg","contentUrl":"https:\/\/tabernaculoprensadedios.com\/web\/wp-content\/uploads\/2015\/10\/martin.jpg","width":442,"height":293},{"@type":"BreadcrumbList","@id":"https:\/\/tabernaculoprensadedios.com\/web\/el-31-de-octubre-de-1521-martin-lutero-inicio-una-reforma-social-y-religiosa\/#breadcrumb","itemListElement":[{"@type":"ListItem","position":1,"name":"Portada","item":"https:\/\/tabernaculoprensadedios.com\/web\/"},{"@type":"ListItem","position":2,"name":"El 31 De Octubre De 1521 Mart\u00edn Lutero inici\u00f3 una Reforma social y religiosa"}]},{"@type":"WebSite","@id":"https:\/\/tabernaculoprensadedios.com\/web\/#website","url":"https:\/\/tabernaculoprensadedios.com\/web\/","name":"Tabernaculo Prensa de Dios","description":"Un medio a la manera de Dios","publisher":{"@id":"https:\/\/tabernaculoprensadedios.com\/web\/#\/schema\/person\/bc0e069fef56b38e177db6f098ae0b6e"},"potentialAction":[{"@type":"SearchAction","target":{"@type":"EntryPoint","urlTemplate":"https:\/\/tabernaculoprensadedios.com\/web\/?s={search_term_string}"},"query-input":{"@type":"PropertyValueSpecification","valueRequired":true,"valueName":"search_term_string"}}],"inLanguage":"es"},{"@type":["Person","Organization"],"@id":"https:\/\/tabernaculoprensadedios.com\/web\/#\/schema\/person\/bc0e069fef56b38e177db6f098ae0b6e","name":"tabernaculo","image":{"@type":"ImageObject","inLanguage":"es","@id":"https:\/\/tabernaculoprensadedios.com\/web\/#\/schema\/person\/image\/","url":"https:\/\/tabernaculoprensadedios.com\/web\/wp-content\/uploads\/2015\/06\/login-logo1.png","contentUrl":"https:\/\/tabernaculoprensadedios.com\/web\/wp-content\/uploads\/2015\/06\/login-logo1.png","width":300,"height":118,"caption":"tabernaculo"},"logo":{"@id":"https:\/\/tabernaculoprensadedios.com\/web\/#\/schema\/person\/image\/"},"url":"https:\/\/tabernaculoprensadedios.com\/web\/author\/tabernaculo\/"}]}},"_links":{"self":[{"href":"https:\/\/tabernaculoprensadedios.com\/web\/wp-json\/wp\/v2\/posts\/3750","targetHints":{"allow":["GET"]}}],"collection":[{"href":"https:\/\/tabernaculoprensadedios.com\/web\/wp-json\/wp\/v2\/posts"}],"about":[{"href":"https:\/\/tabernaculoprensadedios.com\/web\/wp-json\/wp\/v2\/types\/post"}],"author":[{"embeddable":true,"href":"https:\/\/tabernaculoprensadedios.com\/web\/wp-json\/wp\/v2\/users\/1"}],"replies":[{"embeddable":true,"href":"https:\/\/tabernaculoprensadedios.com\/web\/wp-json\/wp\/v2\/comments?post=3750"}],"version-history":[{"count":3,"href":"https:\/\/tabernaculoprensadedios.com\/web\/wp-json\/wp\/v2\/posts\/3750\/revisions"}],"predecessor-version":[{"id":20035,"href":"https:\/\/tabernaculoprensadedios.com\/web\/wp-json\/wp\/v2\/posts\/3750\/revisions\/20035"}],"wp:featuredmedia":[{"embeddable":true,"href":"https:\/\/tabernaculoprensadedios.com\/web\/wp-json\/wp\/v2\/media\/3751"}],"wp:attachment":[{"href":"https:\/\/tabernaculoprensadedios.com\/web\/wp-json\/wp\/v2\/media?parent=3750"}],"wp:term":[{"taxonomy":"category","embeddable":true,"href":"https:\/\/tabernaculoprensadedios.com\/web\/wp-json\/wp\/v2\/categories?post=3750"},{"taxonomy":"post_tag","embeddable":true,"href":"https:\/\/tabernaculoprensadedios.com\/web\/wp-json\/wp\/v2\/tags?post=3750"}],"curies":[{"name":"wp","href":"https:\/\/api.w.org\/{rel}","templated":true}]}}