{"id":37496,"date":"2026-03-17T20:26:47","date_gmt":"2026-03-18T00:26:47","guid":{"rendered":"https:\/\/tabernaculoprensadedios.com\/web\/?p=37496"},"modified":"2026-03-17T21:33:02","modified_gmt":"2026-03-18T01:33:02","slug":"iglesia-un-milagro-de-dios-celebra-5-anos-de-labor-evangelizadora-en-san-pedro-de-macoris","status":"publish","type":"post","link":"https:\/\/tabernaculoprensadedios.com\/web\/iglesia-un-milagro-de-dios-celebra-5-anos-de-labor-evangelizadora-en-san-pedro-de-macoris\/","title":{"rendered":"Iglesia Un Milagro de Dios, Celebra 5 a\u00f1os de labor evangelizadora en San Pedro de Macor\u00eds"},"content":{"rendered":"<div dir=\"auto\">\n<div dir=\"auto\">San Pedro de Macor\u00eds, Rep\u00fablica Dominicana.\u00a0 La Iglesia Un Milagro de Dios Inc., ubicada en el sector Restauraci\u00f3n de esta ciudad, celebr\u00f3 con gran gozo su quinto aniversario de trabajo ininterrumpido llevando el mensaje del evangelio a ni\u00f1os, j\u00f3venes y adultos de la comunidad.<\/div>\n<div dir=\"auto\"><\/div>\n<div dir=\"auto\">La actividad conmemorativa se llev\u00f3 a cabo el pasado 16 de marzo de 2026, mediante un culto especial de celebraci\u00f3n que cont\u00f3 con la participaci\u00f3n de diversas iglesias invitadas, acompa\u00f1adas de sus respectivos pastores, en un ambiente de unidad, adoraci\u00f3n y gratitud a Dios.<\/div>\n<div dir=\"auto\"><\/div>\n<div dir=\"auto\"><img loading=\"lazy\" decoding=\"async\" class=\"wp-image-37497 alignright\" src=\"https:\/\/tabernaculoprensadedios.com\/web\/wp-content\/uploads\/2026\/03\/1000316644.jpg\" alt=\"\" width=\"250\" height=\"333\" \/>El evento fue organizado por el pastor Julio Ben\u00edtez, fundador de la congregaci\u00f3n, quien destac\u00f3 el crecimiento espiritual y el impacto social que la iglesia ha tenido en el sector Barrio Restauraci\u00f3n durante estos cinco a\u00f1os de ministerio.<\/div>\n<div dir=\"auto\"><\/div>\n<div dir=\"auto\">La celebraci\u00f3n cont\u00f3 con el respaldo de la Confraternidad de Iglesias Evang\u00e9licas de San Pedro de Macor\u00eds Inc., as\u00ed como con la presencia de miembros de su directiva, entre ellos su presidenta Dorcas Dilenia Carbuccia, el primer vocal Milton Henry y el encargado de Educaci\u00f3n, Francisco Paredes.<\/div>\n<div dir=\"auto\"><\/div>\n<div dir=\"auto\">El mensaje central estuvo a cargo del pastor Feliciano Lacen, presidente del Consejo Dominicano de Unidad Evang\u00e9lica (CODUE), quien exhort\u00f3 a la congregaci\u00f3n a continuar firmes en su misi\u00f3n de servicio, fe y compromiso con la transformaci\u00f3n espiritual de la sociedad dominicana.<\/div>\n<div dir=\"auto\"><\/div>\n<div dir=\"auto\">Con este aniversario, la Iglesia Un Milagro de Dios reafirma su compromiso de seguir siendo un instrumento de esperanza, restauraci\u00f3n y fe en la comunidad de San Pedro de Macor\u00eds.<\/div>\n<\/div>\n<p>&nbsp;<\/p>\n<div data-smartmail=\"gmail_signature\"><\/div>\n","protected":false},"excerpt":{"rendered":"<p>San Pedro de Macor\u00eds, Rep\u00fablica Dominicana.\u00a0 La Iglesia Un Milagro de Dios Inc., ubicada en el sector Restauraci\u00f3n de esta ciudad, celebr\u00f3 con gran gozo su quinto aniversario de trabajo ininterrumpido llevando el mensaje del evangelio a ni\u00f1os, j\u00f3venes y adultos de la comunidad. La actividad conmemorativa se llev\u00f3 a cabo el pasado 16 de &hellip;<\/p>\n","protected":false},"author":1,"featured_media":37498,"comment_status":"open","ping_status":"open","sticky":false,"template":"","format":"standard","meta":{"footnotes":""},"categories":[39],"tags":[],"class_list":["post-37496","post","type-post","status-publish","format-standard","has-post-thumbnail","hentry","category-almomento"],"yoast_head":"<!-- This site is optimized with the Yoast SEO Premium plugin v24.2 (Yoast SEO v27.1.1) - https:\/\/yoast.com\/product\/yoast-seo-premium-wordpress\/ -->\n<title>Iglesia Un Milagro de Dios, Celebra 5 a\u00f1os de labor evangelizadora en San Pedro de Macor\u00eds - Tabernaculo Prensa de Dios<\/title>\n<meta name=\"robots\" content=\"index, follow, max-snippet:-1, max-image-preview:large, max-video-preview:-1\" \/>\n<link rel=\"canonical\" href=\"https:\/\/tabernaculoprensadedios.com\/web\/iglesia-un-milagro-de-dios-celebra-5-anos-de-labor-evangelizadora-en-san-pedro-de-macoris\/\" class=\"yoast-seo-meta-tag\" \/>\n<meta property=\"og:locale\" content=\"es_ES\" class=\"yoast-seo-meta-tag\" \/>\n<meta property=\"og:type\" content=\"article\" class=\"yoast-seo-meta-tag\" \/>\n<meta property=\"og:title\" content=\"Iglesia Un Milagro de Dios, Celebra 5 a\u00f1os de labor evangelizadora en San Pedro de Macor\u00eds\" class=\"yoast-seo-meta-tag\" \/>\n<meta property=\"og:description\" content=\"San Pedro de Macor\u00eds, Rep\u00fablica Dominicana.\u00a0 La Iglesia Un Milagro de Dios Inc., ubicada en el sector Restauraci\u00f3n de esta ciudad, celebr\u00f3 con gran gozo su quinto aniversario de trabajo ininterrumpido llevando el mensaje del evangelio a ni\u00f1os, j\u00f3venes y adultos de la comunidad. La actividad conmemorativa se llev\u00f3 a cabo el pasado 16 de &hellip;\" class=\"yoast-seo-meta-tag\" \/>\n<meta property=\"og:url\" content=\"https:\/\/tabernaculoprensadedios.com\/web\/iglesia-un-milagro-de-dios-celebra-5-anos-de-labor-evangelizadora-en-san-pedro-de-macoris\/\" class=\"yoast-seo-meta-tag\" \/>\n<meta property=\"og:site_name\" content=\"Tabernaculo Prensa de Dios\" class=\"yoast-seo-meta-tag\" \/>\n<meta property=\"article:published_time\" content=\"2026-03-18T00:26:47+00:00\" class=\"yoast-seo-meta-tag\" \/>\n<meta property=\"article:modified_time\" content=\"2026-03-18T01:33:02+00:00\" class=\"yoast-seo-meta-tag\" \/>\n<meta property=\"og:image\" content=\"https:\/\/tabernaculoprensadedios.com\/web\/wp-content\/uploads\/2026\/03\/1000316642.jpg\" class=\"yoast-seo-meta-tag\" \/>\n\t<meta property=\"og:image:width\" content=\"1600\" class=\"yoast-seo-meta-tag\" \/>\n\t<meta property=\"og:image:height\" content=\"1200\" class=\"yoast-seo-meta-tag\" \/>\n\t<meta property=\"og:image:type\" content=\"image\/jpeg\" class=\"yoast-seo-meta-tag\" \/>\n<meta name=\"author\" content=\"tabernaculo\" class=\"yoast-seo-meta-tag\" \/>\n<meta name=\"twitter:card\" content=\"summary_large_image\" class=\"yoast-seo-meta-tag\" \/>\n<meta name=\"twitter:creator\" content=\"@PrensadeDios\" class=\"yoast-seo-meta-tag\" \/>\n<meta name=\"twitter:site\" content=\"@PrensadeDios\" class=\"yoast-seo-meta-tag\" \/>\n<meta name=\"twitter:label1\" content=\"Escrito por\" class=\"yoast-seo-meta-tag\" \/>\n\t<meta name=\"twitter:data1\" content=\"tabernaculo\" class=\"yoast-seo-meta-tag\" \/>\n\t<meta name=\"twitter:label2\" content=\"Tiempo de lectura\" class=\"yoast-seo-meta-tag\" \/>\n\t<meta name=\"twitter:data2\" content=\"2 minutos\" class=\"yoast-seo-meta-tag\" \/>\n<script type=\"application\/ld+json\" class=\"yoast-schema-graph\">{\"@context\":\"https:\/\/schema.org\",\"@graph\":[{\"@type\":\"Article\",\"@id\":\"https:\/\/tabernaculoprensadedios.com\/web\/iglesia-un-milagro-de-dios-celebra-5-anos-de-labor-evangelizadora-en-san-pedro-de-macoris\/#article\",\"isPartOf\":{\"@id\":\"https:\/\/tabernaculoprensadedios.com\/web\/iglesia-un-milagro-de-dios-celebra-5-anos-de-labor-evangelizadora-en-san-pedro-de-macoris\/\"},\"author\":{\"name\":\"tabernaculo\",\"@id\":\"https:\/\/tabernaculoprensadedios.com\/web\/#\/schema\/person\/bc0e069fef56b38e177db6f098ae0b6e\"},\"headline\":\"Iglesia Un Milagro de Dios, Celebra 5 a\u00f1os de labor evangelizadora en San Pedro de Macor\u00eds\",\"datePublished\":\"2026-03-18T00:26:47+00:00\",\"dateModified\":\"2026-03-18T01:33:02+00:00\",\"mainEntityOfPage\":{\"@id\":\"https:\/\/tabernaculoprensadedios.com\/web\/iglesia-un-milagro-de-dios-celebra-5-anos-de-labor-evangelizadora-en-san-pedro-de-macoris\/\"},\"wordCount\":284,\"commentCount\":0,\"publisher\":{\"@id\":\"https:\/\/tabernaculoprensadedios.com\/web\/#\/schema\/person\/bc0e069fef56b38e177db6f098ae0b6e\"},\"image\":{\"@id\":\"https:\/\/tabernaculoprensadedios.com\/web\/iglesia-un-milagro-de-dios-celebra-5-anos-de-labor-evangelizadora-en-san-pedro-de-macoris\/#primaryimage\"},\"thumbnailUrl\":\"https:\/\/tabernaculoprensadedios.com\/web\/wp-content\/uploads\/2026\/03\/1000316642.jpg\",\"articleSection\":[\"almomento\"],\"inLanguage\":\"es\",\"potentialAction\":[{\"@type\":\"CommentAction\",\"name\":\"Comment\",\"target\":[\"https:\/\/tabernaculoprensadedios.com\/web\/iglesia-un-milagro-de-dios-celebra-5-anos-de-labor-evangelizadora-en-san-pedro-de-macoris\/#respond\"]}]},{\"@type\":\"WebPage\",\"@id\":\"https:\/\/tabernaculoprensadedios.com\/web\/iglesia-un-milagro-de-dios-celebra-5-anos-de-labor-evangelizadora-en-san-pedro-de-macoris\/\",\"url\":\"https:\/\/tabernaculoprensadedios.com\/web\/iglesia-un-milagro-de-dios-celebra-5-anos-de-labor-evangelizadora-en-san-pedro-de-macoris\/\",\"name\":\"Iglesia Un Milagro de Dios, Celebra 5 a\u00f1os de labor evangelizadora en San Pedro de Macor\u00eds - Tabernaculo Prensa de Dios\",\"isPartOf\":{\"@id\":\"https:\/\/tabernaculoprensadedios.com\/web\/#website\"},\"primaryImageOfPage\":{\"@id\":\"https:\/\/tabernaculoprensadedios.com\/web\/iglesia-un-milagro-de-dios-celebra-5-anos-de-labor-evangelizadora-en-san-pedro-de-macoris\/#primaryimage\"},\"image\":{\"@id\":\"https:\/\/tabernaculoprensadedios.com\/web\/iglesia-un-milagro-de-dios-celebra-5-anos-de-labor-evangelizadora-en-san-pedro-de-macoris\/#primaryimage\"},\"thumbnailUrl\":\"https:\/\/tabernaculoprensadedios.com\/web\/wp-content\/uploads\/2026\/03\/1000316642.jpg\",\"datePublished\":\"2026-03-18T00:26:47+00:00\",\"dateModified\":\"2026-03-18T01:33:02+00:00\",\"breadcrumb\":{\"@id\":\"https:\/\/tabernaculoprensadedios.com\/web\/iglesia-un-milagro-de-dios-celebra-5-anos-de-labor-evangelizadora-en-san-pedro-de-macoris\/#breadcrumb\"},\"inLanguage\":\"es\",\"potentialAction\":[{\"@type\":\"ReadAction\",\"target\":[\"https:\/\/tabernaculoprensadedios.com\/web\/iglesia-un-milagro-de-dios-celebra-5-anos-de-labor-evangelizadora-en-san-pedro-de-macoris\/\"]}]},{\"@type\":\"ImageObject\",\"inLanguage\":\"es\",\"@id\":\"https:\/\/tabernaculoprensadedios.com\/web\/iglesia-un-milagro-de-dios-celebra-5-anos-de-labor-evangelizadora-en-san-pedro-de-macoris\/#primaryimage\",\"url\":\"https:\/\/tabernaculoprensadedios.com\/web\/wp-content\/uploads\/2026\/03\/1000316642.jpg\",\"contentUrl\":\"https:\/\/tabernaculoprensadedios.com\/web\/wp-content\/uploads\/2026\/03\/1000316642.jpg\",\"width\":1600,\"height\":1200},{\"@type\":\"BreadcrumbList\",\"@id\":\"https:\/\/tabernaculoprensadedios.com\/web\/iglesia-un-milagro-de-dios-celebra-5-anos-de-labor-evangelizadora-en-san-pedro-de-macoris\/#breadcrumb\",\"itemListElement\":[{\"@type\":\"ListItem\",\"position\":1,\"name\":\"Portada\",\"item\":\"https:\/\/tabernaculoprensadedios.com\/web\/\"},{\"@type\":\"ListItem\",\"position\":2,\"name\":\"Iglesia Un Milagro de Dios, Celebra 5 a\u00f1os de labor evangelizadora en San Pedro de Macor\u00eds\"}]},{\"@type\":\"WebSite\",\"@id\":\"https:\/\/tabernaculoprensadedios.com\/web\/#website\",\"url\":\"https:\/\/tabernaculoprensadedios.com\/web\/\",\"name\":\"Tabernaculo Prensa de Dios\",\"description\":\"Un medio a la manera de Dios\",\"publisher\":{\"@id\":\"https:\/\/tabernaculoprensadedios.com\/web\/#\/schema\/person\/bc0e069fef56b38e177db6f098ae0b6e\"},\"potentialAction\":[{\"@type\":\"SearchAction\",\"target\":{\"@type\":\"EntryPoint\",\"urlTemplate\":\"https:\/\/tabernaculoprensadedios.com\/web\/?s={search_term_string}\"},\"query-input\":{\"@type\":\"PropertyValueSpecification\",\"valueRequired\":true,\"valueName\":\"search_term_string\"}}],\"inLanguage\":\"es\"},{\"@type\":[\"Person\",\"Organization\"],\"@id\":\"https:\/\/tabernaculoprensadedios.com\/web\/#\/schema\/person\/bc0e069fef56b38e177db6f098ae0b6e\",\"name\":\"tabernaculo\",\"image\":{\"@type\":\"ImageObject\",\"inLanguage\":\"es\",\"@id\":\"https:\/\/tabernaculoprensadedios.com\/web\/#\/schema\/person\/image\/\",\"url\":\"https:\/\/tabernaculoprensadedios.com\/web\/wp-content\/uploads\/2015\/06\/login-logo1.png\",\"contentUrl\":\"https:\/\/tabernaculoprensadedios.com\/web\/wp-content\/uploads\/2015\/06\/login-logo1.png\",\"width\":300,\"height\":118,\"caption\":\"tabernaculo\"},\"logo\":{\"@id\":\"https:\/\/tabernaculoprensadedios.com\/web\/#\/schema\/person\/image\/\"},\"url\":\"https:\/\/tabernaculoprensadedios.com\/web\/author\/tabernaculo\/\"}]}<\/script>\n<!-- \/ Yoast SEO Premium plugin. -->","yoast_head_json":{"title":"Iglesia Un Milagro de Dios, Celebra 5 a\u00f1os de labor evangelizadora en San Pedro de Macor\u00eds - Tabernaculo Prensa de Dios","robots":{"index":"index","follow":"follow","max-snippet":"max-snippet:-1","max-image-preview":"max-image-preview:large","max-video-preview":"max-video-preview:-1"},"canonical":"https:\/\/tabernaculoprensadedios.com\/web\/iglesia-un-milagro-de-dios-celebra-5-anos-de-labor-evangelizadora-en-san-pedro-de-macoris\/","og_locale":"es_ES","og_type":"article","og_title":"Iglesia Un Milagro de Dios, Celebra 5 a\u00f1os de labor evangelizadora en San Pedro de Macor\u00eds","og_description":"San Pedro de Macor\u00eds, Rep\u00fablica Dominicana.\u00a0 La Iglesia Un Milagro de Dios Inc., ubicada en el sector Restauraci\u00f3n de esta ciudad, celebr\u00f3 con gran gozo su quinto aniversario de trabajo ininterrumpido llevando el mensaje del evangelio a ni\u00f1os, j\u00f3venes y adultos de la comunidad. La actividad conmemorativa se llev\u00f3 a cabo el pasado 16 de &hellip;","og_url":"https:\/\/tabernaculoprensadedios.com\/web\/iglesia-un-milagro-de-dios-celebra-5-anos-de-labor-evangelizadora-en-san-pedro-de-macoris\/","og_site_name":"Tabernaculo Prensa de Dios","article_published_time":"2026-03-18T00:26:47+00:00","article_modified_time":"2026-03-18T01:33:02+00:00","og_image":[{"width":1600,"height":1200,"url":"https:\/\/tabernaculoprensadedios.com\/web\/wp-content\/uploads\/2026\/03\/1000316642.jpg","type":"image\/jpeg"}],"author":"tabernaculo","twitter_card":"summary_large_image","twitter_creator":"@PrensadeDios","twitter_site":"@PrensadeDios","twitter_misc":{"Escrito por":"tabernaculo","Tiempo de lectura":"2 minutos"},"schema":{"@context":"https:\/\/schema.org","@graph":[{"@type":"Article","@id":"https:\/\/tabernaculoprensadedios.com\/web\/iglesia-un-milagro-de-dios-celebra-5-anos-de-labor-evangelizadora-en-san-pedro-de-macoris\/#article","isPartOf":{"@id":"https:\/\/tabernaculoprensadedios.com\/web\/iglesia-un-milagro-de-dios-celebra-5-anos-de-labor-evangelizadora-en-san-pedro-de-macoris\/"},"author":{"name":"tabernaculo","@id":"https:\/\/tabernaculoprensadedios.com\/web\/#\/schema\/person\/bc0e069fef56b38e177db6f098ae0b6e"},"headline":"Iglesia Un Milagro de Dios, Celebra 5 a\u00f1os de labor evangelizadora en San Pedro de Macor\u00eds","datePublished":"2026-03-18T00:26:47+00:00","dateModified":"2026-03-18T01:33:02+00:00","mainEntityOfPage":{"@id":"https:\/\/tabernaculoprensadedios.com\/web\/iglesia-un-milagro-de-dios-celebra-5-anos-de-labor-evangelizadora-en-san-pedro-de-macoris\/"},"wordCount":284,"commentCount":0,"publisher":{"@id":"https:\/\/tabernaculoprensadedios.com\/web\/#\/schema\/person\/bc0e069fef56b38e177db6f098ae0b6e"},"image":{"@id":"https:\/\/tabernaculoprensadedios.com\/web\/iglesia-un-milagro-de-dios-celebra-5-anos-de-labor-evangelizadora-en-san-pedro-de-macoris\/#primaryimage"},"thumbnailUrl":"https:\/\/tabernaculoprensadedios.com\/web\/wp-content\/uploads\/2026\/03\/1000316642.jpg","articleSection":["almomento"],"inLanguage":"es","potentialAction":[{"@type":"CommentAction","name":"Comment","target":["https:\/\/tabernaculoprensadedios.com\/web\/iglesia-un-milagro-de-dios-celebra-5-anos-de-labor-evangelizadora-en-san-pedro-de-macoris\/#respond"]}]},{"@type":"WebPage","@id":"https:\/\/tabernaculoprensadedios.com\/web\/iglesia-un-milagro-de-dios-celebra-5-anos-de-labor-evangelizadora-en-san-pedro-de-macoris\/","url":"https:\/\/tabernaculoprensadedios.com\/web\/iglesia-un-milagro-de-dios-celebra-5-anos-de-labor-evangelizadora-en-san-pedro-de-macoris\/","name":"Iglesia Un Milagro de Dios, Celebra 5 a\u00f1os de labor evangelizadora en San Pedro de Macor\u00eds - Tabernaculo Prensa de Dios","isPartOf":{"@id":"https:\/\/tabernaculoprensadedios.com\/web\/#website"},"primaryImageOfPage":{"@id":"https:\/\/tabernaculoprensadedios.com\/web\/iglesia-un-milagro-de-dios-celebra-5-anos-de-labor-evangelizadora-en-san-pedro-de-macoris\/#primaryimage"},"image":{"@id":"https:\/\/tabernaculoprensadedios.com\/web\/iglesia-un-milagro-de-dios-celebra-5-anos-de-labor-evangelizadora-en-san-pedro-de-macoris\/#primaryimage"},"thumbnailUrl":"https:\/\/tabernaculoprensadedios.com\/web\/wp-content\/uploads\/2026\/03\/1000316642.jpg","datePublished":"2026-03-18T00:26:47+00:00","dateModified":"2026-03-18T01:33:02+00:00","breadcrumb":{"@id":"https:\/\/tabernaculoprensadedios.com\/web\/iglesia-un-milagro-de-dios-celebra-5-anos-de-labor-evangelizadora-en-san-pedro-de-macoris\/#breadcrumb"},"inLanguage":"es","potentialAction":[{"@type":"ReadAction","target":["https:\/\/tabernaculoprensadedios.com\/web\/iglesia-un-milagro-de-dios-celebra-5-anos-de-labor-evangelizadora-en-san-pedro-de-macoris\/"]}]},{"@type":"ImageObject","inLanguage":"es","@id":"https:\/\/tabernaculoprensadedios.com\/web\/iglesia-un-milagro-de-dios-celebra-5-anos-de-labor-evangelizadora-en-san-pedro-de-macoris\/#primaryimage","url":"https:\/\/tabernaculoprensadedios.com\/web\/wp-content\/uploads\/2026\/03\/1000316642.jpg","contentUrl":"https:\/\/tabernaculoprensadedios.com\/web\/wp-content\/uploads\/2026\/03\/1000316642.jpg","width":1600,"height":1200},{"@type":"BreadcrumbList","@id":"https:\/\/tabernaculoprensadedios.com\/web\/iglesia-un-milagro-de-dios-celebra-5-anos-de-labor-evangelizadora-en-san-pedro-de-macoris\/#breadcrumb","itemListElement":[{"@type":"ListItem","position":1,"name":"Portada","item":"https:\/\/tabernaculoprensadedios.com\/web\/"},{"@type":"ListItem","position":2,"name":"Iglesia Un Milagro de Dios, Celebra 5 a\u00f1os de labor evangelizadora en San Pedro de Macor\u00eds"}]},{"@type":"WebSite","@id":"https:\/\/tabernaculoprensadedios.com\/web\/#website","url":"https:\/\/tabernaculoprensadedios.com\/web\/","name":"Tabernaculo Prensa de Dios","description":"Un medio a la manera de Dios","publisher":{"@id":"https:\/\/tabernaculoprensadedios.com\/web\/#\/schema\/person\/bc0e069fef56b38e177db6f098ae0b6e"},"potentialAction":[{"@type":"SearchAction","target":{"@type":"EntryPoint","urlTemplate":"https:\/\/tabernaculoprensadedios.com\/web\/?s={search_term_string}"},"query-input":{"@type":"PropertyValueSpecification","valueRequired":true,"valueName":"search_term_string"}}],"inLanguage":"es"},{"@type":["Person","Organization"],"@id":"https:\/\/tabernaculoprensadedios.com\/web\/#\/schema\/person\/bc0e069fef56b38e177db6f098ae0b6e","name":"tabernaculo","image":{"@type":"ImageObject","inLanguage":"es","@id":"https:\/\/tabernaculoprensadedios.com\/web\/#\/schema\/person\/image\/","url":"https:\/\/tabernaculoprensadedios.com\/web\/wp-content\/uploads\/2015\/06\/login-logo1.png","contentUrl":"https:\/\/tabernaculoprensadedios.com\/web\/wp-content\/uploads\/2015\/06\/login-logo1.png","width":300,"height":118,"caption":"tabernaculo"},"logo":{"@id":"https:\/\/tabernaculoprensadedios.com\/web\/#\/schema\/person\/image\/"},"url":"https:\/\/tabernaculoprensadedios.com\/web\/author\/tabernaculo\/"}]}},"_links":{"self":[{"href":"https:\/\/tabernaculoprensadedios.com\/web\/wp-json\/wp\/v2\/posts\/37496","targetHints":{"allow":["GET"]}}],"collection":[{"href":"https:\/\/tabernaculoprensadedios.com\/web\/wp-json\/wp\/v2\/posts"}],"about":[{"href":"https:\/\/tabernaculoprensadedios.com\/web\/wp-json\/wp\/v2\/types\/post"}],"author":[{"embeddable":true,"href":"https:\/\/tabernaculoprensadedios.com\/web\/wp-json\/wp\/v2\/users\/1"}],"replies":[{"embeddable":true,"href":"https:\/\/tabernaculoprensadedios.com\/web\/wp-json\/wp\/v2\/comments?post=37496"}],"version-history":[{"count":1,"href":"https:\/\/tabernaculoprensadedios.com\/web\/wp-json\/wp\/v2\/posts\/37496\/revisions"}],"predecessor-version":[{"id":37499,"href":"https:\/\/tabernaculoprensadedios.com\/web\/wp-json\/wp\/v2\/posts\/37496\/revisions\/37499"}],"wp:featuredmedia":[{"embeddable":true,"href":"https:\/\/tabernaculoprensadedios.com\/web\/wp-json\/wp\/v2\/media\/37498"}],"wp:attachment":[{"href":"https:\/\/tabernaculoprensadedios.com\/web\/wp-json\/wp\/v2\/media?parent=37496"}],"wp:term":[{"taxonomy":"category","embeddable":true,"href":"https:\/\/tabernaculoprensadedios.com\/web\/wp-json\/wp\/v2\/categories?post=37496"},{"taxonomy":"post_tag","embeddable":true,"href":"https:\/\/tabernaculoprensadedios.com\/web\/wp-json\/wp\/v2\/tags?post=37496"}],"curies":[{"name":"wp","href":"https:\/\/api.w.org\/{rel}","templated":true}]}}