{"id":37477,"date":"2026-03-16T14:00:49","date_gmt":"2026-03-16T18:00:49","guid":{"rendered":"https:\/\/tabernaculoprensadedios.com\/web\/?p=37477"},"modified":"2026-03-16T16:37:02","modified_gmt":"2026-03-16T20:37:02","slug":"la-paz-que-guarda-la-mente-y-el-corazon","status":"publish","type":"post","link":"https:\/\/tabernaculoprensadedios.com\/web\/la-paz-que-guarda-la-mente-y-el-corazon\/","title":{"rendered":"La Paz que Guarda la Mente y el Coraz\u00f3n"},"content":{"rendered":"<p>Transformar nuestra mente hacia la paz y la claridad espiritual es un proceso que comienza con la decisi\u00f3n de cultivar pensamientos que honren a Dios. La Palabra nos recuerda en <strong>Filipenses 4:7<\/strong> que<strong> <em>\u201cla paz de Dios, que sobrepasa todo entendimiento, guardar\u00e1 vuestros corazones y vuestros pensamientos en Cristo Jes\u00fas.\u201d<\/em><\/strong><\/p>\n<p>Esta paz no es simplemente la ausencia de problemas externos; es una tranquilidad profunda que nace cuando confiamos plenamente en el Se\u00f1or y aprendemos a entregar a \u00c9l nuestras ansiedades y temores.<\/p>\n<p>Para caminar en esa paz es necesario mantener una vida de oraci\u00f3n, permitiendo que la presencia de Dios llene nuestra mente y gu\u00ede cada decisi\u00f3n. Cuando enfocamos nuestros pensamientos en lo que es verdadero, honorable, justo, puro, amable y digno de alabanza \u2014como nos ense\u00f1a <strong>Filipenses 4:8\u2014<\/strong> nuestra mente comienza a renovarse y nuestro coraz\u00f3n encuentra descanso.<\/p>\n<p>La claridad mental tambi\u00e9n se fortalece cuando aprendemos a vigilar nuestros pensamientos, rechazando aquello que produce temor, angustia o confusi\u00f3n. Al cuidar nuestra mente y alimentar nuestro esp\u00edritu con la verdad de Dios, creamos un ambiente interior donde la paz puede habitar.<\/p>\n<p>La Escritura nos ense\u00f1a en <strong>Romanos 12:2<\/strong> que somos transformados por la renovaci\u00f3n de nuestra mente. Esto significa que, en Cristo, podemos dejar atr\u00e1s pensamientos destructivos y abrazar una nueva manera de pensar basada en la verdad, el amor y la esperanza.<\/p>\n<p><strong>Cuando Dios gobierna nuestros pensamientos, la paz deja de depender de las circunstancias y comienza a brotar desde el coraz\u00f3n. Y all\u00ed, en ese lugar secreto donde habita Su presencia, encontramos descanso para el alma y claridad para caminar cada d\u00eda.<\/strong><\/p>\n<p><em>En medio del ruido, la ansiedad y las preocupaciones del mundo, Dios sigue ofreciendo una paz que guarda la mente y protege el coraz\u00f3n. Hoy recordamos d\u00f3nde se encuentra esa verdadera tranquilidad.<\/em><\/p>\n<p><em>Cuando la mente se llena de Dios, la ansiedad pierde su fuerza y la paz comienza a gobernar el coraz\u00f3n.<\/em><\/p>\n","protected":false},"excerpt":{"rendered":"<p>Transformar nuestra mente hacia la paz y la claridad espiritual es un proceso que comienza con la decisi\u00f3n de cultivar pensamientos que honren a Dios. La Palabra nos recuerda en Filipenses 4:7 que \u201cla paz de Dios, que sobrepasa todo entendimiento, guardar\u00e1 vuestros corazones y vuestros pensamientos en Cristo Jes\u00fas.\u201d Esta paz no es simplemente &hellip;<\/p>\n","protected":false},"author":1,"featured_media":28564,"comment_status":"open","ping_status":"open","sticky":false,"template":"","format":"standard","meta":{"footnotes":""},"categories":[34],"tags":[],"class_list":["post-37477","post","type-post","status-publish","format-standard","has-post-thumbnail","hentry","category-articulos"],"yoast_head":"<!-- This site is optimized with the Yoast SEO Premium plugin v24.2 (Yoast SEO v27.1.1) - https:\/\/yoast.com\/product\/yoast-seo-premium-wordpress\/ -->\n<title>La Paz que Guarda la Mente y el Coraz\u00f3n - Tabernaculo Prensa de Dios<\/title>\n<meta name=\"robots\" content=\"index, follow, max-snippet:-1, max-image-preview:large, max-video-preview:-1\" \/>\n<link rel=\"canonical\" href=\"https:\/\/tabernaculoprensadedios.com\/web\/la-paz-que-guarda-la-mente-y-el-corazon\/\" class=\"yoast-seo-meta-tag\" \/>\n<meta property=\"og:locale\" content=\"es_ES\" class=\"yoast-seo-meta-tag\" \/>\n<meta property=\"og:type\" content=\"article\" class=\"yoast-seo-meta-tag\" \/>\n<meta property=\"og:title\" content=\"La Paz que Guarda la Mente y el Coraz\u00f3n\" class=\"yoast-seo-meta-tag\" \/>\n<meta property=\"og:description\" content=\"Transformar nuestra mente hacia la paz y la claridad espiritual es un proceso que comienza con la decisi\u00f3n de cultivar pensamientos que honren a Dios. La Palabra nos recuerda en Filipenses 4:7 que \u201cla paz de Dios, que sobrepasa todo entendimiento, guardar\u00e1 vuestros corazones y vuestros pensamientos en Cristo Jes\u00fas.\u201d Esta paz no es simplemente &hellip;\" class=\"yoast-seo-meta-tag\" \/>\n<meta property=\"og:url\" content=\"https:\/\/tabernaculoprensadedios.com\/web\/la-paz-que-guarda-la-mente-y-el-corazon\/\" class=\"yoast-seo-meta-tag\" \/>\n<meta property=\"og:site_name\" content=\"Tabernaculo Prensa de Dios\" class=\"yoast-seo-meta-tag\" \/>\n<meta property=\"article:published_time\" content=\"2026-03-16T18:00:49+00:00\" class=\"yoast-seo-meta-tag\" \/>\n<meta property=\"article:modified_time\" content=\"2026-03-16T20:37:02+00:00\" class=\"yoast-seo-meta-tag\" \/>\n<meta property=\"og:image\" content=\"https:\/\/tabernaculoprensadedios.com\/web\/wp-content\/uploads\/2023\/07\/corazon.jpg\" class=\"yoast-seo-meta-tag\" \/>\n\t<meta property=\"og:image:width\" content=\"900\" class=\"yoast-seo-meta-tag\" \/>\n\t<meta property=\"og:image:height\" content=\"600\" class=\"yoast-seo-meta-tag\" \/>\n\t<meta property=\"og:image:type\" content=\"image\/jpeg\" class=\"yoast-seo-meta-tag\" \/>\n<meta name=\"author\" content=\"tabernaculo\" class=\"yoast-seo-meta-tag\" \/>\n<meta name=\"twitter:card\" content=\"summary_large_image\" class=\"yoast-seo-meta-tag\" \/>\n<meta name=\"twitter:creator\" content=\"@PrensadeDios\" class=\"yoast-seo-meta-tag\" \/>\n<meta name=\"twitter:site\" content=\"@PrensadeDios\" class=\"yoast-seo-meta-tag\" \/>\n<meta name=\"twitter:label1\" content=\"Escrito por\" class=\"yoast-seo-meta-tag\" \/>\n\t<meta name=\"twitter:data1\" content=\"tabernaculo\" class=\"yoast-seo-meta-tag\" \/>\n\t<meta name=\"twitter:label2\" content=\"Tiempo de lectura\" class=\"yoast-seo-meta-tag\" \/>\n\t<meta name=\"twitter:data2\" content=\"2 minutos\" class=\"yoast-seo-meta-tag\" \/>\n<script type=\"application\/ld+json\" class=\"yoast-schema-graph\">{\"@context\":\"https:\/\/schema.org\",\"@graph\":[{\"@type\":\"Article\",\"@id\":\"https:\/\/tabernaculoprensadedios.com\/web\/la-paz-que-guarda-la-mente-y-el-corazon\/#article\",\"isPartOf\":{\"@id\":\"https:\/\/tabernaculoprensadedios.com\/web\/la-paz-que-guarda-la-mente-y-el-corazon\/\"},\"author\":{\"name\":\"tabernaculo\",\"@id\":\"https:\/\/tabernaculoprensadedios.com\/web\/#\/schema\/person\/bc0e069fef56b38e177db6f098ae0b6e\"},\"headline\":\"La Paz que Guarda la Mente y el Coraz\u00f3n\",\"datePublished\":\"2026-03-16T18:00:49+00:00\",\"dateModified\":\"2026-03-16T20:37:02+00:00\",\"mainEntityOfPage\":{\"@id\":\"https:\/\/tabernaculoprensadedios.com\/web\/la-paz-que-guarda-la-mente-y-el-corazon\/\"},\"wordCount\":342,\"commentCount\":0,\"publisher\":{\"@id\":\"https:\/\/tabernaculoprensadedios.com\/web\/#\/schema\/person\/bc0e069fef56b38e177db6f098ae0b6e\"},\"image\":{\"@id\":\"https:\/\/tabernaculoprensadedios.com\/web\/la-paz-que-guarda-la-mente-y-el-corazon\/#primaryimage\"},\"thumbnailUrl\":\"https:\/\/tabernaculoprensadedios.com\/web\/wp-content\/uploads\/2023\/07\/corazon.jpg\",\"articleSection\":[\"Articulos\"],\"inLanguage\":\"es\",\"potentialAction\":[{\"@type\":\"CommentAction\",\"name\":\"Comment\",\"target\":[\"https:\/\/tabernaculoprensadedios.com\/web\/la-paz-que-guarda-la-mente-y-el-corazon\/#respond\"]}]},{\"@type\":\"WebPage\",\"@id\":\"https:\/\/tabernaculoprensadedios.com\/web\/la-paz-que-guarda-la-mente-y-el-corazon\/\",\"url\":\"https:\/\/tabernaculoprensadedios.com\/web\/la-paz-que-guarda-la-mente-y-el-corazon\/\",\"name\":\"La Paz que Guarda la Mente y el Coraz\u00f3n - Tabernaculo Prensa de Dios\",\"isPartOf\":{\"@id\":\"https:\/\/tabernaculoprensadedios.com\/web\/#website\"},\"primaryImageOfPage\":{\"@id\":\"https:\/\/tabernaculoprensadedios.com\/web\/la-paz-que-guarda-la-mente-y-el-corazon\/#primaryimage\"},\"image\":{\"@id\":\"https:\/\/tabernaculoprensadedios.com\/web\/la-paz-que-guarda-la-mente-y-el-corazon\/#primaryimage\"},\"thumbnailUrl\":\"https:\/\/tabernaculoprensadedios.com\/web\/wp-content\/uploads\/2023\/07\/corazon.jpg\",\"datePublished\":\"2026-03-16T18:00:49+00:00\",\"dateModified\":\"2026-03-16T20:37:02+00:00\",\"breadcrumb\":{\"@id\":\"https:\/\/tabernaculoprensadedios.com\/web\/la-paz-que-guarda-la-mente-y-el-corazon\/#breadcrumb\"},\"inLanguage\":\"es\",\"potentialAction\":[{\"@type\":\"ReadAction\",\"target\":[\"https:\/\/tabernaculoprensadedios.com\/web\/la-paz-que-guarda-la-mente-y-el-corazon\/\"]}]},{\"@type\":\"ImageObject\",\"inLanguage\":\"es\",\"@id\":\"https:\/\/tabernaculoprensadedios.com\/web\/la-paz-que-guarda-la-mente-y-el-corazon\/#primaryimage\",\"url\":\"https:\/\/tabernaculoprensadedios.com\/web\/wp-content\/uploads\/2023\/07\/corazon.jpg\",\"contentUrl\":\"https:\/\/tabernaculoprensadedios.com\/web\/wp-content\/uploads\/2023\/07\/corazon.jpg\",\"width\":900,\"height\":600},{\"@type\":\"BreadcrumbList\",\"@id\":\"https:\/\/tabernaculoprensadedios.com\/web\/la-paz-que-guarda-la-mente-y-el-corazon\/#breadcrumb\",\"itemListElement\":[{\"@type\":\"ListItem\",\"position\":1,\"name\":\"Portada\",\"item\":\"https:\/\/tabernaculoprensadedios.com\/web\/\"},{\"@type\":\"ListItem\",\"position\":2,\"name\":\"La Paz que Guarda la Mente y el Coraz\u00f3n\"}]},{\"@type\":\"WebSite\",\"@id\":\"https:\/\/tabernaculoprensadedios.com\/web\/#website\",\"url\":\"https:\/\/tabernaculoprensadedios.com\/web\/\",\"name\":\"Tabernaculo Prensa de Dios\",\"description\":\"Un medio a la manera de Dios\",\"publisher\":{\"@id\":\"https:\/\/tabernaculoprensadedios.com\/web\/#\/schema\/person\/bc0e069fef56b38e177db6f098ae0b6e\"},\"potentialAction\":[{\"@type\":\"SearchAction\",\"target\":{\"@type\":\"EntryPoint\",\"urlTemplate\":\"https:\/\/tabernaculoprensadedios.com\/web\/?s={search_term_string}\"},\"query-input\":{\"@type\":\"PropertyValueSpecification\",\"valueRequired\":true,\"valueName\":\"search_term_string\"}}],\"inLanguage\":\"es\"},{\"@type\":[\"Person\",\"Organization\"],\"@id\":\"https:\/\/tabernaculoprensadedios.com\/web\/#\/schema\/person\/bc0e069fef56b38e177db6f098ae0b6e\",\"name\":\"tabernaculo\",\"image\":{\"@type\":\"ImageObject\",\"inLanguage\":\"es\",\"@id\":\"https:\/\/tabernaculoprensadedios.com\/web\/#\/schema\/person\/image\/\",\"url\":\"https:\/\/tabernaculoprensadedios.com\/web\/wp-content\/uploads\/2015\/06\/login-logo1.png\",\"contentUrl\":\"https:\/\/tabernaculoprensadedios.com\/web\/wp-content\/uploads\/2015\/06\/login-logo1.png\",\"width\":300,\"height\":118,\"caption\":\"tabernaculo\"},\"logo\":{\"@id\":\"https:\/\/tabernaculoprensadedios.com\/web\/#\/schema\/person\/image\/\"},\"url\":\"https:\/\/tabernaculoprensadedios.com\/web\/author\/tabernaculo\/\"}]}<\/script>\n<!-- \/ Yoast SEO Premium plugin. -->","yoast_head_json":{"title":"La Paz que Guarda la Mente y el Coraz\u00f3n - Tabernaculo Prensa de Dios","robots":{"index":"index","follow":"follow","max-snippet":"max-snippet:-1","max-image-preview":"max-image-preview:large","max-video-preview":"max-video-preview:-1"},"canonical":"https:\/\/tabernaculoprensadedios.com\/web\/la-paz-que-guarda-la-mente-y-el-corazon\/","og_locale":"es_ES","og_type":"article","og_title":"La Paz que Guarda la Mente y el Coraz\u00f3n","og_description":"Transformar nuestra mente hacia la paz y la claridad espiritual es un proceso que comienza con la decisi\u00f3n de cultivar pensamientos que honren a Dios. La Palabra nos recuerda en Filipenses 4:7 que \u201cla paz de Dios, que sobrepasa todo entendimiento, guardar\u00e1 vuestros corazones y vuestros pensamientos en Cristo Jes\u00fas.\u201d Esta paz no es simplemente &hellip;","og_url":"https:\/\/tabernaculoprensadedios.com\/web\/la-paz-que-guarda-la-mente-y-el-corazon\/","og_site_name":"Tabernaculo Prensa de Dios","article_published_time":"2026-03-16T18:00:49+00:00","article_modified_time":"2026-03-16T20:37:02+00:00","og_image":[{"width":900,"height":600,"url":"https:\/\/tabernaculoprensadedios.com\/web\/wp-content\/uploads\/2023\/07\/corazon.jpg","type":"image\/jpeg"}],"author":"tabernaculo","twitter_card":"summary_large_image","twitter_creator":"@PrensadeDios","twitter_site":"@PrensadeDios","twitter_misc":{"Escrito por":"tabernaculo","Tiempo de lectura":"2 minutos"},"schema":{"@context":"https:\/\/schema.org","@graph":[{"@type":"Article","@id":"https:\/\/tabernaculoprensadedios.com\/web\/la-paz-que-guarda-la-mente-y-el-corazon\/#article","isPartOf":{"@id":"https:\/\/tabernaculoprensadedios.com\/web\/la-paz-que-guarda-la-mente-y-el-corazon\/"},"author":{"name":"tabernaculo","@id":"https:\/\/tabernaculoprensadedios.com\/web\/#\/schema\/person\/bc0e069fef56b38e177db6f098ae0b6e"},"headline":"La Paz que Guarda la Mente y el Coraz\u00f3n","datePublished":"2026-03-16T18:00:49+00:00","dateModified":"2026-03-16T20:37:02+00:00","mainEntityOfPage":{"@id":"https:\/\/tabernaculoprensadedios.com\/web\/la-paz-que-guarda-la-mente-y-el-corazon\/"},"wordCount":342,"commentCount":0,"publisher":{"@id":"https:\/\/tabernaculoprensadedios.com\/web\/#\/schema\/person\/bc0e069fef56b38e177db6f098ae0b6e"},"image":{"@id":"https:\/\/tabernaculoprensadedios.com\/web\/la-paz-que-guarda-la-mente-y-el-corazon\/#primaryimage"},"thumbnailUrl":"https:\/\/tabernaculoprensadedios.com\/web\/wp-content\/uploads\/2023\/07\/corazon.jpg","articleSection":["Articulos"],"inLanguage":"es","potentialAction":[{"@type":"CommentAction","name":"Comment","target":["https:\/\/tabernaculoprensadedios.com\/web\/la-paz-que-guarda-la-mente-y-el-corazon\/#respond"]}]},{"@type":"WebPage","@id":"https:\/\/tabernaculoprensadedios.com\/web\/la-paz-que-guarda-la-mente-y-el-corazon\/","url":"https:\/\/tabernaculoprensadedios.com\/web\/la-paz-que-guarda-la-mente-y-el-corazon\/","name":"La Paz que Guarda la Mente y el Coraz\u00f3n - Tabernaculo Prensa de Dios","isPartOf":{"@id":"https:\/\/tabernaculoprensadedios.com\/web\/#website"},"primaryImageOfPage":{"@id":"https:\/\/tabernaculoprensadedios.com\/web\/la-paz-que-guarda-la-mente-y-el-corazon\/#primaryimage"},"image":{"@id":"https:\/\/tabernaculoprensadedios.com\/web\/la-paz-que-guarda-la-mente-y-el-corazon\/#primaryimage"},"thumbnailUrl":"https:\/\/tabernaculoprensadedios.com\/web\/wp-content\/uploads\/2023\/07\/corazon.jpg","datePublished":"2026-03-16T18:00:49+00:00","dateModified":"2026-03-16T20:37:02+00:00","breadcrumb":{"@id":"https:\/\/tabernaculoprensadedios.com\/web\/la-paz-que-guarda-la-mente-y-el-corazon\/#breadcrumb"},"inLanguage":"es","potentialAction":[{"@type":"ReadAction","target":["https:\/\/tabernaculoprensadedios.com\/web\/la-paz-que-guarda-la-mente-y-el-corazon\/"]}]},{"@type":"ImageObject","inLanguage":"es","@id":"https:\/\/tabernaculoprensadedios.com\/web\/la-paz-que-guarda-la-mente-y-el-corazon\/#primaryimage","url":"https:\/\/tabernaculoprensadedios.com\/web\/wp-content\/uploads\/2023\/07\/corazon.jpg","contentUrl":"https:\/\/tabernaculoprensadedios.com\/web\/wp-content\/uploads\/2023\/07\/corazon.jpg","width":900,"height":600},{"@type":"BreadcrumbList","@id":"https:\/\/tabernaculoprensadedios.com\/web\/la-paz-que-guarda-la-mente-y-el-corazon\/#breadcrumb","itemListElement":[{"@type":"ListItem","position":1,"name":"Portada","item":"https:\/\/tabernaculoprensadedios.com\/web\/"},{"@type":"ListItem","position":2,"name":"La Paz que Guarda la Mente y el Coraz\u00f3n"}]},{"@type":"WebSite","@id":"https:\/\/tabernaculoprensadedios.com\/web\/#website","url":"https:\/\/tabernaculoprensadedios.com\/web\/","name":"Tabernaculo Prensa de Dios","description":"Un medio a la manera de Dios","publisher":{"@id":"https:\/\/tabernaculoprensadedios.com\/web\/#\/schema\/person\/bc0e069fef56b38e177db6f098ae0b6e"},"potentialAction":[{"@type":"SearchAction","target":{"@type":"EntryPoint","urlTemplate":"https:\/\/tabernaculoprensadedios.com\/web\/?s={search_term_string}"},"query-input":{"@type":"PropertyValueSpecification","valueRequired":true,"valueName":"search_term_string"}}],"inLanguage":"es"},{"@type":["Person","Organization"],"@id":"https:\/\/tabernaculoprensadedios.com\/web\/#\/schema\/person\/bc0e069fef56b38e177db6f098ae0b6e","name":"tabernaculo","image":{"@type":"ImageObject","inLanguage":"es","@id":"https:\/\/tabernaculoprensadedios.com\/web\/#\/schema\/person\/image\/","url":"https:\/\/tabernaculoprensadedios.com\/web\/wp-content\/uploads\/2015\/06\/login-logo1.png","contentUrl":"https:\/\/tabernaculoprensadedios.com\/web\/wp-content\/uploads\/2015\/06\/login-logo1.png","width":300,"height":118,"caption":"tabernaculo"},"logo":{"@id":"https:\/\/tabernaculoprensadedios.com\/web\/#\/schema\/person\/image\/"},"url":"https:\/\/tabernaculoprensadedios.com\/web\/author\/tabernaculo\/"}]}},"_links":{"self":[{"href":"https:\/\/tabernaculoprensadedios.com\/web\/wp-json\/wp\/v2\/posts\/37477","targetHints":{"allow":["GET"]}}],"collection":[{"href":"https:\/\/tabernaculoprensadedios.com\/web\/wp-json\/wp\/v2\/posts"}],"about":[{"href":"https:\/\/tabernaculoprensadedios.com\/web\/wp-json\/wp\/v2\/types\/post"}],"author":[{"embeddable":true,"href":"https:\/\/tabernaculoprensadedios.com\/web\/wp-json\/wp\/v2\/users\/1"}],"replies":[{"embeddable":true,"href":"https:\/\/tabernaculoprensadedios.com\/web\/wp-json\/wp\/v2\/comments?post=37477"}],"version-history":[{"count":4,"href":"https:\/\/tabernaculoprensadedios.com\/web\/wp-json\/wp\/v2\/posts\/37477\/revisions"}],"predecessor-version":[{"id":37485,"href":"https:\/\/tabernaculoprensadedios.com\/web\/wp-json\/wp\/v2\/posts\/37477\/revisions\/37485"}],"wp:featuredmedia":[{"embeddable":true,"href":"https:\/\/tabernaculoprensadedios.com\/web\/wp-json\/wp\/v2\/media\/28564"}],"wp:attachment":[{"href":"https:\/\/tabernaculoprensadedios.com\/web\/wp-json\/wp\/v2\/media?parent=37477"}],"wp:term":[{"taxonomy":"category","embeddable":true,"href":"https:\/\/tabernaculoprensadedios.com\/web\/wp-json\/wp\/v2\/categories?post=37477"},{"taxonomy":"post_tag","embeddable":true,"href":"https:\/\/tabernaculoprensadedios.com\/web\/wp-json\/wp\/v2\/tags?post=37477"}],"curies":[{"name":"wp","href":"https:\/\/api.w.org\/{rel}","templated":true}]}}