{"id":37467,"date":"2026-03-16T13:50:50","date_gmt":"2026-03-16T17:50:50","guid":{"rendered":"https:\/\/tabernaculoprensadedios.com\/web\/?p=37467"},"modified":"2026-03-16T13:52:08","modified_gmt":"2026-03-16T17:52:08","slug":"ante-la-crisis-internacional-un-llamado-a-la-prudencia-la-solidaridad-y-la-prevision-nacional","status":"publish","type":"post","link":"https:\/\/tabernaculoprensadedios.com\/web\/ante-la-crisis-internacional-un-llamado-a-la-prudencia-la-solidaridad-y-la-prevision-nacional\/","title":{"rendered":"Ante la crisis internacional: un llamado a la prudencia, la solidaridad y la previsi\u00f3n nacional"},"content":{"rendered":"<p>En medio de las crecientes tensiones internacionales entre Estados Unidos, Israel e Ir\u00e1n, el <strong>Consejo Dominicano de Unidad Evang\u00e9lica (CODUE)<\/strong> hizo un llamado a las autoridades y a la sociedad dominicana a actuar con prudencia, responsabilidad y visi\u00f3n preventiva ante los posibles efectos que esta situaci\u00f3n podr\u00eda generar en la econom\u00eda nacional.<\/p>\n<p>La entidad, que agrupa a diversas organizaciones y denominaciones evang\u00e9licas del pa\u00eds, expres\u00f3 que los conflictos geopol\u00edticos internacionales suelen repercutir especialmente en naciones que dependen de la importaci\u00f3n de energ\u00eda, como es el caso de la Rep\u00fablica Dominicana.<\/p>\n<p>El presidente del CODUE, <strong>pastor Feliciano Lacen Custodio<\/strong>, manifest\u00f3 que la poblaci\u00f3n observa con preocupaci\u00f3n el desarrollo de la crisis internacional, por lo que entiende necesario que el pa\u00eds adopte medidas econ\u00f3micas y sociales que ayuden a proteger la estabilidad y el bienestar de los ciudadanos.<\/p>\n<p>\u201cDesde el CODUE nos identificamos con el clamor de la poblaci\u00f3n que observa con inquietud el desarrollo de estos acontecimientos. Es momento de actuar con responsabilidad y previsi\u00f3n para evitar que cualquier impacto internacional afecte el costo de la vida y la estabilidad de nuestro pa\u00eds\u201d, expres\u00f3.<\/p>\n<p>El l\u00edder evang\u00e9lico explic\u00f3 que un eventual aumento en los precios del petr\u00f3leo podr\u00eda tener repercusiones directas en la econom\u00eda dominicana, reflej\u00e1ndose en el costo de la energ\u00eda el\u00e9ctrica, el transporte y los alimentos, debido a que el pa\u00eds es un importador neto de combustibles.<\/p>\n<p>Asimismo, se\u00f1al\u00f3 que, aunque la Rep\u00fablica Dominicana no tendr\u00eda una participaci\u00f3n militar directa en este tipo de conflictos, s\u00ed podr\u00eda verse impactada por cambios en las din\u00e1micas del comercio global, las fluctuaciones de los mercados internacionales y los ajustes en las alianzas econ\u00f3micas entre naciones.<\/p>\n<p>Ante este escenario, el pastor Lacen recomend\u00f3 a las autoridades dominicanas mantener una vigilancia constante de la evoluci\u00f3n de la situaci\u00f3n internacional y fortalecer pol\u00edticas que permitan reducir la dependencia energ\u00e9tica, al tiempo que se impulsa con mayor fuerza el desarrollo agr\u00edcola nacional.<\/p>\n<p>En ese sentido, destac\u00f3 la importancia de apoyar la agricultura familiar y la producci\u00f3n local, promover la tecnificaci\u00f3n del campo dominicano y fortalecer las cooperativas agr\u00edcolas como herramientas clave para garantizar la seguridad alimentaria.<\/p>\n<p>Seg\u00fan indic\u00f3, mediante el impulso de la agricultura tecnificada, el respaldo a la agricultura hogare\u00f1a y la expansi\u00f3n de cooperativas rurales, la Rep\u00fablica Dominicana podr\u00eda producir m\u00e1s del 90 % de los alimentos que consumen los hogares dominicanos.<\/p>\n<p>Finalmente, el presidente del CODUE subray\u00f3 que el contexto internacional actual debe ser visto tambi\u00e9n como una oportunidad para fortalecer la <strong>unidad nacional, la solidaridad social y la responsabilidad colectiva<\/strong>, valores fundamentales para enfrentar los desaf\u00edos globales que impactan a las naciones.<\/p>\n","protected":false},"excerpt":{"rendered":"<p>En medio de las crecientes tensiones internacionales entre Estados Unidos, Israel e Ir\u00e1n, el Consejo Dominicano de Unidad Evang\u00e9lica (CODUE) hizo un llamado a las autoridades y a la sociedad dominicana a actuar con prudencia, responsabilidad y visi\u00f3n preventiva ante los posibles efectos que esta situaci\u00f3n podr\u00eda generar en la econom\u00eda nacional. La entidad, que &hellip;<\/p>\n","protected":false},"author":1,"featured_media":27447,"comment_status":"open","ping_status":"open","sticky":false,"template":"","format":"standard","meta":{"footnotes":""},"categories":[828],"tags":[],"class_list":["post-37467","post","type-post","status-publish","format-standard","has-post-thumbnail","hentry","category-fe-cultura-y-sociedad"],"yoast_head":"<!-- This site is optimized with the Yoast SEO Premium plugin v24.2 (Yoast SEO v27.1.1) - https:\/\/yoast.com\/product\/yoast-seo-premium-wordpress\/ -->\n<title>Ante la crisis internacional: un llamado a la prudencia, la solidaridad y la previsi\u00f3n nacional - Tabernaculo Prensa de Dios<\/title>\n<meta name=\"robots\" content=\"index, follow, max-snippet:-1, max-image-preview:large, max-video-preview:-1\" \/>\n<link rel=\"canonical\" href=\"https:\/\/tabernaculoprensadedios.com\/web\/ante-la-crisis-internacional-un-llamado-a-la-prudencia-la-solidaridad-y-la-prevision-nacional\/\" class=\"yoast-seo-meta-tag\" \/>\n<meta property=\"og:locale\" content=\"es_ES\" class=\"yoast-seo-meta-tag\" \/>\n<meta property=\"og:type\" content=\"article\" class=\"yoast-seo-meta-tag\" \/>\n<meta property=\"og:title\" content=\"Ante la crisis internacional: un llamado a la prudencia, la solidaridad y la previsi\u00f3n nacional\" class=\"yoast-seo-meta-tag\" \/>\n<meta property=\"og:description\" content=\"En medio de las crecientes tensiones internacionales entre Estados Unidos, Israel e Ir\u00e1n, el Consejo Dominicano de Unidad Evang\u00e9lica (CODUE) hizo un llamado a las autoridades y a la sociedad dominicana a actuar con prudencia, responsabilidad y visi\u00f3n preventiva ante los posibles efectos que esta situaci\u00f3n podr\u00eda generar en la econom\u00eda nacional. La entidad, que &hellip;\" class=\"yoast-seo-meta-tag\" \/>\n<meta property=\"og:url\" content=\"https:\/\/tabernaculoprensadedios.com\/web\/ante-la-crisis-internacional-un-llamado-a-la-prudencia-la-solidaridad-y-la-prevision-nacional\/\" class=\"yoast-seo-meta-tag\" \/>\n<meta property=\"og:site_name\" content=\"Tabernaculo Prensa de Dios\" class=\"yoast-seo-meta-tag\" \/>\n<meta property=\"article:published_time\" content=\"2026-03-16T17:50:50+00:00\" class=\"yoast-seo-meta-tag\" \/>\n<meta property=\"article:modified_time\" content=\"2026-03-16T17:52:08+00:00\" class=\"yoast-seo-meta-tag\" \/>\n<meta property=\"og:image\" content=\"https:\/\/tabernaculoprensadedios.com\/web\/wp-content\/uploads\/2023\/02\/codue-lacen.jpg\" class=\"yoast-seo-meta-tag\" \/>\n\t<meta property=\"og:image:width\" content=\"1280\" class=\"yoast-seo-meta-tag\" \/>\n\t<meta property=\"og:image:height\" content=\"852\" class=\"yoast-seo-meta-tag\" \/>\n\t<meta property=\"og:image:type\" content=\"image\/jpeg\" class=\"yoast-seo-meta-tag\" \/>\n<meta name=\"author\" content=\"tabernaculo\" class=\"yoast-seo-meta-tag\" \/>\n<meta name=\"twitter:card\" content=\"summary_large_image\" class=\"yoast-seo-meta-tag\" \/>\n<meta name=\"twitter:creator\" content=\"@PrensadeDios\" class=\"yoast-seo-meta-tag\" \/>\n<meta name=\"twitter:site\" content=\"@PrensadeDios\" class=\"yoast-seo-meta-tag\" \/>\n<meta name=\"twitter:label1\" content=\"Escrito por\" class=\"yoast-seo-meta-tag\" \/>\n\t<meta name=\"twitter:data1\" content=\"tabernaculo\" class=\"yoast-seo-meta-tag\" \/>\n\t<meta name=\"twitter:label2\" content=\"Tiempo de lectura\" class=\"yoast-seo-meta-tag\" \/>\n\t<meta name=\"twitter:data2\" content=\"3 minutos\" class=\"yoast-seo-meta-tag\" \/>\n<script type=\"application\/ld+json\" class=\"yoast-schema-graph\">{\"@context\":\"https:\/\/schema.org\",\"@graph\":[{\"@type\":\"Article\",\"@id\":\"https:\/\/tabernaculoprensadedios.com\/web\/ante-la-crisis-internacional-un-llamado-a-la-prudencia-la-solidaridad-y-la-prevision-nacional\/#article\",\"isPartOf\":{\"@id\":\"https:\/\/tabernaculoprensadedios.com\/web\/ante-la-crisis-internacional-un-llamado-a-la-prudencia-la-solidaridad-y-la-prevision-nacional\/\"},\"author\":{\"name\":\"tabernaculo\",\"@id\":\"https:\/\/tabernaculoprensadedios.com\/web\/#\/schema\/person\/bc0e069fef56b38e177db6f098ae0b6e\"},\"headline\":\"Ante la crisis internacional: un llamado a la prudencia, la solidaridad y la previsi\u00f3n nacional\",\"datePublished\":\"2026-03-16T17:50:50+00:00\",\"dateModified\":\"2026-03-16T17:52:08+00:00\",\"mainEntityOfPage\":{\"@id\":\"https:\/\/tabernaculoprensadedios.com\/web\/ante-la-crisis-internacional-un-llamado-a-la-prudencia-la-solidaridad-y-la-prevision-nacional\/\"},\"wordCount\":495,\"commentCount\":0,\"publisher\":{\"@id\":\"https:\/\/tabernaculoprensadedios.com\/web\/#\/schema\/person\/bc0e069fef56b38e177db6f098ae0b6e\"},\"image\":{\"@id\":\"https:\/\/tabernaculoprensadedios.com\/web\/ante-la-crisis-internacional-un-llamado-a-la-prudencia-la-solidaridad-y-la-prevision-nacional\/#primaryimage\"},\"thumbnailUrl\":\"https:\/\/tabernaculoprensadedios.com\/web\/wp-content\/uploads\/2023\/02\/codue-lacen.jpg\",\"articleSection\":[\"Fe Cultura y Sociedad\"],\"inLanguage\":\"es\",\"potentialAction\":[{\"@type\":\"CommentAction\",\"name\":\"Comment\",\"target\":[\"https:\/\/tabernaculoprensadedios.com\/web\/ante-la-crisis-internacional-un-llamado-a-la-prudencia-la-solidaridad-y-la-prevision-nacional\/#respond\"]}]},{\"@type\":\"WebPage\",\"@id\":\"https:\/\/tabernaculoprensadedios.com\/web\/ante-la-crisis-internacional-un-llamado-a-la-prudencia-la-solidaridad-y-la-prevision-nacional\/\",\"url\":\"https:\/\/tabernaculoprensadedios.com\/web\/ante-la-crisis-internacional-un-llamado-a-la-prudencia-la-solidaridad-y-la-prevision-nacional\/\",\"name\":\"Ante la crisis internacional: un llamado a la prudencia, la solidaridad y la previsi\u00f3n nacional - Tabernaculo Prensa de Dios\",\"isPartOf\":{\"@id\":\"https:\/\/tabernaculoprensadedios.com\/web\/#website\"},\"primaryImageOfPage\":{\"@id\":\"https:\/\/tabernaculoprensadedios.com\/web\/ante-la-crisis-internacional-un-llamado-a-la-prudencia-la-solidaridad-y-la-prevision-nacional\/#primaryimage\"},\"image\":{\"@id\":\"https:\/\/tabernaculoprensadedios.com\/web\/ante-la-crisis-internacional-un-llamado-a-la-prudencia-la-solidaridad-y-la-prevision-nacional\/#primaryimage\"},\"thumbnailUrl\":\"https:\/\/tabernaculoprensadedios.com\/web\/wp-content\/uploads\/2023\/02\/codue-lacen.jpg\",\"datePublished\":\"2026-03-16T17:50:50+00:00\",\"dateModified\":\"2026-03-16T17:52:08+00:00\",\"breadcrumb\":{\"@id\":\"https:\/\/tabernaculoprensadedios.com\/web\/ante-la-crisis-internacional-un-llamado-a-la-prudencia-la-solidaridad-y-la-prevision-nacional\/#breadcrumb\"},\"inLanguage\":\"es\",\"potentialAction\":[{\"@type\":\"ReadAction\",\"target\":[\"https:\/\/tabernaculoprensadedios.com\/web\/ante-la-crisis-internacional-un-llamado-a-la-prudencia-la-solidaridad-y-la-prevision-nacional\/\"]}]},{\"@type\":\"ImageObject\",\"inLanguage\":\"es\",\"@id\":\"https:\/\/tabernaculoprensadedios.com\/web\/ante-la-crisis-internacional-un-llamado-a-la-prudencia-la-solidaridad-y-la-prevision-nacional\/#primaryimage\",\"url\":\"https:\/\/tabernaculoprensadedios.com\/web\/wp-content\/uploads\/2023\/02\/codue-lacen.jpg\",\"contentUrl\":\"https:\/\/tabernaculoprensadedios.com\/web\/wp-content\/uploads\/2023\/02\/codue-lacen.jpg\",\"width\":1280,\"height\":852},{\"@type\":\"BreadcrumbList\",\"@id\":\"https:\/\/tabernaculoprensadedios.com\/web\/ante-la-crisis-internacional-un-llamado-a-la-prudencia-la-solidaridad-y-la-prevision-nacional\/#breadcrumb\",\"itemListElement\":[{\"@type\":\"ListItem\",\"position\":1,\"name\":\"Portada\",\"item\":\"https:\/\/tabernaculoprensadedios.com\/web\/\"},{\"@type\":\"ListItem\",\"position\":2,\"name\":\"Ante la crisis internacional: un llamado a la prudencia, la solidaridad y la previsi\u00f3n nacional\"}]},{\"@type\":\"WebSite\",\"@id\":\"https:\/\/tabernaculoprensadedios.com\/web\/#website\",\"url\":\"https:\/\/tabernaculoprensadedios.com\/web\/\",\"name\":\"Tabernaculo Prensa de Dios\",\"description\":\"Un medio a la manera de Dios\",\"publisher\":{\"@id\":\"https:\/\/tabernaculoprensadedios.com\/web\/#\/schema\/person\/bc0e069fef56b38e177db6f098ae0b6e\"},\"potentialAction\":[{\"@type\":\"SearchAction\",\"target\":{\"@type\":\"EntryPoint\",\"urlTemplate\":\"https:\/\/tabernaculoprensadedios.com\/web\/?s={search_term_string}\"},\"query-input\":{\"@type\":\"PropertyValueSpecification\",\"valueRequired\":true,\"valueName\":\"search_term_string\"}}],\"inLanguage\":\"es\"},{\"@type\":[\"Person\",\"Organization\"],\"@id\":\"https:\/\/tabernaculoprensadedios.com\/web\/#\/schema\/person\/bc0e069fef56b38e177db6f098ae0b6e\",\"name\":\"tabernaculo\",\"image\":{\"@type\":\"ImageObject\",\"inLanguage\":\"es\",\"@id\":\"https:\/\/tabernaculoprensadedios.com\/web\/#\/schema\/person\/image\/\",\"url\":\"https:\/\/tabernaculoprensadedios.com\/web\/wp-content\/uploads\/2015\/06\/login-logo1.png\",\"contentUrl\":\"https:\/\/tabernaculoprensadedios.com\/web\/wp-content\/uploads\/2015\/06\/login-logo1.png\",\"width\":300,\"height\":118,\"caption\":\"tabernaculo\"},\"logo\":{\"@id\":\"https:\/\/tabernaculoprensadedios.com\/web\/#\/schema\/person\/image\/\"},\"url\":\"https:\/\/tabernaculoprensadedios.com\/web\/author\/tabernaculo\/\"}]}<\/script>\n<!-- \/ Yoast SEO Premium plugin. -->","yoast_head_json":{"title":"Ante la crisis internacional: un llamado a la prudencia, la solidaridad y la previsi\u00f3n nacional - Tabernaculo Prensa de Dios","robots":{"index":"index","follow":"follow","max-snippet":"max-snippet:-1","max-image-preview":"max-image-preview:large","max-video-preview":"max-video-preview:-1"},"canonical":"https:\/\/tabernaculoprensadedios.com\/web\/ante-la-crisis-internacional-un-llamado-a-la-prudencia-la-solidaridad-y-la-prevision-nacional\/","og_locale":"es_ES","og_type":"article","og_title":"Ante la crisis internacional: un llamado a la prudencia, la solidaridad y la previsi\u00f3n nacional","og_description":"En medio de las crecientes tensiones internacionales entre Estados Unidos, Israel e Ir\u00e1n, el Consejo Dominicano de Unidad Evang\u00e9lica (CODUE) hizo un llamado a las autoridades y a la sociedad dominicana a actuar con prudencia, responsabilidad y visi\u00f3n preventiva ante los posibles efectos que esta situaci\u00f3n podr\u00eda generar en la econom\u00eda nacional. La entidad, que &hellip;","og_url":"https:\/\/tabernaculoprensadedios.com\/web\/ante-la-crisis-internacional-un-llamado-a-la-prudencia-la-solidaridad-y-la-prevision-nacional\/","og_site_name":"Tabernaculo Prensa de Dios","article_published_time":"2026-03-16T17:50:50+00:00","article_modified_time":"2026-03-16T17:52:08+00:00","og_image":[{"width":1280,"height":852,"url":"https:\/\/tabernaculoprensadedios.com\/web\/wp-content\/uploads\/2023\/02\/codue-lacen.jpg","type":"image\/jpeg"}],"author":"tabernaculo","twitter_card":"summary_large_image","twitter_creator":"@PrensadeDios","twitter_site":"@PrensadeDios","twitter_misc":{"Escrito por":"tabernaculo","Tiempo de lectura":"3 minutos"},"schema":{"@context":"https:\/\/schema.org","@graph":[{"@type":"Article","@id":"https:\/\/tabernaculoprensadedios.com\/web\/ante-la-crisis-internacional-un-llamado-a-la-prudencia-la-solidaridad-y-la-prevision-nacional\/#article","isPartOf":{"@id":"https:\/\/tabernaculoprensadedios.com\/web\/ante-la-crisis-internacional-un-llamado-a-la-prudencia-la-solidaridad-y-la-prevision-nacional\/"},"author":{"name":"tabernaculo","@id":"https:\/\/tabernaculoprensadedios.com\/web\/#\/schema\/person\/bc0e069fef56b38e177db6f098ae0b6e"},"headline":"Ante la crisis internacional: un llamado a la prudencia, la solidaridad y la previsi\u00f3n nacional","datePublished":"2026-03-16T17:50:50+00:00","dateModified":"2026-03-16T17:52:08+00:00","mainEntityOfPage":{"@id":"https:\/\/tabernaculoprensadedios.com\/web\/ante-la-crisis-internacional-un-llamado-a-la-prudencia-la-solidaridad-y-la-prevision-nacional\/"},"wordCount":495,"commentCount":0,"publisher":{"@id":"https:\/\/tabernaculoprensadedios.com\/web\/#\/schema\/person\/bc0e069fef56b38e177db6f098ae0b6e"},"image":{"@id":"https:\/\/tabernaculoprensadedios.com\/web\/ante-la-crisis-internacional-un-llamado-a-la-prudencia-la-solidaridad-y-la-prevision-nacional\/#primaryimage"},"thumbnailUrl":"https:\/\/tabernaculoprensadedios.com\/web\/wp-content\/uploads\/2023\/02\/codue-lacen.jpg","articleSection":["Fe Cultura y Sociedad"],"inLanguage":"es","potentialAction":[{"@type":"CommentAction","name":"Comment","target":["https:\/\/tabernaculoprensadedios.com\/web\/ante-la-crisis-internacional-un-llamado-a-la-prudencia-la-solidaridad-y-la-prevision-nacional\/#respond"]}]},{"@type":"WebPage","@id":"https:\/\/tabernaculoprensadedios.com\/web\/ante-la-crisis-internacional-un-llamado-a-la-prudencia-la-solidaridad-y-la-prevision-nacional\/","url":"https:\/\/tabernaculoprensadedios.com\/web\/ante-la-crisis-internacional-un-llamado-a-la-prudencia-la-solidaridad-y-la-prevision-nacional\/","name":"Ante la crisis internacional: un llamado a la prudencia, la solidaridad y la previsi\u00f3n nacional - Tabernaculo Prensa de Dios","isPartOf":{"@id":"https:\/\/tabernaculoprensadedios.com\/web\/#website"},"primaryImageOfPage":{"@id":"https:\/\/tabernaculoprensadedios.com\/web\/ante-la-crisis-internacional-un-llamado-a-la-prudencia-la-solidaridad-y-la-prevision-nacional\/#primaryimage"},"image":{"@id":"https:\/\/tabernaculoprensadedios.com\/web\/ante-la-crisis-internacional-un-llamado-a-la-prudencia-la-solidaridad-y-la-prevision-nacional\/#primaryimage"},"thumbnailUrl":"https:\/\/tabernaculoprensadedios.com\/web\/wp-content\/uploads\/2023\/02\/codue-lacen.jpg","datePublished":"2026-03-16T17:50:50+00:00","dateModified":"2026-03-16T17:52:08+00:00","breadcrumb":{"@id":"https:\/\/tabernaculoprensadedios.com\/web\/ante-la-crisis-internacional-un-llamado-a-la-prudencia-la-solidaridad-y-la-prevision-nacional\/#breadcrumb"},"inLanguage":"es","potentialAction":[{"@type":"ReadAction","target":["https:\/\/tabernaculoprensadedios.com\/web\/ante-la-crisis-internacional-un-llamado-a-la-prudencia-la-solidaridad-y-la-prevision-nacional\/"]}]},{"@type":"ImageObject","inLanguage":"es","@id":"https:\/\/tabernaculoprensadedios.com\/web\/ante-la-crisis-internacional-un-llamado-a-la-prudencia-la-solidaridad-y-la-prevision-nacional\/#primaryimage","url":"https:\/\/tabernaculoprensadedios.com\/web\/wp-content\/uploads\/2023\/02\/codue-lacen.jpg","contentUrl":"https:\/\/tabernaculoprensadedios.com\/web\/wp-content\/uploads\/2023\/02\/codue-lacen.jpg","width":1280,"height":852},{"@type":"BreadcrumbList","@id":"https:\/\/tabernaculoprensadedios.com\/web\/ante-la-crisis-internacional-un-llamado-a-la-prudencia-la-solidaridad-y-la-prevision-nacional\/#breadcrumb","itemListElement":[{"@type":"ListItem","position":1,"name":"Portada","item":"https:\/\/tabernaculoprensadedios.com\/web\/"},{"@type":"ListItem","position":2,"name":"Ante la crisis internacional: un llamado a la prudencia, la solidaridad y la previsi\u00f3n nacional"}]},{"@type":"WebSite","@id":"https:\/\/tabernaculoprensadedios.com\/web\/#website","url":"https:\/\/tabernaculoprensadedios.com\/web\/","name":"Tabernaculo Prensa de Dios","description":"Un medio a la manera de Dios","publisher":{"@id":"https:\/\/tabernaculoprensadedios.com\/web\/#\/schema\/person\/bc0e069fef56b38e177db6f098ae0b6e"},"potentialAction":[{"@type":"SearchAction","target":{"@type":"EntryPoint","urlTemplate":"https:\/\/tabernaculoprensadedios.com\/web\/?s={search_term_string}"},"query-input":{"@type":"PropertyValueSpecification","valueRequired":true,"valueName":"search_term_string"}}],"inLanguage":"es"},{"@type":["Person","Organization"],"@id":"https:\/\/tabernaculoprensadedios.com\/web\/#\/schema\/person\/bc0e069fef56b38e177db6f098ae0b6e","name":"tabernaculo","image":{"@type":"ImageObject","inLanguage":"es","@id":"https:\/\/tabernaculoprensadedios.com\/web\/#\/schema\/person\/image\/","url":"https:\/\/tabernaculoprensadedios.com\/web\/wp-content\/uploads\/2015\/06\/login-logo1.png","contentUrl":"https:\/\/tabernaculoprensadedios.com\/web\/wp-content\/uploads\/2015\/06\/login-logo1.png","width":300,"height":118,"caption":"tabernaculo"},"logo":{"@id":"https:\/\/tabernaculoprensadedios.com\/web\/#\/schema\/person\/image\/"},"url":"https:\/\/tabernaculoprensadedios.com\/web\/author\/tabernaculo\/"}]}},"_links":{"self":[{"href":"https:\/\/tabernaculoprensadedios.com\/web\/wp-json\/wp\/v2\/posts\/37467","targetHints":{"allow":["GET"]}}],"collection":[{"href":"https:\/\/tabernaculoprensadedios.com\/web\/wp-json\/wp\/v2\/posts"}],"about":[{"href":"https:\/\/tabernaculoprensadedios.com\/web\/wp-json\/wp\/v2\/types\/post"}],"author":[{"embeddable":true,"href":"https:\/\/tabernaculoprensadedios.com\/web\/wp-json\/wp\/v2\/users\/1"}],"replies":[{"embeddable":true,"href":"https:\/\/tabernaculoprensadedios.com\/web\/wp-json\/wp\/v2\/comments?post=37467"}],"version-history":[{"count":1,"href":"https:\/\/tabernaculoprensadedios.com\/web\/wp-json\/wp\/v2\/posts\/37467\/revisions"}],"predecessor-version":[{"id":37468,"href":"https:\/\/tabernaculoprensadedios.com\/web\/wp-json\/wp\/v2\/posts\/37467\/revisions\/37468"}],"wp:featuredmedia":[{"embeddable":true,"href":"https:\/\/tabernaculoprensadedios.com\/web\/wp-json\/wp\/v2\/media\/27447"}],"wp:attachment":[{"href":"https:\/\/tabernaculoprensadedios.com\/web\/wp-json\/wp\/v2\/media?parent=37467"}],"wp:term":[{"taxonomy":"category","embeddable":true,"href":"https:\/\/tabernaculoprensadedios.com\/web\/wp-json\/wp\/v2\/categories?post=37467"},{"taxonomy":"post_tag","embeddable":true,"href":"https:\/\/tabernaculoprensadedios.com\/web\/wp-json\/wp\/v2\/tags?post=37467"}],"curies":[{"name":"wp","href":"https:\/\/api.w.org\/{rel}","templated":true}]}}