{"id":37452,"date":"2026-03-13T13:29:11","date_gmt":"2026-03-13T17:29:11","guid":{"rendered":"https:\/\/tabernaculoprensadedios.com\/web\/?p=37452"},"modified":"2026-03-13T14:26:20","modified_gmt":"2026-03-13T18:26:20","slug":"unev-fortalece-vinculos-academicos-en-ciencias-forestales-tras-encuentro-con-plan-sierra-y-universidad-de-honduras","status":"publish","type":"post","link":"https:\/\/tabernaculoprensadedios.com\/web\/unev-fortalece-vinculos-academicos-en-ciencias-forestales-tras-encuentro-con-plan-sierra-y-universidad-de-honduras\/","title":{"rendered":"UNEV fortalece v\u00ednculos acad\u00e9micos en ciencias forestales tras encuentro con Plan Sierra y universidad de Honduras"},"content":{"rendered":"<p>El rector de la Universidad Nacional Evang\u00e9lica (UNEV), Dr. Rafael Reyes, recibi\u00f3 en su despacho a representantes de la organizaci\u00f3n Plan Sierra, quienes realizaron la presentaci\u00f3n formal del Dr. Miguel \u00c1ngel Vel\u00e1zquez, rector de la Universidad Nacional de Ciencias Forestales de Honduras (UNACIFOR), con el prop\u00f3sito de explorar oportunidades de cooperaci\u00f3n acad\u00e9mica en el \u00e1rea de las ciencias forestales.<\/p>\n<p>El encuentro tuvo como objetivo intercambiar experiencias y analizar posibles iniciativas de colaboraci\u00f3n acad\u00e9mica, incluyendo la creaci\u00f3n de ofertas formativas conjuntas en Ciencias Forestales, Dasonom\u00eda y \u00e1reas afines, as\u00ed como el desarrollo de programas de cursos compartidos entre ambas instituciones, en diferentes modalidades educativas.<\/p>\n<p>Durante la reuni\u00f3n, el rector de la UNEV, Dr. Rafael Reyes, valor\u00f3 positivamente la visita y destac\u00f3 la importancia de promover alianzas estrat\u00e9gicas que contribuyan al desarrollo acad\u00e9mico y social.<\/p>\n<p>\u201cLa UNEV, como instituci\u00f3n acad\u00e9mica, siempre est\u00e1 abierta a todo aquello que vaya en beneficio y desarrollo de la sociedad. Estas propuestas impulsadas por el Plan Sierra representan una valiosa oportunidad para fortalecer la formaci\u00f3n en \u00e1reas estrat\u00e9gicas para el pa\u00eds\u201d, expres\u00f3 el Dr. Reyes.<\/p>\n<p>El rector tambi\u00e9n resalt\u00f3 el inter\u00e9s de la universidad en impulsar iniciativas que promuevan la formaci\u00f3n de profesionales comprometidos con la sostenibilidad ambiental y el manejo responsable de los recursos naturales.<\/p>\n<p>En ese contexto, se destac\u00f3 que Plan Sierra impulsa actualmente un programa de becas dirigido a j\u00f3venes dominicanos, especialmente de la regi\u00f3n de la Sierra, para cursar estudios en carreras vinculadas a las ciencias forestales, tanto a nivel t\u00e9cnico como de ingenier\u00eda.<\/p>\n<p>Ante esta iniciativa, el Dr. Reyes manifest\u00f3 la disposici\u00f3n de la UNEV de colaborar y generar sinergias institucionales que permitan ampliar las oportunidades de formaci\u00f3n en este importante campo del conocimiento.<\/p>\n<p>\u201cEstamos en la mejor disposici\u00f3n de trabajar de manera conjunta y construir sinergias que permitan fortalecer la formaci\u00f3n de profesionales en ciencias forestales, aportando as\u00ed al desarrollo sostenible y al bienestar de nuestras comunidades\u201d, afirm\u00f3 Reyes.<\/p>\n<p>El encuentro permiti\u00f3 adem\u00e1s consolidar un espacio de di\u00e1logo acad\u00e9mico orientado a la cooperaci\u00f3n regional y al intercambio de conocimientos entre instituciones dedicadas a la formaci\u00f3n y la investigaci\u00f3n en \u00e1reas vinculadas al medio ambiente.<\/p>\n<p>La visita estuvo integrada adem\u00e1s por el Dr. Jos\u00e9 Fidel Alvarado S\u00e1nchez, vicerrector acad\u00e9mico de la Universidad Nacional de Ciencias Forestales de Honduras (UNACIFOR); as\u00ed como por la Sra. Inmaculada Adames, vicepresidenta ejecutiva del Plan Sierra, y la Sra. Rosanna V\u00e1squez, encargada de Planificaci\u00f3n, Desarrollo y Comunicaci\u00f3n de esa organizaci\u00f3n.<\/p>\n<p>Este acercamiento reafirma el compromiso de la Universidad Nacional Evang\u00e9lica con la cooperaci\u00f3n acad\u00e9mica internacional, la formaci\u00f3n de profesionales en \u00e1reas estrat\u00e9gicas y el impulso de iniciativas que contribuyan al desarrollo sostenible de la regi\u00f3n.<\/p>\n","protected":false},"excerpt":{"rendered":"<p>El rector de la Universidad Nacional Evang\u00e9lica (UNEV), Dr. Rafael Reyes, recibi\u00f3 en su despacho a representantes de la organizaci\u00f3n Plan Sierra, quienes realizaron la presentaci\u00f3n formal del Dr. Miguel \u00c1ngel Vel\u00e1zquez, rector de la Universidad Nacional de Ciencias Forestales de Honduras (UNACIFOR), con el prop\u00f3sito de explorar oportunidades de cooperaci\u00f3n acad\u00e9mica en el \u00e1rea &hellip;<\/p>\n","protected":false},"author":1,"featured_media":37453,"comment_status":"open","ping_status":"open","sticky":false,"template":"","format":"standard","meta":{"footnotes":""},"categories":[19],"tags":[],"class_list":["post-37452","post","type-post","status-publish","format-standard","has-post-thumbnail","hentry","category-educacion"],"yoast_head":"<!-- This site is optimized with the Yoast SEO Premium plugin v24.2 (Yoast SEO v27.1.1) - https:\/\/yoast.com\/product\/yoast-seo-premium-wordpress\/ -->\n<title>UNEV fortalece v\u00ednculos acad\u00e9micos en ciencias forestales tras encuentro con Plan Sierra y universidad de Honduras - Tabernaculo Prensa de Dios<\/title>\n<meta name=\"robots\" content=\"index, follow, max-snippet:-1, max-image-preview:large, max-video-preview:-1\" \/>\n<link rel=\"canonical\" href=\"https:\/\/tabernaculoprensadedios.com\/web\/unev-fortalece-vinculos-academicos-en-ciencias-forestales-tras-encuentro-con-plan-sierra-y-universidad-de-honduras\/\" class=\"yoast-seo-meta-tag\" \/>\n<meta property=\"og:locale\" content=\"es_ES\" class=\"yoast-seo-meta-tag\" \/>\n<meta property=\"og:type\" content=\"article\" class=\"yoast-seo-meta-tag\" \/>\n<meta property=\"og:title\" content=\"UNEV fortalece v\u00ednculos acad\u00e9micos en ciencias forestales tras encuentro con Plan Sierra y universidad de Honduras\" class=\"yoast-seo-meta-tag\" \/>\n<meta property=\"og:description\" content=\"El rector de la Universidad Nacional Evang\u00e9lica (UNEV), Dr. Rafael Reyes, recibi\u00f3 en su despacho a representantes de la organizaci\u00f3n Plan Sierra, quienes realizaron la presentaci\u00f3n formal del Dr. Miguel \u00c1ngel Vel\u00e1zquez, rector de la Universidad Nacional de Ciencias Forestales de Honduras (UNACIFOR), con el prop\u00f3sito de explorar oportunidades de cooperaci\u00f3n acad\u00e9mica en el \u00e1rea &hellip;\" class=\"yoast-seo-meta-tag\" \/>\n<meta property=\"og:url\" content=\"https:\/\/tabernaculoprensadedios.com\/web\/unev-fortalece-vinculos-academicos-en-ciencias-forestales-tras-encuentro-con-plan-sierra-y-universidad-de-honduras\/\" class=\"yoast-seo-meta-tag\" \/>\n<meta property=\"og:site_name\" content=\"Tabernaculo Prensa de Dios\" class=\"yoast-seo-meta-tag\" \/>\n<meta property=\"article:published_time\" content=\"2026-03-13T17:29:11+00:00\" class=\"yoast-seo-meta-tag\" \/>\n<meta property=\"article:modified_time\" content=\"2026-03-13T18:26:20+00:00\" class=\"yoast-seo-meta-tag\" \/>\n<meta property=\"og:image\" content=\"https:\/\/tabernaculoprensadedios.com\/web\/wp-content\/uploads\/2026\/03\/FOTO-PLAN-SIERRA-727x409-1.jpg\" class=\"yoast-seo-meta-tag\" \/>\n\t<meta property=\"og:image:width\" content=\"727\" class=\"yoast-seo-meta-tag\" \/>\n\t<meta property=\"og:image:height\" content=\"409\" class=\"yoast-seo-meta-tag\" \/>\n\t<meta property=\"og:image:type\" content=\"image\/jpeg\" class=\"yoast-seo-meta-tag\" \/>\n<meta name=\"author\" content=\"tabernaculo\" class=\"yoast-seo-meta-tag\" \/>\n<meta name=\"twitter:card\" content=\"summary_large_image\" class=\"yoast-seo-meta-tag\" \/>\n<meta name=\"twitter:creator\" content=\"@PrensadeDios\" class=\"yoast-seo-meta-tag\" \/>\n<meta name=\"twitter:site\" content=\"@PrensadeDios\" class=\"yoast-seo-meta-tag\" \/>\n<meta name=\"twitter:label1\" content=\"Escrito por\" class=\"yoast-seo-meta-tag\" \/>\n\t<meta name=\"twitter:data1\" content=\"tabernaculo\" class=\"yoast-seo-meta-tag\" \/>\n\t<meta name=\"twitter:label2\" content=\"Tiempo de lectura\" class=\"yoast-seo-meta-tag\" \/>\n\t<meta name=\"twitter:data2\" content=\"3 minutos\" class=\"yoast-seo-meta-tag\" \/>\n<script type=\"application\/ld+json\" class=\"yoast-schema-graph\">{\"@context\":\"https:\/\/schema.org\",\"@graph\":[{\"@type\":\"Article\",\"@id\":\"https:\/\/tabernaculoprensadedios.com\/web\/unev-fortalece-vinculos-academicos-en-ciencias-forestales-tras-encuentro-con-plan-sierra-y-universidad-de-honduras\/#article\",\"isPartOf\":{\"@id\":\"https:\/\/tabernaculoprensadedios.com\/web\/unev-fortalece-vinculos-academicos-en-ciencias-forestales-tras-encuentro-con-plan-sierra-y-universidad-de-honduras\/\"},\"author\":{\"name\":\"tabernaculo\",\"@id\":\"https:\/\/tabernaculoprensadedios.com\/web\/#\/schema\/person\/bc0e069fef56b38e177db6f098ae0b6e\"},\"headline\":\"UNEV fortalece v\u00ednculos acad\u00e9micos en ciencias forestales tras encuentro con Plan Sierra y universidad de Honduras\",\"datePublished\":\"2026-03-13T17:29:11+00:00\",\"dateModified\":\"2026-03-13T18:26:20+00:00\",\"mainEntityOfPage\":{\"@id\":\"https:\/\/tabernaculoprensadedios.com\/web\/unev-fortalece-vinculos-academicos-en-ciencias-forestales-tras-encuentro-con-plan-sierra-y-universidad-de-honduras\/\"},\"wordCount\":505,\"commentCount\":0,\"publisher\":{\"@id\":\"https:\/\/tabernaculoprensadedios.com\/web\/#\/schema\/person\/bc0e069fef56b38e177db6f098ae0b6e\"},\"image\":{\"@id\":\"https:\/\/tabernaculoprensadedios.com\/web\/unev-fortalece-vinculos-academicos-en-ciencias-forestales-tras-encuentro-con-plan-sierra-y-universidad-de-honduras\/#primaryimage\"},\"thumbnailUrl\":\"https:\/\/tabernaculoprensadedios.com\/web\/wp-content\/uploads\/2026\/03\/FOTO-PLAN-SIERRA-727x409-1.jpg\",\"articleSection\":[\"Educaci\u00f3n\"],\"inLanguage\":\"es\",\"potentialAction\":[{\"@type\":\"CommentAction\",\"name\":\"Comment\",\"target\":[\"https:\/\/tabernaculoprensadedios.com\/web\/unev-fortalece-vinculos-academicos-en-ciencias-forestales-tras-encuentro-con-plan-sierra-y-universidad-de-honduras\/#respond\"]}]},{\"@type\":\"WebPage\",\"@id\":\"https:\/\/tabernaculoprensadedios.com\/web\/unev-fortalece-vinculos-academicos-en-ciencias-forestales-tras-encuentro-con-plan-sierra-y-universidad-de-honduras\/\",\"url\":\"https:\/\/tabernaculoprensadedios.com\/web\/unev-fortalece-vinculos-academicos-en-ciencias-forestales-tras-encuentro-con-plan-sierra-y-universidad-de-honduras\/\",\"name\":\"UNEV fortalece v\u00ednculos acad\u00e9micos en ciencias forestales tras encuentro con Plan Sierra y universidad de Honduras - Tabernaculo Prensa de Dios\",\"isPartOf\":{\"@id\":\"https:\/\/tabernaculoprensadedios.com\/web\/#website\"},\"primaryImageOfPage\":{\"@id\":\"https:\/\/tabernaculoprensadedios.com\/web\/unev-fortalece-vinculos-academicos-en-ciencias-forestales-tras-encuentro-con-plan-sierra-y-universidad-de-honduras\/#primaryimage\"},\"image\":{\"@id\":\"https:\/\/tabernaculoprensadedios.com\/web\/unev-fortalece-vinculos-academicos-en-ciencias-forestales-tras-encuentro-con-plan-sierra-y-universidad-de-honduras\/#primaryimage\"},\"thumbnailUrl\":\"https:\/\/tabernaculoprensadedios.com\/web\/wp-content\/uploads\/2026\/03\/FOTO-PLAN-SIERRA-727x409-1.jpg\",\"datePublished\":\"2026-03-13T17:29:11+00:00\",\"dateModified\":\"2026-03-13T18:26:20+00:00\",\"breadcrumb\":{\"@id\":\"https:\/\/tabernaculoprensadedios.com\/web\/unev-fortalece-vinculos-academicos-en-ciencias-forestales-tras-encuentro-con-plan-sierra-y-universidad-de-honduras\/#breadcrumb\"},\"inLanguage\":\"es\",\"potentialAction\":[{\"@type\":\"ReadAction\",\"target\":[\"https:\/\/tabernaculoprensadedios.com\/web\/unev-fortalece-vinculos-academicos-en-ciencias-forestales-tras-encuentro-con-plan-sierra-y-universidad-de-honduras\/\"]}]},{\"@type\":\"ImageObject\",\"inLanguage\":\"es\",\"@id\":\"https:\/\/tabernaculoprensadedios.com\/web\/unev-fortalece-vinculos-academicos-en-ciencias-forestales-tras-encuentro-con-plan-sierra-y-universidad-de-honduras\/#primaryimage\",\"url\":\"https:\/\/tabernaculoprensadedios.com\/web\/wp-content\/uploads\/2026\/03\/FOTO-PLAN-SIERRA-727x409-1.jpg\",\"contentUrl\":\"https:\/\/tabernaculoprensadedios.com\/web\/wp-content\/uploads\/2026\/03\/FOTO-PLAN-SIERRA-727x409-1.jpg\",\"width\":727,\"height\":409},{\"@type\":\"BreadcrumbList\",\"@id\":\"https:\/\/tabernaculoprensadedios.com\/web\/unev-fortalece-vinculos-academicos-en-ciencias-forestales-tras-encuentro-con-plan-sierra-y-universidad-de-honduras\/#breadcrumb\",\"itemListElement\":[{\"@type\":\"ListItem\",\"position\":1,\"name\":\"Portada\",\"item\":\"https:\/\/tabernaculoprensadedios.com\/web\/\"},{\"@type\":\"ListItem\",\"position\":2,\"name\":\"UNEV fortalece v\u00ednculos acad\u00e9micos en ciencias forestales tras encuentro con Plan Sierra y universidad de Honduras\"}]},{\"@type\":\"WebSite\",\"@id\":\"https:\/\/tabernaculoprensadedios.com\/web\/#website\",\"url\":\"https:\/\/tabernaculoprensadedios.com\/web\/\",\"name\":\"Tabernaculo Prensa de Dios\",\"description\":\"Un medio a la manera de Dios\",\"publisher\":{\"@id\":\"https:\/\/tabernaculoprensadedios.com\/web\/#\/schema\/person\/bc0e069fef56b38e177db6f098ae0b6e\"},\"potentialAction\":[{\"@type\":\"SearchAction\",\"target\":{\"@type\":\"EntryPoint\",\"urlTemplate\":\"https:\/\/tabernaculoprensadedios.com\/web\/?s={search_term_string}\"},\"query-input\":{\"@type\":\"PropertyValueSpecification\",\"valueRequired\":true,\"valueName\":\"search_term_string\"}}],\"inLanguage\":\"es\"},{\"@type\":[\"Person\",\"Organization\"],\"@id\":\"https:\/\/tabernaculoprensadedios.com\/web\/#\/schema\/person\/bc0e069fef56b38e177db6f098ae0b6e\",\"name\":\"tabernaculo\",\"image\":{\"@type\":\"ImageObject\",\"inLanguage\":\"es\",\"@id\":\"https:\/\/tabernaculoprensadedios.com\/web\/#\/schema\/person\/image\/\",\"url\":\"https:\/\/tabernaculoprensadedios.com\/web\/wp-content\/uploads\/2015\/06\/login-logo1.png\",\"contentUrl\":\"https:\/\/tabernaculoprensadedios.com\/web\/wp-content\/uploads\/2015\/06\/login-logo1.png\",\"width\":300,\"height\":118,\"caption\":\"tabernaculo\"},\"logo\":{\"@id\":\"https:\/\/tabernaculoprensadedios.com\/web\/#\/schema\/person\/image\/\"},\"url\":\"https:\/\/tabernaculoprensadedios.com\/web\/author\/tabernaculo\/\"}]}<\/script>\n<!-- \/ Yoast SEO Premium plugin. -->","yoast_head_json":{"title":"UNEV fortalece v\u00ednculos acad\u00e9micos en ciencias forestales tras encuentro con Plan Sierra y universidad de Honduras - Tabernaculo Prensa de Dios","robots":{"index":"index","follow":"follow","max-snippet":"max-snippet:-1","max-image-preview":"max-image-preview:large","max-video-preview":"max-video-preview:-1"},"canonical":"https:\/\/tabernaculoprensadedios.com\/web\/unev-fortalece-vinculos-academicos-en-ciencias-forestales-tras-encuentro-con-plan-sierra-y-universidad-de-honduras\/","og_locale":"es_ES","og_type":"article","og_title":"UNEV fortalece v\u00ednculos acad\u00e9micos en ciencias forestales tras encuentro con Plan Sierra y universidad de Honduras","og_description":"El rector de la Universidad Nacional Evang\u00e9lica (UNEV), Dr. Rafael Reyes, recibi\u00f3 en su despacho a representantes de la organizaci\u00f3n Plan Sierra, quienes realizaron la presentaci\u00f3n formal del Dr. Miguel \u00c1ngel Vel\u00e1zquez, rector de la Universidad Nacional de Ciencias Forestales de Honduras (UNACIFOR), con el prop\u00f3sito de explorar oportunidades de cooperaci\u00f3n acad\u00e9mica en el \u00e1rea &hellip;","og_url":"https:\/\/tabernaculoprensadedios.com\/web\/unev-fortalece-vinculos-academicos-en-ciencias-forestales-tras-encuentro-con-plan-sierra-y-universidad-de-honduras\/","og_site_name":"Tabernaculo Prensa de Dios","article_published_time":"2026-03-13T17:29:11+00:00","article_modified_time":"2026-03-13T18:26:20+00:00","og_image":[{"width":727,"height":409,"url":"https:\/\/tabernaculoprensadedios.com\/web\/wp-content\/uploads\/2026\/03\/FOTO-PLAN-SIERRA-727x409-1.jpg","type":"image\/jpeg"}],"author":"tabernaculo","twitter_card":"summary_large_image","twitter_creator":"@PrensadeDios","twitter_site":"@PrensadeDios","twitter_misc":{"Escrito por":"tabernaculo","Tiempo de lectura":"3 minutos"},"schema":{"@context":"https:\/\/schema.org","@graph":[{"@type":"Article","@id":"https:\/\/tabernaculoprensadedios.com\/web\/unev-fortalece-vinculos-academicos-en-ciencias-forestales-tras-encuentro-con-plan-sierra-y-universidad-de-honduras\/#article","isPartOf":{"@id":"https:\/\/tabernaculoprensadedios.com\/web\/unev-fortalece-vinculos-academicos-en-ciencias-forestales-tras-encuentro-con-plan-sierra-y-universidad-de-honduras\/"},"author":{"name":"tabernaculo","@id":"https:\/\/tabernaculoprensadedios.com\/web\/#\/schema\/person\/bc0e069fef56b38e177db6f098ae0b6e"},"headline":"UNEV fortalece v\u00ednculos acad\u00e9micos en ciencias forestales tras encuentro con Plan Sierra y universidad de Honduras","datePublished":"2026-03-13T17:29:11+00:00","dateModified":"2026-03-13T18:26:20+00:00","mainEntityOfPage":{"@id":"https:\/\/tabernaculoprensadedios.com\/web\/unev-fortalece-vinculos-academicos-en-ciencias-forestales-tras-encuentro-con-plan-sierra-y-universidad-de-honduras\/"},"wordCount":505,"commentCount":0,"publisher":{"@id":"https:\/\/tabernaculoprensadedios.com\/web\/#\/schema\/person\/bc0e069fef56b38e177db6f098ae0b6e"},"image":{"@id":"https:\/\/tabernaculoprensadedios.com\/web\/unev-fortalece-vinculos-academicos-en-ciencias-forestales-tras-encuentro-con-plan-sierra-y-universidad-de-honduras\/#primaryimage"},"thumbnailUrl":"https:\/\/tabernaculoprensadedios.com\/web\/wp-content\/uploads\/2026\/03\/FOTO-PLAN-SIERRA-727x409-1.jpg","articleSection":["Educaci\u00f3n"],"inLanguage":"es","potentialAction":[{"@type":"CommentAction","name":"Comment","target":["https:\/\/tabernaculoprensadedios.com\/web\/unev-fortalece-vinculos-academicos-en-ciencias-forestales-tras-encuentro-con-plan-sierra-y-universidad-de-honduras\/#respond"]}]},{"@type":"WebPage","@id":"https:\/\/tabernaculoprensadedios.com\/web\/unev-fortalece-vinculos-academicos-en-ciencias-forestales-tras-encuentro-con-plan-sierra-y-universidad-de-honduras\/","url":"https:\/\/tabernaculoprensadedios.com\/web\/unev-fortalece-vinculos-academicos-en-ciencias-forestales-tras-encuentro-con-plan-sierra-y-universidad-de-honduras\/","name":"UNEV fortalece v\u00ednculos acad\u00e9micos en ciencias forestales tras encuentro con Plan Sierra y universidad de Honduras - Tabernaculo Prensa de Dios","isPartOf":{"@id":"https:\/\/tabernaculoprensadedios.com\/web\/#website"},"primaryImageOfPage":{"@id":"https:\/\/tabernaculoprensadedios.com\/web\/unev-fortalece-vinculos-academicos-en-ciencias-forestales-tras-encuentro-con-plan-sierra-y-universidad-de-honduras\/#primaryimage"},"image":{"@id":"https:\/\/tabernaculoprensadedios.com\/web\/unev-fortalece-vinculos-academicos-en-ciencias-forestales-tras-encuentro-con-plan-sierra-y-universidad-de-honduras\/#primaryimage"},"thumbnailUrl":"https:\/\/tabernaculoprensadedios.com\/web\/wp-content\/uploads\/2026\/03\/FOTO-PLAN-SIERRA-727x409-1.jpg","datePublished":"2026-03-13T17:29:11+00:00","dateModified":"2026-03-13T18:26:20+00:00","breadcrumb":{"@id":"https:\/\/tabernaculoprensadedios.com\/web\/unev-fortalece-vinculos-academicos-en-ciencias-forestales-tras-encuentro-con-plan-sierra-y-universidad-de-honduras\/#breadcrumb"},"inLanguage":"es","potentialAction":[{"@type":"ReadAction","target":["https:\/\/tabernaculoprensadedios.com\/web\/unev-fortalece-vinculos-academicos-en-ciencias-forestales-tras-encuentro-con-plan-sierra-y-universidad-de-honduras\/"]}]},{"@type":"ImageObject","inLanguage":"es","@id":"https:\/\/tabernaculoprensadedios.com\/web\/unev-fortalece-vinculos-academicos-en-ciencias-forestales-tras-encuentro-con-plan-sierra-y-universidad-de-honduras\/#primaryimage","url":"https:\/\/tabernaculoprensadedios.com\/web\/wp-content\/uploads\/2026\/03\/FOTO-PLAN-SIERRA-727x409-1.jpg","contentUrl":"https:\/\/tabernaculoprensadedios.com\/web\/wp-content\/uploads\/2026\/03\/FOTO-PLAN-SIERRA-727x409-1.jpg","width":727,"height":409},{"@type":"BreadcrumbList","@id":"https:\/\/tabernaculoprensadedios.com\/web\/unev-fortalece-vinculos-academicos-en-ciencias-forestales-tras-encuentro-con-plan-sierra-y-universidad-de-honduras\/#breadcrumb","itemListElement":[{"@type":"ListItem","position":1,"name":"Portada","item":"https:\/\/tabernaculoprensadedios.com\/web\/"},{"@type":"ListItem","position":2,"name":"UNEV fortalece v\u00ednculos acad\u00e9micos en ciencias forestales tras encuentro con Plan Sierra y universidad de Honduras"}]},{"@type":"WebSite","@id":"https:\/\/tabernaculoprensadedios.com\/web\/#website","url":"https:\/\/tabernaculoprensadedios.com\/web\/","name":"Tabernaculo Prensa de Dios","description":"Un medio a la manera de Dios","publisher":{"@id":"https:\/\/tabernaculoprensadedios.com\/web\/#\/schema\/person\/bc0e069fef56b38e177db6f098ae0b6e"},"potentialAction":[{"@type":"SearchAction","target":{"@type":"EntryPoint","urlTemplate":"https:\/\/tabernaculoprensadedios.com\/web\/?s={search_term_string}"},"query-input":{"@type":"PropertyValueSpecification","valueRequired":true,"valueName":"search_term_string"}}],"inLanguage":"es"},{"@type":["Person","Organization"],"@id":"https:\/\/tabernaculoprensadedios.com\/web\/#\/schema\/person\/bc0e069fef56b38e177db6f098ae0b6e","name":"tabernaculo","image":{"@type":"ImageObject","inLanguage":"es","@id":"https:\/\/tabernaculoprensadedios.com\/web\/#\/schema\/person\/image\/","url":"https:\/\/tabernaculoprensadedios.com\/web\/wp-content\/uploads\/2015\/06\/login-logo1.png","contentUrl":"https:\/\/tabernaculoprensadedios.com\/web\/wp-content\/uploads\/2015\/06\/login-logo1.png","width":300,"height":118,"caption":"tabernaculo"},"logo":{"@id":"https:\/\/tabernaculoprensadedios.com\/web\/#\/schema\/person\/image\/"},"url":"https:\/\/tabernaculoprensadedios.com\/web\/author\/tabernaculo\/"}]}},"_links":{"self":[{"href":"https:\/\/tabernaculoprensadedios.com\/web\/wp-json\/wp\/v2\/posts\/37452","targetHints":{"allow":["GET"]}}],"collection":[{"href":"https:\/\/tabernaculoprensadedios.com\/web\/wp-json\/wp\/v2\/posts"}],"about":[{"href":"https:\/\/tabernaculoprensadedios.com\/web\/wp-json\/wp\/v2\/types\/post"}],"author":[{"embeddable":true,"href":"https:\/\/tabernaculoprensadedios.com\/web\/wp-json\/wp\/v2\/users\/1"}],"replies":[{"embeddable":true,"href":"https:\/\/tabernaculoprensadedios.com\/web\/wp-json\/wp\/v2\/comments?post=37452"}],"version-history":[{"count":1,"href":"https:\/\/tabernaculoprensadedios.com\/web\/wp-json\/wp\/v2\/posts\/37452\/revisions"}],"predecessor-version":[{"id":37454,"href":"https:\/\/tabernaculoprensadedios.com\/web\/wp-json\/wp\/v2\/posts\/37452\/revisions\/37454"}],"wp:featuredmedia":[{"embeddable":true,"href":"https:\/\/tabernaculoprensadedios.com\/web\/wp-json\/wp\/v2\/media\/37453"}],"wp:attachment":[{"href":"https:\/\/tabernaculoprensadedios.com\/web\/wp-json\/wp\/v2\/media?parent=37452"}],"wp:term":[{"taxonomy":"category","embeddable":true,"href":"https:\/\/tabernaculoprensadedios.com\/web\/wp-json\/wp\/v2\/categories?post=37452"},{"taxonomy":"post_tag","embeddable":true,"href":"https:\/\/tabernaculoprensadedios.com\/web\/wp-json\/wp\/v2\/tags?post=37452"}],"curies":[{"name":"wp","href":"https:\/\/api.w.org\/{rel}","templated":true}]}}