{"id":37444,"date":"2026-03-13T09:51:53","date_gmt":"2026-03-13T13:51:53","guid":{"rendered":"https:\/\/tabernaculoprensadedios.com\/web\/?p=37444"},"modified":"2026-03-13T09:51:53","modified_gmt":"2026-03-13T13:51:53","slug":"entre-ormuz-y-apocalipsis-la-historia-en-manos-del-rey-de-reyes","status":"publish","type":"post","link":"https:\/\/tabernaculoprensadedios.com\/web\/entre-ormuz-y-apocalipsis-la-historia-en-manos-del-rey-de-reyes\/","title":{"rendered":"Entre Ormuz y Apocalipsis: La Historia en Manos del Rey de Reyes"},"content":{"rendered":"<p>El estrecho de Ormuz, ubicado entre Ir\u00e1n y Om\u00e1n, es uno de los puntos m\u00e1s estrat\u00e9gicos del planeta. Por all\u00ed transita cerca de una quinta parte del petr\u00f3leo mundial. Su cierre tendr\u00eda un efecto inmediato: la econom\u00eda global se ver\u00eda sacudida y los precios del combustible se dispararon en cuesti\u00f3n de horas, incluso en lugares tan distantes como la Rep\u00fablica Dominicana.<\/p>\n<p>Sin embargo, la geopol\u00edtica revela un matiz parad\u00f3jico: cerrar Ormuz ser\u00eda un bumer\u00e1n. No solo afectar\u00eda a Occidente, sino tambi\u00e9n a potencias como China, India y Jap\u00f3n, que dependen de ese mismo flujo energ\u00e9tico. En \u00faltima instancia, el propio Ir\u00e1n sufrir\u00eda las consecuencias, como quien corta la electricidad del edificio para dar una lecci\u00f3n\u2026 y descubre que su propio refrigerador est\u00e1 lleno de carne.<\/p>\n<p>La Biblia no menciona a Ormuz por nombre, pero s\u00ed a Persia, el territorio que hoy corresponde a Ir\u00e1n. En la visi\u00f3n de Ezequiel sobre la guerra de Gog y Magog, Persia aparece como uno de los actores del conflicto escatol\u00f3gico:<\/p>\n<p>\u201cPersia, Cus y Fut con ellos; todos ellos con escudo y yelmo\u201d (Ezequiel 38:5, RV60).<\/p>\n<p>Este pasaje sit\u00faa a Ir\u00e1n dentro de un escenario prof\u00e9tico donde las naciones se alinean en un choque final contra el pueblo de Dios.<\/p>\n<p>El ap\u00f3stol Pablo introduce una clave hermen\u00e9utica que ampl\u00eda la visi\u00f3n de los profetas:<\/p>\n<p>\u201cPorque no todos los que descienden de Israel son israelitas\u201d (Romanos 9:6, RV60).<\/p>\n<p>Aqu\u00ed se revela que el Israel de la fe no se limita a la descendencia \u00e9tnica, sino que incluye a jud\u00edos y gentiles unidos en Cristo. Este pueblo espiritual es el que aparece en el horizonte del gran conflicto final.<\/p>\n<p>El Apocalipsis describe la victoria definitiva del Mes\u00edas sobre las fuerzas que se levantan contra el pueblo de Dios:<\/p>\n<p>\u201cY en su vestidura y en su muslo tiene escrito este nombre:\u00a0<strong>REY DE REYES Y SE\u00d1OR DE SE\u00d1ORES<\/strong>\u201d (Apocalipsis 19:16, RV60).<\/p>\n<p>En medio de las tensiones globales, la fe cristiana recuerda que la historia no avanza al azar. Los imperios cambian, las alianzas se transforman y las crisis sacuden a las naciones, pero la Escritura afirma que el trono de Dios permanece firme.<\/p>\n<p>Por encima de la geopol\u00edtica, de los conflictos energ\u00e9ticos y de las tensiones entre potencias, la historia sigue estando en manos de Aquel que gobierna sobre reyes y naciones.<\/p>\n<p><strong>Sobre el autor<\/strong><br \/>\nEl Dr. Rodrigo D\u00edaz Berm\u00fadez es pastor de la Iglesia Metodista, de nacionalidad costarricense. Es profesor en la\u00a0Universidad Nacional Evang\u00e9lica\u00a0y mantiene v\u00ednculos con la Rep\u00fablica Dominicana a trav\u00e9s de su familia y su labor acad\u00e9mica y ministerial.<\/p>\n","protected":false},"excerpt":{"rendered":"<p>El estrecho de Ormuz, ubicado entre Ir\u00e1n y Om\u00e1n, es uno de los puntos m\u00e1s estrat\u00e9gicos del planeta. Por all\u00ed transita cerca de una quinta parte del petr\u00f3leo mundial. Su cierre tendr\u00eda un efecto inmediato: la econom\u00eda global se ver\u00eda sacudida y los precios del combustible se dispararon en cuesti\u00f3n de horas, incluso en lugares &hellip;<\/p>\n","protected":false},"author":1,"featured_media":37237,"comment_status":"open","ping_status":"open","sticky":false,"template":"","format":"standard","meta":{"footnotes":""},"categories":[828],"tags":[],"class_list":["post-37444","post","type-post","status-publish","format-standard","has-post-thumbnail","hentry","category-fe-cultura-y-sociedad"],"yoast_head":"<!-- This site is optimized with the Yoast SEO Premium plugin v24.2 (Yoast SEO v27.1.1) - https:\/\/yoast.com\/product\/yoast-seo-premium-wordpress\/ -->\n<title>Entre Ormuz y Apocalipsis: La Historia en Manos del Rey de Reyes - Tabernaculo Prensa de Dios<\/title>\n<meta name=\"description\" content=\"FE, CULTURA Y SOCIEDAD es un espacio de reflexi\u00f3n que analiza los acontecimientos del mundo desde una perspectiva cristiana. Aqu\u00ed exploramos c\u00f3mo la fe dialoga con la cultura y con los procesos hist\u00f3ricos de nuestro tiempo, promoviendo una mirada equilibrada que resalte la dignidad humana, la verdad y los valores espirituales.\" class=\"yoast-seo-meta-tag\" \/>\n<meta name=\"robots\" content=\"index, follow, max-snippet:-1, max-image-preview:large, max-video-preview:-1\" \/>\n<link rel=\"canonical\" href=\"https:\/\/tabernaculoprensadedios.com\/web\/entre-ormuz-y-apocalipsis-la-historia-en-manos-del-rey-de-reyes\/\" class=\"yoast-seo-meta-tag\" \/>\n<meta property=\"og:locale\" content=\"es_ES\" class=\"yoast-seo-meta-tag\" \/>\n<meta property=\"og:type\" content=\"article\" class=\"yoast-seo-meta-tag\" \/>\n<meta property=\"og:title\" content=\"Entre Ormuz y Apocalipsis: La Historia en Manos del Rey de Reyes\" class=\"yoast-seo-meta-tag\" \/>\n<meta property=\"og:description\" content=\"FE, CULTURA Y SOCIEDAD es un espacio de reflexi\u00f3n que analiza los acontecimientos del mundo desde una perspectiva cristiana. Aqu\u00ed exploramos c\u00f3mo la fe dialoga con la cultura y con los procesos hist\u00f3ricos de nuestro tiempo, promoviendo una mirada equilibrada que resalte la dignidad humana, la verdad y los valores espirituales.\" class=\"yoast-seo-meta-tag\" \/>\n<meta property=\"og:url\" content=\"https:\/\/tabernaculoprensadedios.com\/web\/entre-ormuz-y-apocalipsis-la-historia-en-manos-del-rey-de-reyes\/\" class=\"yoast-seo-meta-tag\" \/>\n<meta property=\"og:site_name\" content=\"Tabernaculo Prensa de Dios\" class=\"yoast-seo-meta-tag\" \/>\n<meta property=\"article:published_time\" content=\"2026-03-13T13:51:53+00:00\" class=\"yoast-seo-meta-tag\" \/>\n<meta property=\"og:image\" content=\"https:\/\/tabernaculoprensadedios.com\/web\/wp-content\/uploads\/2026\/02\/rodrigo-dia.jpg\" class=\"yoast-seo-meta-tag\" \/>\n\t<meta property=\"og:image:width\" content=\"1777\" class=\"yoast-seo-meta-tag\" \/>\n\t<meta property=\"og:image:height\" content=\"1231\" class=\"yoast-seo-meta-tag\" \/>\n\t<meta property=\"og:image:type\" content=\"image\/jpeg\" class=\"yoast-seo-meta-tag\" \/>\n<meta name=\"author\" content=\"tabernaculo\" class=\"yoast-seo-meta-tag\" \/>\n<meta name=\"twitter:card\" content=\"summary_large_image\" class=\"yoast-seo-meta-tag\" \/>\n<meta name=\"twitter:creator\" content=\"@PrensadeDios\" class=\"yoast-seo-meta-tag\" \/>\n<meta name=\"twitter:site\" content=\"@PrensadeDios\" class=\"yoast-seo-meta-tag\" \/>\n<meta name=\"twitter:label1\" content=\"Escrito por\" class=\"yoast-seo-meta-tag\" \/>\n\t<meta name=\"twitter:data1\" content=\"tabernaculo\" class=\"yoast-seo-meta-tag\" \/>\n\t<meta name=\"twitter:label2\" content=\"Tiempo de lectura\" class=\"yoast-seo-meta-tag\" \/>\n\t<meta name=\"twitter:data2\" content=\"3 minutos\" class=\"yoast-seo-meta-tag\" \/>\n<script type=\"application\/ld+json\" class=\"yoast-schema-graph\">{\"@context\":\"https:\/\/schema.org\",\"@graph\":[{\"@type\":\"Article\",\"@id\":\"https:\/\/tabernaculoprensadedios.com\/web\/entre-ormuz-y-apocalipsis-la-historia-en-manos-del-rey-de-reyes\/#article\",\"isPartOf\":{\"@id\":\"https:\/\/tabernaculoprensadedios.com\/web\/entre-ormuz-y-apocalipsis-la-historia-en-manos-del-rey-de-reyes\/\"},\"author\":{\"name\":\"tabernaculo\",\"@id\":\"https:\/\/tabernaculoprensadedios.com\/web\/#\/schema\/person\/bc0e069fef56b38e177db6f098ae0b6e\"},\"headline\":\"Entre Ormuz y Apocalipsis: La Historia en Manos del Rey de Reyes\",\"datePublished\":\"2026-03-13T13:51:53+00:00\",\"mainEntityOfPage\":{\"@id\":\"https:\/\/tabernaculoprensadedios.com\/web\/entre-ormuz-y-apocalipsis-la-historia-en-manos-del-rey-de-reyes\/\"},\"wordCount\":479,\"commentCount\":0,\"publisher\":{\"@id\":\"https:\/\/tabernaculoprensadedios.com\/web\/#\/schema\/person\/bc0e069fef56b38e177db6f098ae0b6e\"},\"image\":{\"@id\":\"https:\/\/tabernaculoprensadedios.com\/web\/entre-ormuz-y-apocalipsis-la-historia-en-manos-del-rey-de-reyes\/#primaryimage\"},\"thumbnailUrl\":\"https:\/\/tabernaculoprensadedios.com\/web\/wp-content\/uploads\/2026\/02\/rodrigo-dia.jpg\",\"articleSection\":[\"Fe Cultura y Sociedad\"],\"inLanguage\":\"es\",\"potentialAction\":[{\"@type\":\"CommentAction\",\"name\":\"Comment\",\"target\":[\"https:\/\/tabernaculoprensadedios.com\/web\/entre-ormuz-y-apocalipsis-la-historia-en-manos-del-rey-de-reyes\/#respond\"]}]},{\"@type\":\"WebPage\",\"@id\":\"https:\/\/tabernaculoprensadedios.com\/web\/entre-ormuz-y-apocalipsis-la-historia-en-manos-del-rey-de-reyes\/\",\"url\":\"https:\/\/tabernaculoprensadedios.com\/web\/entre-ormuz-y-apocalipsis-la-historia-en-manos-del-rey-de-reyes\/\",\"name\":\"Entre Ormuz y Apocalipsis: La Historia en Manos del Rey de Reyes - Tabernaculo Prensa de Dios\",\"isPartOf\":{\"@id\":\"https:\/\/tabernaculoprensadedios.com\/web\/#website\"},\"primaryImageOfPage\":{\"@id\":\"https:\/\/tabernaculoprensadedios.com\/web\/entre-ormuz-y-apocalipsis-la-historia-en-manos-del-rey-de-reyes\/#primaryimage\"},\"image\":{\"@id\":\"https:\/\/tabernaculoprensadedios.com\/web\/entre-ormuz-y-apocalipsis-la-historia-en-manos-del-rey-de-reyes\/#primaryimage\"},\"thumbnailUrl\":\"https:\/\/tabernaculoprensadedios.com\/web\/wp-content\/uploads\/2026\/02\/rodrigo-dia.jpg\",\"datePublished\":\"2026-03-13T13:51:53+00:00\",\"description\":\"FE, CULTURA Y SOCIEDAD es un espacio de reflexi\u00f3n que analiza los acontecimientos del mundo desde una perspectiva cristiana. Aqu\u00ed exploramos c\u00f3mo la fe dialoga con la cultura y con los procesos hist\u00f3ricos de nuestro tiempo, promoviendo una mirada equilibrada que resalte la dignidad humana, la verdad y los valores espirituales.\",\"breadcrumb\":{\"@id\":\"https:\/\/tabernaculoprensadedios.com\/web\/entre-ormuz-y-apocalipsis-la-historia-en-manos-del-rey-de-reyes\/#breadcrumb\"},\"inLanguage\":\"es\",\"potentialAction\":[{\"@type\":\"ReadAction\",\"target\":[\"https:\/\/tabernaculoprensadedios.com\/web\/entre-ormuz-y-apocalipsis-la-historia-en-manos-del-rey-de-reyes\/\"]}]},{\"@type\":\"ImageObject\",\"inLanguage\":\"es\",\"@id\":\"https:\/\/tabernaculoprensadedios.com\/web\/entre-ormuz-y-apocalipsis-la-historia-en-manos-del-rey-de-reyes\/#primaryimage\",\"url\":\"https:\/\/tabernaculoprensadedios.com\/web\/wp-content\/uploads\/2026\/02\/rodrigo-dia.jpg\",\"contentUrl\":\"https:\/\/tabernaculoprensadedios.com\/web\/wp-content\/uploads\/2026\/02\/rodrigo-dia.jpg\",\"width\":1777,\"height\":1231,\"caption\":\"Dr Rodrigo D\u00edaz Berm\u00fadez\"},{\"@type\":\"BreadcrumbList\",\"@id\":\"https:\/\/tabernaculoprensadedios.com\/web\/entre-ormuz-y-apocalipsis-la-historia-en-manos-del-rey-de-reyes\/#breadcrumb\",\"itemListElement\":[{\"@type\":\"ListItem\",\"position\":1,\"name\":\"Portada\",\"item\":\"https:\/\/tabernaculoprensadedios.com\/web\/\"},{\"@type\":\"ListItem\",\"position\":2,\"name\":\"Entre Ormuz y Apocalipsis: La Historia en Manos del Rey de Reyes\"}]},{\"@type\":\"WebSite\",\"@id\":\"https:\/\/tabernaculoprensadedios.com\/web\/#website\",\"url\":\"https:\/\/tabernaculoprensadedios.com\/web\/\",\"name\":\"Tabernaculo Prensa de Dios\",\"description\":\"Un medio a la manera de Dios\",\"publisher\":{\"@id\":\"https:\/\/tabernaculoprensadedios.com\/web\/#\/schema\/person\/bc0e069fef56b38e177db6f098ae0b6e\"},\"potentialAction\":[{\"@type\":\"SearchAction\",\"target\":{\"@type\":\"EntryPoint\",\"urlTemplate\":\"https:\/\/tabernaculoprensadedios.com\/web\/?s={search_term_string}\"},\"query-input\":{\"@type\":\"PropertyValueSpecification\",\"valueRequired\":true,\"valueName\":\"search_term_string\"}}],\"inLanguage\":\"es\"},{\"@type\":[\"Person\",\"Organization\"],\"@id\":\"https:\/\/tabernaculoprensadedios.com\/web\/#\/schema\/person\/bc0e069fef56b38e177db6f098ae0b6e\",\"name\":\"tabernaculo\",\"image\":{\"@type\":\"ImageObject\",\"inLanguage\":\"es\",\"@id\":\"https:\/\/tabernaculoprensadedios.com\/web\/#\/schema\/person\/image\/\",\"url\":\"https:\/\/tabernaculoprensadedios.com\/web\/wp-content\/uploads\/2015\/06\/login-logo1.png\",\"contentUrl\":\"https:\/\/tabernaculoprensadedios.com\/web\/wp-content\/uploads\/2015\/06\/login-logo1.png\",\"width\":300,\"height\":118,\"caption\":\"tabernaculo\"},\"logo\":{\"@id\":\"https:\/\/tabernaculoprensadedios.com\/web\/#\/schema\/person\/image\/\"},\"url\":\"https:\/\/tabernaculoprensadedios.com\/web\/author\/tabernaculo\/\"}]}<\/script>\n<!-- \/ Yoast SEO Premium plugin. -->","yoast_head_json":{"title":"Entre Ormuz y Apocalipsis: La Historia en Manos del Rey de Reyes - Tabernaculo Prensa de Dios","description":"FE, CULTURA Y SOCIEDAD es un espacio de reflexi\u00f3n que analiza los acontecimientos del mundo desde una perspectiva cristiana. Aqu\u00ed exploramos c\u00f3mo la fe dialoga con la cultura y con los procesos hist\u00f3ricos de nuestro tiempo, promoviendo una mirada equilibrada que resalte la dignidad humana, la verdad y los valores espirituales.","robots":{"index":"index","follow":"follow","max-snippet":"max-snippet:-1","max-image-preview":"max-image-preview:large","max-video-preview":"max-video-preview:-1"},"canonical":"https:\/\/tabernaculoprensadedios.com\/web\/entre-ormuz-y-apocalipsis-la-historia-en-manos-del-rey-de-reyes\/","og_locale":"es_ES","og_type":"article","og_title":"Entre Ormuz y Apocalipsis: La Historia en Manos del Rey de Reyes","og_description":"FE, CULTURA Y SOCIEDAD es un espacio de reflexi\u00f3n que analiza los acontecimientos del mundo desde una perspectiva cristiana. Aqu\u00ed exploramos c\u00f3mo la fe dialoga con la cultura y con los procesos hist\u00f3ricos de nuestro tiempo, promoviendo una mirada equilibrada que resalte la dignidad humana, la verdad y los valores espirituales.","og_url":"https:\/\/tabernaculoprensadedios.com\/web\/entre-ormuz-y-apocalipsis-la-historia-en-manos-del-rey-de-reyes\/","og_site_name":"Tabernaculo Prensa de Dios","article_published_time":"2026-03-13T13:51:53+00:00","og_image":[{"width":1777,"height":1231,"url":"https:\/\/tabernaculoprensadedios.com\/web\/wp-content\/uploads\/2026\/02\/rodrigo-dia.jpg","type":"image\/jpeg"}],"author":"tabernaculo","twitter_card":"summary_large_image","twitter_creator":"@PrensadeDios","twitter_site":"@PrensadeDios","twitter_misc":{"Escrito por":"tabernaculo","Tiempo de lectura":"3 minutos"},"schema":{"@context":"https:\/\/schema.org","@graph":[{"@type":"Article","@id":"https:\/\/tabernaculoprensadedios.com\/web\/entre-ormuz-y-apocalipsis-la-historia-en-manos-del-rey-de-reyes\/#article","isPartOf":{"@id":"https:\/\/tabernaculoprensadedios.com\/web\/entre-ormuz-y-apocalipsis-la-historia-en-manos-del-rey-de-reyes\/"},"author":{"name":"tabernaculo","@id":"https:\/\/tabernaculoprensadedios.com\/web\/#\/schema\/person\/bc0e069fef56b38e177db6f098ae0b6e"},"headline":"Entre Ormuz y Apocalipsis: La Historia en Manos del Rey de Reyes","datePublished":"2026-03-13T13:51:53+00:00","mainEntityOfPage":{"@id":"https:\/\/tabernaculoprensadedios.com\/web\/entre-ormuz-y-apocalipsis-la-historia-en-manos-del-rey-de-reyes\/"},"wordCount":479,"commentCount":0,"publisher":{"@id":"https:\/\/tabernaculoprensadedios.com\/web\/#\/schema\/person\/bc0e069fef56b38e177db6f098ae0b6e"},"image":{"@id":"https:\/\/tabernaculoprensadedios.com\/web\/entre-ormuz-y-apocalipsis-la-historia-en-manos-del-rey-de-reyes\/#primaryimage"},"thumbnailUrl":"https:\/\/tabernaculoprensadedios.com\/web\/wp-content\/uploads\/2026\/02\/rodrigo-dia.jpg","articleSection":["Fe Cultura y Sociedad"],"inLanguage":"es","potentialAction":[{"@type":"CommentAction","name":"Comment","target":["https:\/\/tabernaculoprensadedios.com\/web\/entre-ormuz-y-apocalipsis-la-historia-en-manos-del-rey-de-reyes\/#respond"]}]},{"@type":"WebPage","@id":"https:\/\/tabernaculoprensadedios.com\/web\/entre-ormuz-y-apocalipsis-la-historia-en-manos-del-rey-de-reyes\/","url":"https:\/\/tabernaculoprensadedios.com\/web\/entre-ormuz-y-apocalipsis-la-historia-en-manos-del-rey-de-reyes\/","name":"Entre Ormuz y Apocalipsis: La Historia en Manos del Rey de Reyes - Tabernaculo Prensa de Dios","isPartOf":{"@id":"https:\/\/tabernaculoprensadedios.com\/web\/#website"},"primaryImageOfPage":{"@id":"https:\/\/tabernaculoprensadedios.com\/web\/entre-ormuz-y-apocalipsis-la-historia-en-manos-del-rey-de-reyes\/#primaryimage"},"image":{"@id":"https:\/\/tabernaculoprensadedios.com\/web\/entre-ormuz-y-apocalipsis-la-historia-en-manos-del-rey-de-reyes\/#primaryimage"},"thumbnailUrl":"https:\/\/tabernaculoprensadedios.com\/web\/wp-content\/uploads\/2026\/02\/rodrigo-dia.jpg","datePublished":"2026-03-13T13:51:53+00:00","description":"FE, CULTURA Y SOCIEDAD es un espacio de reflexi\u00f3n que analiza los acontecimientos del mundo desde una perspectiva cristiana. Aqu\u00ed exploramos c\u00f3mo la fe dialoga con la cultura y con los procesos hist\u00f3ricos de nuestro tiempo, promoviendo una mirada equilibrada que resalte la dignidad humana, la verdad y los valores espirituales.","breadcrumb":{"@id":"https:\/\/tabernaculoprensadedios.com\/web\/entre-ormuz-y-apocalipsis-la-historia-en-manos-del-rey-de-reyes\/#breadcrumb"},"inLanguage":"es","potentialAction":[{"@type":"ReadAction","target":["https:\/\/tabernaculoprensadedios.com\/web\/entre-ormuz-y-apocalipsis-la-historia-en-manos-del-rey-de-reyes\/"]}]},{"@type":"ImageObject","inLanguage":"es","@id":"https:\/\/tabernaculoprensadedios.com\/web\/entre-ormuz-y-apocalipsis-la-historia-en-manos-del-rey-de-reyes\/#primaryimage","url":"https:\/\/tabernaculoprensadedios.com\/web\/wp-content\/uploads\/2026\/02\/rodrigo-dia.jpg","contentUrl":"https:\/\/tabernaculoprensadedios.com\/web\/wp-content\/uploads\/2026\/02\/rodrigo-dia.jpg","width":1777,"height":1231,"caption":"Dr Rodrigo D\u00edaz Berm\u00fadez"},{"@type":"BreadcrumbList","@id":"https:\/\/tabernaculoprensadedios.com\/web\/entre-ormuz-y-apocalipsis-la-historia-en-manos-del-rey-de-reyes\/#breadcrumb","itemListElement":[{"@type":"ListItem","position":1,"name":"Portada","item":"https:\/\/tabernaculoprensadedios.com\/web\/"},{"@type":"ListItem","position":2,"name":"Entre Ormuz y Apocalipsis: La Historia en Manos del Rey de Reyes"}]},{"@type":"WebSite","@id":"https:\/\/tabernaculoprensadedios.com\/web\/#website","url":"https:\/\/tabernaculoprensadedios.com\/web\/","name":"Tabernaculo Prensa de Dios","description":"Un medio a la manera de Dios","publisher":{"@id":"https:\/\/tabernaculoprensadedios.com\/web\/#\/schema\/person\/bc0e069fef56b38e177db6f098ae0b6e"},"potentialAction":[{"@type":"SearchAction","target":{"@type":"EntryPoint","urlTemplate":"https:\/\/tabernaculoprensadedios.com\/web\/?s={search_term_string}"},"query-input":{"@type":"PropertyValueSpecification","valueRequired":true,"valueName":"search_term_string"}}],"inLanguage":"es"},{"@type":["Person","Organization"],"@id":"https:\/\/tabernaculoprensadedios.com\/web\/#\/schema\/person\/bc0e069fef56b38e177db6f098ae0b6e","name":"tabernaculo","image":{"@type":"ImageObject","inLanguage":"es","@id":"https:\/\/tabernaculoprensadedios.com\/web\/#\/schema\/person\/image\/","url":"https:\/\/tabernaculoprensadedios.com\/web\/wp-content\/uploads\/2015\/06\/login-logo1.png","contentUrl":"https:\/\/tabernaculoprensadedios.com\/web\/wp-content\/uploads\/2015\/06\/login-logo1.png","width":300,"height":118,"caption":"tabernaculo"},"logo":{"@id":"https:\/\/tabernaculoprensadedios.com\/web\/#\/schema\/person\/image\/"},"url":"https:\/\/tabernaculoprensadedios.com\/web\/author\/tabernaculo\/"}]}},"_links":{"self":[{"href":"https:\/\/tabernaculoprensadedios.com\/web\/wp-json\/wp\/v2\/posts\/37444","targetHints":{"allow":["GET"]}}],"collection":[{"href":"https:\/\/tabernaculoprensadedios.com\/web\/wp-json\/wp\/v2\/posts"}],"about":[{"href":"https:\/\/tabernaculoprensadedios.com\/web\/wp-json\/wp\/v2\/types\/post"}],"author":[{"embeddable":true,"href":"https:\/\/tabernaculoprensadedios.com\/web\/wp-json\/wp\/v2\/users\/1"}],"replies":[{"embeddable":true,"href":"https:\/\/tabernaculoprensadedios.com\/web\/wp-json\/wp\/v2\/comments?post=37444"}],"version-history":[{"count":1,"href":"https:\/\/tabernaculoprensadedios.com\/web\/wp-json\/wp\/v2\/posts\/37444\/revisions"}],"predecessor-version":[{"id":37445,"href":"https:\/\/tabernaculoprensadedios.com\/web\/wp-json\/wp\/v2\/posts\/37444\/revisions\/37445"}],"wp:featuredmedia":[{"embeddable":true,"href":"https:\/\/tabernaculoprensadedios.com\/web\/wp-json\/wp\/v2\/media\/37237"}],"wp:attachment":[{"href":"https:\/\/tabernaculoprensadedios.com\/web\/wp-json\/wp\/v2\/media?parent=37444"}],"wp:term":[{"taxonomy":"category","embeddable":true,"href":"https:\/\/tabernaculoprensadedios.com\/web\/wp-json\/wp\/v2\/categories?post=37444"},{"taxonomy":"post_tag","embeddable":true,"href":"https:\/\/tabernaculoprensadedios.com\/web\/wp-json\/wp\/v2\/tags?post=37444"}],"curies":[{"name":"wp","href":"https:\/\/api.w.org\/{rel}","templated":true}]}}