{"id":37440,"date":"2026-03-12T22:33:15","date_gmt":"2026-03-13T02:33:15","guid":{"rendered":"https:\/\/tabernaculoprensadedios.com\/web\/?p=37440"},"modified":"2026-03-12T23:27:49","modified_gmt":"2026-03-13T03:27:49","slug":"cuando-cayo-la-tarde-nuestra-esperanza-resurgio","status":"publish","type":"post","link":"https:\/\/tabernaculoprensadedios.com\/web\/cuando-cayo-la-tarde-nuestra-esperanza-resurgio\/","title":{"rendered":"Cuando Cay\u00f3 la Tarde, \u00a1Nuestra Esperanza Resurgi\u00f3!"},"content":{"rendered":"<p>Mis queridos amigos, \u00bfhan sabido alguna vez lo que es que su propia alma desfallezca dentro de ustedes? \u00bfSentirse como un odre, marchito e in\u00fatil, dejado en el humo de una aflicci\u00f3n prolongada? \u00a1Ah, muchos de nosotros hemos recorrido ese sendero de medianoche, clamando con el salmista: \u00abMi alma desfallece por tu salvaci\u00f3n!\u00bb Ese antiguo clamor, amados, no fue un simple susurro de desesperaci\u00f3n, sino un aferramiento tenaz a una verdad inmutable: \u00a1La Palabra de Dios! A pesar de la demora agonizante, a pesar del aparente silencio, los santos de anta\u00f1o se aferraron a Sus promesas pactuales. Sab\u00edan que la pronunciaci\u00f3n divina, una vez dada, no era letra muerta, sino un agente activo, lo suficientemente poderoso como para producir la misma salvaci\u00f3n que sus almas desvanecidas anhelaban \u2014una liberaci\u00f3n hol\u00edstica de todo mal, una verdadera paz, una plenitud completa.<\/p>\n<p>Pero, \u00a1alabado sea Dios, esa desesperada expectaci\u00f3n encontr\u00f3 su gloriosa respuesta! \u00a1Miren, hermanos, a Caperna\u00fam, cuando \u00abcay\u00f3 la tarde\u00bb! \u00a1Ya no era un simple marcador de tiempo, sino la gran se\u00f1al de la historia redentora doblando una esquina majestuosa! El largo d\u00eda de la sombra legalista, la larga noche de anhelo, llegaba a su fin. \u00a1El sol poni\u00e9ndose sobre lo antiguo, y he aqu\u00ed! \u00a1Una ma\u00f1ana escatol\u00f3gica amaneci\u00f3, ba\u00f1ada en la luz del mismo Verbo Encarnado!<\/p>\n<p>All\u00ed estaba Jes\u00fas, el mismo Logos en quien el salmista hab\u00eda esperado. \u00a1Sin rituales elaborados, sin luchar con esp\u00edritus, sino simplemente \u00abcon una palabra\u00bb, \u00c9l expuls\u00f3 demonios y san\u00f3 cada alma enferma! \u00a1Qu\u00e9 demostraci\u00f3n de autoridad divina e inherente! \u00c9l, el Verbo Viviente, camin\u00f3 entre la humanidad, ejerciendo activamente poder sobre la oscuridad espiritual y la enfermedad f\u00edsica. \u00a1Esta, mis amigos, fue la salvaci\u00f3n integral tan desesperadamente buscada! \u00c9l restaura no solo nuestros esp\u00edritus, sino nuestros cuerpos, nuestras mentes, \u00a1nuestro mismo lugar en la sociedad!<\/p>\n<p>As\u00ed que, cuando desciendan sus propias temporadas de medianoche, cuando sus recursos est\u00e9n completamente agotados, \u00a1recuerden esta gran narrativa! \u00a1No nos aferramos a una promesa distante, sino a una triunfalmente cumplida en Cristo Jes\u00fas! \u00c9l ha entrado en nuestra realidad. Su autoridad es absoluta, Su poder ilimitado, Su salvaci\u00f3n absolutamente completa. El Dios que pronunci\u00f3 las promesas se ha convertido en el Verbo que las cumple. \u00a1Conf\u00eda en \u00c9l, alma m\u00eda, conf\u00eda plenamente en \u00c9l! Porque en \u00c9l, nuestra espera no es en vano, \u00a1y nuestra esperanza nunca ser\u00e1 frustrada!<\/p>\n<p><strong>(Fuente:<\/strong> Una reflexi\u00f3n moderna adaptada del estilo de Charles Spurgeon<\/p>\n","protected":false},"excerpt":{"rendered":"<p>Mis queridos amigos, \u00bfhan sabido alguna vez lo que es que su propia alma desfallezca dentro de ustedes? \u00bfSentirse como un odre, marchito e in\u00fatil, dejado en el humo de una aflicci\u00f3n prolongada? \u00a1Ah, muchos de nosotros hemos recorrido ese sendero de medianoche, clamando con el salmista: \u00abMi alma desfallece por tu salvaci\u00f3n!\u00bb Ese antiguo &hellip;<\/p>\n","protected":false},"author":1,"featured_media":26032,"comment_status":"open","ping_status":"open","sticky":false,"template":"","format":"standard","meta":{"footnotes":""},"categories":[34],"tags":[],"class_list":["post-37440","post","type-post","status-publish","format-standard","has-post-thumbnail","hentry","category-articulos"],"yoast_head":"<!-- This site is optimized with the Yoast SEO Premium plugin v24.2 (Yoast SEO v27.1.1) - https:\/\/yoast.com\/product\/yoast-seo-premium-wordpress\/ -->\n<title>Cuando Cay\u00f3 la Tarde, \u00a1Nuestra Esperanza Resurgi\u00f3! - Tabernaculo Prensa de Dios<\/title>\n<meta name=\"robots\" content=\"index, follow, max-snippet:-1, max-image-preview:large, max-video-preview:-1\" \/>\n<link rel=\"canonical\" href=\"https:\/\/tabernaculoprensadedios.com\/web\/cuando-cayo-la-tarde-nuestra-esperanza-resurgio\/\" class=\"yoast-seo-meta-tag\" \/>\n<meta property=\"og:locale\" content=\"es_ES\" class=\"yoast-seo-meta-tag\" \/>\n<meta property=\"og:type\" content=\"article\" class=\"yoast-seo-meta-tag\" \/>\n<meta property=\"og:title\" content=\"Cuando Cay\u00f3 la Tarde, \u00a1Nuestra Esperanza Resurgi\u00f3!\" class=\"yoast-seo-meta-tag\" \/>\n<meta property=\"og:description\" content=\"Mis queridos amigos, \u00bfhan sabido alguna vez lo que es que su propia alma desfallezca dentro de ustedes? \u00bfSentirse como un odre, marchito e in\u00fatil, dejado en el humo de una aflicci\u00f3n prolongada? \u00a1Ah, muchos de nosotros hemos recorrido ese sendero de medianoche, clamando con el salmista: \u00abMi alma desfallece por tu salvaci\u00f3n!\u00bb Ese antiguo &hellip;\" class=\"yoast-seo-meta-tag\" \/>\n<meta property=\"og:url\" content=\"https:\/\/tabernaculoprensadedios.com\/web\/cuando-cayo-la-tarde-nuestra-esperanza-resurgio\/\" class=\"yoast-seo-meta-tag\" \/>\n<meta property=\"og:site_name\" content=\"Tabernaculo Prensa de Dios\" class=\"yoast-seo-meta-tag\" \/>\n<meta property=\"article:published_time\" content=\"2026-03-13T02:33:15+00:00\" class=\"yoast-seo-meta-tag\" \/>\n<meta property=\"article:modified_time\" content=\"2026-03-13T03:27:49+00:00\" class=\"yoast-seo-meta-tag\" \/>\n<meta property=\"og:image\" content=\"https:\/\/tabernaculoprensadedios.com\/web\/wp-content\/uploads\/2022\/09\/tarde.jpg\" class=\"yoast-seo-meta-tag\" \/>\n\t<meta property=\"og:image:width\" content=\"1280\" class=\"yoast-seo-meta-tag\" \/>\n\t<meta property=\"og:image:height\" content=\"853\" class=\"yoast-seo-meta-tag\" \/>\n\t<meta property=\"og:image:type\" content=\"image\/jpeg\" class=\"yoast-seo-meta-tag\" \/>\n<meta name=\"author\" content=\"tabernaculo\" class=\"yoast-seo-meta-tag\" \/>\n<meta name=\"twitter:card\" content=\"summary_large_image\" class=\"yoast-seo-meta-tag\" \/>\n<meta name=\"twitter:creator\" content=\"@PrensadeDios\" class=\"yoast-seo-meta-tag\" \/>\n<meta name=\"twitter:site\" content=\"@PrensadeDios\" class=\"yoast-seo-meta-tag\" \/>\n<meta name=\"twitter:label1\" content=\"Escrito por\" class=\"yoast-seo-meta-tag\" \/>\n\t<meta name=\"twitter:data1\" content=\"tabernaculo\" class=\"yoast-seo-meta-tag\" \/>\n\t<meta name=\"twitter:label2\" content=\"Tiempo de lectura\" class=\"yoast-seo-meta-tag\" \/>\n\t<meta name=\"twitter:data2\" content=\"3 minutos\" class=\"yoast-seo-meta-tag\" \/>\n<script type=\"application\/ld+json\" class=\"yoast-schema-graph\">{\"@context\":\"https:\/\/schema.org\",\"@graph\":[{\"@type\":\"Article\",\"@id\":\"https:\/\/tabernaculoprensadedios.com\/web\/cuando-cayo-la-tarde-nuestra-esperanza-resurgio\/#article\",\"isPartOf\":{\"@id\":\"https:\/\/tabernaculoprensadedios.com\/web\/cuando-cayo-la-tarde-nuestra-esperanza-resurgio\/\"},\"author\":{\"name\":\"tabernaculo\",\"@id\":\"https:\/\/tabernaculoprensadedios.com\/web\/#\/schema\/person\/bc0e069fef56b38e177db6f098ae0b6e\"},\"headline\":\"Cuando Cay\u00f3 la Tarde, \u00a1Nuestra Esperanza Resurgi\u00f3!\",\"datePublished\":\"2026-03-13T02:33:15+00:00\",\"dateModified\":\"2026-03-13T03:27:49+00:00\",\"mainEntityOfPage\":{\"@id\":\"https:\/\/tabernaculoprensadedios.com\/web\/cuando-cayo-la-tarde-nuestra-esperanza-resurgio\/\"},\"wordCount\":439,\"commentCount\":0,\"publisher\":{\"@id\":\"https:\/\/tabernaculoprensadedios.com\/web\/#\/schema\/person\/bc0e069fef56b38e177db6f098ae0b6e\"},\"image\":{\"@id\":\"https:\/\/tabernaculoprensadedios.com\/web\/cuando-cayo-la-tarde-nuestra-esperanza-resurgio\/#primaryimage\"},\"thumbnailUrl\":\"https:\/\/tabernaculoprensadedios.com\/web\/wp-content\/uploads\/2022\/09\/tarde.jpg\",\"articleSection\":[\"Articulos\"],\"inLanguage\":\"es\",\"potentialAction\":[{\"@type\":\"CommentAction\",\"name\":\"Comment\",\"target\":[\"https:\/\/tabernaculoprensadedios.com\/web\/cuando-cayo-la-tarde-nuestra-esperanza-resurgio\/#respond\"]}]},{\"@type\":\"WebPage\",\"@id\":\"https:\/\/tabernaculoprensadedios.com\/web\/cuando-cayo-la-tarde-nuestra-esperanza-resurgio\/\",\"url\":\"https:\/\/tabernaculoprensadedios.com\/web\/cuando-cayo-la-tarde-nuestra-esperanza-resurgio\/\",\"name\":\"Cuando Cay\u00f3 la Tarde, \u00a1Nuestra Esperanza Resurgi\u00f3! - Tabernaculo Prensa de Dios\",\"isPartOf\":{\"@id\":\"https:\/\/tabernaculoprensadedios.com\/web\/#website\"},\"primaryImageOfPage\":{\"@id\":\"https:\/\/tabernaculoprensadedios.com\/web\/cuando-cayo-la-tarde-nuestra-esperanza-resurgio\/#primaryimage\"},\"image\":{\"@id\":\"https:\/\/tabernaculoprensadedios.com\/web\/cuando-cayo-la-tarde-nuestra-esperanza-resurgio\/#primaryimage\"},\"thumbnailUrl\":\"https:\/\/tabernaculoprensadedios.com\/web\/wp-content\/uploads\/2022\/09\/tarde.jpg\",\"datePublished\":\"2026-03-13T02:33:15+00:00\",\"dateModified\":\"2026-03-13T03:27:49+00:00\",\"breadcrumb\":{\"@id\":\"https:\/\/tabernaculoprensadedios.com\/web\/cuando-cayo-la-tarde-nuestra-esperanza-resurgio\/#breadcrumb\"},\"inLanguage\":\"es\",\"potentialAction\":[{\"@type\":\"ReadAction\",\"target\":[\"https:\/\/tabernaculoprensadedios.com\/web\/cuando-cayo-la-tarde-nuestra-esperanza-resurgio\/\"]}]},{\"@type\":\"ImageObject\",\"inLanguage\":\"es\",\"@id\":\"https:\/\/tabernaculoprensadedios.com\/web\/cuando-cayo-la-tarde-nuestra-esperanza-resurgio\/#primaryimage\",\"url\":\"https:\/\/tabernaculoprensadedios.com\/web\/wp-content\/uploads\/2022\/09\/tarde.jpg\",\"contentUrl\":\"https:\/\/tabernaculoprensadedios.com\/web\/wp-content\/uploads\/2022\/09\/tarde.jpg\",\"width\":1280,\"height\":853},{\"@type\":\"BreadcrumbList\",\"@id\":\"https:\/\/tabernaculoprensadedios.com\/web\/cuando-cayo-la-tarde-nuestra-esperanza-resurgio\/#breadcrumb\",\"itemListElement\":[{\"@type\":\"ListItem\",\"position\":1,\"name\":\"Portada\",\"item\":\"https:\/\/tabernaculoprensadedios.com\/web\/\"},{\"@type\":\"ListItem\",\"position\":2,\"name\":\"Cuando Cay\u00f3 la Tarde, \u00a1Nuestra Esperanza Resurgi\u00f3!\"}]},{\"@type\":\"WebSite\",\"@id\":\"https:\/\/tabernaculoprensadedios.com\/web\/#website\",\"url\":\"https:\/\/tabernaculoprensadedios.com\/web\/\",\"name\":\"Tabernaculo Prensa de Dios\",\"description\":\"Un medio a la manera de Dios\",\"publisher\":{\"@id\":\"https:\/\/tabernaculoprensadedios.com\/web\/#\/schema\/person\/bc0e069fef56b38e177db6f098ae0b6e\"},\"potentialAction\":[{\"@type\":\"SearchAction\",\"target\":{\"@type\":\"EntryPoint\",\"urlTemplate\":\"https:\/\/tabernaculoprensadedios.com\/web\/?s={search_term_string}\"},\"query-input\":{\"@type\":\"PropertyValueSpecification\",\"valueRequired\":true,\"valueName\":\"search_term_string\"}}],\"inLanguage\":\"es\"},{\"@type\":[\"Person\",\"Organization\"],\"@id\":\"https:\/\/tabernaculoprensadedios.com\/web\/#\/schema\/person\/bc0e069fef56b38e177db6f098ae0b6e\",\"name\":\"tabernaculo\",\"image\":{\"@type\":\"ImageObject\",\"inLanguage\":\"es\",\"@id\":\"https:\/\/tabernaculoprensadedios.com\/web\/#\/schema\/person\/image\/\",\"url\":\"https:\/\/tabernaculoprensadedios.com\/web\/wp-content\/uploads\/2015\/06\/login-logo1.png\",\"contentUrl\":\"https:\/\/tabernaculoprensadedios.com\/web\/wp-content\/uploads\/2015\/06\/login-logo1.png\",\"width\":300,\"height\":118,\"caption\":\"tabernaculo\"},\"logo\":{\"@id\":\"https:\/\/tabernaculoprensadedios.com\/web\/#\/schema\/person\/image\/\"},\"url\":\"https:\/\/tabernaculoprensadedios.com\/web\/author\/tabernaculo\/\"}]}<\/script>\n<!-- \/ Yoast SEO Premium plugin. -->","yoast_head_json":{"title":"Cuando Cay\u00f3 la Tarde, \u00a1Nuestra Esperanza Resurgi\u00f3! - Tabernaculo Prensa de Dios","robots":{"index":"index","follow":"follow","max-snippet":"max-snippet:-1","max-image-preview":"max-image-preview:large","max-video-preview":"max-video-preview:-1"},"canonical":"https:\/\/tabernaculoprensadedios.com\/web\/cuando-cayo-la-tarde-nuestra-esperanza-resurgio\/","og_locale":"es_ES","og_type":"article","og_title":"Cuando Cay\u00f3 la Tarde, \u00a1Nuestra Esperanza Resurgi\u00f3!","og_description":"Mis queridos amigos, \u00bfhan sabido alguna vez lo que es que su propia alma desfallezca dentro de ustedes? \u00bfSentirse como un odre, marchito e in\u00fatil, dejado en el humo de una aflicci\u00f3n prolongada? \u00a1Ah, muchos de nosotros hemos recorrido ese sendero de medianoche, clamando con el salmista: \u00abMi alma desfallece por tu salvaci\u00f3n!\u00bb Ese antiguo &hellip;","og_url":"https:\/\/tabernaculoprensadedios.com\/web\/cuando-cayo-la-tarde-nuestra-esperanza-resurgio\/","og_site_name":"Tabernaculo Prensa de Dios","article_published_time":"2026-03-13T02:33:15+00:00","article_modified_time":"2026-03-13T03:27:49+00:00","og_image":[{"width":1280,"height":853,"url":"https:\/\/tabernaculoprensadedios.com\/web\/wp-content\/uploads\/2022\/09\/tarde.jpg","type":"image\/jpeg"}],"author":"tabernaculo","twitter_card":"summary_large_image","twitter_creator":"@PrensadeDios","twitter_site":"@PrensadeDios","twitter_misc":{"Escrito por":"tabernaculo","Tiempo de lectura":"3 minutos"},"schema":{"@context":"https:\/\/schema.org","@graph":[{"@type":"Article","@id":"https:\/\/tabernaculoprensadedios.com\/web\/cuando-cayo-la-tarde-nuestra-esperanza-resurgio\/#article","isPartOf":{"@id":"https:\/\/tabernaculoprensadedios.com\/web\/cuando-cayo-la-tarde-nuestra-esperanza-resurgio\/"},"author":{"name":"tabernaculo","@id":"https:\/\/tabernaculoprensadedios.com\/web\/#\/schema\/person\/bc0e069fef56b38e177db6f098ae0b6e"},"headline":"Cuando Cay\u00f3 la Tarde, \u00a1Nuestra Esperanza Resurgi\u00f3!","datePublished":"2026-03-13T02:33:15+00:00","dateModified":"2026-03-13T03:27:49+00:00","mainEntityOfPage":{"@id":"https:\/\/tabernaculoprensadedios.com\/web\/cuando-cayo-la-tarde-nuestra-esperanza-resurgio\/"},"wordCount":439,"commentCount":0,"publisher":{"@id":"https:\/\/tabernaculoprensadedios.com\/web\/#\/schema\/person\/bc0e069fef56b38e177db6f098ae0b6e"},"image":{"@id":"https:\/\/tabernaculoprensadedios.com\/web\/cuando-cayo-la-tarde-nuestra-esperanza-resurgio\/#primaryimage"},"thumbnailUrl":"https:\/\/tabernaculoprensadedios.com\/web\/wp-content\/uploads\/2022\/09\/tarde.jpg","articleSection":["Articulos"],"inLanguage":"es","potentialAction":[{"@type":"CommentAction","name":"Comment","target":["https:\/\/tabernaculoprensadedios.com\/web\/cuando-cayo-la-tarde-nuestra-esperanza-resurgio\/#respond"]}]},{"@type":"WebPage","@id":"https:\/\/tabernaculoprensadedios.com\/web\/cuando-cayo-la-tarde-nuestra-esperanza-resurgio\/","url":"https:\/\/tabernaculoprensadedios.com\/web\/cuando-cayo-la-tarde-nuestra-esperanza-resurgio\/","name":"Cuando Cay\u00f3 la Tarde, \u00a1Nuestra Esperanza Resurgi\u00f3! - Tabernaculo Prensa de Dios","isPartOf":{"@id":"https:\/\/tabernaculoprensadedios.com\/web\/#website"},"primaryImageOfPage":{"@id":"https:\/\/tabernaculoprensadedios.com\/web\/cuando-cayo-la-tarde-nuestra-esperanza-resurgio\/#primaryimage"},"image":{"@id":"https:\/\/tabernaculoprensadedios.com\/web\/cuando-cayo-la-tarde-nuestra-esperanza-resurgio\/#primaryimage"},"thumbnailUrl":"https:\/\/tabernaculoprensadedios.com\/web\/wp-content\/uploads\/2022\/09\/tarde.jpg","datePublished":"2026-03-13T02:33:15+00:00","dateModified":"2026-03-13T03:27:49+00:00","breadcrumb":{"@id":"https:\/\/tabernaculoprensadedios.com\/web\/cuando-cayo-la-tarde-nuestra-esperanza-resurgio\/#breadcrumb"},"inLanguage":"es","potentialAction":[{"@type":"ReadAction","target":["https:\/\/tabernaculoprensadedios.com\/web\/cuando-cayo-la-tarde-nuestra-esperanza-resurgio\/"]}]},{"@type":"ImageObject","inLanguage":"es","@id":"https:\/\/tabernaculoprensadedios.com\/web\/cuando-cayo-la-tarde-nuestra-esperanza-resurgio\/#primaryimage","url":"https:\/\/tabernaculoprensadedios.com\/web\/wp-content\/uploads\/2022\/09\/tarde.jpg","contentUrl":"https:\/\/tabernaculoprensadedios.com\/web\/wp-content\/uploads\/2022\/09\/tarde.jpg","width":1280,"height":853},{"@type":"BreadcrumbList","@id":"https:\/\/tabernaculoprensadedios.com\/web\/cuando-cayo-la-tarde-nuestra-esperanza-resurgio\/#breadcrumb","itemListElement":[{"@type":"ListItem","position":1,"name":"Portada","item":"https:\/\/tabernaculoprensadedios.com\/web\/"},{"@type":"ListItem","position":2,"name":"Cuando Cay\u00f3 la Tarde, \u00a1Nuestra Esperanza Resurgi\u00f3!"}]},{"@type":"WebSite","@id":"https:\/\/tabernaculoprensadedios.com\/web\/#website","url":"https:\/\/tabernaculoprensadedios.com\/web\/","name":"Tabernaculo Prensa de Dios","description":"Un medio a la manera de Dios","publisher":{"@id":"https:\/\/tabernaculoprensadedios.com\/web\/#\/schema\/person\/bc0e069fef56b38e177db6f098ae0b6e"},"potentialAction":[{"@type":"SearchAction","target":{"@type":"EntryPoint","urlTemplate":"https:\/\/tabernaculoprensadedios.com\/web\/?s={search_term_string}"},"query-input":{"@type":"PropertyValueSpecification","valueRequired":true,"valueName":"search_term_string"}}],"inLanguage":"es"},{"@type":["Person","Organization"],"@id":"https:\/\/tabernaculoprensadedios.com\/web\/#\/schema\/person\/bc0e069fef56b38e177db6f098ae0b6e","name":"tabernaculo","image":{"@type":"ImageObject","inLanguage":"es","@id":"https:\/\/tabernaculoprensadedios.com\/web\/#\/schema\/person\/image\/","url":"https:\/\/tabernaculoprensadedios.com\/web\/wp-content\/uploads\/2015\/06\/login-logo1.png","contentUrl":"https:\/\/tabernaculoprensadedios.com\/web\/wp-content\/uploads\/2015\/06\/login-logo1.png","width":300,"height":118,"caption":"tabernaculo"},"logo":{"@id":"https:\/\/tabernaculoprensadedios.com\/web\/#\/schema\/person\/image\/"},"url":"https:\/\/tabernaculoprensadedios.com\/web\/author\/tabernaculo\/"}]}},"_links":{"self":[{"href":"https:\/\/tabernaculoprensadedios.com\/web\/wp-json\/wp\/v2\/posts\/37440","targetHints":{"allow":["GET"]}}],"collection":[{"href":"https:\/\/tabernaculoprensadedios.com\/web\/wp-json\/wp\/v2\/posts"}],"about":[{"href":"https:\/\/tabernaculoprensadedios.com\/web\/wp-json\/wp\/v2\/types\/post"}],"author":[{"embeddable":true,"href":"https:\/\/tabernaculoprensadedios.com\/web\/wp-json\/wp\/v2\/users\/1"}],"replies":[{"embeddable":true,"href":"https:\/\/tabernaculoprensadedios.com\/web\/wp-json\/wp\/v2\/comments?post=37440"}],"version-history":[{"count":1,"href":"https:\/\/tabernaculoprensadedios.com\/web\/wp-json\/wp\/v2\/posts\/37440\/revisions"}],"predecessor-version":[{"id":37441,"href":"https:\/\/tabernaculoprensadedios.com\/web\/wp-json\/wp\/v2\/posts\/37440\/revisions\/37441"}],"wp:featuredmedia":[{"embeddable":true,"href":"https:\/\/tabernaculoprensadedios.com\/web\/wp-json\/wp\/v2\/media\/26032"}],"wp:attachment":[{"href":"https:\/\/tabernaculoprensadedios.com\/web\/wp-json\/wp\/v2\/media?parent=37440"}],"wp:term":[{"taxonomy":"category","embeddable":true,"href":"https:\/\/tabernaculoprensadedios.com\/web\/wp-json\/wp\/v2\/categories?post=37440"},{"taxonomy":"post_tag","embeddable":true,"href":"https:\/\/tabernaculoprensadedios.com\/web\/wp-json\/wp\/v2\/tags?post=37440"}],"curies":[{"name":"wp","href":"https:\/\/api.w.org\/{rel}","templated":true}]}}