{"id":37411,"date":"2026-03-10T21:27:02","date_gmt":"2026-03-11T01:27:02","guid":{"rendered":"https:\/\/tabernaculoprensadedios.com\/web\/?p=37411"},"modified":"2026-03-10T21:27:56","modified_gmt":"2026-03-11T01:27:56","slug":"el-reloj-que-guarda-la-memoria-de-montecristi","status":"publish","type":"post","link":"https:\/\/tabernaculoprensadedios.com\/web\/el-reloj-que-guarda-la-memoria-de-montecristi\/","title":{"rendered":"El Reloj que Guarda la Memoria de Montecristi"},"content":{"rendered":"<p>En el coraz\u00f3n de la<strong> provincia de Montecristi,<\/strong> tierra de historia y de luchas patri\u00f3ticas, se levanta un s\u00edmbolo silencioso que ha marcado el paso de generaciones: el emblem\u00e1tico reloj del parque Duarte.<\/p>\n<p>Esta ciudad del noroeste dominicano,<strong> fundada en los primeros a\u00f1os del siglo XVI bajo el gobierno de Nicol\u00e1s de Ovando y elevada a provincia en 1907<\/strong>, ha sido escenario de grandes acontecimientos hist\u00f3ricos. Aqu\u00ed vivieron figuras trascendentales como M\u00e1ximo G\u00f3mez y Jos\u00e9 Mart\u00ed, quienes firmaron en esta tierra el hist\u00f3rico Manifiesto de Montecristi, un documento clave en la lucha por la independencia de Cuba.<\/p>\n<p>Entre las casas de arquitectura antillana y las calles cargadas de memoria,<strong> el reloj de Montecristi contin\u00faa marcando el tiempo desde 1895.<\/strong> Tra\u00eddo desde Francia y restaurado posteriormente por la empresa dominicana E. Le\u00f3n Jim\u00e9nez, este reloj de cuatro esferas y campanas de bronce se mantiene vivo gracias al cuidado constante de quienes le dan cuerda cada d\u00eda.<\/p>\n<p>M\u00e1s que un simple instrumento para medir las horas, este reloj es un testigo del pasado: <strong>ha visto pasar generaciones, ha escuchado los pasos de los ciudadanos e<\/strong>n la plaza y ha sido guardi\u00e1n silencioso de la historia de una de las ciudades m\u00e1s emblem\u00e1ticas de la Rep\u00fablica Dominicana.<\/p>\n<p>As\u00ed, mientras sus campanas marcan el tiempo, Montecristi sigue recordando que su historia no se detiene: contin\u00faa latiendo entre sus calles, su mar y la memoria de su gente.<\/p>\n<p><img loading=\"lazy\" decoding=\"async\" class=\"alignright size-full wp-image-37412\" src=\"https:\/\/tabernaculoprensadedios.com\/web\/wp-content\/uploads\/2026\/03\/reloj.jpg\" alt=\"\" width=\"2510\" height=\"1670\" \/><\/p>\n","protected":false},"excerpt":{"rendered":"<p>En el coraz\u00f3n de la provincia de Montecristi, tierra de historia y de luchas patri\u00f3ticas, se levanta un s\u00edmbolo silencioso que ha marcado el paso de generaciones: el emblem\u00e1tico reloj del parque Duarte. Esta ciudad del noroeste dominicano, fundada en los primeros a\u00f1os del siglo XVI bajo el gobierno de Nicol\u00e1s de Ovando y elevada &hellip;<\/p>\n","protected":false},"author":1,"featured_media":37064,"comment_status":"open","ping_status":"open","sticky":false,"template":"","format":"standard","meta":{"footnotes":""},"categories":[794],"tags":[],"class_list":["post-37411","post","type-post","status-publish","format-standard","has-post-thumbnail","hentry","category-mas-alla-del-monumento"],"yoast_head":"<!-- This site is optimized with the Yoast SEO Premium plugin v24.2 (Yoast SEO v27.1.1) - https:\/\/yoast.com\/product\/yoast-seo-premium-wordpress\/ -->\n<title>El Reloj que Guarda la Memoria de Montecristi - Tabernaculo Prensa de Dios<\/title>\n<meta name=\"robots\" content=\"index, follow, max-snippet:-1, max-image-preview:large, max-video-preview:-1\" \/>\n<link rel=\"canonical\" href=\"https:\/\/tabernaculoprensadedios.com\/web\/el-reloj-que-guarda-la-memoria-de-montecristi\/\" class=\"yoast-seo-meta-tag\" \/>\n<meta property=\"og:locale\" content=\"es_ES\" class=\"yoast-seo-meta-tag\" \/>\n<meta property=\"og:type\" content=\"article\" class=\"yoast-seo-meta-tag\" \/>\n<meta property=\"og:title\" content=\"El Reloj que Guarda la Memoria de Montecristi\" class=\"yoast-seo-meta-tag\" \/>\n<meta property=\"og:description\" content=\"En el coraz\u00f3n de la provincia de Montecristi, tierra de historia y de luchas patri\u00f3ticas, se levanta un s\u00edmbolo silencioso que ha marcado el paso de generaciones: el emblem\u00e1tico reloj del parque Duarte. Esta ciudad del noroeste dominicano, fundada en los primeros a\u00f1os del siglo XVI bajo el gobierno de Nicol\u00e1s de Ovando y elevada &hellip;\" class=\"yoast-seo-meta-tag\" \/>\n<meta property=\"og:url\" content=\"https:\/\/tabernaculoprensadedios.com\/web\/el-reloj-que-guarda-la-memoria-de-montecristi\/\" class=\"yoast-seo-meta-tag\" \/>\n<meta property=\"og:site_name\" content=\"Tabernaculo Prensa de Dios\" class=\"yoast-seo-meta-tag\" \/>\n<meta property=\"article:published_time\" content=\"2026-03-11T01:27:02+00:00\" class=\"yoast-seo-meta-tag\" \/>\n<meta property=\"article:modified_time\" content=\"2026-03-11T01:27:56+00:00\" class=\"yoast-seo-meta-tag\" \/>\n<meta property=\"og:image\" content=\"https:\/\/tabernaculoprensadedios.com\/web\/wp-content\/uploads\/2026\/02\/mas-alla-delmonumento.jpg\" class=\"yoast-seo-meta-tag\" \/>\n\t<meta property=\"og:image:width\" content=\"1917\" class=\"yoast-seo-meta-tag\" \/>\n\t<meta property=\"og:image:height\" content=\"1096\" class=\"yoast-seo-meta-tag\" \/>\n\t<meta property=\"og:image:type\" content=\"image\/jpeg\" class=\"yoast-seo-meta-tag\" \/>\n<meta name=\"author\" content=\"tabernaculo\" class=\"yoast-seo-meta-tag\" \/>\n<meta name=\"twitter:card\" content=\"summary_large_image\" class=\"yoast-seo-meta-tag\" \/>\n<meta name=\"twitter:creator\" content=\"@PrensadeDios\" class=\"yoast-seo-meta-tag\" \/>\n<meta name=\"twitter:site\" content=\"@PrensadeDios\" class=\"yoast-seo-meta-tag\" \/>\n<meta name=\"twitter:label1\" content=\"Escrito por\" class=\"yoast-seo-meta-tag\" \/>\n\t<meta name=\"twitter:data1\" content=\"tabernaculo\" class=\"yoast-seo-meta-tag\" \/>\n\t<meta name=\"twitter:label2\" content=\"Tiempo de lectura\" class=\"yoast-seo-meta-tag\" \/>\n\t<meta name=\"twitter:data2\" content=\"2 minutos\" class=\"yoast-seo-meta-tag\" \/>\n<script type=\"application\/ld+json\" class=\"yoast-schema-graph\">{\"@context\":\"https:\/\/schema.org\",\"@graph\":[{\"@type\":\"Article\",\"@id\":\"https:\/\/tabernaculoprensadedios.com\/web\/el-reloj-que-guarda-la-memoria-de-montecristi\/#article\",\"isPartOf\":{\"@id\":\"https:\/\/tabernaculoprensadedios.com\/web\/el-reloj-que-guarda-la-memoria-de-montecristi\/\"},\"author\":{\"name\":\"tabernaculo\",\"@id\":\"https:\/\/tabernaculoprensadedios.com\/web\/#\/schema\/person\/bc0e069fef56b38e177db6f098ae0b6e\"},\"headline\":\"El Reloj que Guarda la Memoria de Montecristi\",\"datePublished\":\"2026-03-11T01:27:02+00:00\",\"dateModified\":\"2026-03-11T01:27:56+00:00\",\"mainEntityOfPage\":{\"@id\":\"https:\/\/tabernaculoprensadedios.com\/web\/el-reloj-que-guarda-la-memoria-de-montecristi\/\"},\"wordCount\":260,\"commentCount\":0,\"publisher\":{\"@id\":\"https:\/\/tabernaculoprensadedios.com\/web\/#\/schema\/person\/bc0e069fef56b38e177db6f098ae0b6e\"},\"image\":{\"@id\":\"https:\/\/tabernaculoprensadedios.com\/web\/el-reloj-que-guarda-la-memoria-de-montecristi\/#primaryimage\"},\"thumbnailUrl\":\"https:\/\/tabernaculoprensadedios.com\/web\/wp-content\/uploads\/2026\/02\/mas-alla-delmonumento.jpg\",\"articleSection\":[\"M\u00e1s all\u00e1 del Monumento\"],\"inLanguage\":\"es\",\"potentialAction\":[{\"@type\":\"CommentAction\",\"name\":\"Comment\",\"target\":[\"https:\/\/tabernaculoprensadedios.com\/web\/el-reloj-que-guarda-la-memoria-de-montecristi\/#respond\"]}]},{\"@type\":\"WebPage\",\"@id\":\"https:\/\/tabernaculoprensadedios.com\/web\/el-reloj-que-guarda-la-memoria-de-montecristi\/\",\"url\":\"https:\/\/tabernaculoprensadedios.com\/web\/el-reloj-que-guarda-la-memoria-de-montecristi\/\",\"name\":\"El Reloj que Guarda la Memoria de Montecristi - Tabernaculo Prensa de Dios\",\"isPartOf\":{\"@id\":\"https:\/\/tabernaculoprensadedios.com\/web\/#website\"},\"primaryImageOfPage\":{\"@id\":\"https:\/\/tabernaculoprensadedios.com\/web\/el-reloj-que-guarda-la-memoria-de-montecristi\/#primaryimage\"},\"image\":{\"@id\":\"https:\/\/tabernaculoprensadedios.com\/web\/el-reloj-que-guarda-la-memoria-de-montecristi\/#primaryimage\"},\"thumbnailUrl\":\"https:\/\/tabernaculoprensadedios.com\/web\/wp-content\/uploads\/2026\/02\/mas-alla-delmonumento.jpg\",\"datePublished\":\"2026-03-11T01:27:02+00:00\",\"dateModified\":\"2026-03-11T01:27:56+00:00\",\"breadcrumb\":{\"@id\":\"https:\/\/tabernaculoprensadedios.com\/web\/el-reloj-que-guarda-la-memoria-de-montecristi\/#breadcrumb\"},\"inLanguage\":\"es\",\"potentialAction\":[{\"@type\":\"ReadAction\",\"target\":[\"https:\/\/tabernaculoprensadedios.com\/web\/el-reloj-que-guarda-la-memoria-de-montecristi\/\"]}]},{\"@type\":\"ImageObject\",\"inLanguage\":\"es\",\"@id\":\"https:\/\/tabernaculoprensadedios.com\/web\/el-reloj-que-guarda-la-memoria-de-montecristi\/#primaryimage\",\"url\":\"https:\/\/tabernaculoprensadedios.com\/web\/wp-content\/uploads\/2026\/02\/mas-alla-delmonumento.jpg\",\"contentUrl\":\"https:\/\/tabernaculoprensadedios.com\/web\/wp-content\/uploads\/2026\/02\/mas-alla-delmonumento.jpg\",\"width\":1917,\"height\":1096},{\"@type\":\"BreadcrumbList\",\"@id\":\"https:\/\/tabernaculoprensadedios.com\/web\/el-reloj-que-guarda-la-memoria-de-montecristi\/#breadcrumb\",\"itemListElement\":[{\"@type\":\"ListItem\",\"position\":1,\"name\":\"Portada\",\"item\":\"https:\/\/tabernaculoprensadedios.com\/web\/\"},{\"@type\":\"ListItem\",\"position\":2,\"name\":\"El Reloj que Guarda la Memoria de Montecristi\"}]},{\"@type\":\"WebSite\",\"@id\":\"https:\/\/tabernaculoprensadedios.com\/web\/#website\",\"url\":\"https:\/\/tabernaculoprensadedios.com\/web\/\",\"name\":\"Tabernaculo Prensa de Dios\",\"description\":\"Un medio a la manera de Dios\",\"publisher\":{\"@id\":\"https:\/\/tabernaculoprensadedios.com\/web\/#\/schema\/person\/bc0e069fef56b38e177db6f098ae0b6e\"},\"potentialAction\":[{\"@type\":\"SearchAction\",\"target\":{\"@type\":\"EntryPoint\",\"urlTemplate\":\"https:\/\/tabernaculoprensadedios.com\/web\/?s={search_term_string}\"},\"query-input\":{\"@type\":\"PropertyValueSpecification\",\"valueRequired\":true,\"valueName\":\"search_term_string\"}}],\"inLanguage\":\"es\"},{\"@type\":[\"Person\",\"Organization\"],\"@id\":\"https:\/\/tabernaculoprensadedios.com\/web\/#\/schema\/person\/bc0e069fef56b38e177db6f098ae0b6e\",\"name\":\"tabernaculo\",\"image\":{\"@type\":\"ImageObject\",\"inLanguage\":\"es\",\"@id\":\"https:\/\/tabernaculoprensadedios.com\/web\/#\/schema\/person\/image\/\",\"url\":\"https:\/\/tabernaculoprensadedios.com\/web\/wp-content\/uploads\/2015\/06\/login-logo1.png\",\"contentUrl\":\"https:\/\/tabernaculoprensadedios.com\/web\/wp-content\/uploads\/2015\/06\/login-logo1.png\",\"width\":300,\"height\":118,\"caption\":\"tabernaculo\"},\"logo\":{\"@id\":\"https:\/\/tabernaculoprensadedios.com\/web\/#\/schema\/person\/image\/\"},\"url\":\"https:\/\/tabernaculoprensadedios.com\/web\/author\/tabernaculo\/\"}]}<\/script>\n<!-- \/ Yoast SEO Premium plugin. -->","yoast_head_json":{"title":"El Reloj que Guarda la Memoria de Montecristi - Tabernaculo Prensa de Dios","robots":{"index":"index","follow":"follow","max-snippet":"max-snippet:-1","max-image-preview":"max-image-preview:large","max-video-preview":"max-video-preview:-1"},"canonical":"https:\/\/tabernaculoprensadedios.com\/web\/el-reloj-que-guarda-la-memoria-de-montecristi\/","og_locale":"es_ES","og_type":"article","og_title":"El Reloj que Guarda la Memoria de Montecristi","og_description":"En el coraz\u00f3n de la provincia de Montecristi, tierra de historia y de luchas patri\u00f3ticas, se levanta un s\u00edmbolo silencioso que ha marcado el paso de generaciones: el emblem\u00e1tico reloj del parque Duarte. Esta ciudad del noroeste dominicano, fundada en los primeros a\u00f1os del siglo XVI bajo el gobierno de Nicol\u00e1s de Ovando y elevada &hellip;","og_url":"https:\/\/tabernaculoprensadedios.com\/web\/el-reloj-que-guarda-la-memoria-de-montecristi\/","og_site_name":"Tabernaculo Prensa de Dios","article_published_time":"2026-03-11T01:27:02+00:00","article_modified_time":"2026-03-11T01:27:56+00:00","og_image":[{"width":1917,"height":1096,"url":"https:\/\/tabernaculoprensadedios.com\/web\/wp-content\/uploads\/2026\/02\/mas-alla-delmonumento.jpg","type":"image\/jpeg"}],"author":"tabernaculo","twitter_card":"summary_large_image","twitter_creator":"@PrensadeDios","twitter_site":"@PrensadeDios","twitter_misc":{"Escrito por":"tabernaculo","Tiempo de lectura":"2 minutos"},"schema":{"@context":"https:\/\/schema.org","@graph":[{"@type":"Article","@id":"https:\/\/tabernaculoprensadedios.com\/web\/el-reloj-que-guarda-la-memoria-de-montecristi\/#article","isPartOf":{"@id":"https:\/\/tabernaculoprensadedios.com\/web\/el-reloj-que-guarda-la-memoria-de-montecristi\/"},"author":{"name":"tabernaculo","@id":"https:\/\/tabernaculoprensadedios.com\/web\/#\/schema\/person\/bc0e069fef56b38e177db6f098ae0b6e"},"headline":"El Reloj que Guarda la Memoria de Montecristi","datePublished":"2026-03-11T01:27:02+00:00","dateModified":"2026-03-11T01:27:56+00:00","mainEntityOfPage":{"@id":"https:\/\/tabernaculoprensadedios.com\/web\/el-reloj-que-guarda-la-memoria-de-montecristi\/"},"wordCount":260,"commentCount":0,"publisher":{"@id":"https:\/\/tabernaculoprensadedios.com\/web\/#\/schema\/person\/bc0e069fef56b38e177db6f098ae0b6e"},"image":{"@id":"https:\/\/tabernaculoprensadedios.com\/web\/el-reloj-que-guarda-la-memoria-de-montecristi\/#primaryimage"},"thumbnailUrl":"https:\/\/tabernaculoprensadedios.com\/web\/wp-content\/uploads\/2026\/02\/mas-alla-delmonumento.jpg","articleSection":["M\u00e1s all\u00e1 del Monumento"],"inLanguage":"es","potentialAction":[{"@type":"CommentAction","name":"Comment","target":["https:\/\/tabernaculoprensadedios.com\/web\/el-reloj-que-guarda-la-memoria-de-montecristi\/#respond"]}]},{"@type":"WebPage","@id":"https:\/\/tabernaculoprensadedios.com\/web\/el-reloj-que-guarda-la-memoria-de-montecristi\/","url":"https:\/\/tabernaculoprensadedios.com\/web\/el-reloj-que-guarda-la-memoria-de-montecristi\/","name":"El Reloj que Guarda la Memoria de Montecristi - Tabernaculo Prensa de Dios","isPartOf":{"@id":"https:\/\/tabernaculoprensadedios.com\/web\/#website"},"primaryImageOfPage":{"@id":"https:\/\/tabernaculoprensadedios.com\/web\/el-reloj-que-guarda-la-memoria-de-montecristi\/#primaryimage"},"image":{"@id":"https:\/\/tabernaculoprensadedios.com\/web\/el-reloj-que-guarda-la-memoria-de-montecristi\/#primaryimage"},"thumbnailUrl":"https:\/\/tabernaculoprensadedios.com\/web\/wp-content\/uploads\/2026\/02\/mas-alla-delmonumento.jpg","datePublished":"2026-03-11T01:27:02+00:00","dateModified":"2026-03-11T01:27:56+00:00","breadcrumb":{"@id":"https:\/\/tabernaculoprensadedios.com\/web\/el-reloj-que-guarda-la-memoria-de-montecristi\/#breadcrumb"},"inLanguage":"es","potentialAction":[{"@type":"ReadAction","target":["https:\/\/tabernaculoprensadedios.com\/web\/el-reloj-que-guarda-la-memoria-de-montecristi\/"]}]},{"@type":"ImageObject","inLanguage":"es","@id":"https:\/\/tabernaculoprensadedios.com\/web\/el-reloj-que-guarda-la-memoria-de-montecristi\/#primaryimage","url":"https:\/\/tabernaculoprensadedios.com\/web\/wp-content\/uploads\/2026\/02\/mas-alla-delmonumento.jpg","contentUrl":"https:\/\/tabernaculoprensadedios.com\/web\/wp-content\/uploads\/2026\/02\/mas-alla-delmonumento.jpg","width":1917,"height":1096},{"@type":"BreadcrumbList","@id":"https:\/\/tabernaculoprensadedios.com\/web\/el-reloj-que-guarda-la-memoria-de-montecristi\/#breadcrumb","itemListElement":[{"@type":"ListItem","position":1,"name":"Portada","item":"https:\/\/tabernaculoprensadedios.com\/web\/"},{"@type":"ListItem","position":2,"name":"El Reloj que Guarda la Memoria de Montecristi"}]},{"@type":"WebSite","@id":"https:\/\/tabernaculoprensadedios.com\/web\/#website","url":"https:\/\/tabernaculoprensadedios.com\/web\/","name":"Tabernaculo Prensa de Dios","description":"Un medio a la manera de Dios","publisher":{"@id":"https:\/\/tabernaculoprensadedios.com\/web\/#\/schema\/person\/bc0e069fef56b38e177db6f098ae0b6e"},"potentialAction":[{"@type":"SearchAction","target":{"@type":"EntryPoint","urlTemplate":"https:\/\/tabernaculoprensadedios.com\/web\/?s={search_term_string}"},"query-input":{"@type":"PropertyValueSpecification","valueRequired":true,"valueName":"search_term_string"}}],"inLanguage":"es"},{"@type":["Person","Organization"],"@id":"https:\/\/tabernaculoprensadedios.com\/web\/#\/schema\/person\/bc0e069fef56b38e177db6f098ae0b6e","name":"tabernaculo","image":{"@type":"ImageObject","inLanguage":"es","@id":"https:\/\/tabernaculoprensadedios.com\/web\/#\/schema\/person\/image\/","url":"https:\/\/tabernaculoprensadedios.com\/web\/wp-content\/uploads\/2015\/06\/login-logo1.png","contentUrl":"https:\/\/tabernaculoprensadedios.com\/web\/wp-content\/uploads\/2015\/06\/login-logo1.png","width":300,"height":118,"caption":"tabernaculo"},"logo":{"@id":"https:\/\/tabernaculoprensadedios.com\/web\/#\/schema\/person\/image\/"},"url":"https:\/\/tabernaculoprensadedios.com\/web\/author\/tabernaculo\/"}]}},"_links":{"self":[{"href":"https:\/\/tabernaculoprensadedios.com\/web\/wp-json\/wp\/v2\/posts\/37411","targetHints":{"allow":["GET"]}}],"collection":[{"href":"https:\/\/tabernaculoprensadedios.com\/web\/wp-json\/wp\/v2\/posts"}],"about":[{"href":"https:\/\/tabernaculoprensadedios.com\/web\/wp-json\/wp\/v2\/types\/post"}],"author":[{"embeddable":true,"href":"https:\/\/tabernaculoprensadedios.com\/web\/wp-json\/wp\/v2\/users\/1"}],"replies":[{"embeddable":true,"href":"https:\/\/tabernaculoprensadedios.com\/web\/wp-json\/wp\/v2\/comments?post=37411"}],"version-history":[{"count":2,"href":"https:\/\/tabernaculoprensadedios.com\/web\/wp-json\/wp\/v2\/posts\/37411\/revisions"}],"predecessor-version":[{"id":37414,"href":"https:\/\/tabernaculoprensadedios.com\/web\/wp-json\/wp\/v2\/posts\/37411\/revisions\/37414"}],"wp:featuredmedia":[{"embeddable":true,"href":"https:\/\/tabernaculoprensadedios.com\/web\/wp-json\/wp\/v2\/media\/37064"}],"wp:attachment":[{"href":"https:\/\/tabernaculoprensadedios.com\/web\/wp-json\/wp\/v2\/media?parent=37411"}],"wp:term":[{"taxonomy":"category","embeddable":true,"href":"https:\/\/tabernaculoprensadedios.com\/web\/wp-json\/wp\/v2\/categories?post=37411"},{"taxonomy":"post_tag","embeddable":true,"href":"https:\/\/tabernaculoprensadedios.com\/web\/wp-json\/wp\/v2\/tags?post=37411"}],"curies":[{"name":"wp","href":"https:\/\/api.w.org\/{rel}","templated":true}]}}