{"id":37409,"date":"2026-03-10T21:12:03","date_gmt":"2026-03-11T01:12:03","guid":{"rendered":"https:\/\/tabernaculoprensadedios.com\/web\/?p=37409"},"modified":"2026-03-10T21:13:02","modified_gmt":"2026-03-11T01:13:02","slug":"la-sabiduria-de-callar-a-tiempo","status":"publish","type":"post","link":"https:\/\/tabernaculoprensadedios.com\/web\/la-sabiduria-de-callar-a-tiempo\/","title":{"rendered":"La Sabidur\u00eda de Callar a Tiempo"},"content":{"rendered":"<p>Solemos pensar que las heridas verdaderamente graves son aquellas que se pueden ver, pero \u00bfqu\u00e9 hacemos con las heridas que no se ven? Con las marcas que dejan los insultos, con la decepci\u00f3n de una palabra dicha fuera de tiempo, con la tristeza que provoca la arrogancia o el temor que despiertan las palabras llenas de ira. Las palabras pueden herir profundamente.<\/p>\n<p>Frente a este peligro, muchas veces elegir callar puede ser un acto de verdadera sabidur\u00eda: una manera de guardarnos de pecar contra el Se\u00f1or y de evitar infligir dolor innecesario a quienes nos rodean. Las Escrituras nos ense\u00f1an sobre la importancia de cuidar nuestras palabras y nos dejan ver que hay momentos en los que es mejor callar:<\/p>\n<blockquote><p><em><strong>En muchas palabras, la transgresi\u00f3n es inevitable,<\/strong><\/em><br \/>\n<em><strong>pero el que refrena sus labios es prudente (Pr 10:19).<\/strong><\/em><\/p><\/blockquote>\n<p>Esto lo saben, mis amados hermanos. Pero que cada uno sea pronto para o\u00edr, tardo para hablar, tardo para la ira; pues la ira del hombre no obra la justicia de Dios (Stg 1:19-20).<\/p>\n<p>Por causa de la realidad que ambos textos se\u00f1alan (hablar puede lastimar), quisiera compartirte cinco ocasiones en las que callar es sabidur\u00eda.<\/p>\n<p><strong>Cuando mis palabras no van a edificar<\/strong><br \/>\nSi somos honestos, podemos reconocer que hay momentos en los que tenemos la intenci\u00f3n de herir con nuestras palabras. El impulso de nuestro coraz\u00f3n pecador busca decir algo que haga sentir mal a la otra persona porque no nos gust\u00f3 lo que nos dijo o nos hizo. Otras veces, aunque no queremos lastimar, sabemos que lo que estamos a punto de pronunciar no traer\u00e1 bien.<\/p>\n<p>Pero la Palabra nos ense\u00f1a que nuestro hablar debe ser siempre para edificaci\u00f3n y no para destrucci\u00f3n (Pr 18:21), y se nos exhorta que nuestras palabras impartan gracia a los que escuchan (Ef 4:29). De modo que, si hay un momento en el que de nuestro coraz\u00f3n no pueden salir palabras que edifiquen, entonces lo m\u00e1s sabio es refrenar nuestra lengua, callar y llevar nuestro coraz\u00f3n delante de Dios.<\/p>\n<p><strong>Cuando hay ira de por medio<\/strong><br \/>\nSantiago establece una relaci\u00f3n estrecha entre nuestras palabras y la ira (Stg 1:19). Hay palabras dichas impulsivamente que pueden encender la ira en el otro, pero tambi\u00e9n hay peligro en las palabras que salen de un coraz\u00f3n airado. Como bien agrega Santiago, nuestra ira no obra la justicia de Dios (v. 20). Cuando nuestro coraz\u00f3n est\u00e1 lleno de ira, es muy dif\u00edcil que salgan palabras que edifiquen, consuelen o traigan paz.<\/p>\n<p><strong>Guardar silencio en momentos en los que nuestro coraz\u00f3n quiere hablar requiere confianza en el Se\u00f1or Jes\u00fas<\/strong><\/p>\n<p>En esos momentos, lo mejor que podemos hacer es guardar silencio y llevar nuestro enojo delante del Se\u00f1or. Pero tambi\u00e9n hay momentos en los que este principio aplica cuando es la otra persona quien est\u00e1 airada. A veces, por m\u00e1s buenas que sean nuestras intenciones, nuestras palabras no ser\u00e1n bien recibidas si el coraz\u00f3n del otro est\u00e1 nublado por la ira. En medio de esa situaci\u00f3n, hay sabidur\u00eda en callar y esperar un momento m\u00e1s oportuno.<\/p>\n<p><strong>Cuando mis palabras son para presumir<\/strong><br \/>\nDe manera directa o indirecta, hay momentos en los que la intenci\u00f3n de nuestro coraz\u00f3n es exaltarnos a nosotros mismos: buscar aprobaci\u00f3n, mostrar que sabemos o insinuar que hemos hecho algo bien y merecemos reconocimiento.<\/p>\n<p>Pero la sabidur\u00eda b\u00edblica nos invita a dejar que sea otro quien nos alabe y no nuestros propios labios (Pr 27:2). Si detr\u00e1s de lo que vamos a decir est\u00e1 nuestra propia exaltaci\u00f3n, entonces es sabio callar y recordar que el Se\u00f1or es quien ve, conoce y recompensa.<\/p>\n<p><strong>Cuando me falta informaci\u00f3n o conocimiento<\/strong><br \/>\nEn mi pa\u00eds hay una frase muy com\u00fan que dice: \u00abNos gusta hablar por hablar\u00bb. Y es una realidad: muchas veces hablamos de cosas de las que no sabemos simplemente porque queremos opinar. Pero debemos reconocer que hay circunstancias en las que no tenemos toda la informaci\u00f3n necesaria para emitir un juicio o dar un consejo.<\/p>\n<p>Las Escrituras nos ense\u00f1an sobre la importancia de cuidar nuestras palabras y nos dejan ver que hay momentos en los que es mejor callar<\/p>\n<p>Aun el que es necio es considerado como sabio cuando guarda silencio (Pr 17:28). Si no sabemos sobre un asunto o nos falta informaci\u00f3n, lo m\u00e1s sabio es esperar hasta que podamos hablar con entendimiento.<\/p>\n<p><strong>Cuando el momento no es oportuno<\/strong><br \/>\nNo todo momento es oportuno para hablar. Aun las buenas palabras, dichas en un mal momento, pueden terminar siendo inapropiadas (Pr 27:14). Hay circunstancias de profundo dolor en las que el silencio edifica m\u00e1s que cualquier frase bien intencionada. Hay momentos en los que el cansancio o la saturaci\u00f3n emocional de alguien m\u00e1s nos invita a postergar lo que tenemos que decir.<\/p>\n<p>Tambi\u00e9n hay lugares donde no es prudente tener ciertas conversaciones, y hay temas que es mejor tratarlos en privado. Si el momento y el espacio no son propicios, entonces hay que saber guardar silencio y esperar un tiempo y un lugar m\u00e1s adecuados.<\/p>\n<p><strong>Callar es confiar<\/strong><br \/>\nGuardar silencio en momentos en los que nuestro coraz\u00f3n quiere hablar requiere confianza en el Se\u00f1or Jes\u00fas. Confiamos en que \u00c9l sabe mejor que nosotros lo que es bueno para nuestro coraz\u00f3n. Reconocemos que \u00c9l es quien usa, o no usa, nuestras palabras en la vida de otra persona. Dependemos de \u00c9l, quien trae consuelo cuando nosotros debemos callar. Reconocemos que no necesitamos hablar de lo que no sabemos porque ya hemos sido aprobados en \u00c9l. Confiamos en que no necesitamos presumir porque servimos al Dios que ve en lo secreto.<\/p>\n<p>Que el Se\u00f1or nos ayude a ser sabios y a callar cuando sea necesario.<\/p>\n","protected":false},"excerpt":{"rendered":"<p>Solemos pensar que las heridas verdaderamente graves son aquellas que se pueden ver, pero \u00bfqu\u00e9 hacemos con las heridas que no se ven? Con las marcas que dejan los insultos, con la decepci\u00f3n de una palabra dicha fuera de tiempo, con la tristeza que provoca la arrogancia o el temor que despiertan las palabras llenas &hellip;<\/p>\n","protected":false},"author":1,"featured_media":19237,"comment_status":"open","ping_status":"open","sticky":false,"template":"","format":"standard","meta":{"footnotes":""},"categories":[34],"tags":[],"class_list":["post-37409","post","type-post","status-publish","format-standard","has-post-thumbnail","hentry","category-articulos"],"yoast_head":"<!-- This site is optimized with the Yoast SEO Premium plugin v24.2 (Yoast SEO v27.1.1) - https:\/\/yoast.com\/product\/yoast-seo-premium-wordpress\/ -->\n<title>La Sabidur\u00eda de Callar a Tiempo - Tabernaculo Prensa de Dios<\/title>\n<meta name=\"robots\" content=\"index, follow, max-snippet:-1, max-image-preview:large, max-video-preview:-1\" \/>\n<link rel=\"canonical\" href=\"https:\/\/tabernaculoprensadedios.com\/web\/la-sabiduria-de-callar-a-tiempo\/\" class=\"yoast-seo-meta-tag\" \/>\n<meta property=\"og:locale\" content=\"es_ES\" class=\"yoast-seo-meta-tag\" \/>\n<meta property=\"og:type\" content=\"article\" class=\"yoast-seo-meta-tag\" \/>\n<meta property=\"og:title\" content=\"La Sabidur\u00eda de Callar a Tiempo\" class=\"yoast-seo-meta-tag\" \/>\n<meta property=\"og:description\" content=\"Solemos pensar que las heridas verdaderamente graves son aquellas que se pueden ver, pero \u00bfqu\u00e9 hacemos con las heridas que no se ven? Con las marcas que dejan los insultos, con la decepci\u00f3n de una palabra dicha fuera de tiempo, con la tristeza que provoca la arrogancia o el temor que despiertan las palabras llenas &hellip;\" class=\"yoast-seo-meta-tag\" \/>\n<meta property=\"og:url\" content=\"https:\/\/tabernaculoprensadedios.com\/web\/la-sabiduria-de-callar-a-tiempo\/\" class=\"yoast-seo-meta-tag\" \/>\n<meta property=\"og:site_name\" content=\"Tabernaculo Prensa de Dios\" class=\"yoast-seo-meta-tag\" \/>\n<meta property=\"article:published_time\" content=\"2026-03-11T01:12:03+00:00\" class=\"yoast-seo-meta-tag\" \/>\n<meta property=\"article:modified_time\" content=\"2026-03-11T01:13:02+00:00\" class=\"yoast-seo-meta-tag\" \/>\n<meta property=\"og:image\" content=\"https:\/\/tabernaculoprensadedios.com\/web\/wp-content\/uploads\/2020\/08\/winding-road-traves-parque-ciudad_1112-1986.jpg\" class=\"yoast-seo-meta-tag\" \/>\n\t<meta property=\"og:image:width\" content=\"626\" class=\"yoast-seo-meta-tag\" \/>\n\t<meta property=\"og:image:height\" content=\"417\" class=\"yoast-seo-meta-tag\" \/>\n\t<meta property=\"og:image:type\" content=\"image\/jpeg\" class=\"yoast-seo-meta-tag\" \/>\n<meta name=\"author\" content=\"tabernaculo\" class=\"yoast-seo-meta-tag\" \/>\n<meta name=\"twitter:card\" content=\"summary_large_image\" class=\"yoast-seo-meta-tag\" \/>\n<meta name=\"twitter:creator\" content=\"@PrensadeDios\" class=\"yoast-seo-meta-tag\" \/>\n<meta name=\"twitter:site\" content=\"@PrensadeDios\" class=\"yoast-seo-meta-tag\" \/>\n<meta name=\"twitter:label1\" content=\"Escrito por\" class=\"yoast-seo-meta-tag\" \/>\n\t<meta name=\"twitter:data1\" content=\"tabernaculo\" class=\"yoast-seo-meta-tag\" \/>\n\t<meta name=\"twitter:label2\" content=\"Tiempo de lectura\" class=\"yoast-seo-meta-tag\" \/>\n\t<meta name=\"twitter:data2\" content=\"5 minutos\" class=\"yoast-seo-meta-tag\" \/>\n<script type=\"application\/ld+json\" class=\"yoast-schema-graph\">{\"@context\":\"https:\/\/schema.org\",\"@graph\":[{\"@type\":\"Article\",\"@id\":\"https:\/\/tabernaculoprensadedios.com\/web\/la-sabiduria-de-callar-a-tiempo\/#article\",\"isPartOf\":{\"@id\":\"https:\/\/tabernaculoprensadedios.com\/web\/la-sabiduria-de-callar-a-tiempo\/\"},\"author\":{\"name\":\"tabernaculo\",\"@id\":\"https:\/\/tabernaculoprensadedios.com\/web\/#\/schema\/person\/bc0e069fef56b38e177db6f098ae0b6e\"},\"headline\":\"La Sabidur\u00eda de Callar a Tiempo\",\"datePublished\":\"2026-03-11T01:12:03+00:00\",\"dateModified\":\"2026-03-11T01:13:02+00:00\",\"mainEntityOfPage\":{\"@id\":\"https:\/\/tabernaculoprensadedios.com\/web\/la-sabiduria-de-callar-a-tiempo\/\"},\"wordCount\":989,\"commentCount\":0,\"publisher\":{\"@id\":\"https:\/\/tabernaculoprensadedios.com\/web\/#\/schema\/person\/bc0e069fef56b38e177db6f098ae0b6e\"},\"image\":{\"@id\":\"https:\/\/tabernaculoprensadedios.com\/web\/la-sabiduria-de-callar-a-tiempo\/#primaryimage\"},\"thumbnailUrl\":\"https:\/\/tabernaculoprensadedios.com\/web\/wp-content\/uploads\/2020\/08\/winding-road-traves-parque-ciudad_1112-1986.jpg\",\"articleSection\":[\"Articulos\"],\"inLanguage\":\"es\",\"potentialAction\":[{\"@type\":\"CommentAction\",\"name\":\"Comment\",\"target\":[\"https:\/\/tabernaculoprensadedios.com\/web\/la-sabiduria-de-callar-a-tiempo\/#respond\"]}]},{\"@type\":\"WebPage\",\"@id\":\"https:\/\/tabernaculoprensadedios.com\/web\/la-sabiduria-de-callar-a-tiempo\/\",\"url\":\"https:\/\/tabernaculoprensadedios.com\/web\/la-sabiduria-de-callar-a-tiempo\/\",\"name\":\"La Sabidur\u00eda de Callar a Tiempo - Tabernaculo Prensa de Dios\",\"isPartOf\":{\"@id\":\"https:\/\/tabernaculoprensadedios.com\/web\/#website\"},\"primaryImageOfPage\":{\"@id\":\"https:\/\/tabernaculoprensadedios.com\/web\/la-sabiduria-de-callar-a-tiempo\/#primaryimage\"},\"image\":{\"@id\":\"https:\/\/tabernaculoprensadedios.com\/web\/la-sabiduria-de-callar-a-tiempo\/#primaryimage\"},\"thumbnailUrl\":\"https:\/\/tabernaculoprensadedios.com\/web\/wp-content\/uploads\/2020\/08\/winding-road-traves-parque-ciudad_1112-1986.jpg\",\"datePublished\":\"2026-03-11T01:12:03+00:00\",\"dateModified\":\"2026-03-11T01:13:02+00:00\",\"breadcrumb\":{\"@id\":\"https:\/\/tabernaculoprensadedios.com\/web\/la-sabiduria-de-callar-a-tiempo\/#breadcrumb\"},\"inLanguage\":\"es\",\"potentialAction\":[{\"@type\":\"ReadAction\",\"target\":[\"https:\/\/tabernaculoprensadedios.com\/web\/la-sabiduria-de-callar-a-tiempo\/\"]}]},{\"@type\":\"ImageObject\",\"inLanguage\":\"es\",\"@id\":\"https:\/\/tabernaculoprensadedios.com\/web\/la-sabiduria-de-callar-a-tiempo\/#primaryimage\",\"url\":\"https:\/\/tabernaculoprensadedios.com\/web\/wp-content\/uploads\/2020\/08\/winding-road-traves-parque-ciudad_1112-1986.jpg\",\"contentUrl\":\"https:\/\/tabernaculoprensadedios.com\/web\/wp-content\/uploads\/2020\/08\/winding-road-traves-parque-ciudad_1112-1986.jpg\",\"width\":626,\"height\":417},{\"@type\":\"BreadcrumbList\",\"@id\":\"https:\/\/tabernaculoprensadedios.com\/web\/la-sabiduria-de-callar-a-tiempo\/#breadcrumb\",\"itemListElement\":[{\"@type\":\"ListItem\",\"position\":1,\"name\":\"Portada\",\"item\":\"https:\/\/tabernaculoprensadedios.com\/web\/\"},{\"@type\":\"ListItem\",\"position\":2,\"name\":\"La Sabidur\u00eda de Callar a Tiempo\"}]},{\"@type\":\"WebSite\",\"@id\":\"https:\/\/tabernaculoprensadedios.com\/web\/#website\",\"url\":\"https:\/\/tabernaculoprensadedios.com\/web\/\",\"name\":\"Tabernaculo Prensa de Dios\",\"description\":\"Un medio a la manera de Dios\",\"publisher\":{\"@id\":\"https:\/\/tabernaculoprensadedios.com\/web\/#\/schema\/person\/bc0e069fef56b38e177db6f098ae0b6e\"},\"potentialAction\":[{\"@type\":\"SearchAction\",\"target\":{\"@type\":\"EntryPoint\",\"urlTemplate\":\"https:\/\/tabernaculoprensadedios.com\/web\/?s={search_term_string}\"},\"query-input\":{\"@type\":\"PropertyValueSpecification\",\"valueRequired\":true,\"valueName\":\"search_term_string\"}}],\"inLanguage\":\"es\"},{\"@type\":[\"Person\",\"Organization\"],\"@id\":\"https:\/\/tabernaculoprensadedios.com\/web\/#\/schema\/person\/bc0e069fef56b38e177db6f098ae0b6e\",\"name\":\"tabernaculo\",\"image\":{\"@type\":\"ImageObject\",\"inLanguage\":\"es\",\"@id\":\"https:\/\/tabernaculoprensadedios.com\/web\/#\/schema\/person\/image\/\",\"url\":\"https:\/\/tabernaculoprensadedios.com\/web\/wp-content\/uploads\/2015\/06\/login-logo1.png\",\"contentUrl\":\"https:\/\/tabernaculoprensadedios.com\/web\/wp-content\/uploads\/2015\/06\/login-logo1.png\",\"width\":300,\"height\":118,\"caption\":\"tabernaculo\"},\"logo\":{\"@id\":\"https:\/\/tabernaculoprensadedios.com\/web\/#\/schema\/person\/image\/\"},\"url\":\"https:\/\/tabernaculoprensadedios.com\/web\/author\/tabernaculo\/\"}]}<\/script>\n<!-- \/ Yoast SEO Premium plugin. -->","yoast_head_json":{"title":"La Sabidur\u00eda de Callar a Tiempo - Tabernaculo Prensa de Dios","robots":{"index":"index","follow":"follow","max-snippet":"max-snippet:-1","max-image-preview":"max-image-preview:large","max-video-preview":"max-video-preview:-1"},"canonical":"https:\/\/tabernaculoprensadedios.com\/web\/la-sabiduria-de-callar-a-tiempo\/","og_locale":"es_ES","og_type":"article","og_title":"La Sabidur\u00eda de Callar a Tiempo","og_description":"Solemos pensar que las heridas verdaderamente graves son aquellas que se pueden ver, pero \u00bfqu\u00e9 hacemos con las heridas que no se ven? Con las marcas que dejan los insultos, con la decepci\u00f3n de una palabra dicha fuera de tiempo, con la tristeza que provoca la arrogancia o el temor que despiertan las palabras llenas &hellip;","og_url":"https:\/\/tabernaculoprensadedios.com\/web\/la-sabiduria-de-callar-a-tiempo\/","og_site_name":"Tabernaculo Prensa de Dios","article_published_time":"2026-03-11T01:12:03+00:00","article_modified_time":"2026-03-11T01:13:02+00:00","og_image":[{"width":626,"height":417,"url":"https:\/\/tabernaculoprensadedios.com\/web\/wp-content\/uploads\/2020\/08\/winding-road-traves-parque-ciudad_1112-1986.jpg","type":"image\/jpeg"}],"author":"tabernaculo","twitter_card":"summary_large_image","twitter_creator":"@PrensadeDios","twitter_site":"@PrensadeDios","twitter_misc":{"Escrito por":"tabernaculo","Tiempo de lectura":"5 minutos"},"schema":{"@context":"https:\/\/schema.org","@graph":[{"@type":"Article","@id":"https:\/\/tabernaculoprensadedios.com\/web\/la-sabiduria-de-callar-a-tiempo\/#article","isPartOf":{"@id":"https:\/\/tabernaculoprensadedios.com\/web\/la-sabiduria-de-callar-a-tiempo\/"},"author":{"name":"tabernaculo","@id":"https:\/\/tabernaculoprensadedios.com\/web\/#\/schema\/person\/bc0e069fef56b38e177db6f098ae0b6e"},"headline":"La Sabidur\u00eda de Callar a Tiempo","datePublished":"2026-03-11T01:12:03+00:00","dateModified":"2026-03-11T01:13:02+00:00","mainEntityOfPage":{"@id":"https:\/\/tabernaculoprensadedios.com\/web\/la-sabiduria-de-callar-a-tiempo\/"},"wordCount":989,"commentCount":0,"publisher":{"@id":"https:\/\/tabernaculoprensadedios.com\/web\/#\/schema\/person\/bc0e069fef56b38e177db6f098ae0b6e"},"image":{"@id":"https:\/\/tabernaculoprensadedios.com\/web\/la-sabiduria-de-callar-a-tiempo\/#primaryimage"},"thumbnailUrl":"https:\/\/tabernaculoprensadedios.com\/web\/wp-content\/uploads\/2020\/08\/winding-road-traves-parque-ciudad_1112-1986.jpg","articleSection":["Articulos"],"inLanguage":"es","potentialAction":[{"@type":"CommentAction","name":"Comment","target":["https:\/\/tabernaculoprensadedios.com\/web\/la-sabiduria-de-callar-a-tiempo\/#respond"]}]},{"@type":"WebPage","@id":"https:\/\/tabernaculoprensadedios.com\/web\/la-sabiduria-de-callar-a-tiempo\/","url":"https:\/\/tabernaculoprensadedios.com\/web\/la-sabiduria-de-callar-a-tiempo\/","name":"La Sabidur\u00eda de Callar a Tiempo - Tabernaculo Prensa de Dios","isPartOf":{"@id":"https:\/\/tabernaculoprensadedios.com\/web\/#website"},"primaryImageOfPage":{"@id":"https:\/\/tabernaculoprensadedios.com\/web\/la-sabiduria-de-callar-a-tiempo\/#primaryimage"},"image":{"@id":"https:\/\/tabernaculoprensadedios.com\/web\/la-sabiduria-de-callar-a-tiempo\/#primaryimage"},"thumbnailUrl":"https:\/\/tabernaculoprensadedios.com\/web\/wp-content\/uploads\/2020\/08\/winding-road-traves-parque-ciudad_1112-1986.jpg","datePublished":"2026-03-11T01:12:03+00:00","dateModified":"2026-03-11T01:13:02+00:00","breadcrumb":{"@id":"https:\/\/tabernaculoprensadedios.com\/web\/la-sabiduria-de-callar-a-tiempo\/#breadcrumb"},"inLanguage":"es","potentialAction":[{"@type":"ReadAction","target":["https:\/\/tabernaculoprensadedios.com\/web\/la-sabiduria-de-callar-a-tiempo\/"]}]},{"@type":"ImageObject","inLanguage":"es","@id":"https:\/\/tabernaculoprensadedios.com\/web\/la-sabiduria-de-callar-a-tiempo\/#primaryimage","url":"https:\/\/tabernaculoprensadedios.com\/web\/wp-content\/uploads\/2020\/08\/winding-road-traves-parque-ciudad_1112-1986.jpg","contentUrl":"https:\/\/tabernaculoprensadedios.com\/web\/wp-content\/uploads\/2020\/08\/winding-road-traves-parque-ciudad_1112-1986.jpg","width":626,"height":417},{"@type":"BreadcrumbList","@id":"https:\/\/tabernaculoprensadedios.com\/web\/la-sabiduria-de-callar-a-tiempo\/#breadcrumb","itemListElement":[{"@type":"ListItem","position":1,"name":"Portada","item":"https:\/\/tabernaculoprensadedios.com\/web\/"},{"@type":"ListItem","position":2,"name":"La Sabidur\u00eda de Callar a Tiempo"}]},{"@type":"WebSite","@id":"https:\/\/tabernaculoprensadedios.com\/web\/#website","url":"https:\/\/tabernaculoprensadedios.com\/web\/","name":"Tabernaculo Prensa de Dios","description":"Un medio a la manera de Dios","publisher":{"@id":"https:\/\/tabernaculoprensadedios.com\/web\/#\/schema\/person\/bc0e069fef56b38e177db6f098ae0b6e"},"potentialAction":[{"@type":"SearchAction","target":{"@type":"EntryPoint","urlTemplate":"https:\/\/tabernaculoprensadedios.com\/web\/?s={search_term_string}"},"query-input":{"@type":"PropertyValueSpecification","valueRequired":true,"valueName":"search_term_string"}}],"inLanguage":"es"},{"@type":["Person","Organization"],"@id":"https:\/\/tabernaculoprensadedios.com\/web\/#\/schema\/person\/bc0e069fef56b38e177db6f098ae0b6e","name":"tabernaculo","image":{"@type":"ImageObject","inLanguage":"es","@id":"https:\/\/tabernaculoprensadedios.com\/web\/#\/schema\/person\/image\/","url":"https:\/\/tabernaculoprensadedios.com\/web\/wp-content\/uploads\/2015\/06\/login-logo1.png","contentUrl":"https:\/\/tabernaculoprensadedios.com\/web\/wp-content\/uploads\/2015\/06\/login-logo1.png","width":300,"height":118,"caption":"tabernaculo"},"logo":{"@id":"https:\/\/tabernaculoprensadedios.com\/web\/#\/schema\/person\/image\/"},"url":"https:\/\/tabernaculoprensadedios.com\/web\/author\/tabernaculo\/"}]}},"_links":{"self":[{"href":"https:\/\/tabernaculoprensadedios.com\/web\/wp-json\/wp\/v2\/posts\/37409","targetHints":{"allow":["GET"]}}],"collection":[{"href":"https:\/\/tabernaculoprensadedios.com\/web\/wp-json\/wp\/v2\/posts"}],"about":[{"href":"https:\/\/tabernaculoprensadedios.com\/web\/wp-json\/wp\/v2\/types\/post"}],"author":[{"embeddable":true,"href":"https:\/\/tabernaculoprensadedios.com\/web\/wp-json\/wp\/v2\/users\/1"}],"replies":[{"embeddable":true,"href":"https:\/\/tabernaculoprensadedios.com\/web\/wp-json\/wp\/v2\/comments?post=37409"}],"version-history":[{"count":1,"href":"https:\/\/tabernaculoprensadedios.com\/web\/wp-json\/wp\/v2\/posts\/37409\/revisions"}],"predecessor-version":[{"id":37410,"href":"https:\/\/tabernaculoprensadedios.com\/web\/wp-json\/wp\/v2\/posts\/37409\/revisions\/37410"}],"wp:featuredmedia":[{"embeddable":true,"href":"https:\/\/tabernaculoprensadedios.com\/web\/wp-json\/wp\/v2\/media\/19237"}],"wp:attachment":[{"href":"https:\/\/tabernaculoprensadedios.com\/web\/wp-json\/wp\/v2\/media?parent=37409"}],"wp:term":[{"taxonomy":"category","embeddable":true,"href":"https:\/\/tabernaculoprensadedios.com\/web\/wp-json\/wp\/v2\/categories?post=37409"},{"taxonomy":"post_tag","embeddable":true,"href":"https:\/\/tabernaculoprensadedios.com\/web\/wp-json\/wp\/v2\/tags?post=37409"}],"curies":[{"name":"wp","href":"https:\/\/api.w.org\/{rel}","templated":true}]}}