{"id":37400,"date":"2026-03-09T15:23:01","date_gmt":"2026-03-09T19:23:01","guid":{"rendered":"https:\/\/tabernaculoprensadedios.com\/web\/?p=37400"},"modified":"2026-03-09T15:27:02","modified_gmt":"2026-03-09T19:27:02","slug":"cuando-una-nacion-necesita-volver-al-espiritu","status":"publish","type":"post","link":"https:\/\/tabernaculoprensadedios.com\/web\/cuando-una-nacion-necesita-volver-al-espiritu\/","title":{"rendered":"Cuando una Naci\u00f3n Necesita Volver al Esp\u00edritu"},"content":{"rendered":"<p>Las naciones atraviesan \u00e9pocas de avance y tambi\u00e9n momentos de inquietud. En esos tiempos donde la sociedad parece caminar entre muchas voces y pocas certezas, se hace necesario volver a mirar hacia los fundamentos que sostienen la vida espiritual de un pueblo.<\/p>\n<p>La verdadera fortaleza de una naci\u00f3n no se mide solamente por su econom\u00eda, sus instituciones o sus avances materiales. Tambi\u00e9n se mide por la salud espiritual de su gente, por la capacidad de sus ciudadanos de vivir con integridad, respeto y sentido de responsabilidad hacia los dem\u00e1s.<\/p>\n<p>Cuando una sociedad comienza a perder esos valores, el ambiente se llena de confusi\u00f3n, de tensiones y de incertidumbre. Por eso, m\u00e1s que nunca, se necesita una renovaci\u00f3n del esp\u00edritu que comience en el coraz\u00f3n de las personas y se extienda hacia las familias, las comunidades y las instituciones.<\/p>\n<p>La iglesia tiene en este tiempo una misi\u00f3n importante: recordar que la fe sigue siendo una gu\u00eda para la vida. No como un discurso distante de la realidad, sino como una fuerza que inspira esperanza, que fortalece la conciencia moral y que anima a trabajar por el bien com\u00fan.<\/p>\n<p>Cada generaci\u00f3n enfrenta sus propios desaf\u00edos, pero tambi\u00e9n recibe la oportunidad de corregir el rumbo y de construir un camino m\u00e1s justo para quienes vienen despu\u00e9s. All\u00ed es donde la voz espiritual vuelve a tener sentido: no para se\u00f1alar, sino para orientar; no para dividir, sino para llamar a la reflexi\u00f3n.<\/p>\n<p>Cuando un pueblo decide fortalecer su vida espiritual, tambi\u00e9n fortalece su futuro. Porque los cambios m\u00e1s profundos no comienzan en las estructuras visibles, sino en el interior de las personas.<\/p>\n<p>Que este tiempo sea una oportunidad para renovar la fe, fortalecer los valores y recordar que la esperanza tambi\u00e9n forma parte del destino de una naci\u00f3n cuando sus ciudadanos deciden caminar con conciencia, responsabilidad y respeto por la vida.<\/p>\n\n\t\t<div class=\"clearfix\"><\/div>\n\t\t<div class=\"about-author about-author-box container-wrapper\">\n\t\t\t<div class=\"author-avatar\">\n\t\t\t\t<img loading=\"lazy\" decoding=\"async\" src=\"https:\/\/tabernaculoprensadedios.com\/web\/wp-content\/uploads\/2023\/06\/country-3880741_1280.jpg\" alt=\"Margarita Garc\u00eda\" class=\"author-avatar-img\" width=\"111\" height=\"111\" \/>\n\t\t\t<\/div>\n\t\t\t<div class=\"author-info\">\n\t\t\t\t<h4>Margarita Garc\u00eda<\/h4>Directora del Tabern\u00e1culo Prensa de Dios\n\t\t\t<\/div>\n\t\t<\/div>\n\t\n","protected":false},"excerpt":{"rendered":"<p>Las naciones atraviesan \u00e9pocas de avance y tambi\u00e9n momentos de inquietud. En esos tiempos donde la sociedad parece caminar entre muchas voces y pocas certezas, se hace necesario volver a mirar hacia los fundamentos que sostienen la vida espiritual de un pueblo. La verdadera fortaleza de una naci\u00f3n no se mide solamente por su econom\u00eda, &hellip;<\/p>\n","protected":false},"author":1,"featured_media":28361,"comment_status":"open","ping_status":"open","sticky":false,"template":"","format":"standard","meta":{"footnotes":""},"categories":[790],"tags":[],"class_list":["post-37400","post","type-post","status-publish","format-standard","has-post-thumbnail","hentry","category-voz-del-tabernaculo"],"yoast_head":"<!-- This site is optimized with the Yoast SEO Premium plugin v24.2 (Yoast SEO v27.1.1) - https:\/\/yoast.com\/product\/yoast-seo-premium-wordpress\/ -->\n<title>Cuando una Naci\u00f3n Necesita Volver al Esp\u00edritu - Tabernaculo Prensa de Dios<\/title>\n<meta name=\"robots\" content=\"index, follow, max-snippet:-1, max-image-preview:large, max-video-preview:-1\" \/>\n<link rel=\"canonical\" href=\"https:\/\/tabernaculoprensadedios.com\/web\/cuando-una-nacion-necesita-volver-al-espiritu\/\" class=\"yoast-seo-meta-tag\" \/>\n<meta property=\"og:locale\" content=\"es_ES\" class=\"yoast-seo-meta-tag\" \/>\n<meta property=\"og:type\" content=\"article\" class=\"yoast-seo-meta-tag\" \/>\n<meta property=\"og:title\" content=\"Cuando una Naci\u00f3n Necesita Volver al Esp\u00edritu\" class=\"yoast-seo-meta-tag\" \/>\n<meta property=\"og:description\" content=\"Las naciones atraviesan \u00e9pocas de avance y tambi\u00e9n momentos de inquietud. En esos tiempos donde la sociedad parece caminar entre muchas voces y pocas certezas, se hace necesario volver a mirar hacia los fundamentos que sostienen la vida espiritual de un pueblo. La verdadera fortaleza de una naci\u00f3n no se mide solamente por su econom\u00eda, &hellip;\" class=\"yoast-seo-meta-tag\" \/>\n<meta property=\"og:url\" content=\"https:\/\/tabernaculoprensadedios.com\/web\/cuando-una-nacion-necesita-volver-al-espiritu\/\" class=\"yoast-seo-meta-tag\" \/>\n<meta property=\"og:site_name\" content=\"Tabernaculo Prensa de Dios\" class=\"yoast-seo-meta-tag\" \/>\n<meta property=\"article:published_time\" content=\"2026-03-09T19:23:01+00:00\" class=\"yoast-seo-meta-tag\" \/>\n<meta property=\"article:modified_time\" content=\"2026-03-09T19:27:02+00:00\" class=\"yoast-seo-meta-tag\" \/>\n<meta property=\"og:image\" content=\"https:\/\/tabernaculoprensadedios.com\/web\/wp-content\/uploads\/2023\/06\/country-3880741_1280.jpg\" class=\"yoast-seo-meta-tag\" \/>\n\t<meta property=\"og:image:width\" content=\"1280\" class=\"yoast-seo-meta-tag\" \/>\n\t<meta property=\"og:image:height\" content=\"853\" class=\"yoast-seo-meta-tag\" \/>\n\t<meta property=\"og:image:type\" content=\"image\/jpeg\" class=\"yoast-seo-meta-tag\" \/>\n<meta name=\"author\" content=\"tabernaculo\" class=\"yoast-seo-meta-tag\" \/>\n<meta name=\"twitter:card\" content=\"summary_large_image\" class=\"yoast-seo-meta-tag\" \/>\n<meta name=\"twitter:creator\" content=\"@PrensadeDios\" class=\"yoast-seo-meta-tag\" \/>\n<meta name=\"twitter:site\" content=\"@PrensadeDios\" class=\"yoast-seo-meta-tag\" \/>\n<meta name=\"twitter:label1\" content=\"Escrito por\" class=\"yoast-seo-meta-tag\" \/>\n\t<meta name=\"twitter:data1\" content=\"tabernaculo\" class=\"yoast-seo-meta-tag\" \/>\n\t<meta name=\"twitter:label2\" content=\"Tiempo de lectura\" class=\"yoast-seo-meta-tag\" \/>\n\t<meta name=\"twitter:data2\" content=\"2 minutos\" class=\"yoast-seo-meta-tag\" \/>\n<script type=\"application\/ld+json\" class=\"yoast-schema-graph\">{\"@context\":\"https:\/\/schema.org\",\"@graph\":[{\"@type\":\"Article\",\"@id\":\"https:\/\/tabernaculoprensadedios.com\/web\/cuando-una-nacion-necesita-volver-al-espiritu\/#article\",\"isPartOf\":{\"@id\":\"https:\/\/tabernaculoprensadedios.com\/web\/cuando-una-nacion-necesita-volver-al-espiritu\/\"},\"author\":{\"name\":\"tabernaculo\",\"@id\":\"https:\/\/tabernaculoprensadedios.com\/web\/#\/schema\/person\/bc0e069fef56b38e177db6f098ae0b6e\"},\"headline\":\"Cuando una Naci\u00f3n Necesita Volver al Esp\u00edritu\",\"datePublished\":\"2026-03-09T19:23:01+00:00\",\"dateModified\":\"2026-03-09T19:27:02+00:00\",\"mainEntityOfPage\":{\"@id\":\"https:\/\/tabernaculoprensadedios.com\/web\/cuando-una-nacion-necesita-volver-al-espiritu\/\"},\"wordCount\":362,\"commentCount\":0,\"publisher\":{\"@id\":\"https:\/\/tabernaculoprensadedios.com\/web\/#\/schema\/person\/bc0e069fef56b38e177db6f098ae0b6e\"},\"image\":{\"@id\":\"https:\/\/tabernaculoprensadedios.com\/web\/cuando-una-nacion-necesita-volver-al-espiritu\/#primaryimage\"},\"thumbnailUrl\":\"https:\/\/tabernaculoprensadedios.com\/web\/wp-content\/uploads\/2023\/06\/country-3880741_1280.jpg\",\"articleSection\":[\"Voz del Tabern\u00e1culo\"],\"inLanguage\":\"es\",\"potentialAction\":[{\"@type\":\"CommentAction\",\"name\":\"Comment\",\"target\":[\"https:\/\/tabernaculoprensadedios.com\/web\/cuando-una-nacion-necesita-volver-al-espiritu\/#respond\"]}]},{\"@type\":\"WebPage\",\"@id\":\"https:\/\/tabernaculoprensadedios.com\/web\/cuando-una-nacion-necesita-volver-al-espiritu\/\",\"url\":\"https:\/\/tabernaculoprensadedios.com\/web\/cuando-una-nacion-necesita-volver-al-espiritu\/\",\"name\":\"Cuando una Naci\u00f3n Necesita Volver al Esp\u00edritu - Tabernaculo Prensa de Dios\",\"isPartOf\":{\"@id\":\"https:\/\/tabernaculoprensadedios.com\/web\/#website\"},\"primaryImageOfPage\":{\"@id\":\"https:\/\/tabernaculoprensadedios.com\/web\/cuando-una-nacion-necesita-volver-al-espiritu\/#primaryimage\"},\"image\":{\"@id\":\"https:\/\/tabernaculoprensadedios.com\/web\/cuando-una-nacion-necesita-volver-al-espiritu\/#primaryimage\"},\"thumbnailUrl\":\"https:\/\/tabernaculoprensadedios.com\/web\/wp-content\/uploads\/2023\/06\/country-3880741_1280.jpg\",\"datePublished\":\"2026-03-09T19:23:01+00:00\",\"dateModified\":\"2026-03-09T19:27:02+00:00\",\"breadcrumb\":{\"@id\":\"https:\/\/tabernaculoprensadedios.com\/web\/cuando-una-nacion-necesita-volver-al-espiritu\/#breadcrumb\"},\"inLanguage\":\"es\",\"potentialAction\":[{\"@type\":\"ReadAction\",\"target\":[\"https:\/\/tabernaculoprensadedios.com\/web\/cuando-una-nacion-necesita-volver-al-espiritu\/\"]}]},{\"@type\":\"ImageObject\",\"inLanguage\":\"es\",\"@id\":\"https:\/\/tabernaculoprensadedios.com\/web\/cuando-una-nacion-necesita-volver-al-espiritu\/#primaryimage\",\"url\":\"https:\/\/tabernaculoprensadedios.com\/web\/wp-content\/uploads\/2023\/06\/country-3880741_1280.jpg\",\"contentUrl\":\"https:\/\/tabernaculoprensadedios.com\/web\/wp-content\/uploads\/2023\/06\/country-3880741_1280.jpg\",\"width\":1280,\"height\":853},{\"@type\":\"BreadcrumbList\",\"@id\":\"https:\/\/tabernaculoprensadedios.com\/web\/cuando-una-nacion-necesita-volver-al-espiritu\/#breadcrumb\",\"itemListElement\":[{\"@type\":\"ListItem\",\"position\":1,\"name\":\"Portada\",\"item\":\"https:\/\/tabernaculoprensadedios.com\/web\/\"},{\"@type\":\"ListItem\",\"position\":2,\"name\":\"Cuando una Naci\u00f3n Necesita Volver al Esp\u00edritu\"}]},{\"@type\":\"WebSite\",\"@id\":\"https:\/\/tabernaculoprensadedios.com\/web\/#website\",\"url\":\"https:\/\/tabernaculoprensadedios.com\/web\/\",\"name\":\"Tabernaculo Prensa de Dios\",\"description\":\"Un medio a la manera de Dios\",\"publisher\":{\"@id\":\"https:\/\/tabernaculoprensadedios.com\/web\/#\/schema\/person\/bc0e069fef56b38e177db6f098ae0b6e\"},\"potentialAction\":[{\"@type\":\"SearchAction\",\"target\":{\"@type\":\"EntryPoint\",\"urlTemplate\":\"https:\/\/tabernaculoprensadedios.com\/web\/?s={search_term_string}\"},\"query-input\":{\"@type\":\"PropertyValueSpecification\",\"valueRequired\":true,\"valueName\":\"search_term_string\"}}],\"inLanguage\":\"es\"},{\"@type\":[\"Person\",\"Organization\"],\"@id\":\"https:\/\/tabernaculoprensadedios.com\/web\/#\/schema\/person\/bc0e069fef56b38e177db6f098ae0b6e\",\"name\":\"tabernaculo\",\"image\":{\"@type\":\"ImageObject\",\"inLanguage\":\"es\",\"@id\":\"https:\/\/tabernaculoprensadedios.com\/web\/#\/schema\/person\/image\/\",\"url\":\"https:\/\/tabernaculoprensadedios.com\/web\/wp-content\/uploads\/2015\/06\/login-logo1.png\",\"contentUrl\":\"https:\/\/tabernaculoprensadedios.com\/web\/wp-content\/uploads\/2015\/06\/login-logo1.png\",\"width\":300,\"height\":118,\"caption\":\"tabernaculo\"},\"logo\":{\"@id\":\"https:\/\/tabernaculoprensadedios.com\/web\/#\/schema\/person\/image\/\"},\"url\":\"https:\/\/tabernaculoprensadedios.com\/web\/author\/tabernaculo\/\"}]}<\/script>\n<!-- \/ Yoast SEO Premium plugin. -->","yoast_head_json":{"title":"Cuando una Naci\u00f3n Necesita Volver al Esp\u00edritu - Tabernaculo Prensa de Dios","robots":{"index":"index","follow":"follow","max-snippet":"max-snippet:-1","max-image-preview":"max-image-preview:large","max-video-preview":"max-video-preview:-1"},"canonical":"https:\/\/tabernaculoprensadedios.com\/web\/cuando-una-nacion-necesita-volver-al-espiritu\/","og_locale":"es_ES","og_type":"article","og_title":"Cuando una Naci\u00f3n Necesita Volver al Esp\u00edritu","og_description":"Las naciones atraviesan \u00e9pocas de avance y tambi\u00e9n momentos de inquietud. En esos tiempos donde la sociedad parece caminar entre muchas voces y pocas certezas, se hace necesario volver a mirar hacia los fundamentos que sostienen la vida espiritual de un pueblo. La verdadera fortaleza de una naci\u00f3n no se mide solamente por su econom\u00eda, &hellip;","og_url":"https:\/\/tabernaculoprensadedios.com\/web\/cuando-una-nacion-necesita-volver-al-espiritu\/","og_site_name":"Tabernaculo Prensa de Dios","article_published_time":"2026-03-09T19:23:01+00:00","article_modified_time":"2026-03-09T19:27:02+00:00","og_image":[{"width":1280,"height":853,"url":"https:\/\/tabernaculoprensadedios.com\/web\/wp-content\/uploads\/2023\/06\/country-3880741_1280.jpg","type":"image\/jpeg"}],"author":"tabernaculo","twitter_card":"summary_large_image","twitter_creator":"@PrensadeDios","twitter_site":"@PrensadeDios","twitter_misc":{"Escrito por":"tabernaculo","Tiempo de lectura":"2 minutos"},"schema":{"@context":"https:\/\/schema.org","@graph":[{"@type":"Article","@id":"https:\/\/tabernaculoprensadedios.com\/web\/cuando-una-nacion-necesita-volver-al-espiritu\/#article","isPartOf":{"@id":"https:\/\/tabernaculoprensadedios.com\/web\/cuando-una-nacion-necesita-volver-al-espiritu\/"},"author":{"name":"tabernaculo","@id":"https:\/\/tabernaculoprensadedios.com\/web\/#\/schema\/person\/bc0e069fef56b38e177db6f098ae0b6e"},"headline":"Cuando una Naci\u00f3n Necesita Volver al Esp\u00edritu","datePublished":"2026-03-09T19:23:01+00:00","dateModified":"2026-03-09T19:27:02+00:00","mainEntityOfPage":{"@id":"https:\/\/tabernaculoprensadedios.com\/web\/cuando-una-nacion-necesita-volver-al-espiritu\/"},"wordCount":362,"commentCount":0,"publisher":{"@id":"https:\/\/tabernaculoprensadedios.com\/web\/#\/schema\/person\/bc0e069fef56b38e177db6f098ae0b6e"},"image":{"@id":"https:\/\/tabernaculoprensadedios.com\/web\/cuando-una-nacion-necesita-volver-al-espiritu\/#primaryimage"},"thumbnailUrl":"https:\/\/tabernaculoprensadedios.com\/web\/wp-content\/uploads\/2023\/06\/country-3880741_1280.jpg","articleSection":["Voz del Tabern\u00e1culo"],"inLanguage":"es","potentialAction":[{"@type":"CommentAction","name":"Comment","target":["https:\/\/tabernaculoprensadedios.com\/web\/cuando-una-nacion-necesita-volver-al-espiritu\/#respond"]}]},{"@type":"WebPage","@id":"https:\/\/tabernaculoprensadedios.com\/web\/cuando-una-nacion-necesita-volver-al-espiritu\/","url":"https:\/\/tabernaculoprensadedios.com\/web\/cuando-una-nacion-necesita-volver-al-espiritu\/","name":"Cuando una Naci\u00f3n Necesita Volver al Esp\u00edritu - Tabernaculo Prensa de Dios","isPartOf":{"@id":"https:\/\/tabernaculoprensadedios.com\/web\/#website"},"primaryImageOfPage":{"@id":"https:\/\/tabernaculoprensadedios.com\/web\/cuando-una-nacion-necesita-volver-al-espiritu\/#primaryimage"},"image":{"@id":"https:\/\/tabernaculoprensadedios.com\/web\/cuando-una-nacion-necesita-volver-al-espiritu\/#primaryimage"},"thumbnailUrl":"https:\/\/tabernaculoprensadedios.com\/web\/wp-content\/uploads\/2023\/06\/country-3880741_1280.jpg","datePublished":"2026-03-09T19:23:01+00:00","dateModified":"2026-03-09T19:27:02+00:00","breadcrumb":{"@id":"https:\/\/tabernaculoprensadedios.com\/web\/cuando-una-nacion-necesita-volver-al-espiritu\/#breadcrumb"},"inLanguage":"es","potentialAction":[{"@type":"ReadAction","target":["https:\/\/tabernaculoprensadedios.com\/web\/cuando-una-nacion-necesita-volver-al-espiritu\/"]}]},{"@type":"ImageObject","inLanguage":"es","@id":"https:\/\/tabernaculoprensadedios.com\/web\/cuando-una-nacion-necesita-volver-al-espiritu\/#primaryimage","url":"https:\/\/tabernaculoprensadedios.com\/web\/wp-content\/uploads\/2023\/06\/country-3880741_1280.jpg","contentUrl":"https:\/\/tabernaculoprensadedios.com\/web\/wp-content\/uploads\/2023\/06\/country-3880741_1280.jpg","width":1280,"height":853},{"@type":"BreadcrumbList","@id":"https:\/\/tabernaculoprensadedios.com\/web\/cuando-una-nacion-necesita-volver-al-espiritu\/#breadcrumb","itemListElement":[{"@type":"ListItem","position":1,"name":"Portada","item":"https:\/\/tabernaculoprensadedios.com\/web\/"},{"@type":"ListItem","position":2,"name":"Cuando una Naci\u00f3n Necesita Volver al Esp\u00edritu"}]},{"@type":"WebSite","@id":"https:\/\/tabernaculoprensadedios.com\/web\/#website","url":"https:\/\/tabernaculoprensadedios.com\/web\/","name":"Tabernaculo Prensa de Dios","description":"Un medio a la manera de Dios","publisher":{"@id":"https:\/\/tabernaculoprensadedios.com\/web\/#\/schema\/person\/bc0e069fef56b38e177db6f098ae0b6e"},"potentialAction":[{"@type":"SearchAction","target":{"@type":"EntryPoint","urlTemplate":"https:\/\/tabernaculoprensadedios.com\/web\/?s={search_term_string}"},"query-input":{"@type":"PropertyValueSpecification","valueRequired":true,"valueName":"search_term_string"}}],"inLanguage":"es"},{"@type":["Person","Organization"],"@id":"https:\/\/tabernaculoprensadedios.com\/web\/#\/schema\/person\/bc0e069fef56b38e177db6f098ae0b6e","name":"tabernaculo","image":{"@type":"ImageObject","inLanguage":"es","@id":"https:\/\/tabernaculoprensadedios.com\/web\/#\/schema\/person\/image\/","url":"https:\/\/tabernaculoprensadedios.com\/web\/wp-content\/uploads\/2015\/06\/login-logo1.png","contentUrl":"https:\/\/tabernaculoprensadedios.com\/web\/wp-content\/uploads\/2015\/06\/login-logo1.png","width":300,"height":118,"caption":"tabernaculo"},"logo":{"@id":"https:\/\/tabernaculoprensadedios.com\/web\/#\/schema\/person\/image\/"},"url":"https:\/\/tabernaculoprensadedios.com\/web\/author\/tabernaculo\/"}]}},"_links":{"self":[{"href":"https:\/\/tabernaculoprensadedios.com\/web\/wp-json\/wp\/v2\/posts\/37400","targetHints":{"allow":["GET"]}}],"collection":[{"href":"https:\/\/tabernaculoprensadedios.com\/web\/wp-json\/wp\/v2\/posts"}],"about":[{"href":"https:\/\/tabernaculoprensadedios.com\/web\/wp-json\/wp\/v2\/types\/post"}],"author":[{"embeddable":true,"href":"https:\/\/tabernaculoprensadedios.com\/web\/wp-json\/wp\/v2\/users\/1"}],"replies":[{"embeddable":true,"href":"https:\/\/tabernaculoprensadedios.com\/web\/wp-json\/wp\/v2\/comments?post=37400"}],"version-history":[{"count":2,"href":"https:\/\/tabernaculoprensadedios.com\/web\/wp-json\/wp\/v2\/posts\/37400\/revisions"}],"predecessor-version":[{"id":37402,"href":"https:\/\/tabernaculoprensadedios.com\/web\/wp-json\/wp\/v2\/posts\/37400\/revisions\/37402"}],"wp:featuredmedia":[{"embeddable":true,"href":"https:\/\/tabernaculoprensadedios.com\/web\/wp-json\/wp\/v2\/media\/28361"}],"wp:attachment":[{"href":"https:\/\/tabernaculoprensadedios.com\/web\/wp-json\/wp\/v2\/media?parent=37400"}],"wp:term":[{"taxonomy":"category","embeddable":true,"href":"https:\/\/tabernaculoprensadedios.com\/web\/wp-json\/wp\/v2\/categories?post=37400"},{"taxonomy":"post_tag","embeddable":true,"href":"https:\/\/tabernaculoprensadedios.com\/web\/wp-json\/wp\/v2\/tags?post=37400"}],"curies":[{"name":"wp","href":"https:\/\/api.w.org\/{rel}","templated":true}]}}