{"id":37396,"date":"2026-03-09T14:01:31","date_gmt":"2026-03-09T18:01:31","guid":{"rendered":"https:\/\/tabernaculoprensadedios.com\/web\/?p=37396"},"modified":"2026-03-09T15:02:07","modified_gmt":"2026-03-09T19:02:07","slug":"iran-occidente-y-la-mirada-cristiana-ante-los-conflictos-del-mundo","status":"publish","type":"post","link":"https:\/\/tabernaculoprensadedios.com\/web\/iran-occidente-y-la-mirada-cristiana-ante-los-conflictos-del-mundo\/","title":{"rendered":"Ir\u00e1n, Occidente y la mirada cristiana ante los conflictos del mundo"},"content":{"rendered":"<p><strong><em>Fe, Cultura y Sociedad\u00a0es un espacio de reflexi\u00f3n que analiza los acontecimientos del mundo desde una perspectiva cristiana. Aqu\u00ed exploramos c\u00f3mo la fe dialoga con la cultura, los desaf\u00edos sociales y los procesos hist\u00f3ricos de nuestro tiempo, promoviendo una mirada equilibrada que resalte la dignidad humana, la verdad y los valores espirituales.<\/em><\/strong><\/p>\n<p>La historia rara vez se ajusta a los guiones ideol\u00f3gicos que los analistas construyen desde sus escritorios. M\u00e1s bien, suele revelar la fragilidad de nuestras interpretaciones frente a la fuerza de los acontecimientos. Lo que hoy ocurre en torno a Ir\u00e1n no puede reducirse a una simple tensi\u00f3n geopol\u00edtica; refleja, en realidad, un choque m\u00e1s profundo entre visiones distintas sobre la libertad, la dignidad humana y el papel del Estado en la vida de los ciudadanos.<\/p>\n<p>Desde una perspectiva sociol\u00f3gica y cultural, este escenario tambi\u00e9n nos invita a reflexionar sobre ciertas lecturas ideol\u00f3gicas que, con frecuencia, examinan con severidad las fallas de las democracias occidentales, pero guardan silencio ante los abusos de reg\u00edmenes autoritarios o teocr\u00e1ticos. La experiencia hist\u00f3rica demuestra que cuando el poder del Estado \u2014o de una estructura religiosa\u2014 absorbe la libertad del individuo, la persona deja de ser sujeto de derechos para convertirse en objeto del poder.<\/p>\n<p>En el caso iran\u00ed, muchos analistas coinciden en que la principal v\u00edctima de este modelo no es Occidente, sino el propio pueblo de Ir\u00e1n, que en distintos momentos ha salido a las calles reclamando mayor libertad y dignidad. Este hecho recuerda que las tensiones internacionales no solo son conflictos entre gobiernos, sino tambi\u00e9n luchas internas por los derechos fundamentales de las personas.<\/p>\n<p>En medio de este panorama, el debate \u00e9tico tambi\u00e9n alcanza a la reflexi\u00f3n teol\u00f3gica. A lo largo de la historia del pensamiento cristiano, figuras como <strong>Agust\u00edn de Hipona<\/strong> y <strong>Tom\u00e1s de Aquino<\/strong> reflexionaron sobre la llamada \u201cguerra justa\u201d, planteando que la fe no puede ignorar la existencia del mal pol\u00edtico ni la necesidad, en ciertos contextos extremos, de proteger la vida y la libertad de los pueblos.<\/p>\n<p>Sin embargo, el an\u00e1lisis cristiano de los conflictos contempor\u00e1neos debe evitar caer en interpretaciones apresuradas o alarmistas. En distintos espacios religiosos suele aparecer una lectura apocal\u00edptica inmediata de cada crisis internacional. No obstante, el propio Jes\u00fas advirti\u00f3 que en la historia habr\u00eda \u201cguerras y rumores de guerras\u201d, pero a\u00f1adi\u00f3 con claridad que <strong>\u201ca\u00fan no es el fin\u201d<\/strong>. Los conflictos forman parte de la realidad de un mundo marcado por el pecado, pero no necesariamente anuncian el cierre inmediato de la historia.<\/p>\n<p>Por ello, m\u00e1s que alimentar el temor, la iglesia est\u00e1 llamada a discernir los tiempos con sabidur\u00eda. La Biblia recuerda c\u00f3mo Dios utiliz\u00f3 al rey <strong>Ciro de Persia<\/strong> para abrir una etapa de libertad para su pueblo, mostrando que incluso en medio de procesos pol\u00edticos complejos pueden surgir oportunidades inesperadas para la obra de Dios.<\/p>\n<p>Algunos observadores sugieren que los cambios actuales en el Medio Oriente \u2014incluyendo nuevas formas de cooperaci\u00f3n entre Israel y varias naciones \u00e1rabes podr\u00edan abrir una etapa de transformaciones regionales profundas. Si ese proceso se consolida, podr\u00eda favorecer espacios m\u00e1s amplios para la libertad religiosa y el di\u00e1logo entre culturas.<\/p>\n<p>Desde la perspectiva de la fe, estos acontecimientos no deben ser vistos \u00fanicamente como conflictos geopol\u00edticos, sino tambi\u00e9n como recordatorios de que la historia sigue abierta. Dios contin\u00faa obrando en medio de los pueblos, incluso en escenarios donde la tensi\u00f3n y la incertidumbre parecen dominar.<\/p>\n<p>M\u00e1s que anunciar el final del mundo, los tiempos actuales pueden representar el inicio de nuevos cap\u00edtulos en los que la fe, la cultura y la sociedad vuelvan a encontrarse para afirmar el valor supremo de la dignidad humana.<\/p>\n","protected":false},"excerpt":{"rendered":"<p>Fe, Cultura y Sociedad\u00a0es un espacio de reflexi\u00f3n que analiza los acontecimientos del mundo desde una perspectiva cristiana. Aqu\u00ed exploramos c\u00f3mo la fe dialoga con la cultura, los desaf\u00edos sociales y los procesos hist\u00f3ricos de nuestro tiempo, promoviendo una mirada equilibrada que resalte la dignidad humana, la verdad y los valores espirituales. La historia rara &hellip;<\/p>\n","protected":false},"author":1,"featured_media":37237,"comment_status":"open","ping_status":"open","sticky":false,"template":"","format":"standard","meta":{"footnotes":""},"categories":[828],"tags":[],"class_list":["post-37396","post","type-post","status-publish","format-standard","has-post-thumbnail","hentry","category-fe-cultura-y-sociedad"],"yoast_head":"<!-- This site is optimized with the Yoast SEO Premium plugin v24.2 (Yoast SEO v27.1.1) - https:\/\/yoast.com\/product\/yoast-seo-premium-wordpress\/ -->\n<title>Ir\u00e1n, Occidente y la mirada cristiana ante los conflictos del mundo - Tabernaculo Prensa de Dios<\/title>\n<meta name=\"robots\" content=\"index, follow, max-snippet:-1, max-image-preview:large, max-video-preview:-1\" \/>\n<link rel=\"canonical\" href=\"https:\/\/tabernaculoprensadedios.com\/web\/iran-occidente-y-la-mirada-cristiana-ante-los-conflictos-del-mundo\/\" class=\"yoast-seo-meta-tag\" \/>\n<meta property=\"og:locale\" content=\"es_ES\" class=\"yoast-seo-meta-tag\" \/>\n<meta property=\"og:type\" content=\"article\" class=\"yoast-seo-meta-tag\" \/>\n<meta property=\"og:title\" content=\"Ir\u00e1n, Occidente y la mirada cristiana ante los conflictos del mundo\" class=\"yoast-seo-meta-tag\" \/>\n<meta property=\"og:description\" content=\"Fe, Cultura y Sociedad\u00a0es un espacio de reflexi\u00f3n que analiza los acontecimientos del mundo desde una perspectiva cristiana. Aqu\u00ed exploramos c\u00f3mo la fe dialoga con la cultura, los desaf\u00edos sociales y los procesos hist\u00f3ricos de nuestro tiempo, promoviendo una mirada equilibrada que resalte la dignidad humana, la verdad y los valores espirituales. La historia rara &hellip;\" class=\"yoast-seo-meta-tag\" \/>\n<meta property=\"og:url\" content=\"https:\/\/tabernaculoprensadedios.com\/web\/iran-occidente-y-la-mirada-cristiana-ante-los-conflictos-del-mundo\/\" class=\"yoast-seo-meta-tag\" \/>\n<meta property=\"og:site_name\" content=\"Tabernaculo Prensa de Dios\" class=\"yoast-seo-meta-tag\" \/>\n<meta property=\"article:published_time\" content=\"2026-03-09T18:01:31+00:00\" class=\"yoast-seo-meta-tag\" \/>\n<meta property=\"article:modified_time\" content=\"2026-03-09T19:02:07+00:00\" class=\"yoast-seo-meta-tag\" \/>\n<meta property=\"og:image\" content=\"https:\/\/tabernaculoprensadedios.com\/web\/wp-content\/uploads\/2026\/02\/rodrigo-dia.jpg\" class=\"yoast-seo-meta-tag\" \/>\n\t<meta property=\"og:image:width\" content=\"1777\" class=\"yoast-seo-meta-tag\" \/>\n\t<meta property=\"og:image:height\" content=\"1231\" class=\"yoast-seo-meta-tag\" \/>\n\t<meta property=\"og:image:type\" content=\"image\/jpeg\" class=\"yoast-seo-meta-tag\" \/>\n<meta name=\"author\" content=\"tabernaculo\" class=\"yoast-seo-meta-tag\" \/>\n<meta name=\"twitter:card\" content=\"summary_large_image\" class=\"yoast-seo-meta-tag\" \/>\n<meta name=\"twitter:creator\" content=\"@PrensadeDios\" class=\"yoast-seo-meta-tag\" \/>\n<meta name=\"twitter:site\" content=\"@PrensadeDios\" class=\"yoast-seo-meta-tag\" \/>\n<meta name=\"twitter:label1\" content=\"Escrito por\" class=\"yoast-seo-meta-tag\" \/>\n\t<meta name=\"twitter:data1\" content=\"tabernaculo\" class=\"yoast-seo-meta-tag\" \/>\n\t<meta name=\"twitter:label2\" content=\"Tiempo de lectura\" class=\"yoast-seo-meta-tag\" \/>\n\t<meta name=\"twitter:data2\" content=\"3 minutos\" class=\"yoast-seo-meta-tag\" \/>\n<script type=\"application\/ld+json\" class=\"yoast-schema-graph\">{\"@context\":\"https:\/\/schema.org\",\"@graph\":[{\"@type\":\"Article\",\"@id\":\"https:\/\/tabernaculoprensadedios.com\/web\/iran-occidente-y-la-mirada-cristiana-ante-los-conflictos-del-mundo\/#article\",\"isPartOf\":{\"@id\":\"https:\/\/tabernaculoprensadedios.com\/web\/iran-occidente-y-la-mirada-cristiana-ante-los-conflictos-del-mundo\/\"},\"author\":{\"name\":\"tabernaculo\",\"@id\":\"https:\/\/tabernaculoprensadedios.com\/web\/#\/schema\/person\/bc0e069fef56b38e177db6f098ae0b6e\"},\"headline\":\"Ir\u00e1n, Occidente y la mirada cristiana ante los conflictos del mundo\",\"datePublished\":\"2026-03-09T18:01:31+00:00\",\"dateModified\":\"2026-03-09T19:02:07+00:00\",\"mainEntityOfPage\":{\"@id\":\"https:\/\/tabernaculoprensadedios.com\/web\/iran-occidente-y-la-mirada-cristiana-ante-los-conflictos-del-mundo\/\"},\"wordCount\":660,\"commentCount\":0,\"publisher\":{\"@id\":\"https:\/\/tabernaculoprensadedios.com\/web\/#\/schema\/person\/bc0e069fef56b38e177db6f098ae0b6e\"},\"image\":{\"@id\":\"https:\/\/tabernaculoprensadedios.com\/web\/iran-occidente-y-la-mirada-cristiana-ante-los-conflictos-del-mundo\/#primaryimage\"},\"thumbnailUrl\":\"https:\/\/tabernaculoprensadedios.com\/web\/wp-content\/uploads\/2026\/02\/rodrigo-dia.jpg\",\"articleSection\":[\"Fe Cultura y Sociedad\"],\"inLanguage\":\"es\",\"potentialAction\":[{\"@type\":\"CommentAction\",\"name\":\"Comment\",\"target\":[\"https:\/\/tabernaculoprensadedios.com\/web\/iran-occidente-y-la-mirada-cristiana-ante-los-conflictos-del-mundo\/#respond\"]}]},{\"@type\":\"WebPage\",\"@id\":\"https:\/\/tabernaculoprensadedios.com\/web\/iran-occidente-y-la-mirada-cristiana-ante-los-conflictos-del-mundo\/\",\"url\":\"https:\/\/tabernaculoprensadedios.com\/web\/iran-occidente-y-la-mirada-cristiana-ante-los-conflictos-del-mundo\/\",\"name\":\"Ir\u00e1n, Occidente y la mirada cristiana ante los conflictos del mundo - Tabernaculo Prensa de Dios\",\"isPartOf\":{\"@id\":\"https:\/\/tabernaculoprensadedios.com\/web\/#website\"},\"primaryImageOfPage\":{\"@id\":\"https:\/\/tabernaculoprensadedios.com\/web\/iran-occidente-y-la-mirada-cristiana-ante-los-conflictos-del-mundo\/#primaryimage\"},\"image\":{\"@id\":\"https:\/\/tabernaculoprensadedios.com\/web\/iran-occidente-y-la-mirada-cristiana-ante-los-conflictos-del-mundo\/#primaryimage\"},\"thumbnailUrl\":\"https:\/\/tabernaculoprensadedios.com\/web\/wp-content\/uploads\/2026\/02\/rodrigo-dia.jpg\",\"datePublished\":\"2026-03-09T18:01:31+00:00\",\"dateModified\":\"2026-03-09T19:02:07+00:00\",\"breadcrumb\":{\"@id\":\"https:\/\/tabernaculoprensadedios.com\/web\/iran-occidente-y-la-mirada-cristiana-ante-los-conflictos-del-mundo\/#breadcrumb\"},\"inLanguage\":\"es\",\"potentialAction\":[{\"@type\":\"ReadAction\",\"target\":[\"https:\/\/tabernaculoprensadedios.com\/web\/iran-occidente-y-la-mirada-cristiana-ante-los-conflictos-del-mundo\/\"]}]},{\"@type\":\"ImageObject\",\"inLanguage\":\"es\",\"@id\":\"https:\/\/tabernaculoprensadedios.com\/web\/iran-occidente-y-la-mirada-cristiana-ante-los-conflictos-del-mundo\/#primaryimage\",\"url\":\"https:\/\/tabernaculoprensadedios.com\/web\/wp-content\/uploads\/2026\/02\/rodrigo-dia.jpg\",\"contentUrl\":\"https:\/\/tabernaculoprensadedios.com\/web\/wp-content\/uploads\/2026\/02\/rodrigo-dia.jpg\",\"width\":1777,\"height\":1231,\"caption\":\"Dr Rodrigo D\u00edaz Berm\u00fadez\"},{\"@type\":\"BreadcrumbList\",\"@id\":\"https:\/\/tabernaculoprensadedios.com\/web\/iran-occidente-y-la-mirada-cristiana-ante-los-conflictos-del-mundo\/#breadcrumb\",\"itemListElement\":[{\"@type\":\"ListItem\",\"position\":1,\"name\":\"Portada\",\"item\":\"https:\/\/tabernaculoprensadedios.com\/web\/\"},{\"@type\":\"ListItem\",\"position\":2,\"name\":\"Ir\u00e1n, Occidente y la mirada cristiana ante los conflictos del mundo\"}]},{\"@type\":\"WebSite\",\"@id\":\"https:\/\/tabernaculoprensadedios.com\/web\/#website\",\"url\":\"https:\/\/tabernaculoprensadedios.com\/web\/\",\"name\":\"Tabernaculo Prensa de Dios\",\"description\":\"Un medio a la manera de Dios\",\"publisher\":{\"@id\":\"https:\/\/tabernaculoprensadedios.com\/web\/#\/schema\/person\/bc0e069fef56b38e177db6f098ae0b6e\"},\"potentialAction\":[{\"@type\":\"SearchAction\",\"target\":{\"@type\":\"EntryPoint\",\"urlTemplate\":\"https:\/\/tabernaculoprensadedios.com\/web\/?s={search_term_string}\"},\"query-input\":{\"@type\":\"PropertyValueSpecification\",\"valueRequired\":true,\"valueName\":\"search_term_string\"}}],\"inLanguage\":\"es\"},{\"@type\":[\"Person\",\"Organization\"],\"@id\":\"https:\/\/tabernaculoprensadedios.com\/web\/#\/schema\/person\/bc0e069fef56b38e177db6f098ae0b6e\",\"name\":\"tabernaculo\",\"image\":{\"@type\":\"ImageObject\",\"inLanguage\":\"es\",\"@id\":\"https:\/\/tabernaculoprensadedios.com\/web\/#\/schema\/person\/image\/\",\"url\":\"https:\/\/tabernaculoprensadedios.com\/web\/wp-content\/uploads\/2015\/06\/login-logo1.png\",\"contentUrl\":\"https:\/\/tabernaculoprensadedios.com\/web\/wp-content\/uploads\/2015\/06\/login-logo1.png\",\"width\":300,\"height\":118,\"caption\":\"tabernaculo\"},\"logo\":{\"@id\":\"https:\/\/tabernaculoprensadedios.com\/web\/#\/schema\/person\/image\/\"},\"url\":\"https:\/\/tabernaculoprensadedios.com\/web\/author\/tabernaculo\/\"}]}<\/script>\n<!-- \/ Yoast SEO Premium plugin. -->","yoast_head_json":{"title":"Ir\u00e1n, Occidente y la mirada cristiana ante los conflictos del mundo - Tabernaculo Prensa de Dios","robots":{"index":"index","follow":"follow","max-snippet":"max-snippet:-1","max-image-preview":"max-image-preview:large","max-video-preview":"max-video-preview:-1"},"canonical":"https:\/\/tabernaculoprensadedios.com\/web\/iran-occidente-y-la-mirada-cristiana-ante-los-conflictos-del-mundo\/","og_locale":"es_ES","og_type":"article","og_title":"Ir\u00e1n, Occidente y la mirada cristiana ante los conflictos del mundo","og_description":"Fe, Cultura y Sociedad\u00a0es un espacio de reflexi\u00f3n que analiza los acontecimientos del mundo desde una perspectiva cristiana. Aqu\u00ed exploramos c\u00f3mo la fe dialoga con la cultura, los desaf\u00edos sociales y los procesos hist\u00f3ricos de nuestro tiempo, promoviendo una mirada equilibrada que resalte la dignidad humana, la verdad y los valores espirituales. La historia rara &hellip;","og_url":"https:\/\/tabernaculoprensadedios.com\/web\/iran-occidente-y-la-mirada-cristiana-ante-los-conflictos-del-mundo\/","og_site_name":"Tabernaculo Prensa de Dios","article_published_time":"2026-03-09T18:01:31+00:00","article_modified_time":"2026-03-09T19:02:07+00:00","og_image":[{"width":1777,"height":1231,"url":"https:\/\/tabernaculoprensadedios.com\/web\/wp-content\/uploads\/2026\/02\/rodrigo-dia.jpg","type":"image\/jpeg"}],"author":"tabernaculo","twitter_card":"summary_large_image","twitter_creator":"@PrensadeDios","twitter_site":"@PrensadeDios","twitter_misc":{"Escrito por":"tabernaculo","Tiempo de lectura":"3 minutos"},"schema":{"@context":"https:\/\/schema.org","@graph":[{"@type":"Article","@id":"https:\/\/tabernaculoprensadedios.com\/web\/iran-occidente-y-la-mirada-cristiana-ante-los-conflictos-del-mundo\/#article","isPartOf":{"@id":"https:\/\/tabernaculoprensadedios.com\/web\/iran-occidente-y-la-mirada-cristiana-ante-los-conflictos-del-mundo\/"},"author":{"name":"tabernaculo","@id":"https:\/\/tabernaculoprensadedios.com\/web\/#\/schema\/person\/bc0e069fef56b38e177db6f098ae0b6e"},"headline":"Ir\u00e1n, Occidente y la mirada cristiana ante los conflictos del mundo","datePublished":"2026-03-09T18:01:31+00:00","dateModified":"2026-03-09T19:02:07+00:00","mainEntityOfPage":{"@id":"https:\/\/tabernaculoprensadedios.com\/web\/iran-occidente-y-la-mirada-cristiana-ante-los-conflictos-del-mundo\/"},"wordCount":660,"commentCount":0,"publisher":{"@id":"https:\/\/tabernaculoprensadedios.com\/web\/#\/schema\/person\/bc0e069fef56b38e177db6f098ae0b6e"},"image":{"@id":"https:\/\/tabernaculoprensadedios.com\/web\/iran-occidente-y-la-mirada-cristiana-ante-los-conflictos-del-mundo\/#primaryimage"},"thumbnailUrl":"https:\/\/tabernaculoprensadedios.com\/web\/wp-content\/uploads\/2026\/02\/rodrigo-dia.jpg","articleSection":["Fe Cultura y Sociedad"],"inLanguage":"es","potentialAction":[{"@type":"CommentAction","name":"Comment","target":["https:\/\/tabernaculoprensadedios.com\/web\/iran-occidente-y-la-mirada-cristiana-ante-los-conflictos-del-mundo\/#respond"]}]},{"@type":"WebPage","@id":"https:\/\/tabernaculoprensadedios.com\/web\/iran-occidente-y-la-mirada-cristiana-ante-los-conflictos-del-mundo\/","url":"https:\/\/tabernaculoprensadedios.com\/web\/iran-occidente-y-la-mirada-cristiana-ante-los-conflictos-del-mundo\/","name":"Ir\u00e1n, Occidente y la mirada cristiana ante los conflictos del mundo - Tabernaculo Prensa de Dios","isPartOf":{"@id":"https:\/\/tabernaculoprensadedios.com\/web\/#website"},"primaryImageOfPage":{"@id":"https:\/\/tabernaculoprensadedios.com\/web\/iran-occidente-y-la-mirada-cristiana-ante-los-conflictos-del-mundo\/#primaryimage"},"image":{"@id":"https:\/\/tabernaculoprensadedios.com\/web\/iran-occidente-y-la-mirada-cristiana-ante-los-conflictos-del-mundo\/#primaryimage"},"thumbnailUrl":"https:\/\/tabernaculoprensadedios.com\/web\/wp-content\/uploads\/2026\/02\/rodrigo-dia.jpg","datePublished":"2026-03-09T18:01:31+00:00","dateModified":"2026-03-09T19:02:07+00:00","breadcrumb":{"@id":"https:\/\/tabernaculoprensadedios.com\/web\/iran-occidente-y-la-mirada-cristiana-ante-los-conflictos-del-mundo\/#breadcrumb"},"inLanguage":"es","potentialAction":[{"@type":"ReadAction","target":["https:\/\/tabernaculoprensadedios.com\/web\/iran-occidente-y-la-mirada-cristiana-ante-los-conflictos-del-mundo\/"]}]},{"@type":"ImageObject","inLanguage":"es","@id":"https:\/\/tabernaculoprensadedios.com\/web\/iran-occidente-y-la-mirada-cristiana-ante-los-conflictos-del-mundo\/#primaryimage","url":"https:\/\/tabernaculoprensadedios.com\/web\/wp-content\/uploads\/2026\/02\/rodrigo-dia.jpg","contentUrl":"https:\/\/tabernaculoprensadedios.com\/web\/wp-content\/uploads\/2026\/02\/rodrigo-dia.jpg","width":1777,"height":1231,"caption":"Dr Rodrigo D\u00edaz Berm\u00fadez"},{"@type":"BreadcrumbList","@id":"https:\/\/tabernaculoprensadedios.com\/web\/iran-occidente-y-la-mirada-cristiana-ante-los-conflictos-del-mundo\/#breadcrumb","itemListElement":[{"@type":"ListItem","position":1,"name":"Portada","item":"https:\/\/tabernaculoprensadedios.com\/web\/"},{"@type":"ListItem","position":2,"name":"Ir\u00e1n, Occidente y la mirada cristiana ante los conflictos del mundo"}]},{"@type":"WebSite","@id":"https:\/\/tabernaculoprensadedios.com\/web\/#website","url":"https:\/\/tabernaculoprensadedios.com\/web\/","name":"Tabernaculo Prensa de Dios","description":"Un medio a la manera de Dios","publisher":{"@id":"https:\/\/tabernaculoprensadedios.com\/web\/#\/schema\/person\/bc0e069fef56b38e177db6f098ae0b6e"},"potentialAction":[{"@type":"SearchAction","target":{"@type":"EntryPoint","urlTemplate":"https:\/\/tabernaculoprensadedios.com\/web\/?s={search_term_string}"},"query-input":{"@type":"PropertyValueSpecification","valueRequired":true,"valueName":"search_term_string"}}],"inLanguage":"es"},{"@type":["Person","Organization"],"@id":"https:\/\/tabernaculoprensadedios.com\/web\/#\/schema\/person\/bc0e069fef56b38e177db6f098ae0b6e","name":"tabernaculo","image":{"@type":"ImageObject","inLanguage":"es","@id":"https:\/\/tabernaculoprensadedios.com\/web\/#\/schema\/person\/image\/","url":"https:\/\/tabernaculoprensadedios.com\/web\/wp-content\/uploads\/2015\/06\/login-logo1.png","contentUrl":"https:\/\/tabernaculoprensadedios.com\/web\/wp-content\/uploads\/2015\/06\/login-logo1.png","width":300,"height":118,"caption":"tabernaculo"},"logo":{"@id":"https:\/\/tabernaculoprensadedios.com\/web\/#\/schema\/person\/image\/"},"url":"https:\/\/tabernaculoprensadedios.com\/web\/author\/tabernaculo\/"}]}},"_links":{"self":[{"href":"https:\/\/tabernaculoprensadedios.com\/web\/wp-json\/wp\/v2\/posts\/37396","targetHints":{"allow":["GET"]}}],"collection":[{"href":"https:\/\/tabernaculoprensadedios.com\/web\/wp-json\/wp\/v2\/posts"}],"about":[{"href":"https:\/\/tabernaculoprensadedios.com\/web\/wp-json\/wp\/v2\/types\/post"}],"author":[{"embeddable":true,"href":"https:\/\/tabernaculoprensadedios.com\/web\/wp-json\/wp\/v2\/users\/1"}],"replies":[{"embeddable":true,"href":"https:\/\/tabernaculoprensadedios.com\/web\/wp-json\/wp\/v2\/comments?post=37396"}],"version-history":[{"count":1,"href":"https:\/\/tabernaculoprensadedios.com\/web\/wp-json\/wp\/v2\/posts\/37396\/revisions"}],"predecessor-version":[{"id":37397,"href":"https:\/\/tabernaculoprensadedios.com\/web\/wp-json\/wp\/v2\/posts\/37396\/revisions\/37397"}],"wp:featuredmedia":[{"embeddable":true,"href":"https:\/\/tabernaculoprensadedios.com\/web\/wp-json\/wp\/v2\/media\/37237"}],"wp:attachment":[{"href":"https:\/\/tabernaculoprensadedios.com\/web\/wp-json\/wp\/v2\/media?parent=37396"}],"wp:term":[{"taxonomy":"category","embeddable":true,"href":"https:\/\/tabernaculoprensadedios.com\/web\/wp-json\/wp\/v2\/categories?post=37396"},{"taxonomy":"post_tag","embeddable":true,"href":"https:\/\/tabernaculoprensadedios.com\/web\/wp-json\/wp\/v2\/tags?post=37396"}],"curies":[{"name":"wp","href":"https:\/\/api.w.org\/{rel}","templated":true}]}}