{"id":37386,"date":"2026-03-09T13:26:13","date_gmt":"2026-03-09T17:26:13","guid":{"rendered":"https:\/\/tabernaculoprensadedios.com\/web\/?p=37386"},"modified":"2026-03-09T13:26:31","modified_gmt":"2026-03-09T17:26:31","slug":"apagon-en-el-faro","status":"publish","type":"post","link":"https:\/\/tabernaculoprensadedios.com\/web\/apagon-en-el-faro\/","title":{"rendered":"Apag\u00f3n en el Faro"},"content":{"rendered":"<p>Siempre que alguien nos menciona la palabra<strong> &#8216;faro&#8217;,<\/strong> lo primero que nos viene a la mente es una luz en medio de la oscuridad absoluta, que nos sirve de gu\u00eda para orientarnos aun a trav\u00e9s de la m\u00e1s densa niebla. Los barcos se romper\u00edan contra las costas en muchas ocasiones si el faro no les diera el sentido de orientaci\u00f3n que necesitan.<\/p>\n<p>Pero, <strong>\u00bfqu\u00e9 suceder\u00eda si se produjese un apag\u00f3n en el faro?<\/strong> Barcos tratando de orientarse a trav\u00e9s de las tinieblas. Gritos en medio de la desesperaci\u00f3n -\u00a1hemos chocado contra algo, vamos a naufragar! \u00bfQu\u00e9 har\u00edas en ese momento en que tu vida depende s\u00f3lo de un milagro? <strong>\u00bfA qui\u00e9n desear\u00edas tener a tu lado?<\/strong> \u00bfQu\u00e9 fue del faro que te llevaba a puerto seguro?<\/p>\n<p>Nosotros los cristianos somos llamados por Dios en su palabra <strong>\u201cLuz del mundo\u201d: \u201cVosotros sois la luz del mundo; una ciudad asentada sobre un monte no se puede esconder.\u201d (Mateo 5.14)<\/strong> S\u00ed, el mundo es como un barco a la deriva buscando algo que los gu\u00ede a un puerto seguro. Nosotros somos el faro que permitir\u00e1 que esas vidas desorientadas encuentren el camino hacia salvaci\u00f3n y la vida eterna. Nosotros somos la iglesia de Cristo aqu\u00ed en la tierra. Nuestra luz da esperanza y debe reflejar, de forma n\u00edtida, la imagen del Dios vivo.<\/p>\n<p>En el libro de los Hechos encontramos una descripci\u00f3n clara de lo que debe ser la iglesia, a esta iglesia la podemos definir como Iglesia Te\u00f3rica y es realmente la iglesia que Cristo concibi\u00f3, la iglesia perfecta. Sin embargo, cuando contemplamos la Iglesia Emp\u00edrica, creada por los hombres con todos nuestros errores, sentimos a\u00f1oranza por las sendas antiguas y desear\u00edamos volver a compartir el pan cada d\u00eda en los templos con alegr\u00eda y sencillez de coraz\u00f3n.<strong> (Hechos 2.46)<\/strong><\/p>\n<p>Siempre que conozco a un hermano de sangre, pues nos une la sangre de Cristo, y me pregunta \u00bfde qu\u00e9 denominaci\u00f3n t\u00fa eres? Les digo, mis hermanos, me molesta en grado superlativo y siento dolor de ver c\u00f3mo hemos despedazado el cuerpo de nuestro Se\u00f1or, lo hemos aserrado con nuestras vanidades en un in\u00fatil intento de tener de nuestro lado una verdad que ni siquiera estamos seguros de que lo sea. La verdad es \u00c9l y eso es lo que nos imprime luz (<strong>1 Corintios 10-17).<\/strong><\/p>\n<p>Nuestras divisiones s\u00f3lo hacen que las tinieblas tomen terreno. La oscuridad espiritual hoy ocupa la mayor\u00eda del espacio que debemos alumbrar y es porque los circuitos se han desconectado. Cristo mismo dijo: \u201c<strong>Si un reino est\u00e1 dividido contra s\u00ed mismo, tal reino no puede permanecer y si una casa est\u00e1 dividida contra s\u00ed misma, tal casa no puede permanecer.\u201d Mar 3.24<\/strong><\/p>\n<p>Hay apag\u00f3n en el faro. Estamos perdiendo el rumbo.<\/p>\n<p>Nadie dijo jam\u00e1s que la iglesia estaba contenida entre paredes de un templo, la iglesia tiene que salir al mundo a arrebatar vidas para que no se pierdan. La iglesia es de Cristo, somos el faro que gu\u00eda el mundo hacia \u00c9l, pero para eso debemos estar unidos, \u00a1Un solo cuerpo! Retomemos el mandato de la Gran Comisi\u00f3n. Hagamos un balance de nuestras actitudes y confront\u00e9monos, clamemos a Dios por los montes a conquistar y deposit\u00e9moslos a sus pies.<\/p>\n","protected":false},"excerpt":{"rendered":"<p>Siempre que alguien nos menciona la palabra &#8216;faro&#8217;, lo primero que nos viene a la mente es una luz en medio de la oscuridad absoluta, que nos sirve de gu\u00eda para orientarnos aun a trav\u00e9s de la m\u00e1s densa niebla. Los barcos se romper\u00edan contra las costas en muchas ocasiones si el faro no les &hellip;<\/p>\n","protected":false},"author":1,"featured_media":24222,"comment_status":"open","ping_status":"open","sticky":false,"template":"","format":"standard","meta":{"footnotes":""},"categories":[34],"tags":[],"class_list":["post-37386","post","type-post","status-publish","format-standard","has-post-thumbnail","hentry","category-articulos"],"yoast_head":"<!-- This site is optimized with the Yoast SEO Premium plugin v24.2 (Yoast SEO v27.1.1) - https:\/\/yoast.com\/product\/yoast-seo-premium-wordpress\/ -->\n<title>Apag\u00f3n en el Faro - Tabernaculo Prensa de Dios<\/title>\n<meta name=\"robots\" content=\"index, follow, max-snippet:-1, max-image-preview:large, max-video-preview:-1\" \/>\n<link rel=\"canonical\" href=\"https:\/\/tabernaculoprensadedios.com\/web\/apagon-en-el-faro\/\" class=\"yoast-seo-meta-tag\" \/>\n<meta property=\"og:locale\" content=\"es_ES\" class=\"yoast-seo-meta-tag\" \/>\n<meta property=\"og:type\" content=\"article\" class=\"yoast-seo-meta-tag\" \/>\n<meta property=\"og:title\" content=\"Apag\u00f3n en el Faro\" class=\"yoast-seo-meta-tag\" \/>\n<meta property=\"og:description\" content=\"Siempre que alguien nos menciona la palabra &#8216;faro&#8217;, lo primero que nos viene a la mente es una luz en medio de la oscuridad absoluta, que nos sirve de gu\u00eda para orientarnos aun a trav\u00e9s de la m\u00e1s densa niebla. Los barcos se romper\u00edan contra las costas en muchas ocasiones si el faro no les &hellip;\" class=\"yoast-seo-meta-tag\" \/>\n<meta property=\"og:url\" content=\"https:\/\/tabernaculoprensadedios.com\/web\/apagon-en-el-faro\/\" class=\"yoast-seo-meta-tag\" \/>\n<meta property=\"og:site_name\" content=\"Tabernaculo Prensa de Dios\" class=\"yoast-seo-meta-tag\" \/>\n<meta property=\"article:published_time\" content=\"2026-03-09T17:26:13+00:00\" class=\"yoast-seo-meta-tag\" \/>\n<meta property=\"article:modified_time\" content=\"2026-03-09T17:26:31+00:00\" class=\"yoast-seo-meta-tag\" \/>\n<meta property=\"og:image\" content=\"https:\/\/tabernaculoprensadedios.com\/web\/wp-content\/uploads\/2022\/01\/Milagros-Garcia-Klibansky.jpg\" class=\"yoast-seo-meta-tag\" \/>\n\t<meta property=\"og:image:width\" content=\"524\" class=\"yoast-seo-meta-tag\" \/>\n\t<meta property=\"og:image:height\" content=\"292\" class=\"yoast-seo-meta-tag\" \/>\n\t<meta property=\"og:image:type\" content=\"image\/jpeg\" class=\"yoast-seo-meta-tag\" \/>\n<meta name=\"author\" content=\"tabernaculo\" class=\"yoast-seo-meta-tag\" \/>\n<meta name=\"twitter:card\" content=\"summary_large_image\" class=\"yoast-seo-meta-tag\" \/>\n<meta name=\"twitter:creator\" content=\"@PrensadeDios\" class=\"yoast-seo-meta-tag\" \/>\n<meta name=\"twitter:site\" content=\"@PrensadeDios\" class=\"yoast-seo-meta-tag\" \/>\n<meta name=\"twitter:label1\" content=\"Escrito por\" class=\"yoast-seo-meta-tag\" \/>\n\t<meta name=\"twitter:data1\" content=\"tabernaculo\" class=\"yoast-seo-meta-tag\" \/>\n\t<meta name=\"twitter:label2\" content=\"Tiempo de lectura\" class=\"yoast-seo-meta-tag\" \/>\n\t<meta name=\"twitter:data2\" content=\"3 minutos\" class=\"yoast-seo-meta-tag\" \/>\n<script type=\"application\/ld+json\" class=\"yoast-schema-graph\">{\"@context\":\"https:\/\/schema.org\",\"@graph\":[{\"@type\":\"Article\",\"@id\":\"https:\/\/tabernaculoprensadedios.com\/web\/apagon-en-el-faro\/#article\",\"isPartOf\":{\"@id\":\"https:\/\/tabernaculoprensadedios.com\/web\/apagon-en-el-faro\/\"},\"author\":{\"name\":\"tabernaculo\",\"@id\":\"https:\/\/tabernaculoprensadedios.com\/web\/#\/schema\/person\/bc0e069fef56b38e177db6f098ae0b6e\"},\"headline\":\"Apag\u00f3n en el Faro\",\"datePublished\":\"2026-03-09T17:26:13+00:00\",\"dateModified\":\"2026-03-09T17:26:31+00:00\",\"mainEntityOfPage\":{\"@id\":\"https:\/\/tabernaculoprensadedios.com\/web\/apagon-en-el-faro\/\"},\"wordCount\":571,\"commentCount\":0,\"publisher\":{\"@id\":\"https:\/\/tabernaculoprensadedios.com\/web\/#\/schema\/person\/bc0e069fef56b38e177db6f098ae0b6e\"},\"image\":{\"@id\":\"https:\/\/tabernaculoprensadedios.com\/web\/apagon-en-el-faro\/#primaryimage\"},\"thumbnailUrl\":\"https:\/\/tabernaculoprensadedios.com\/web\/wp-content\/uploads\/2022\/01\/Milagros-Garcia-Klibansky.jpg\",\"articleSection\":[\"Articulos\"],\"inLanguage\":\"es\",\"potentialAction\":[{\"@type\":\"CommentAction\",\"name\":\"Comment\",\"target\":[\"https:\/\/tabernaculoprensadedios.com\/web\/apagon-en-el-faro\/#respond\"]}]},{\"@type\":\"WebPage\",\"@id\":\"https:\/\/tabernaculoprensadedios.com\/web\/apagon-en-el-faro\/\",\"url\":\"https:\/\/tabernaculoprensadedios.com\/web\/apagon-en-el-faro\/\",\"name\":\"Apag\u00f3n en el Faro - Tabernaculo Prensa de Dios\",\"isPartOf\":{\"@id\":\"https:\/\/tabernaculoprensadedios.com\/web\/#website\"},\"primaryImageOfPage\":{\"@id\":\"https:\/\/tabernaculoprensadedios.com\/web\/apagon-en-el-faro\/#primaryimage\"},\"image\":{\"@id\":\"https:\/\/tabernaculoprensadedios.com\/web\/apagon-en-el-faro\/#primaryimage\"},\"thumbnailUrl\":\"https:\/\/tabernaculoprensadedios.com\/web\/wp-content\/uploads\/2022\/01\/Milagros-Garcia-Klibansky.jpg\",\"datePublished\":\"2026-03-09T17:26:13+00:00\",\"dateModified\":\"2026-03-09T17:26:31+00:00\",\"breadcrumb\":{\"@id\":\"https:\/\/tabernaculoprensadedios.com\/web\/apagon-en-el-faro\/#breadcrumb\"},\"inLanguage\":\"es\",\"potentialAction\":[{\"@type\":\"ReadAction\",\"target\":[\"https:\/\/tabernaculoprensadedios.com\/web\/apagon-en-el-faro\/\"]}]},{\"@type\":\"ImageObject\",\"inLanguage\":\"es\",\"@id\":\"https:\/\/tabernaculoprensadedios.com\/web\/apagon-en-el-faro\/#primaryimage\",\"url\":\"https:\/\/tabernaculoprensadedios.com\/web\/wp-content\/uploads\/2022\/01\/Milagros-Garcia-Klibansky.jpg\",\"contentUrl\":\"https:\/\/tabernaculoprensadedios.com\/web\/wp-content\/uploads\/2022\/01\/Milagros-Garcia-Klibansky.jpg\",\"width\":524,\"height\":292},{\"@type\":\"BreadcrumbList\",\"@id\":\"https:\/\/tabernaculoprensadedios.com\/web\/apagon-en-el-faro\/#breadcrumb\",\"itemListElement\":[{\"@type\":\"ListItem\",\"position\":1,\"name\":\"Portada\",\"item\":\"https:\/\/tabernaculoprensadedios.com\/web\/\"},{\"@type\":\"ListItem\",\"position\":2,\"name\":\"Apag\u00f3n en el Faro\"}]},{\"@type\":\"WebSite\",\"@id\":\"https:\/\/tabernaculoprensadedios.com\/web\/#website\",\"url\":\"https:\/\/tabernaculoprensadedios.com\/web\/\",\"name\":\"Tabernaculo Prensa de Dios\",\"description\":\"Un medio a la manera de Dios\",\"publisher\":{\"@id\":\"https:\/\/tabernaculoprensadedios.com\/web\/#\/schema\/person\/bc0e069fef56b38e177db6f098ae0b6e\"},\"potentialAction\":[{\"@type\":\"SearchAction\",\"target\":{\"@type\":\"EntryPoint\",\"urlTemplate\":\"https:\/\/tabernaculoprensadedios.com\/web\/?s={search_term_string}\"},\"query-input\":{\"@type\":\"PropertyValueSpecification\",\"valueRequired\":true,\"valueName\":\"search_term_string\"}}],\"inLanguage\":\"es\"},{\"@type\":[\"Person\",\"Organization\"],\"@id\":\"https:\/\/tabernaculoprensadedios.com\/web\/#\/schema\/person\/bc0e069fef56b38e177db6f098ae0b6e\",\"name\":\"tabernaculo\",\"image\":{\"@type\":\"ImageObject\",\"inLanguage\":\"es\",\"@id\":\"https:\/\/tabernaculoprensadedios.com\/web\/#\/schema\/person\/image\/\",\"url\":\"https:\/\/tabernaculoprensadedios.com\/web\/wp-content\/uploads\/2015\/06\/login-logo1.png\",\"contentUrl\":\"https:\/\/tabernaculoprensadedios.com\/web\/wp-content\/uploads\/2015\/06\/login-logo1.png\",\"width\":300,\"height\":118,\"caption\":\"tabernaculo\"},\"logo\":{\"@id\":\"https:\/\/tabernaculoprensadedios.com\/web\/#\/schema\/person\/image\/\"},\"url\":\"https:\/\/tabernaculoprensadedios.com\/web\/author\/tabernaculo\/\"}]}<\/script>\n<!-- \/ Yoast SEO Premium plugin. -->","yoast_head_json":{"title":"Apag\u00f3n en el Faro - Tabernaculo Prensa de Dios","robots":{"index":"index","follow":"follow","max-snippet":"max-snippet:-1","max-image-preview":"max-image-preview:large","max-video-preview":"max-video-preview:-1"},"canonical":"https:\/\/tabernaculoprensadedios.com\/web\/apagon-en-el-faro\/","og_locale":"es_ES","og_type":"article","og_title":"Apag\u00f3n en el Faro","og_description":"Siempre que alguien nos menciona la palabra &#8216;faro&#8217;, lo primero que nos viene a la mente es una luz en medio de la oscuridad absoluta, que nos sirve de gu\u00eda para orientarnos aun a trav\u00e9s de la m\u00e1s densa niebla. Los barcos se romper\u00edan contra las costas en muchas ocasiones si el faro no les &hellip;","og_url":"https:\/\/tabernaculoprensadedios.com\/web\/apagon-en-el-faro\/","og_site_name":"Tabernaculo Prensa de Dios","article_published_time":"2026-03-09T17:26:13+00:00","article_modified_time":"2026-03-09T17:26:31+00:00","og_image":[{"width":524,"height":292,"url":"https:\/\/tabernaculoprensadedios.com\/web\/wp-content\/uploads\/2022\/01\/Milagros-Garcia-Klibansky.jpg","type":"image\/jpeg"}],"author":"tabernaculo","twitter_card":"summary_large_image","twitter_creator":"@PrensadeDios","twitter_site":"@PrensadeDios","twitter_misc":{"Escrito por":"tabernaculo","Tiempo de lectura":"3 minutos"},"schema":{"@context":"https:\/\/schema.org","@graph":[{"@type":"Article","@id":"https:\/\/tabernaculoprensadedios.com\/web\/apagon-en-el-faro\/#article","isPartOf":{"@id":"https:\/\/tabernaculoprensadedios.com\/web\/apagon-en-el-faro\/"},"author":{"name":"tabernaculo","@id":"https:\/\/tabernaculoprensadedios.com\/web\/#\/schema\/person\/bc0e069fef56b38e177db6f098ae0b6e"},"headline":"Apag\u00f3n en el Faro","datePublished":"2026-03-09T17:26:13+00:00","dateModified":"2026-03-09T17:26:31+00:00","mainEntityOfPage":{"@id":"https:\/\/tabernaculoprensadedios.com\/web\/apagon-en-el-faro\/"},"wordCount":571,"commentCount":0,"publisher":{"@id":"https:\/\/tabernaculoprensadedios.com\/web\/#\/schema\/person\/bc0e069fef56b38e177db6f098ae0b6e"},"image":{"@id":"https:\/\/tabernaculoprensadedios.com\/web\/apagon-en-el-faro\/#primaryimage"},"thumbnailUrl":"https:\/\/tabernaculoprensadedios.com\/web\/wp-content\/uploads\/2022\/01\/Milagros-Garcia-Klibansky.jpg","articleSection":["Articulos"],"inLanguage":"es","potentialAction":[{"@type":"CommentAction","name":"Comment","target":["https:\/\/tabernaculoprensadedios.com\/web\/apagon-en-el-faro\/#respond"]}]},{"@type":"WebPage","@id":"https:\/\/tabernaculoprensadedios.com\/web\/apagon-en-el-faro\/","url":"https:\/\/tabernaculoprensadedios.com\/web\/apagon-en-el-faro\/","name":"Apag\u00f3n en el Faro - Tabernaculo Prensa de Dios","isPartOf":{"@id":"https:\/\/tabernaculoprensadedios.com\/web\/#website"},"primaryImageOfPage":{"@id":"https:\/\/tabernaculoprensadedios.com\/web\/apagon-en-el-faro\/#primaryimage"},"image":{"@id":"https:\/\/tabernaculoprensadedios.com\/web\/apagon-en-el-faro\/#primaryimage"},"thumbnailUrl":"https:\/\/tabernaculoprensadedios.com\/web\/wp-content\/uploads\/2022\/01\/Milagros-Garcia-Klibansky.jpg","datePublished":"2026-03-09T17:26:13+00:00","dateModified":"2026-03-09T17:26:31+00:00","breadcrumb":{"@id":"https:\/\/tabernaculoprensadedios.com\/web\/apagon-en-el-faro\/#breadcrumb"},"inLanguage":"es","potentialAction":[{"@type":"ReadAction","target":["https:\/\/tabernaculoprensadedios.com\/web\/apagon-en-el-faro\/"]}]},{"@type":"ImageObject","inLanguage":"es","@id":"https:\/\/tabernaculoprensadedios.com\/web\/apagon-en-el-faro\/#primaryimage","url":"https:\/\/tabernaculoprensadedios.com\/web\/wp-content\/uploads\/2022\/01\/Milagros-Garcia-Klibansky.jpg","contentUrl":"https:\/\/tabernaculoprensadedios.com\/web\/wp-content\/uploads\/2022\/01\/Milagros-Garcia-Klibansky.jpg","width":524,"height":292},{"@type":"BreadcrumbList","@id":"https:\/\/tabernaculoprensadedios.com\/web\/apagon-en-el-faro\/#breadcrumb","itemListElement":[{"@type":"ListItem","position":1,"name":"Portada","item":"https:\/\/tabernaculoprensadedios.com\/web\/"},{"@type":"ListItem","position":2,"name":"Apag\u00f3n en el Faro"}]},{"@type":"WebSite","@id":"https:\/\/tabernaculoprensadedios.com\/web\/#website","url":"https:\/\/tabernaculoprensadedios.com\/web\/","name":"Tabernaculo Prensa de Dios","description":"Un medio a la manera de Dios","publisher":{"@id":"https:\/\/tabernaculoprensadedios.com\/web\/#\/schema\/person\/bc0e069fef56b38e177db6f098ae0b6e"},"potentialAction":[{"@type":"SearchAction","target":{"@type":"EntryPoint","urlTemplate":"https:\/\/tabernaculoprensadedios.com\/web\/?s={search_term_string}"},"query-input":{"@type":"PropertyValueSpecification","valueRequired":true,"valueName":"search_term_string"}}],"inLanguage":"es"},{"@type":["Person","Organization"],"@id":"https:\/\/tabernaculoprensadedios.com\/web\/#\/schema\/person\/bc0e069fef56b38e177db6f098ae0b6e","name":"tabernaculo","image":{"@type":"ImageObject","inLanguage":"es","@id":"https:\/\/tabernaculoprensadedios.com\/web\/#\/schema\/person\/image\/","url":"https:\/\/tabernaculoprensadedios.com\/web\/wp-content\/uploads\/2015\/06\/login-logo1.png","contentUrl":"https:\/\/tabernaculoprensadedios.com\/web\/wp-content\/uploads\/2015\/06\/login-logo1.png","width":300,"height":118,"caption":"tabernaculo"},"logo":{"@id":"https:\/\/tabernaculoprensadedios.com\/web\/#\/schema\/person\/image\/"},"url":"https:\/\/tabernaculoprensadedios.com\/web\/author\/tabernaculo\/"}]}},"_links":{"self":[{"href":"https:\/\/tabernaculoprensadedios.com\/web\/wp-json\/wp\/v2\/posts\/37386","targetHints":{"allow":["GET"]}}],"collection":[{"href":"https:\/\/tabernaculoprensadedios.com\/web\/wp-json\/wp\/v2\/posts"}],"about":[{"href":"https:\/\/tabernaculoprensadedios.com\/web\/wp-json\/wp\/v2\/types\/post"}],"author":[{"embeddable":true,"href":"https:\/\/tabernaculoprensadedios.com\/web\/wp-json\/wp\/v2\/users\/1"}],"replies":[{"embeddable":true,"href":"https:\/\/tabernaculoprensadedios.com\/web\/wp-json\/wp\/v2\/comments?post=37386"}],"version-history":[{"count":2,"href":"https:\/\/tabernaculoprensadedios.com\/web\/wp-json\/wp\/v2\/posts\/37386\/revisions"}],"predecessor-version":[{"id":37388,"href":"https:\/\/tabernaculoprensadedios.com\/web\/wp-json\/wp\/v2\/posts\/37386\/revisions\/37388"}],"wp:featuredmedia":[{"embeddable":true,"href":"https:\/\/tabernaculoprensadedios.com\/web\/wp-json\/wp\/v2\/media\/24222"}],"wp:attachment":[{"href":"https:\/\/tabernaculoprensadedios.com\/web\/wp-json\/wp\/v2\/media?parent=37386"}],"wp:term":[{"taxonomy":"category","embeddable":true,"href":"https:\/\/tabernaculoprensadedios.com\/web\/wp-json\/wp\/v2\/categories?post=37386"},{"taxonomy":"post_tag","embeddable":true,"href":"https:\/\/tabernaculoprensadedios.com\/web\/wp-json\/wp\/v2\/tags?post=37386"}],"curies":[{"name":"wp","href":"https:\/\/api.w.org\/{rel}","templated":true}]}}