{"id":37382,"date":"2026-03-09T13:21:38","date_gmt":"2026-03-09T17:21:38","guid":{"rendered":"https:\/\/tabernaculoprensadedios.com\/web\/?p=37382"},"modified":"2026-03-09T13:21:38","modified_gmt":"2026-03-09T17:21:38","slug":"pasion-por-los-perdidos-los-campos-estan-blancos-juan-431-38","status":"publish","type":"post","link":"https:\/\/tabernaculoprensadedios.com\/web\/pasion-por-los-perdidos-los-campos-estan-blancos-juan-431-38\/","title":{"rendered":"Pasi\u00f3n por los perdidos. Los campos est\u00e1n blancos (Juan 4:31-38)"},"content":{"rendered":"<p>\u00abTenemos que creer que Dios tiene poder para cambiar a las personas. Algunas no querr\u00e1n que se produzcan esos cambios, pero otras s\u00ed. Hoy los campos siguen estando blancos y listos para la siega, y se necesitan m\u00e1s obreros para la mies\u00bb<\/p>\n<p>En las facultades y seminarios de teolog\u00eda, suele haber una asignatura llamada \u00abTeolog\u00eda de la Evangelizaci\u00f3n\u00bb. En esta \u00e1rea se estudia todo lo que la Biblia ense\u00f1a sobre este asunto, y las diferentes l\u00edneas que siguen las iglesias en cuanto a la comprensi\u00f3n de lo que es evangelizar.<\/p>\n<p>Sabemos que hay una revelaci\u00f3n de Dios, que se llama natural. Esta se muestra por su propia creaci\u00f3n, que nos habla del Creador. Tambi\u00e9n nuestra conciencia nos puede mostrar algunas sensaciones respecto a nuestro comportamiento. Esto nos es presentado en diferentes pasajes b\u00edblicos como en la Ep\u00edstola a los Romanos: \u00ab14 Porque cuando los gentiles que no tienen ley, hacen por naturaleza lo que es de la ley, estos, aunque no tengan ley, son ley para s\u00ed mismos, 15 mostrando la obra de la ley escrita en sus corazones, dando testimonio su conciencia, y acus\u00e1ndolos o defendi\u00e9ndose sus razonamientos\u00bb. (Romanos 2:14-15).<\/p>\n<p>Las leyes naturales nos dan a conocer a Dios, pero no nos salvan. Incluso cuando la Biblia dice que algunos ser\u00e1n salvados por fuego (1\u00aa Corintios 3:15), esto no significa otras oportunidades o medios, sino que Cristo es tambi\u00e9n la base en esta explicaci\u00f3n. Se quemar\u00e1n las \u00abmalas edificaciones\u00bb que se intenten levantar con el nombre de Cristo, pues lo importante es estar en \u00c9l.<\/p>\n<p>Siguiendo la reflexi\u00f3n sobre la importancia de tener \u00abpasi\u00f3n por los perdidos\u00bb, que se presenta en la primera parte del libro \u00abSu Palabra: Salvaci\u00f3n\u00bb, se recuerda que hay que tener una convicci\u00f3n clara del estado de las personas que se pierden, as\u00ed como de que solamente existe un solo camino para la salvaci\u00f3n, que es Cristo, a quien tenemos que presentar. Aqu\u00ed vamos a recordar otros aspectos que son muy relevantes para tener pasi\u00f3n por los perdidos.<\/p>\n<p>Es f\u00e1cil quedarse con los conceptos b\u00edblicos sobre la situaci\u00f3n de las personas que no tienen a Cristo, pero somos nosotros los llamados a ser portavoces de esta realidad. Esto se presenta como una tarea urgente. Jes\u00fas lo expresa as\u00ed cuando los disc\u00edpulos le animan a comer, en un d\u00eda de intensa actividad. Pero Jes\u00fas muestra que su comida es la voluntad del Padre. Ellos no entend\u00edan, igual que muchos creyentes. A veces, no se comprende la importancia de segar, de \u00abrecoger el fruto para Cristo\u00bb.<\/p>\n<p>En ocasiones podemos pasar m\u00e1s tiempo haciendo an\u00e1lisis de la necesidad de las personas y buscando estrategias y m\u00e9todos para evangelizar, que en evangelizar en s\u00ed mismo, en ser instrumentos usados por el Se\u00f1or para salvaci\u00f3n. Cuando se dice que los \u00abcampos est\u00e1n blancos\u00bb, se apunta a que es el tiempo de predicar y cosechar, porque Dios ha usado a otras personas a lo largo de la historia y en nuestros tiempos para sembrar su Palabra, y estamos en el tiempo de recoger; pero en ese sentido la recogida se hace tambi\u00e9n evangelizando, compartiendo el mensaje de salvaci\u00f3n.<\/p>\n<p>El crecimiento del pueblo de Dios ha desafiado normas sociales y de otra \u00edndole. En lugares donde se entend\u00eda m\u00e1s dif\u00edcil el crecimiento del pueblo de Dios, se ha dado con gran fuerza. Pueblos peque\u00f1os y endurecidos por la falta de fe han abierto su coraz\u00f3n a Dios.<\/p>\n<p>Jes\u00fas ve un problema y no es la dureza del coraz\u00f3n de las personas, sino la falta de obreros: \u00abEntonces dijo a sus disc\u00edpulos: A la verdad la mies es mucha, mas los obreros pocos.\u00bb (Mateo 9:37). El r\u00e1pido crecimiento de las sectas y grupos religiosos que no presentan a Cristo como salvador es una muestra del enorme vac\u00edo espiritual que existe.<\/p>\n<p>Muchas personas en nuestras propias iglesias no conocen lo que es ese mandamiento b\u00e1sico de todo cristiano que hemos llamado \u00abLa Gran Comisi\u00f3n\u00bb y que encontramos en el evangelio de Mateo: 19 Por tanto, id, y haced disc\u00edpulos a todas las naciones, bautiz\u00e1ndolos en el nombre del Padre, y del Hijo, y del Esp\u00edritu Santo; 20 ense\u00f1\u00e1ndoles que guarden todas las cosas que os he mandado; y he aqu\u00ed yo estoy con vosotros todos los d\u00edas, hasta el fin del mundo. Am\u00e9n. (Mateo 28:19-20).<\/p>\n<p>La Biblia es muy rotunda en esto, y Pablo lo expone tambi\u00e9n as\u00ed: \u00ab\u00bfC\u00f3mo creer\u00e1n sin haber qui\u00e9n les predique?\u00bb (Romanos 10:14). \u00bfPara qu\u00e9 existe la iglesia? Esta es una pregunta que ha motivado la publicaci\u00f3n de muchos libros sobre \u00abiglecrecimiento\u00bb. En una macro encuesta sobre este tema, se revel\u00f3 que un porcentaje muy alto de la iglesia cree que esta existe para suplir las necesidades de sus miembros. Un porcentaje muy peque\u00f1o apuntaba que su prop\u00f3sito era alcanzar a los perdidos. En realidad la iglesia existe para Dios, cuando esto es as\u00ed, se da la \u00abGran Comisi\u00f3n\u00bb en el sentido de \u00abID\u00bb, \u00abENSE\u00d1\u00c1NDOLES\u00bb, \u00abBAUTIZ\u00c1NDOLES\u00bb<\/p>\n<p>El porcentaje de hermanos que tienen el don de evangelista en las iglesias suele ser peque\u00f1o, pero esto es algo que no se puede forzar, porque los dones los da el Esp\u00edritu Santo, por lo que si uno no tiene el don de evangelista, no tiene que sentirse mal. Sin embargo, la \u00abGran Comisi\u00f3n\u00bb incluye a todos: \u00ab[\u2026] santificad a Dios el Se\u00f1or en vuestros corazones, y estad siempre preparados para presentar defensa con mansedumbre y reverencia ante todo el que os demande raz\u00f3n de la esperanza que hay en vosotros\u00bb (1\u00aa Pedro 3:15).<\/p>\n<p>La 2Gran Comisi\u00f3n\u00bb en el libro de Los Hechos de los Ap\u00f3stoles, nos da un matiz diferente: \u00ab[\u2026] me ser\u00e9is testigos en Jerusal\u00e9n, en Judea, en Samaria y hasta lo \u00faltimo de la tierra\u00bb (Hechos 1:8). La Escritura nos dice que podremos realizar cosas mayores que las que Jes\u00fas hizo (Juan 14:12); pero esto parece dirigirse de forma especial a la predicaci\u00f3n de la Palabra de Dios, la Biblia: \u00abcuando hubieron orado, el lugar en que estaban congregados tembl\u00f3; y todos fueron llenos del esp\u00edritu santo, y hablaban con denuedo la palabra de Dios\u00bb (Hechos 4:31).<\/p>\n<p>Tenemos que estar constantemente llenos del Esp\u00edritu Santo, estando embriagados por \u00c9l, y no por el vino (Efesios 5:18). Evangelizar no requiere siempre tener el don de evangelista; requiere ser un creyente entregado al Se\u00f1or e investido por el Esp\u00edritu Santo.<\/p>\n<p>Dios es quien da el crecimiento, pero nosotros hemos de ponernos en sus manos para ello. Tenemos que sembrar, arar, regar, y Dios no falla con su calor de perd\u00f3n y nueva vida para producir fruto; aunque finalmente cada persona tiene que tomar su propia decisi\u00f3n (Hechos 2:47).<\/p>\n<p>La primera acci\u00f3n del creyente ha de ser la obediencia, con un grado de pertenencia clara. Los signos zodiacales, con el tema de los hor\u00f3scopos, tienen tantos seguidores por su filosof\u00eda de pertenencia, pues se asocia al individuo por su cumplea\u00f1os. Cuando Jon\u00e1s no quer\u00eda ir a N\u00ednive, era por falta de pertenencia. Cuando \u00abel hijo pr\u00f3digo\u00bb vuelve a casa, su hermano no lo acepta por lo mismo, por no verlo como su hermano (Lucas 15:30-32). Somos iglesia, y como hijos de Dios pertenecemos a los planes de Dios para este mundo, los cuales hemos de interiorizarlos en nuestras vidas.<\/p>\n<p>Tenemos que creer que Dios tiene poder para cambiar a las personas. Algunas no querr\u00e1n que se produzcan esos cambios, pero otras s\u00ed. Hoy los campos siguen estando blancos y listos para la siega, y se necesitan m\u00e1s obreros para la mies. El milagro de la salvaci\u00f3n solamente es posible en Cristo cuando el Esp\u00edritu Santo nos convence de pecado, para experimentar el amor del Padre; pero nosotros tenemos las llaves de cielo para que esto se pueda producir, cuando predicamos el evangelio: \u00abY a ti te dar\u00e9 las llaves del reino de los cielos; y todo lo que atares en la tierra ser\u00e1 atado en los cielos; y todo lo que desatares en la tierra ser\u00e1 desatado en los cielos.\u00bb (Mateo 16:19).<\/p>\n","protected":false},"excerpt":{"rendered":"<p>\u00abTenemos que creer que Dios tiene poder para cambiar a las personas. Algunas no querr\u00e1n que se produzcan esos cambios, pero otras s\u00ed. Hoy los campos siguen estando blancos y listos para la siega, y se necesitan m\u00e1s obreros para la mies\u00bb En las facultades y seminarios de teolog\u00eda, suele haber una asignatura llamada \u00abTeolog\u00eda &hellip;<\/p>\n","protected":false},"author":1,"featured_media":37383,"comment_status":"open","ping_status":"open","sticky":false,"template":"","format":"standard","meta":{"footnotes":""},"categories":[34],"tags":[],"class_list":["post-37382","post","type-post","status-publish","format-standard","has-post-thumbnail","hentry","category-articulos"],"yoast_head":"<!-- This site is optimized with the Yoast SEO Premium plugin v24.2 (Yoast SEO v27.1.1) - https:\/\/yoast.com\/product\/yoast-seo-premium-wordpress\/ -->\n<title>Pasi\u00f3n por los perdidos. Los campos est\u00e1n blancos (Juan 4:31-38) - Tabernaculo Prensa de Dios<\/title>\n<meta name=\"robots\" content=\"index, follow, max-snippet:-1, max-image-preview:large, max-video-preview:-1\" \/>\n<link rel=\"canonical\" href=\"https:\/\/tabernaculoprensadedios.com\/web\/pasion-por-los-perdidos-los-campos-estan-blancos-juan-431-38\/\" class=\"yoast-seo-meta-tag\" \/>\n<meta property=\"og:locale\" content=\"es_ES\" class=\"yoast-seo-meta-tag\" \/>\n<meta property=\"og:type\" content=\"article\" class=\"yoast-seo-meta-tag\" \/>\n<meta property=\"og:title\" content=\"Pasi\u00f3n por los perdidos. Los campos est\u00e1n blancos (Juan 4:31-38)\" class=\"yoast-seo-meta-tag\" \/>\n<meta property=\"og:description\" content=\"\u00abTenemos que creer que Dios tiene poder para cambiar a las personas. Algunas no querr\u00e1n que se produzcan esos cambios, pero otras s\u00ed. Hoy los campos siguen estando blancos y listos para la siega, y se necesitan m\u00e1s obreros para la mies\u00bb En las facultades y seminarios de teolog\u00eda, suele haber una asignatura llamada \u00abTeolog\u00eda &hellip;\" class=\"yoast-seo-meta-tag\" \/>\n<meta property=\"og:url\" content=\"https:\/\/tabernaculoprensadedios.com\/web\/pasion-por-los-perdidos-los-campos-estan-blancos-juan-431-38\/\" class=\"yoast-seo-meta-tag\" \/>\n<meta property=\"og:site_name\" content=\"Tabernaculo Prensa de Dios\" class=\"yoast-seo-meta-tag\" \/>\n<meta property=\"article:published_time\" content=\"2026-03-09T17:21:38+00:00\" class=\"yoast-seo-meta-tag\" \/>\n<meta property=\"og:image\" content=\"https:\/\/tabernaculoprensadedios.com\/web\/wp-content\/uploads\/2026\/03\/6722025.jpg\" class=\"yoast-seo-meta-tag\" \/>\n\t<meta property=\"og:image:width\" content=\"1280\" class=\"yoast-seo-meta-tag\" \/>\n\t<meta property=\"og:image:height\" content=\"800\" class=\"yoast-seo-meta-tag\" \/>\n\t<meta property=\"og:image:type\" content=\"image\/jpeg\" class=\"yoast-seo-meta-tag\" \/>\n<meta name=\"author\" content=\"tabernaculo\" class=\"yoast-seo-meta-tag\" \/>\n<meta name=\"twitter:card\" content=\"summary_large_image\" class=\"yoast-seo-meta-tag\" \/>\n<meta name=\"twitter:creator\" content=\"@PrensadeDios\" class=\"yoast-seo-meta-tag\" \/>\n<meta name=\"twitter:site\" content=\"@PrensadeDios\" class=\"yoast-seo-meta-tag\" \/>\n<meta name=\"twitter:label1\" content=\"Escrito por\" class=\"yoast-seo-meta-tag\" \/>\n\t<meta name=\"twitter:data1\" content=\"tabernaculo\" class=\"yoast-seo-meta-tag\" \/>\n\t<meta name=\"twitter:label2\" content=\"Tiempo de lectura\" class=\"yoast-seo-meta-tag\" \/>\n\t<meta name=\"twitter:data2\" content=\"7 minutos\" class=\"yoast-seo-meta-tag\" \/>\n<script type=\"application\/ld+json\" class=\"yoast-schema-graph\">{\"@context\":\"https:\/\/schema.org\",\"@graph\":[{\"@type\":\"Article\",\"@id\":\"https:\/\/tabernaculoprensadedios.com\/web\/pasion-por-los-perdidos-los-campos-estan-blancos-juan-431-38\/#article\",\"isPartOf\":{\"@id\":\"https:\/\/tabernaculoprensadedios.com\/web\/pasion-por-los-perdidos-los-campos-estan-blancos-juan-431-38\/\"},\"author\":{\"name\":\"tabernaculo\",\"@id\":\"https:\/\/tabernaculoprensadedios.com\/web\/#\/schema\/person\/bc0e069fef56b38e177db6f098ae0b6e\"},\"headline\":\"Pasi\u00f3n por los perdidos. Los campos est\u00e1n blancos (Juan 4:31-38)\",\"datePublished\":\"2026-03-09T17:21:38+00:00\",\"mainEntityOfPage\":{\"@id\":\"https:\/\/tabernaculoprensadedios.com\/web\/pasion-por-los-perdidos-los-campos-estan-blancos-juan-431-38\/\"},\"wordCount\":1410,\"commentCount\":0,\"publisher\":{\"@id\":\"https:\/\/tabernaculoprensadedios.com\/web\/#\/schema\/person\/bc0e069fef56b38e177db6f098ae0b6e\"},\"image\":{\"@id\":\"https:\/\/tabernaculoprensadedios.com\/web\/pasion-por-los-perdidos-los-campos-estan-blancos-juan-431-38\/#primaryimage\"},\"thumbnailUrl\":\"https:\/\/tabernaculoprensadedios.com\/web\/wp-content\/uploads\/2026\/03\/6722025.jpg\",\"articleSection\":[\"Articulos\"],\"inLanguage\":\"es\",\"potentialAction\":[{\"@type\":\"CommentAction\",\"name\":\"Comment\",\"target\":[\"https:\/\/tabernaculoprensadedios.com\/web\/pasion-por-los-perdidos-los-campos-estan-blancos-juan-431-38\/#respond\"]}]},{\"@type\":\"WebPage\",\"@id\":\"https:\/\/tabernaculoprensadedios.com\/web\/pasion-por-los-perdidos-los-campos-estan-blancos-juan-431-38\/\",\"url\":\"https:\/\/tabernaculoprensadedios.com\/web\/pasion-por-los-perdidos-los-campos-estan-blancos-juan-431-38\/\",\"name\":\"Pasi\u00f3n por los perdidos. Los campos est\u00e1n blancos (Juan 4:31-38) - Tabernaculo Prensa de Dios\",\"isPartOf\":{\"@id\":\"https:\/\/tabernaculoprensadedios.com\/web\/#website\"},\"primaryImageOfPage\":{\"@id\":\"https:\/\/tabernaculoprensadedios.com\/web\/pasion-por-los-perdidos-los-campos-estan-blancos-juan-431-38\/#primaryimage\"},\"image\":{\"@id\":\"https:\/\/tabernaculoprensadedios.com\/web\/pasion-por-los-perdidos-los-campos-estan-blancos-juan-431-38\/#primaryimage\"},\"thumbnailUrl\":\"https:\/\/tabernaculoprensadedios.com\/web\/wp-content\/uploads\/2026\/03\/6722025.jpg\",\"datePublished\":\"2026-03-09T17:21:38+00:00\",\"breadcrumb\":{\"@id\":\"https:\/\/tabernaculoprensadedios.com\/web\/pasion-por-los-perdidos-los-campos-estan-blancos-juan-431-38\/#breadcrumb\"},\"inLanguage\":\"es\",\"potentialAction\":[{\"@type\":\"ReadAction\",\"target\":[\"https:\/\/tabernaculoprensadedios.com\/web\/pasion-por-los-perdidos-los-campos-estan-blancos-juan-431-38\/\"]}]},{\"@type\":\"ImageObject\",\"inLanguage\":\"es\",\"@id\":\"https:\/\/tabernaculoprensadedios.com\/web\/pasion-por-los-perdidos-los-campos-estan-blancos-juan-431-38\/#primaryimage\",\"url\":\"https:\/\/tabernaculoprensadedios.com\/web\/wp-content\/uploads\/2026\/03\/6722025.jpg\",\"contentUrl\":\"https:\/\/tabernaculoprensadedios.com\/web\/wp-content\/uploads\/2026\/03\/6722025.jpg\",\"width\":1280,\"height\":800,\"caption\":\"road, countryside, rural, highway, country road, landscape, road, road, highway, highway, highway, country road, country road, country road, country road, country road\"},{\"@type\":\"BreadcrumbList\",\"@id\":\"https:\/\/tabernaculoprensadedios.com\/web\/pasion-por-los-perdidos-los-campos-estan-blancos-juan-431-38\/#breadcrumb\",\"itemListElement\":[{\"@type\":\"ListItem\",\"position\":1,\"name\":\"Portada\",\"item\":\"https:\/\/tabernaculoprensadedios.com\/web\/\"},{\"@type\":\"ListItem\",\"position\":2,\"name\":\"Pasi\u00f3n por los perdidos. Los campos est\u00e1n blancos (Juan 4:31-38)\"}]},{\"@type\":\"WebSite\",\"@id\":\"https:\/\/tabernaculoprensadedios.com\/web\/#website\",\"url\":\"https:\/\/tabernaculoprensadedios.com\/web\/\",\"name\":\"Tabernaculo Prensa de Dios\",\"description\":\"Un medio a la manera de Dios\",\"publisher\":{\"@id\":\"https:\/\/tabernaculoprensadedios.com\/web\/#\/schema\/person\/bc0e069fef56b38e177db6f098ae0b6e\"},\"potentialAction\":[{\"@type\":\"SearchAction\",\"target\":{\"@type\":\"EntryPoint\",\"urlTemplate\":\"https:\/\/tabernaculoprensadedios.com\/web\/?s={search_term_string}\"},\"query-input\":{\"@type\":\"PropertyValueSpecification\",\"valueRequired\":true,\"valueName\":\"search_term_string\"}}],\"inLanguage\":\"es\"},{\"@type\":[\"Person\",\"Organization\"],\"@id\":\"https:\/\/tabernaculoprensadedios.com\/web\/#\/schema\/person\/bc0e069fef56b38e177db6f098ae0b6e\",\"name\":\"tabernaculo\",\"image\":{\"@type\":\"ImageObject\",\"inLanguage\":\"es\",\"@id\":\"https:\/\/tabernaculoprensadedios.com\/web\/#\/schema\/person\/image\/\",\"url\":\"https:\/\/tabernaculoprensadedios.com\/web\/wp-content\/uploads\/2015\/06\/login-logo1.png\",\"contentUrl\":\"https:\/\/tabernaculoprensadedios.com\/web\/wp-content\/uploads\/2015\/06\/login-logo1.png\",\"width\":300,\"height\":118,\"caption\":\"tabernaculo\"},\"logo\":{\"@id\":\"https:\/\/tabernaculoprensadedios.com\/web\/#\/schema\/person\/image\/\"},\"url\":\"https:\/\/tabernaculoprensadedios.com\/web\/author\/tabernaculo\/\"}]}<\/script>\n<!-- \/ Yoast SEO Premium plugin. -->","yoast_head_json":{"title":"Pasi\u00f3n por los perdidos. Los campos est\u00e1n blancos (Juan 4:31-38) - Tabernaculo Prensa de Dios","robots":{"index":"index","follow":"follow","max-snippet":"max-snippet:-1","max-image-preview":"max-image-preview:large","max-video-preview":"max-video-preview:-1"},"canonical":"https:\/\/tabernaculoprensadedios.com\/web\/pasion-por-los-perdidos-los-campos-estan-blancos-juan-431-38\/","og_locale":"es_ES","og_type":"article","og_title":"Pasi\u00f3n por los perdidos. Los campos est\u00e1n blancos (Juan 4:31-38)","og_description":"\u00abTenemos que creer que Dios tiene poder para cambiar a las personas. Algunas no querr\u00e1n que se produzcan esos cambios, pero otras s\u00ed. Hoy los campos siguen estando blancos y listos para la siega, y se necesitan m\u00e1s obreros para la mies\u00bb En las facultades y seminarios de teolog\u00eda, suele haber una asignatura llamada \u00abTeolog\u00eda &hellip;","og_url":"https:\/\/tabernaculoprensadedios.com\/web\/pasion-por-los-perdidos-los-campos-estan-blancos-juan-431-38\/","og_site_name":"Tabernaculo Prensa de Dios","article_published_time":"2026-03-09T17:21:38+00:00","og_image":[{"width":1280,"height":800,"url":"https:\/\/tabernaculoprensadedios.com\/web\/wp-content\/uploads\/2026\/03\/6722025.jpg","type":"image\/jpeg"}],"author":"tabernaculo","twitter_card":"summary_large_image","twitter_creator":"@PrensadeDios","twitter_site":"@PrensadeDios","twitter_misc":{"Escrito por":"tabernaculo","Tiempo de lectura":"7 minutos"},"schema":{"@context":"https:\/\/schema.org","@graph":[{"@type":"Article","@id":"https:\/\/tabernaculoprensadedios.com\/web\/pasion-por-los-perdidos-los-campos-estan-blancos-juan-431-38\/#article","isPartOf":{"@id":"https:\/\/tabernaculoprensadedios.com\/web\/pasion-por-los-perdidos-los-campos-estan-blancos-juan-431-38\/"},"author":{"name":"tabernaculo","@id":"https:\/\/tabernaculoprensadedios.com\/web\/#\/schema\/person\/bc0e069fef56b38e177db6f098ae0b6e"},"headline":"Pasi\u00f3n por los perdidos. Los campos est\u00e1n blancos (Juan 4:31-38)","datePublished":"2026-03-09T17:21:38+00:00","mainEntityOfPage":{"@id":"https:\/\/tabernaculoprensadedios.com\/web\/pasion-por-los-perdidos-los-campos-estan-blancos-juan-431-38\/"},"wordCount":1410,"commentCount":0,"publisher":{"@id":"https:\/\/tabernaculoprensadedios.com\/web\/#\/schema\/person\/bc0e069fef56b38e177db6f098ae0b6e"},"image":{"@id":"https:\/\/tabernaculoprensadedios.com\/web\/pasion-por-los-perdidos-los-campos-estan-blancos-juan-431-38\/#primaryimage"},"thumbnailUrl":"https:\/\/tabernaculoprensadedios.com\/web\/wp-content\/uploads\/2026\/03\/6722025.jpg","articleSection":["Articulos"],"inLanguage":"es","potentialAction":[{"@type":"CommentAction","name":"Comment","target":["https:\/\/tabernaculoprensadedios.com\/web\/pasion-por-los-perdidos-los-campos-estan-blancos-juan-431-38\/#respond"]}]},{"@type":"WebPage","@id":"https:\/\/tabernaculoprensadedios.com\/web\/pasion-por-los-perdidos-los-campos-estan-blancos-juan-431-38\/","url":"https:\/\/tabernaculoprensadedios.com\/web\/pasion-por-los-perdidos-los-campos-estan-blancos-juan-431-38\/","name":"Pasi\u00f3n por los perdidos. Los campos est\u00e1n blancos (Juan 4:31-38) - Tabernaculo Prensa de Dios","isPartOf":{"@id":"https:\/\/tabernaculoprensadedios.com\/web\/#website"},"primaryImageOfPage":{"@id":"https:\/\/tabernaculoprensadedios.com\/web\/pasion-por-los-perdidos-los-campos-estan-blancos-juan-431-38\/#primaryimage"},"image":{"@id":"https:\/\/tabernaculoprensadedios.com\/web\/pasion-por-los-perdidos-los-campos-estan-blancos-juan-431-38\/#primaryimage"},"thumbnailUrl":"https:\/\/tabernaculoprensadedios.com\/web\/wp-content\/uploads\/2026\/03\/6722025.jpg","datePublished":"2026-03-09T17:21:38+00:00","breadcrumb":{"@id":"https:\/\/tabernaculoprensadedios.com\/web\/pasion-por-los-perdidos-los-campos-estan-blancos-juan-431-38\/#breadcrumb"},"inLanguage":"es","potentialAction":[{"@type":"ReadAction","target":["https:\/\/tabernaculoprensadedios.com\/web\/pasion-por-los-perdidos-los-campos-estan-blancos-juan-431-38\/"]}]},{"@type":"ImageObject","inLanguage":"es","@id":"https:\/\/tabernaculoprensadedios.com\/web\/pasion-por-los-perdidos-los-campos-estan-blancos-juan-431-38\/#primaryimage","url":"https:\/\/tabernaculoprensadedios.com\/web\/wp-content\/uploads\/2026\/03\/6722025.jpg","contentUrl":"https:\/\/tabernaculoprensadedios.com\/web\/wp-content\/uploads\/2026\/03\/6722025.jpg","width":1280,"height":800,"caption":"road, countryside, rural, highway, country road, landscape, road, road, highway, highway, highway, country road, country road, country road, country road, country road"},{"@type":"BreadcrumbList","@id":"https:\/\/tabernaculoprensadedios.com\/web\/pasion-por-los-perdidos-los-campos-estan-blancos-juan-431-38\/#breadcrumb","itemListElement":[{"@type":"ListItem","position":1,"name":"Portada","item":"https:\/\/tabernaculoprensadedios.com\/web\/"},{"@type":"ListItem","position":2,"name":"Pasi\u00f3n por los perdidos. Los campos est\u00e1n blancos (Juan 4:31-38)"}]},{"@type":"WebSite","@id":"https:\/\/tabernaculoprensadedios.com\/web\/#website","url":"https:\/\/tabernaculoprensadedios.com\/web\/","name":"Tabernaculo Prensa de Dios","description":"Un medio a la manera de Dios","publisher":{"@id":"https:\/\/tabernaculoprensadedios.com\/web\/#\/schema\/person\/bc0e069fef56b38e177db6f098ae0b6e"},"potentialAction":[{"@type":"SearchAction","target":{"@type":"EntryPoint","urlTemplate":"https:\/\/tabernaculoprensadedios.com\/web\/?s={search_term_string}"},"query-input":{"@type":"PropertyValueSpecification","valueRequired":true,"valueName":"search_term_string"}}],"inLanguage":"es"},{"@type":["Person","Organization"],"@id":"https:\/\/tabernaculoprensadedios.com\/web\/#\/schema\/person\/bc0e069fef56b38e177db6f098ae0b6e","name":"tabernaculo","image":{"@type":"ImageObject","inLanguage":"es","@id":"https:\/\/tabernaculoprensadedios.com\/web\/#\/schema\/person\/image\/","url":"https:\/\/tabernaculoprensadedios.com\/web\/wp-content\/uploads\/2015\/06\/login-logo1.png","contentUrl":"https:\/\/tabernaculoprensadedios.com\/web\/wp-content\/uploads\/2015\/06\/login-logo1.png","width":300,"height":118,"caption":"tabernaculo"},"logo":{"@id":"https:\/\/tabernaculoprensadedios.com\/web\/#\/schema\/person\/image\/"},"url":"https:\/\/tabernaculoprensadedios.com\/web\/author\/tabernaculo\/"}]}},"_links":{"self":[{"href":"https:\/\/tabernaculoprensadedios.com\/web\/wp-json\/wp\/v2\/posts\/37382","targetHints":{"allow":["GET"]}}],"collection":[{"href":"https:\/\/tabernaculoprensadedios.com\/web\/wp-json\/wp\/v2\/posts"}],"about":[{"href":"https:\/\/tabernaculoprensadedios.com\/web\/wp-json\/wp\/v2\/types\/post"}],"author":[{"embeddable":true,"href":"https:\/\/tabernaculoprensadedios.com\/web\/wp-json\/wp\/v2\/users\/1"}],"replies":[{"embeddable":true,"href":"https:\/\/tabernaculoprensadedios.com\/web\/wp-json\/wp\/v2\/comments?post=37382"}],"version-history":[{"count":2,"href":"https:\/\/tabernaculoprensadedios.com\/web\/wp-json\/wp\/v2\/posts\/37382\/revisions"}],"predecessor-version":[{"id":37385,"href":"https:\/\/tabernaculoprensadedios.com\/web\/wp-json\/wp\/v2\/posts\/37382\/revisions\/37385"}],"wp:featuredmedia":[{"embeddable":true,"href":"https:\/\/tabernaculoprensadedios.com\/web\/wp-json\/wp\/v2\/media\/37383"}],"wp:attachment":[{"href":"https:\/\/tabernaculoprensadedios.com\/web\/wp-json\/wp\/v2\/media?parent=37382"}],"wp:term":[{"taxonomy":"category","embeddable":true,"href":"https:\/\/tabernaculoprensadedios.com\/web\/wp-json\/wp\/v2\/categories?post=37382"},{"taxonomy":"post_tag","embeddable":true,"href":"https:\/\/tabernaculoprensadedios.com\/web\/wp-json\/wp\/v2\/tags?post=37382"}],"curies":[{"name":"wp","href":"https:\/\/api.w.org\/{rel}","templated":true}]}}