{"id":37346,"date":"2026-03-05T11:17:46","date_gmt":"2026-03-05T15:17:46","guid":{"rendered":"https:\/\/tabernaculoprensadedios.com\/web\/?p=37346"},"modified":"2026-03-05T11:17:46","modified_gmt":"2026-03-05T15:17:46","slug":"educacion-superior-como-herramienta-de-transformacion-social","status":"publish","type":"post","link":"https:\/\/tabernaculoprensadedios.com\/web\/educacion-superior-como-herramienta-de-transformacion-social\/","title":{"rendered":"Educaci\u00f3n superior como herramienta de transformaci\u00f3n social"},"content":{"rendered":"<p>En un esfuerzo conjunto por fortalecer la formaci\u00f3n acad\u00e9mica y el desarrollo profesional del liderazgo cristiano y social en la Rep\u00fablica Dominicana, el <strong>Consejo Dominicano de Unidad Evang\u00e9lica<\/strong> y la <strong>Universidad Internacional de La Rioja<\/strong> firmaron un Acuerdo de Adhesi\u00f3n que permitir\u00e1 el acceso a <strong>becas acad\u00e9micas con descuentos de hasta un 60 %<\/strong> en programas de licenciaturas y maestr\u00edas <strong>100 % virtuales<\/strong>.<\/p>\n<p>Esta alianza impacta directamente en el \u00e1mbito de la <strong>cultura educativa y la responsabilidad social<\/strong>, al facilitar oportunidades de formaci\u00f3n superior a empleados de CODUE, iglesias e instituciones afiliadas, as\u00ed como a sus familiares hasta el segundo grado de consanguinidad. Los beneficiarios podr\u00e1n cursar estudios con <strong>titulaciones oficiales con reconocimiento en Espa\u00f1a, M\u00e9xico y Estados Unidos<\/strong>, ampliando su proyecci\u00f3n profesional y su incidencia en la sociedad.<\/p>\n<p>El acuerdo fue suscrito por el presidente de CODUE, <strong>Feliciano Lacen Custodio<\/strong>, y por <strong>Mois\u00e9s Moya<\/strong>, director de Relaciones Institucionales de UNIR para Latinoam\u00e9rica, como parte de una visi\u00f3n compartida que reconoce la educaci\u00f3n como un pilar esencial para el desarrollo humano y comunitario.<\/p>\n<p>Durante el acto, la gerente de Relaciones Institucionales de UNIR para la Rep\u00fablica Dominicana, <strong>Nora Rubirosa De Castro<\/strong>, destac\u00f3 que este convenio honra el compromiso de ambas instituciones con la formaci\u00f3n integral, subrayando que la internacionalizaci\u00f3n de la educaci\u00f3n contribuye a elevar el nivel acad\u00e9mico de l\u00edderes, pastores y colaboradores con impacto directo en sus comunidades.<\/p>\n<p>Por su parte, Lacen Custodio resalt\u00f3 que la modalidad virtual <strong>democratiza el acceso al conocimiento<\/strong>, elimina barreras geogr\u00e1ficas y promueve una cultura de aprendizaje continuo con est\u00e1ndares internacionales.<\/p>\n<blockquote><p>\u201cInvertir en educaci\u00f3n es invertir en una sociedad m\u00e1s preparada, \u00e9tica y consciente de su responsabilidad social\u201d, afirm\u00f3.<\/p><\/blockquote>\n<p>El beneficio se extiende tambi\u00e9n a pastores de instituciones afiliadas y a sus familiares, fortaleciendo el tejido social desde la educaci\u00f3n. Para acceder al programa, los interesados deber\u00e1n inscribirse a trav\u00e9s de las plataformas digitales habilitadas por UNIR para CODUE. El acuerdo aclara que no existe relaci\u00f3n laboral ni societaria entre ambas entidades fuera de lo estipulado en el convenio.<\/p>\n<p>Con esta iniciativa, CODUE y la Universidad Internacional de La Rioja (UNIR) <strong>reafirman su compromiso con la cultura, la educaci\u00f3n y la transformaci\u00f3n social<\/strong>, promoviendo una sociedad m\u00e1s capacitada, conectada globalmente y con valores que aportan al bien com\u00fan..<\/p>\n","protected":false},"excerpt":{"rendered":"<p>En un esfuerzo conjunto por fortalecer la formaci\u00f3n acad\u00e9mica y el desarrollo profesional del liderazgo cristiano y social en la Rep\u00fablica Dominicana, el Consejo Dominicano de Unidad Evang\u00e9lica y la Universidad Internacional de La Rioja firmaron un Acuerdo de Adhesi\u00f3n que permitir\u00e1 el acceso a becas acad\u00e9micas con descuentos de hasta un 60 % en &hellip;<\/p>\n","protected":false},"author":1,"featured_media":27447,"comment_status":"open","ping_status":"open","sticky":false,"template":"","format":"standard","meta":{"footnotes":""},"categories":[828],"tags":[],"class_list":["post-37346","post","type-post","status-publish","format-standard","has-post-thumbnail","hentry","category-fe-cultura-y-sociedad"],"yoast_head":"<!-- This site is optimized with the Yoast SEO Premium plugin v24.2 (Yoast SEO v27.1.1) - https:\/\/yoast.com\/product\/yoast-seo-premium-wordpress\/ -->\n<title>Educaci\u00f3n superior como herramienta de transformaci\u00f3n social - Tabernaculo Prensa de Dios<\/title>\n<meta name=\"robots\" content=\"index, follow, max-snippet:-1, max-image-preview:large, max-video-preview:-1\" \/>\n<link rel=\"canonical\" href=\"https:\/\/tabernaculoprensadedios.com\/web\/educacion-superior-como-herramienta-de-transformacion-social\/\" class=\"yoast-seo-meta-tag\" \/>\n<meta property=\"og:locale\" content=\"es_ES\" class=\"yoast-seo-meta-tag\" \/>\n<meta property=\"og:type\" content=\"article\" class=\"yoast-seo-meta-tag\" \/>\n<meta property=\"og:title\" content=\"Educaci\u00f3n superior como herramienta de transformaci\u00f3n social\" class=\"yoast-seo-meta-tag\" \/>\n<meta property=\"og:description\" content=\"En un esfuerzo conjunto por fortalecer la formaci\u00f3n acad\u00e9mica y el desarrollo profesional del liderazgo cristiano y social en la Rep\u00fablica Dominicana, el Consejo Dominicano de Unidad Evang\u00e9lica y la Universidad Internacional de La Rioja firmaron un Acuerdo de Adhesi\u00f3n que permitir\u00e1 el acceso a becas acad\u00e9micas con descuentos de hasta un 60 % en &hellip;\" class=\"yoast-seo-meta-tag\" \/>\n<meta property=\"og:url\" content=\"https:\/\/tabernaculoprensadedios.com\/web\/educacion-superior-como-herramienta-de-transformacion-social\/\" class=\"yoast-seo-meta-tag\" \/>\n<meta property=\"og:site_name\" content=\"Tabernaculo Prensa de Dios\" class=\"yoast-seo-meta-tag\" \/>\n<meta property=\"article:published_time\" content=\"2026-03-05T15:17:46+00:00\" class=\"yoast-seo-meta-tag\" \/>\n<meta property=\"og:image\" content=\"https:\/\/tabernaculoprensadedios.com\/web\/wp-content\/uploads\/2023\/02\/codue-lacen.jpg\" class=\"yoast-seo-meta-tag\" \/>\n\t<meta property=\"og:image:width\" content=\"1280\" class=\"yoast-seo-meta-tag\" \/>\n\t<meta property=\"og:image:height\" content=\"852\" class=\"yoast-seo-meta-tag\" \/>\n\t<meta property=\"og:image:type\" content=\"image\/jpeg\" class=\"yoast-seo-meta-tag\" \/>\n<meta name=\"author\" content=\"tabernaculo\" class=\"yoast-seo-meta-tag\" \/>\n<meta name=\"twitter:card\" content=\"summary_large_image\" class=\"yoast-seo-meta-tag\" \/>\n<meta name=\"twitter:creator\" content=\"@PrensadeDios\" class=\"yoast-seo-meta-tag\" \/>\n<meta name=\"twitter:site\" content=\"@PrensadeDios\" class=\"yoast-seo-meta-tag\" \/>\n<meta name=\"twitter:label1\" content=\"Escrito por\" class=\"yoast-seo-meta-tag\" \/>\n\t<meta name=\"twitter:data1\" content=\"tabernaculo\" class=\"yoast-seo-meta-tag\" \/>\n\t<meta name=\"twitter:label2\" content=\"Tiempo de lectura\" class=\"yoast-seo-meta-tag\" \/>\n\t<meta name=\"twitter:data2\" content=\"2 minutos\" class=\"yoast-seo-meta-tag\" \/>\n<script type=\"application\/ld+json\" class=\"yoast-schema-graph\">{\"@context\":\"https:\/\/schema.org\",\"@graph\":[{\"@type\":\"Article\",\"@id\":\"https:\/\/tabernaculoprensadedios.com\/web\/educacion-superior-como-herramienta-de-transformacion-social\/#article\",\"isPartOf\":{\"@id\":\"https:\/\/tabernaculoprensadedios.com\/web\/educacion-superior-como-herramienta-de-transformacion-social\/\"},\"author\":{\"name\":\"tabernaculo\",\"@id\":\"https:\/\/tabernaculoprensadedios.com\/web\/#\/schema\/person\/bc0e069fef56b38e177db6f098ae0b6e\"},\"headline\":\"Educaci\u00f3n superior como herramienta de transformaci\u00f3n social\",\"datePublished\":\"2026-03-05T15:17:46+00:00\",\"mainEntityOfPage\":{\"@id\":\"https:\/\/tabernaculoprensadedios.com\/web\/educacion-superior-como-herramienta-de-transformacion-social\/\"},\"wordCount\":414,\"commentCount\":0,\"publisher\":{\"@id\":\"https:\/\/tabernaculoprensadedios.com\/web\/#\/schema\/person\/bc0e069fef56b38e177db6f098ae0b6e\"},\"image\":{\"@id\":\"https:\/\/tabernaculoprensadedios.com\/web\/educacion-superior-como-herramienta-de-transformacion-social\/#primaryimage\"},\"thumbnailUrl\":\"https:\/\/tabernaculoprensadedios.com\/web\/wp-content\/uploads\/2023\/02\/codue-lacen.jpg\",\"articleSection\":[\"Fe Cultura y Sociedad\"],\"inLanguage\":\"es\",\"potentialAction\":[{\"@type\":\"CommentAction\",\"name\":\"Comment\",\"target\":[\"https:\/\/tabernaculoprensadedios.com\/web\/educacion-superior-como-herramienta-de-transformacion-social\/#respond\"]}]},{\"@type\":\"WebPage\",\"@id\":\"https:\/\/tabernaculoprensadedios.com\/web\/educacion-superior-como-herramienta-de-transformacion-social\/\",\"url\":\"https:\/\/tabernaculoprensadedios.com\/web\/educacion-superior-como-herramienta-de-transformacion-social\/\",\"name\":\"Educaci\u00f3n superior como herramienta de transformaci\u00f3n social - Tabernaculo Prensa de Dios\",\"isPartOf\":{\"@id\":\"https:\/\/tabernaculoprensadedios.com\/web\/#website\"},\"primaryImageOfPage\":{\"@id\":\"https:\/\/tabernaculoprensadedios.com\/web\/educacion-superior-como-herramienta-de-transformacion-social\/#primaryimage\"},\"image\":{\"@id\":\"https:\/\/tabernaculoprensadedios.com\/web\/educacion-superior-como-herramienta-de-transformacion-social\/#primaryimage\"},\"thumbnailUrl\":\"https:\/\/tabernaculoprensadedios.com\/web\/wp-content\/uploads\/2023\/02\/codue-lacen.jpg\",\"datePublished\":\"2026-03-05T15:17:46+00:00\",\"breadcrumb\":{\"@id\":\"https:\/\/tabernaculoprensadedios.com\/web\/educacion-superior-como-herramienta-de-transformacion-social\/#breadcrumb\"},\"inLanguage\":\"es\",\"potentialAction\":[{\"@type\":\"ReadAction\",\"target\":[\"https:\/\/tabernaculoprensadedios.com\/web\/educacion-superior-como-herramienta-de-transformacion-social\/\"]}]},{\"@type\":\"ImageObject\",\"inLanguage\":\"es\",\"@id\":\"https:\/\/tabernaculoprensadedios.com\/web\/educacion-superior-como-herramienta-de-transformacion-social\/#primaryimage\",\"url\":\"https:\/\/tabernaculoprensadedios.com\/web\/wp-content\/uploads\/2023\/02\/codue-lacen.jpg\",\"contentUrl\":\"https:\/\/tabernaculoprensadedios.com\/web\/wp-content\/uploads\/2023\/02\/codue-lacen.jpg\",\"width\":1280,\"height\":852},{\"@type\":\"BreadcrumbList\",\"@id\":\"https:\/\/tabernaculoprensadedios.com\/web\/educacion-superior-como-herramienta-de-transformacion-social\/#breadcrumb\",\"itemListElement\":[{\"@type\":\"ListItem\",\"position\":1,\"name\":\"Portada\",\"item\":\"https:\/\/tabernaculoprensadedios.com\/web\/\"},{\"@type\":\"ListItem\",\"position\":2,\"name\":\"Educaci\u00f3n superior como herramienta de transformaci\u00f3n social\"}]},{\"@type\":\"WebSite\",\"@id\":\"https:\/\/tabernaculoprensadedios.com\/web\/#website\",\"url\":\"https:\/\/tabernaculoprensadedios.com\/web\/\",\"name\":\"Tabernaculo Prensa de Dios\",\"description\":\"Un medio a la manera de Dios\",\"publisher\":{\"@id\":\"https:\/\/tabernaculoprensadedios.com\/web\/#\/schema\/person\/bc0e069fef56b38e177db6f098ae0b6e\"},\"potentialAction\":[{\"@type\":\"SearchAction\",\"target\":{\"@type\":\"EntryPoint\",\"urlTemplate\":\"https:\/\/tabernaculoprensadedios.com\/web\/?s={search_term_string}\"},\"query-input\":{\"@type\":\"PropertyValueSpecification\",\"valueRequired\":true,\"valueName\":\"search_term_string\"}}],\"inLanguage\":\"es\"},{\"@type\":[\"Person\",\"Organization\"],\"@id\":\"https:\/\/tabernaculoprensadedios.com\/web\/#\/schema\/person\/bc0e069fef56b38e177db6f098ae0b6e\",\"name\":\"tabernaculo\",\"image\":{\"@type\":\"ImageObject\",\"inLanguage\":\"es\",\"@id\":\"https:\/\/tabernaculoprensadedios.com\/web\/#\/schema\/person\/image\/\",\"url\":\"https:\/\/tabernaculoprensadedios.com\/web\/wp-content\/uploads\/2015\/06\/login-logo1.png\",\"contentUrl\":\"https:\/\/tabernaculoprensadedios.com\/web\/wp-content\/uploads\/2015\/06\/login-logo1.png\",\"width\":300,\"height\":118,\"caption\":\"tabernaculo\"},\"logo\":{\"@id\":\"https:\/\/tabernaculoprensadedios.com\/web\/#\/schema\/person\/image\/\"},\"url\":\"https:\/\/tabernaculoprensadedios.com\/web\/author\/tabernaculo\/\"}]}<\/script>\n<!-- \/ Yoast SEO Premium plugin. -->","yoast_head_json":{"title":"Educaci\u00f3n superior como herramienta de transformaci\u00f3n social - Tabernaculo Prensa de Dios","robots":{"index":"index","follow":"follow","max-snippet":"max-snippet:-1","max-image-preview":"max-image-preview:large","max-video-preview":"max-video-preview:-1"},"canonical":"https:\/\/tabernaculoprensadedios.com\/web\/educacion-superior-como-herramienta-de-transformacion-social\/","og_locale":"es_ES","og_type":"article","og_title":"Educaci\u00f3n superior como herramienta de transformaci\u00f3n social","og_description":"En un esfuerzo conjunto por fortalecer la formaci\u00f3n acad\u00e9mica y el desarrollo profesional del liderazgo cristiano y social en la Rep\u00fablica Dominicana, el Consejo Dominicano de Unidad Evang\u00e9lica y la Universidad Internacional de La Rioja firmaron un Acuerdo de Adhesi\u00f3n que permitir\u00e1 el acceso a becas acad\u00e9micas con descuentos de hasta un 60 % en &hellip;","og_url":"https:\/\/tabernaculoprensadedios.com\/web\/educacion-superior-como-herramienta-de-transformacion-social\/","og_site_name":"Tabernaculo Prensa de Dios","article_published_time":"2026-03-05T15:17:46+00:00","og_image":[{"width":1280,"height":852,"url":"https:\/\/tabernaculoprensadedios.com\/web\/wp-content\/uploads\/2023\/02\/codue-lacen.jpg","type":"image\/jpeg"}],"author":"tabernaculo","twitter_card":"summary_large_image","twitter_creator":"@PrensadeDios","twitter_site":"@PrensadeDios","twitter_misc":{"Escrito por":"tabernaculo","Tiempo de lectura":"2 minutos"},"schema":{"@context":"https:\/\/schema.org","@graph":[{"@type":"Article","@id":"https:\/\/tabernaculoprensadedios.com\/web\/educacion-superior-como-herramienta-de-transformacion-social\/#article","isPartOf":{"@id":"https:\/\/tabernaculoprensadedios.com\/web\/educacion-superior-como-herramienta-de-transformacion-social\/"},"author":{"name":"tabernaculo","@id":"https:\/\/tabernaculoprensadedios.com\/web\/#\/schema\/person\/bc0e069fef56b38e177db6f098ae0b6e"},"headline":"Educaci\u00f3n superior como herramienta de transformaci\u00f3n social","datePublished":"2026-03-05T15:17:46+00:00","mainEntityOfPage":{"@id":"https:\/\/tabernaculoprensadedios.com\/web\/educacion-superior-como-herramienta-de-transformacion-social\/"},"wordCount":414,"commentCount":0,"publisher":{"@id":"https:\/\/tabernaculoprensadedios.com\/web\/#\/schema\/person\/bc0e069fef56b38e177db6f098ae0b6e"},"image":{"@id":"https:\/\/tabernaculoprensadedios.com\/web\/educacion-superior-como-herramienta-de-transformacion-social\/#primaryimage"},"thumbnailUrl":"https:\/\/tabernaculoprensadedios.com\/web\/wp-content\/uploads\/2023\/02\/codue-lacen.jpg","articleSection":["Fe Cultura y Sociedad"],"inLanguage":"es","potentialAction":[{"@type":"CommentAction","name":"Comment","target":["https:\/\/tabernaculoprensadedios.com\/web\/educacion-superior-como-herramienta-de-transformacion-social\/#respond"]}]},{"@type":"WebPage","@id":"https:\/\/tabernaculoprensadedios.com\/web\/educacion-superior-como-herramienta-de-transformacion-social\/","url":"https:\/\/tabernaculoprensadedios.com\/web\/educacion-superior-como-herramienta-de-transformacion-social\/","name":"Educaci\u00f3n superior como herramienta de transformaci\u00f3n social - Tabernaculo Prensa de Dios","isPartOf":{"@id":"https:\/\/tabernaculoprensadedios.com\/web\/#website"},"primaryImageOfPage":{"@id":"https:\/\/tabernaculoprensadedios.com\/web\/educacion-superior-como-herramienta-de-transformacion-social\/#primaryimage"},"image":{"@id":"https:\/\/tabernaculoprensadedios.com\/web\/educacion-superior-como-herramienta-de-transformacion-social\/#primaryimage"},"thumbnailUrl":"https:\/\/tabernaculoprensadedios.com\/web\/wp-content\/uploads\/2023\/02\/codue-lacen.jpg","datePublished":"2026-03-05T15:17:46+00:00","breadcrumb":{"@id":"https:\/\/tabernaculoprensadedios.com\/web\/educacion-superior-como-herramienta-de-transformacion-social\/#breadcrumb"},"inLanguage":"es","potentialAction":[{"@type":"ReadAction","target":["https:\/\/tabernaculoprensadedios.com\/web\/educacion-superior-como-herramienta-de-transformacion-social\/"]}]},{"@type":"ImageObject","inLanguage":"es","@id":"https:\/\/tabernaculoprensadedios.com\/web\/educacion-superior-como-herramienta-de-transformacion-social\/#primaryimage","url":"https:\/\/tabernaculoprensadedios.com\/web\/wp-content\/uploads\/2023\/02\/codue-lacen.jpg","contentUrl":"https:\/\/tabernaculoprensadedios.com\/web\/wp-content\/uploads\/2023\/02\/codue-lacen.jpg","width":1280,"height":852},{"@type":"BreadcrumbList","@id":"https:\/\/tabernaculoprensadedios.com\/web\/educacion-superior-como-herramienta-de-transformacion-social\/#breadcrumb","itemListElement":[{"@type":"ListItem","position":1,"name":"Portada","item":"https:\/\/tabernaculoprensadedios.com\/web\/"},{"@type":"ListItem","position":2,"name":"Educaci\u00f3n superior como herramienta de transformaci\u00f3n social"}]},{"@type":"WebSite","@id":"https:\/\/tabernaculoprensadedios.com\/web\/#website","url":"https:\/\/tabernaculoprensadedios.com\/web\/","name":"Tabernaculo Prensa de Dios","description":"Un medio a la manera de Dios","publisher":{"@id":"https:\/\/tabernaculoprensadedios.com\/web\/#\/schema\/person\/bc0e069fef56b38e177db6f098ae0b6e"},"potentialAction":[{"@type":"SearchAction","target":{"@type":"EntryPoint","urlTemplate":"https:\/\/tabernaculoprensadedios.com\/web\/?s={search_term_string}"},"query-input":{"@type":"PropertyValueSpecification","valueRequired":true,"valueName":"search_term_string"}}],"inLanguage":"es"},{"@type":["Person","Organization"],"@id":"https:\/\/tabernaculoprensadedios.com\/web\/#\/schema\/person\/bc0e069fef56b38e177db6f098ae0b6e","name":"tabernaculo","image":{"@type":"ImageObject","inLanguage":"es","@id":"https:\/\/tabernaculoprensadedios.com\/web\/#\/schema\/person\/image\/","url":"https:\/\/tabernaculoprensadedios.com\/web\/wp-content\/uploads\/2015\/06\/login-logo1.png","contentUrl":"https:\/\/tabernaculoprensadedios.com\/web\/wp-content\/uploads\/2015\/06\/login-logo1.png","width":300,"height":118,"caption":"tabernaculo"},"logo":{"@id":"https:\/\/tabernaculoprensadedios.com\/web\/#\/schema\/person\/image\/"},"url":"https:\/\/tabernaculoprensadedios.com\/web\/author\/tabernaculo\/"}]}},"_links":{"self":[{"href":"https:\/\/tabernaculoprensadedios.com\/web\/wp-json\/wp\/v2\/posts\/37346","targetHints":{"allow":["GET"]}}],"collection":[{"href":"https:\/\/tabernaculoprensadedios.com\/web\/wp-json\/wp\/v2\/posts"}],"about":[{"href":"https:\/\/tabernaculoprensadedios.com\/web\/wp-json\/wp\/v2\/types\/post"}],"author":[{"embeddable":true,"href":"https:\/\/tabernaculoprensadedios.com\/web\/wp-json\/wp\/v2\/users\/1"}],"replies":[{"embeddable":true,"href":"https:\/\/tabernaculoprensadedios.com\/web\/wp-json\/wp\/v2\/comments?post=37346"}],"version-history":[{"count":1,"href":"https:\/\/tabernaculoprensadedios.com\/web\/wp-json\/wp\/v2\/posts\/37346\/revisions"}],"predecessor-version":[{"id":37347,"href":"https:\/\/tabernaculoprensadedios.com\/web\/wp-json\/wp\/v2\/posts\/37346\/revisions\/37347"}],"wp:featuredmedia":[{"embeddable":true,"href":"https:\/\/tabernaculoprensadedios.com\/web\/wp-json\/wp\/v2\/media\/27447"}],"wp:attachment":[{"href":"https:\/\/tabernaculoprensadedios.com\/web\/wp-json\/wp\/v2\/media?parent=37346"}],"wp:term":[{"taxonomy":"category","embeddable":true,"href":"https:\/\/tabernaculoprensadedios.com\/web\/wp-json\/wp\/v2\/categories?post=37346"},{"taxonomy":"post_tag","embeddable":true,"href":"https:\/\/tabernaculoprensadedios.com\/web\/wp-json\/wp\/v2\/tags?post=37346"}],"curies":[{"name":"wp","href":"https:\/\/api.w.org\/{rel}","templated":true}]}}