{"id":37331,"date":"2026-03-03T22:15:01","date_gmt":"2026-03-04T02:15:01","guid":{"rendered":"https:\/\/tabernaculoprensadedios.com\/web\/?p=37331"},"modified":"2026-03-03T22:15:01","modified_gmt":"2026-03-04T02:15:01","slug":"el-pegajoso-pecado-de-querer-siempre-tener-la-razon","status":"publish","type":"post","link":"https:\/\/tabernaculoprensadedios.com\/web\/el-pegajoso-pecado-de-querer-siempre-tener-la-razon\/","title":{"rendered":"El pegajoso pecado de querer siempre tener la raz\u00f3n"},"content":{"rendered":"<p>No hay pecado m\u00e1s pegajoso que la justicia propia, y eso es porque la autojusticia surge de nuestra propia sensaci\u00f3n de tener la raz\u00f3n. Con los pu\u00f1os cerrados nos aferramos a ella, porque tener la raz\u00f3n est\u00e1 ligado a la visi\u00f3n que tenemos de nosotros mismos.<\/p>\n<p>Lo s\u00e9 por triste experiencia. Admitir que estoy equivocado \u2014reconocer que las malas acciones no se compensan con buenas intenciones, o que en el calor del conflicto mi esposa o mis hijos pueden tener m\u00e1s raz\u00f3n que yo\u2014 ser\u00eda como clavar una lanza en el coraz\u00f3n de mi autoestima. As\u00ed que desv\u00edo la atenci\u00f3n. Me defiendo. Explico. Me justifico. Necesito demostrar que tengo raz\u00f3n para mantenerme erguido, elevado por encima de mis seres m\u00e1s cercanos. Forcejeo, tratando de mantenerme a flote por encima de las aguas del ego\u00edsmo que, de otro modo, me ahogar\u00edan.<\/p>\n<p>La justicia propia es la defensa que erigimos para no perder el equilibrio y terminar noqueados. Es nuestro intento de preservar la imagen inmaculada que tenemos de nosotros mismos, de evitar que nuestra autoimagen se haga a\u00f1icos.<\/p>\n<h3><b>El bagaje de la justicia propia<\/b><\/h3>\n<p>Uno de los episodios m\u00e1s memorables de la serie\u00a0<i>Todos quieren a Raymond<\/i>\u00a0se centra en una maleta que se encuentra al pie de la escalera. Despu\u00e9s de regresar a casa de un viaje, Ray y Debra dan por sentado que el otro acabar\u00e1 subi\u00e9ndola al piso de arriba. Pasan los d\u00edas. Nadie mueve la maleta. Tanto el esposo como la esposa comienzan a enfadarse, ensayando todas las razones por las que es justo que el otro lleve la carga, defendiendo su caso ante otros miembros de la familia. Cada vez que ven la maleta, se convencen m\u00e1s de la justicia de su causa y se muestran m\u00e1s determinados a no ceder.<\/p>\n<p>El mejor momento llega al final del episodio, cuando Ray regresa a casa antes de lo previsto de un viaje de negocios y se disculpa por su terquedad. Justo cuando parece que se ha producido la reconciliaci\u00f3n, queda claro que la acci\u00f3n de Ray sigue estando motivada ego\u00edstamente. Ha vuelto a casa antes de lo previsto como muestra de arrepentimiento, con la intenci\u00f3n de impresionar a su esposa con su bondad. Con los labios fruncidos, Debra suspira y luego anuncia que va a mover la maleta: \u00abSer\u00e9 yo quien la recoja\u00bb.<\/p>\n<blockquote><p><b>La justicia propia es insidiosa y omnipresente, extiende sus tent\u00e1culos, nos atrapa y nos ciega<\/b><span class=\"s-options\"><i class=\"fa fa-twitter\"><\/i>\u00a0<i class=\"fa fa-facebook\"><\/i><\/span><\/p><\/blockquote>\n<p>En un instante, la disputa da un giro. Para Ray es inaceptable que Debra sea la razonable y madura. \u00ab\u00a1No, no, no!\u00bb, exclama. \u00ab\u00a1Que quede constancia de que\u00a0<i>yo<\/i>\u00a0la recog\u00ed!\u00bb. Despu\u00e9s de todo un episodio dedicado a discutir sobre qui\u00e9n\u00a0<i>no<\/i>\u00a0va a mover la maleta, la pareja ahora se pelea por qui\u00e9n\u00a0<i>s\u00ed<\/i>\u00a0la va a mover.<\/p>\n<p>A primera vista, la gente se identifica con el episodio porque captura lo absurdo de los conflictos familiares de poca importancia. Pero la raz\u00f3n m\u00e1s profunda por la que destaca es que expone la naturaleza humana. Tanto Ray como Debra sienten la necesidad de salvaguardar la elevada opini\u00f3n que tienen de s\u00ed mismos, de ser moralmente superiores al otro. Ya sea \u00abyo soy mejor persona, as\u00ed que no deber\u00eda tener que moverla\u00bb o \u00abyo soy mejor persona, as\u00ed que ser\u00e9 yo quien la mueva\u00bb, el conflicto se reduce en \u00faltima instancia a preservar la alta autoestima de cada uno para que no se vea mermada.<\/p>\n<p>Esta pasi\u00f3n por mantener intacta la visi\u00f3n que tenemos de nosotros mismos explica muchas cosas. Esa es la raz\u00f3n por la que nos defendemos como un reflejo natural cuando nos critican. Esa es la raz\u00f3n por la que a las personas de una determinada ideolog\u00eda pol\u00edtica les cuesta reconocer cuando la otra parte tiene raz\u00f3n. Esa es la raz\u00f3n por la que excusamos los fracasos de los l\u00edderes que admiramos y condenamos sin reservas a aquellos a los que nos oponemos. Esa es la raz\u00f3n por la que, en cuestiones controvertidas, nos apresuramos a adoptar la interpretaci\u00f3n que mejor confirma nuestras ideas previas y refuerza la rectitud de los nuestros. Es por eso que muchos de nosotros tenemos dificultades en el matrimonio, no logramos conectar con nuestros hijos o nos enemistamos con personas de la iglesia que no est\u00e1n de acuerdo con nosotros. Hacemos todo lo posible por mantener nuestra superioridad moral, por afianzarnos en una plataforma de superioridad moral.<\/p>\n<p>La justicia propia es insidiosa y omnipresente, extiende sus tent\u00e1culos, nos atrapa y nos ciega. A menudo, nuestras motivaciones permanecen ocultas incluso para nosotros mismos. En\u00a0<i>Confesiones<\/i>, Agust\u00edn observa c\u00f3mo Dios da un vuelco a las valoraciones humanas del comportamiento: \u00abTu testimonio condena muchas acciones que reciben elogios humanos\u00bb, escribe. \u00abPorque a menudo ocurre que la apariencia de un acto contradice lo que el agente tiene en mente\u00bb.<\/p>\n<h3><b>La santidad y la gracia que nos derriban<\/b><\/h3>\n<p>La \u00fanica forma de salir de la trampa de la justicia propia es un encuentro renovado con la santidad y la gracia de Dios.<\/p>\n<p>En primer lugar, est\u00e1 la santidad de Dios. Porque la pureza resplandeciente de la perfecci\u00f3n divina trastoca nuestras pretensiones de rectitud. Las personas que se basan en la justicia propia pueden parecer \u00abm\u00e1s santas que todos\u00bb, pero esa ilusi\u00f3n solo funciona cuando nos comparamos con otros pecadores. A la luz de la santidad de Dios, se despoja cada trapo de justicia.<\/p>\n<blockquote><p><b>El encuentro con la verdadera santidad y la verdadera gracia es el primer paso para crecer en la justicia real<\/b><\/p><\/blockquote>\n<p>Y luego, viene la gracia de Dios. Porque comprender la gracia desde el coraz\u00f3n no deja lugar para la jactancia. La gracia nos derriba de nuestro pedestal, destrozando nuestra autoimagen y destruyendo la\u00a0fachada\u00a0de la justicia propia. Pero la gracia no nos deja en pedazos. Nos restaura y nos renueva. Ya no necesitamos aferrarnos a una imagen de nosotros mismos como menos pecadores, m\u00e1s perceptivos o m\u00e1s \u00abcorrectos\u00bb que los dem\u00e1s. Somos libres de aceptar la verdadera imagen de nosotros mismos a la luz de la santidad que revela nuestra necesidad de gracia.<\/p>\n<p>El encuentro con la verdadera santidad y la verdadera gracia es el primer paso para crecer en la\u00a0justicia\u00a0real. Sin embargo, el peligro de la contaminaci\u00f3n de la justicia propia sigue estando siempre presente. Recuerda: la distancia entre la justicia y la justicia propia es un abismo, pero cruzarlo solo requiere un paso.<\/p>\n<h3><b>Cumplir la ley frente a dar gracia<\/b><\/h3>\n<p>La justicia propia envenena las relaciones. Tambi\u00e9n lo hacen la actitud defensiva y el instinto de justificarnos. Lo que mantiene vivas las relaciones es lo contrario: la humildad, la confesi\u00f3n, el arrepentimiento. Cuando falles (y fallar\u00e1s), no desv\u00edas la atenci\u00f3n ni evades el tema. Dices la verdad. Permites que la imagen cuidadosamente seleccionada de tu \u00abmejor versi\u00f3n\u00bb se derrumbe ante otra persona.<\/p>\n<p>Cuando los dem\u00e1s te fallen, te enfrentar\u00e1s a una elecci\u00f3n. Puedes actuar como un guardi\u00e1n de la ley, exigi\u00e9ndoles un est\u00e1ndar que t\u00fa mismo nunca has logrado cumplir. O puedes ser un dador de gracia que perdona libremente, tal como el Padre te ha perdonado a ti. La primera opci\u00f3n refuerza tu\u00a0orgullo. La segunda lo derriba\u2026 y deja espacio para que crezca el amor.<\/p>\n","protected":false},"excerpt":{"rendered":"<p>No hay pecado m\u00e1s pegajoso que la justicia propia, y eso es porque la autojusticia surge de nuestra propia sensaci\u00f3n de tener la raz\u00f3n. Con los pu\u00f1os cerrados nos aferramos a ella, porque tener la raz\u00f3n est\u00e1 ligado a la visi\u00f3n que tenemos de nosotros mismos. Lo s\u00e9 por triste experiencia. Admitir que estoy equivocado &hellip;<\/p>\n","protected":false},"author":1,"featured_media":20680,"comment_status":"open","ping_status":"open","sticky":false,"template":"","format":"standard","meta":{"footnotes":""},"categories":[34],"tags":[],"class_list":["post-37331","post","type-post","status-publish","format-standard","has-post-thumbnail","hentry","category-articulos"],"yoast_head":"<!-- This site is optimized with the Yoast SEO Premium plugin v24.2 (Yoast SEO v27.1.1) - https:\/\/yoast.com\/product\/yoast-seo-premium-wordpress\/ -->\n<title>El pegajoso pecado de querer siempre tener la raz\u00f3n - Tabernaculo Prensa de Dios<\/title>\n<meta name=\"robots\" content=\"index, follow, max-snippet:-1, max-image-preview:large, max-video-preview:-1\" \/>\n<link rel=\"canonical\" href=\"https:\/\/tabernaculoprensadedios.com\/web\/el-pegajoso-pecado-de-querer-siempre-tener-la-razon\/\" class=\"yoast-seo-meta-tag\" \/>\n<meta property=\"og:locale\" content=\"es_ES\" class=\"yoast-seo-meta-tag\" \/>\n<meta property=\"og:type\" content=\"article\" class=\"yoast-seo-meta-tag\" \/>\n<meta property=\"og:title\" content=\"El pegajoso pecado de querer siempre tener la raz\u00f3n\" class=\"yoast-seo-meta-tag\" \/>\n<meta property=\"og:description\" content=\"No hay pecado m\u00e1s pegajoso que la justicia propia, y eso es porque la autojusticia surge de nuestra propia sensaci\u00f3n de tener la raz\u00f3n. Con los pu\u00f1os cerrados nos aferramos a ella, porque tener la raz\u00f3n est\u00e1 ligado a la visi\u00f3n que tenemos de nosotros mismos. Lo s\u00e9 por triste experiencia. Admitir que estoy equivocado &hellip;\" class=\"yoast-seo-meta-tag\" \/>\n<meta property=\"og:url\" content=\"https:\/\/tabernaculoprensadedios.com\/web\/el-pegajoso-pecado-de-querer-siempre-tener-la-razon\/\" class=\"yoast-seo-meta-tag\" \/>\n<meta property=\"og:site_name\" content=\"Tabernaculo Prensa de Dios\" class=\"yoast-seo-meta-tag\" \/>\n<meta property=\"article:published_time\" content=\"2026-03-04T02:15:01+00:00\" class=\"yoast-seo-meta-tag\" \/>\n<meta property=\"og:image\" content=\"https:\/\/tabernaculoprensadedios.com\/web\/wp-content\/uploads\/2020\/12\/hermosa-playa-tropical-al-aire-libre-alrededor-mar-alrededor-isla-samui-palmeras-coco-otros-al-atardecer_74190-9034.jpg\" class=\"yoast-seo-meta-tag\" \/>\n\t<meta property=\"og:image:width\" content=\"626\" class=\"yoast-seo-meta-tag\" \/>\n\t<meta property=\"og:image:height\" content=\"417\" class=\"yoast-seo-meta-tag\" \/>\n\t<meta property=\"og:image:type\" content=\"image\/jpeg\" class=\"yoast-seo-meta-tag\" \/>\n<meta name=\"author\" content=\"tabernaculo\" class=\"yoast-seo-meta-tag\" \/>\n<meta name=\"twitter:card\" content=\"summary_large_image\" class=\"yoast-seo-meta-tag\" \/>\n<meta name=\"twitter:creator\" content=\"@PrensadeDios\" class=\"yoast-seo-meta-tag\" \/>\n<meta name=\"twitter:site\" content=\"@PrensadeDios\" class=\"yoast-seo-meta-tag\" \/>\n<meta name=\"twitter:label1\" content=\"Escrito por\" class=\"yoast-seo-meta-tag\" \/>\n\t<meta name=\"twitter:data1\" content=\"tabernaculo\" class=\"yoast-seo-meta-tag\" \/>\n\t<meta name=\"twitter:label2\" content=\"Tiempo de lectura\" class=\"yoast-seo-meta-tag\" \/>\n\t<meta name=\"twitter:data2\" content=\"6 minutos\" class=\"yoast-seo-meta-tag\" \/>\n<script type=\"application\/ld+json\" class=\"yoast-schema-graph\">{\"@context\":\"https:\/\/schema.org\",\"@graph\":[{\"@type\":\"Article\",\"@id\":\"https:\/\/tabernaculoprensadedios.com\/web\/el-pegajoso-pecado-de-querer-siempre-tener-la-razon\/#article\",\"isPartOf\":{\"@id\":\"https:\/\/tabernaculoprensadedios.com\/web\/el-pegajoso-pecado-de-querer-siempre-tener-la-razon\/\"},\"author\":{\"name\":\"tabernaculo\",\"@id\":\"https:\/\/tabernaculoprensadedios.com\/web\/#\/schema\/person\/bc0e069fef56b38e177db6f098ae0b6e\"},\"headline\":\"El pegajoso pecado de querer siempre tener la raz\u00f3n\",\"datePublished\":\"2026-03-04T02:15:01+00:00\",\"mainEntityOfPage\":{\"@id\":\"https:\/\/tabernaculoprensadedios.com\/web\/el-pegajoso-pecado-de-querer-siempre-tener-la-razon\/\"},\"wordCount\":1269,\"commentCount\":0,\"publisher\":{\"@id\":\"https:\/\/tabernaculoprensadedios.com\/web\/#\/schema\/person\/bc0e069fef56b38e177db6f098ae0b6e\"},\"image\":{\"@id\":\"https:\/\/tabernaculoprensadedios.com\/web\/el-pegajoso-pecado-de-querer-siempre-tener-la-razon\/#primaryimage\"},\"thumbnailUrl\":\"https:\/\/tabernaculoprensadedios.com\/web\/wp-content\/uploads\/2020\/12\/hermosa-playa-tropical-al-aire-libre-alrededor-mar-alrededor-isla-samui-palmeras-coco-otros-al-atardecer_74190-9034.jpg\",\"articleSection\":[\"Articulos\"],\"inLanguage\":\"es\",\"potentialAction\":[{\"@type\":\"CommentAction\",\"name\":\"Comment\",\"target\":[\"https:\/\/tabernaculoprensadedios.com\/web\/el-pegajoso-pecado-de-querer-siempre-tener-la-razon\/#respond\"]}]},{\"@type\":\"WebPage\",\"@id\":\"https:\/\/tabernaculoprensadedios.com\/web\/el-pegajoso-pecado-de-querer-siempre-tener-la-razon\/\",\"url\":\"https:\/\/tabernaculoprensadedios.com\/web\/el-pegajoso-pecado-de-querer-siempre-tener-la-razon\/\",\"name\":\"El pegajoso pecado de querer siempre tener la raz\u00f3n - Tabernaculo Prensa de Dios\",\"isPartOf\":{\"@id\":\"https:\/\/tabernaculoprensadedios.com\/web\/#website\"},\"primaryImageOfPage\":{\"@id\":\"https:\/\/tabernaculoprensadedios.com\/web\/el-pegajoso-pecado-de-querer-siempre-tener-la-razon\/#primaryimage\"},\"image\":{\"@id\":\"https:\/\/tabernaculoprensadedios.com\/web\/el-pegajoso-pecado-de-querer-siempre-tener-la-razon\/#primaryimage\"},\"thumbnailUrl\":\"https:\/\/tabernaculoprensadedios.com\/web\/wp-content\/uploads\/2020\/12\/hermosa-playa-tropical-al-aire-libre-alrededor-mar-alrededor-isla-samui-palmeras-coco-otros-al-atardecer_74190-9034.jpg\",\"datePublished\":\"2026-03-04T02:15:01+00:00\",\"breadcrumb\":{\"@id\":\"https:\/\/tabernaculoprensadedios.com\/web\/el-pegajoso-pecado-de-querer-siempre-tener-la-razon\/#breadcrumb\"},\"inLanguage\":\"es\",\"potentialAction\":[{\"@type\":\"ReadAction\",\"target\":[\"https:\/\/tabernaculoprensadedios.com\/web\/el-pegajoso-pecado-de-querer-siempre-tener-la-razon\/\"]}]},{\"@type\":\"ImageObject\",\"inLanguage\":\"es\",\"@id\":\"https:\/\/tabernaculoprensadedios.com\/web\/el-pegajoso-pecado-de-querer-siempre-tener-la-razon\/#primaryimage\",\"url\":\"https:\/\/tabernaculoprensadedios.com\/web\/wp-content\/uploads\/2020\/12\/hermosa-playa-tropical-al-aire-libre-alrededor-mar-alrededor-isla-samui-palmeras-coco-otros-al-atardecer_74190-9034.jpg\",\"contentUrl\":\"https:\/\/tabernaculoprensadedios.com\/web\/wp-content\/uploads\/2020\/12\/hermosa-playa-tropical-al-aire-libre-alrededor-mar-alrededor-isla-samui-palmeras-coco-otros-al-atardecer_74190-9034.jpg\",\"width\":626,\"height\":417,\"caption\":\"El pegajoso pecado de querer siempre tener la raz\u00f3n\"},{\"@type\":\"BreadcrumbList\",\"@id\":\"https:\/\/tabernaculoprensadedios.com\/web\/el-pegajoso-pecado-de-querer-siempre-tener-la-razon\/#breadcrumb\",\"itemListElement\":[{\"@type\":\"ListItem\",\"position\":1,\"name\":\"Portada\",\"item\":\"https:\/\/tabernaculoprensadedios.com\/web\/\"},{\"@type\":\"ListItem\",\"position\":2,\"name\":\"El pegajoso pecado de querer siempre tener la raz\u00f3n\"}]},{\"@type\":\"WebSite\",\"@id\":\"https:\/\/tabernaculoprensadedios.com\/web\/#website\",\"url\":\"https:\/\/tabernaculoprensadedios.com\/web\/\",\"name\":\"Tabernaculo Prensa de Dios\",\"description\":\"Un medio a la manera de Dios\",\"publisher\":{\"@id\":\"https:\/\/tabernaculoprensadedios.com\/web\/#\/schema\/person\/bc0e069fef56b38e177db6f098ae0b6e\"},\"potentialAction\":[{\"@type\":\"SearchAction\",\"target\":{\"@type\":\"EntryPoint\",\"urlTemplate\":\"https:\/\/tabernaculoprensadedios.com\/web\/?s={search_term_string}\"},\"query-input\":{\"@type\":\"PropertyValueSpecification\",\"valueRequired\":true,\"valueName\":\"search_term_string\"}}],\"inLanguage\":\"es\"},{\"@type\":[\"Person\",\"Organization\"],\"@id\":\"https:\/\/tabernaculoprensadedios.com\/web\/#\/schema\/person\/bc0e069fef56b38e177db6f098ae0b6e\",\"name\":\"tabernaculo\",\"image\":{\"@type\":\"ImageObject\",\"inLanguage\":\"es\",\"@id\":\"https:\/\/tabernaculoprensadedios.com\/web\/#\/schema\/person\/image\/\",\"url\":\"https:\/\/tabernaculoprensadedios.com\/web\/wp-content\/uploads\/2015\/06\/login-logo1.png\",\"contentUrl\":\"https:\/\/tabernaculoprensadedios.com\/web\/wp-content\/uploads\/2015\/06\/login-logo1.png\",\"width\":300,\"height\":118,\"caption\":\"tabernaculo\"},\"logo\":{\"@id\":\"https:\/\/tabernaculoprensadedios.com\/web\/#\/schema\/person\/image\/\"},\"url\":\"https:\/\/tabernaculoprensadedios.com\/web\/author\/tabernaculo\/\"}]}<\/script>\n<!-- \/ Yoast SEO Premium plugin. -->","yoast_head_json":{"title":"El pegajoso pecado de querer siempre tener la raz\u00f3n - Tabernaculo Prensa de Dios","robots":{"index":"index","follow":"follow","max-snippet":"max-snippet:-1","max-image-preview":"max-image-preview:large","max-video-preview":"max-video-preview:-1"},"canonical":"https:\/\/tabernaculoprensadedios.com\/web\/el-pegajoso-pecado-de-querer-siempre-tener-la-razon\/","og_locale":"es_ES","og_type":"article","og_title":"El pegajoso pecado de querer siempre tener la raz\u00f3n","og_description":"No hay pecado m\u00e1s pegajoso que la justicia propia, y eso es porque la autojusticia surge de nuestra propia sensaci\u00f3n de tener la raz\u00f3n. Con los pu\u00f1os cerrados nos aferramos a ella, porque tener la raz\u00f3n est\u00e1 ligado a la visi\u00f3n que tenemos de nosotros mismos. Lo s\u00e9 por triste experiencia. Admitir que estoy equivocado &hellip;","og_url":"https:\/\/tabernaculoprensadedios.com\/web\/el-pegajoso-pecado-de-querer-siempre-tener-la-razon\/","og_site_name":"Tabernaculo Prensa de Dios","article_published_time":"2026-03-04T02:15:01+00:00","og_image":[{"width":626,"height":417,"url":"https:\/\/tabernaculoprensadedios.com\/web\/wp-content\/uploads\/2020\/12\/hermosa-playa-tropical-al-aire-libre-alrededor-mar-alrededor-isla-samui-palmeras-coco-otros-al-atardecer_74190-9034.jpg","type":"image\/jpeg"}],"author":"tabernaculo","twitter_card":"summary_large_image","twitter_creator":"@PrensadeDios","twitter_site":"@PrensadeDios","twitter_misc":{"Escrito por":"tabernaculo","Tiempo de lectura":"6 minutos"},"schema":{"@context":"https:\/\/schema.org","@graph":[{"@type":"Article","@id":"https:\/\/tabernaculoprensadedios.com\/web\/el-pegajoso-pecado-de-querer-siempre-tener-la-razon\/#article","isPartOf":{"@id":"https:\/\/tabernaculoprensadedios.com\/web\/el-pegajoso-pecado-de-querer-siempre-tener-la-razon\/"},"author":{"name":"tabernaculo","@id":"https:\/\/tabernaculoprensadedios.com\/web\/#\/schema\/person\/bc0e069fef56b38e177db6f098ae0b6e"},"headline":"El pegajoso pecado de querer siempre tener la raz\u00f3n","datePublished":"2026-03-04T02:15:01+00:00","mainEntityOfPage":{"@id":"https:\/\/tabernaculoprensadedios.com\/web\/el-pegajoso-pecado-de-querer-siempre-tener-la-razon\/"},"wordCount":1269,"commentCount":0,"publisher":{"@id":"https:\/\/tabernaculoprensadedios.com\/web\/#\/schema\/person\/bc0e069fef56b38e177db6f098ae0b6e"},"image":{"@id":"https:\/\/tabernaculoprensadedios.com\/web\/el-pegajoso-pecado-de-querer-siempre-tener-la-razon\/#primaryimage"},"thumbnailUrl":"https:\/\/tabernaculoprensadedios.com\/web\/wp-content\/uploads\/2020\/12\/hermosa-playa-tropical-al-aire-libre-alrededor-mar-alrededor-isla-samui-palmeras-coco-otros-al-atardecer_74190-9034.jpg","articleSection":["Articulos"],"inLanguage":"es","potentialAction":[{"@type":"CommentAction","name":"Comment","target":["https:\/\/tabernaculoprensadedios.com\/web\/el-pegajoso-pecado-de-querer-siempre-tener-la-razon\/#respond"]}]},{"@type":"WebPage","@id":"https:\/\/tabernaculoprensadedios.com\/web\/el-pegajoso-pecado-de-querer-siempre-tener-la-razon\/","url":"https:\/\/tabernaculoprensadedios.com\/web\/el-pegajoso-pecado-de-querer-siempre-tener-la-razon\/","name":"El pegajoso pecado de querer siempre tener la raz\u00f3n - Tabernaculo Prensa de Dios","isPartOf":{"@id":"https:\/\/tabernaculoprensadedios.com\/web\/#website"},"primaryImageOfPage":{"@id":"https:\/\/tabernaculoprensadedios.com\/web\/el-pegajoso-pecado-de-querer-siempre-tener-la-razon\/#primaryimage"},"image":{"@id":"https:\/\/tabernaculoprensadedios.com\/web\/el-pegajoso-pecado-de-querer-siempre-tener-la-razon\/#primaryimage"},"thumbnailUrl":"https:\/\/tabernaculoprensadedios.com\/web\/wp-content\/uploads\/2020\/12\/hermosa-playa-tropical-al-aire-libre-alrededor-mar-alrededor-isla-samui-palmeras-coco-otros-al-atardecer_74190-9034.jpg","datePublished":"2026-03-04T02:15:01+00:00","breadcrumb":{"@id":"https:\/\/tabernaculoprensadedios.com\/web\/el-pegajoso-pecado-de-querer-siempre-tener-la-razon\/#breadcrumb"},"inLanguage":"es","potentialAction":[{"@type":"ReadAction","target":["https:\/\/tabernaculoprensadedios.com\/web\/el-pegajoso-pecado-de-querer-siempre-tener-la-razon\/"]}]},{"@type":"ImageObject","inLanguage":"es","@id":"https:\/\/tabernaculoprensadedios.com\/web\/el-pegajoso-pecado-de-querer-siempre-tener-la-razon\/#primaryimage","url":"https:\/\/tabernaculoprensadedios.com\/web\/wp-content\/uploads\/2020\/12\/hermosa-playa-tropical-al-aire-libre-alrededor-mar-alrededor-isla-samui-palmeras-coco-otros-al-atardecer_74190-9034.jpg","contentUrl":"https:\/\/tabernaculoprensadedios.com\/web\/wp-content\/uploads\/2020\/12\/hermosa-playa-tropical-al-aire-libre-alrededor-mar-alrededor-isla-samui-palmeras-coco-otros-al-atardecer_74190-9034.jpg","width":626,"height":417,"caption":"El pegajoso pecado de querer siempre tener la raz\u00f3n"},{"@type":"BreadcrumbList","@id":"https:\/\/tabernaculoprensadedios.com\/web\/el-pegajoso-pecado-de-querer-siempre-tener-la-razon\/#breadcrumb","itemListElement":[{"@type":"ListItem","position":1,"name":"Portada","item":"https:\/\/tabernaculoprensadedios.com\/web\/"},{"@type":"ListItem","position":2,"name":"El pegajoso pecado de querer siempre tener la raz\u00f3n"}]},{"@type":"WebSite","@id":"https:\/\/tabernaculoprensadedios.com\/web\/#website","url":"https:\/\/tabernaculoprensadedios.com\/web\/","name":"Tabernaculo Prensa de Dios","description":"Un medio a la manera de Dios","publisher":{"@id":"https:\/\/tabernaculoprensadedios.com\/web\/#\/schema\/person\/bc0e069fef56b38e177db6f098ae0b6e"},"potentialAction":[{"@type":"SearchAction","target":{"@type":"EntryPoint","urlTemplate":"https:\/\/tabernaculoprensadedios.com\/web\/?s={search_term_string}"},"query-input":{"@type":"PropertyValueSpecification","valueRequired":true,"valueName":"search_term_string"}}],"inLanguage":"es"},{"@type":["Person","Organization"],"@id":"https:\/\/tabernaculoprensadedios.com\/web\/#\/schema\/person\/bc0e069fef56b38e177db6f098ae0b6e","name":"tabernaculo","image":{"@type":"ImageObject","inLanguage":"es","@id":"https:\/\/tabernaculoprensadedios.com\/web\/#\/schema\/person\/image\/","url":"https:\/\/tabernaculoprensadedios.com\/web\/wp-content\/uploads\/2015\/06\/login-logo1.png","contentUrl":"https:\/\/tabernaculoprensadedios.com\/web\/wp-content\/uploads\/2015\/06\/login-logo1.png","width":300,"height":118,"caption":"tabernaculo"},"logo":{"@id":"https:\/\/tabernaculoprensadedios.com\/web\/#\/schema\/person\/image\/"},"url":"https:\/\/tabernaculoprensadedios.com\/web\/author\/tabernaculo\/"}]}},"_links":{"self":[{"href":"https:\/\/tabernaculoprensadedios.com\/web\/wp-json\/wp\/v2\/posts\/37331","targetHints":{"allow":["GET"]}}],"collection":[{"href":"https:\/\/tabernaculoprensadedios.com\/web\/wp-json\/wp\/v2\/posts"}],"about":[{"href":"https:\/\/tabernaculoprensadedios.com\/web\/wp-json\/wp\/v2\/types\/post"}],"author":[{"embeddable":true,"href":"https:\/\/tabernaculoprensadedios.com\/web\/wp-json\/wp\/v2\/users\/1"}],"replies":[{"embeddable":true,"href":"https:\/\/tabernaculoprensadedios.com\/web\/wp-json\/wp\/v2\/comments?post=37331"}],"version-history":[{"count":1,"href":"https:\/\/tabernaculoprensadedios.com\/web\/wp-json\/wp\/v2\/posts\/37331\/revisions"}],"predecessor-version":[{"id":37333,"href":"https:\/\/tabernaculoprensadedios.com\/web\/wp-json\/wp\/v2\/posts\/37331\/revisions\/37333"}],"wp:featuredmedia":[{"embeddable":true,"href":"https:\/\/tabernaculoprensadedios.com\/web\/wp-json\/wp\/v2\/media\/20680"}],"wp:attachment":[{"href":"https:\/\/tabernaculoprensadedios.com\/web\/wp-json\/wp\/v2\/media?parent=37331"}],"wp:term":[{"taxonomy":"category","embeddable":true,"href":"https:\/\/tabernaculoprensadedios.com\/web\/wp-json\/wp\/v2\/categories?post=37331"},{"taxonomy":"post_tag","embeddable":true,"href":"https:\/\/tabernaculoprensadedios.com\/web\/wp-json\/wp\/v2\/tags?post=37331"}],"curies":[{"name":"wp","href":"https:\/\/api.w.org\/{rel}","templated":true}]}}