{"id":37309,"date":"2026-03-02T12:04:35","date_gmt":"2026-03-02T16:04:35","guid":{"rendered":"https:\/\/tabernaculoprensadedios.com\/web\/?p=37309"},"modified":"2026-03-02T13:05:27","modified_gmt":"2026-03-02T17:05:27","slug":"el-toque-de-dios","status":"publish","type":"post","link":"https:\/\/tabernaculoprensadedios.com\/web\/el-toque-de-dios\/","title":{"rendered":"El toque de Dios"},"content":{"rendered":"<p>Durante a\u00f1os he orado por personas, seres queridos, amigos, parientes y vecinos suplicando a Dios el milagro de su salvaci\u00f3n. Tengo vecinos humildes, religiosos, hura\u00f1os, simp\u00e1ticos, antip\u00e1ticos, indiferentes, serviciales, pol\u00edticos, apol\u00edticos, recatados y extrovertidos. Todas criaturas de Dios, todos necesitados de Dios.<\/p>\n<p>A diferencia de Europa u otras regiones del mundo, el Caribe, y Cuba muy particularmente, es un pa\u00eds donde Ud. llega a conocer a su vecindad. Las carencias y las necesidades de toda una generaci\u00f3n en Cuba ha generado paralelamente un sentido de solidaridad humana necesaria donde no es extra\u00f1o que un vecino toque a la puerta para pedir ayuda solicit\u00e1ndote desde una aspirina hasta la donaci\u00f3n de sangre para la operaci\u00f3n de un familiar (no exagero).<\/p>\n<p>Con frecuencia me preguntaba por mucho tiempo si alguno de ellos estaba en los planes de Dios. Reconozco que esta es la tendencia de nuestra propia humanidad: la selectividad. \u2013 Ah, qu\u00e9 bueno ser\u00eda si Enrique el arquitecto conociera el evangelio, o Marta la peluquera que es tan servicial, o tal vez Luis que es un hombre enfermo y ha hecho tanto bien ayudando a los dem\u00e1s- Y as\u00ed vamos por el mundo eligiendo mentalmente a los que quisi\u00e9ramos que fueran salvos. Lo m\u00e1s triste es que los elegimos de antemano por las cosas buenas que hacen o lo que aparentan, y ponemos en segundo lugar su condici\u00f3n pecaminosa. El problema del hombre es el pecado y todos necesitamos de Cristo.<\/p>\n<p>\u00bfCu\u00e1l es la verdad? Lo cierto es que el plan de salvaci\u00f3n de Dios es para todos. Toda persona que te rodea est\u00e1 en los planes de Dios, sin excepci\u00f3n. Si todos ser\u00e1n salvos o no, ese es un asunto de Dios y no nuestro. Cristo muri\u00f3 por todos y a veces nosotros queremos aplicar el poder de su sangre salvadora s\u00f3lo a aquellos que amamos, a los que tenemos cerca, a los que, en nuestra necedad, creemos que pueden ser candidatos a ser parte de la familia de Dios seg\u00fan nuestras normas y deseos. Puro orgullo. Se trata de Dios, no de m\u00ed; se trata de la sangre del cordero que quita el pecado del mundo\u2026de todo el mundo.<\/p>\n<p>El toque de Dios para aquellos que nos rodean comienza por nosotros. Cuando compasivamente les vemos criaturas necesitadas de salvaci\u00f3n y elevamos oraci\u00f3n de misericordia clamando al Esp\u00edritu Santo que nos use para su gloria predic\u00e1ndoles la palabra. No pidamos poder, \u00a1ya lo tenemos! \u00bfUna unci\u00f3n especial? \u00a1Qu\u00e9 mejor unci\u00f3n que haber sido perdonados y aceptados por los m\u00e9ritos de Cristo y su victoria en la cruz! Dos palabras cuyo significado son vitales para el cristiano. Aquel que no haya experimentado el perd\u00f3n de Dios y se sienta aceptado en su misericordia, adoptado como hijo leg\u00edtimo, bendecido desde el coraz\u00f3n de Dios, no est\u00e1 totalmente apto para entender que sus manos, su mente y su coraz\u00f3n pueden ser canales de bendici\u00f3n para aquellos que quisi\u00e9ramos ganar.<\/p>\n<p>El toque de Dios comienza en una simple sonrisa, o una mano extendida; tiene el componente imprescindible de la oraci\u00f3n ungida de la fe sobrenatural. He visto el quebranto de homicidas y he enjugado las l\u00e1grimas de \u201cduros\u201d rufianes arrepentidos, tocados por el Esp\u00edritu Santo de Dios. He alabado al Todopoderoso junto a Saulos que tuvieron su camino a Damasco, escarnecedores de la iglesia, siendo derribados al suelo por la luz de Su presencia. T\u00fa tambi\u00e9n eres luz y tu manos pueden ser los instrumentos que Dios est\u00e1 anhelando para tocar alg\u00fan coraz\u00f3n a tu alrededor.<\/p>\n<p>\u00a1Dios bendiga su Palabra!<\/p>\n","protected":false},"excerpt":{"rendered":"<p>Durante a\u00f1os he orado por personas, seres queridos, amigos, parientes y vecinos suplicando a Dios el milagro de su salvaci\u00f3n. Tengo vecinos humildes, religiosos, hura\u00f1os, simp\u00e1ticos, antip\u00e1ticos, indiferentes, serviciales, pol\u00edticos, apol\u00edticos, recatados y extrovertidos. Todas criaturas de Dios, todos necesitados de Dios. A diferencia de Europa u otras regiones del mundo, el Caribe, y Cuba &hellip;<\/p>\n","protected":false},"author":1,"featured_media":22112,"comment_status":"open","ping_status":"open","sticky":false,"template":"","format":"standard","meta":{"footnotes":""},"categories":[34],"tags":[],"class_list":["post-37309","post","type-post","status-publish","format-standard","has-post-thumbnail","hentry","category-articulos"],"yoast_head":"<!-- This site is optimized with the Yoast SEO Premium plugin v24.2 (Yoast SEO v27.1.1) - https:\/\/yoast.com\/product\/yoast-seo-premium-wordpress\/ -->\n<title>El toque de Dios - Tabernaculo Prensa de Dios<\/title>\n<meta name=\"robots\" content=\"index, follow, max-snippet:-1, max-image-preview:large, max-video-preview:-1\" \/>\n<link rel=\"canonical\" href=\"https:\/\/tabernaculoprensadedios.com\/web\/el-toque-de-dios\/\" class=\"yoast-seo-meta-tag\" \/>\n<meta property=\"og:locale\" content=\"es_ES\" class=\"yoast-seo-meta-tag\" \/>\n<meta property=\"og:type\" content=\"article\" class=\"yoast-seo-meta-tag\" \/>\n<meta property=\"og:title\" content=\"El toque de Dios\" class=\"yoast-seo-meta-tag\" \/>\n<meta property=\"og:description\" content=\"Durante a\u00f1os he orado por personas, seres queridos, amigos, parientes y vecinos suplicando a Dios el milagro de su salvaci\u00f3n. Tengo vecinos humildes, religiosos, hura\u00f1os, simp\u00e1ticos, antip\u00e1ticos, indiferentes, serviciales, pol\u00edticos, apol\u00edticos, recatados y extrovertidos. Todas criaturas de Dios, todos necesitados de Dios. A diferencia de Europa u otras regiones del mundo, el Caribe, y Cuba &hellip;\" class=\"yoast-seo-meta-tag\" \/>\n<meta property=\"og:url\" content=\"https:\/\/tabernaculoprensadedios.com\/web\/el-toque-de-dios\/\" class=\"yoast-seo-meta-tag\" \/>\n<meta property=\"og:site_name\" content=\"Tabernaculo Prensa de Dios\" class=\"yoast-seo-meta-tag\" \/>\n<meta property=\"article:published_time\" content=\"2026-03-02T16:04:35+00:00\" class=\"yoast-seo-meta-tag\" \/>\n<meta property=\"article:modified_time\" content=\"2026-03-02T17:05:27+00:00\" class=\"yoast-seo-meta-tag\" \/>\n<meta property=\"og:image\" content=\"https:\/\/tabernaculoprensadedios.com\/web\/wp-content\/uploads\/2021\/06\/Faustino2014-e1625338249256.jpg\" class=\"yoast-seo-meta-tag\" \/>\n\t<meta property=\"og:image:width\" content=\"384\" class=\"yoast-seo-meta-tag\" \/>\n\t<meta property=\"og:image:height\" content=\"308\" class=\"yoast-seo-meta-tag\" \/>\n\t<meta property=\"og:image:type\" content=\"image\/jpeg\" class=\"yoast-seo-meta-tag\" \/>\n<meta name=\"author\" content=\"tabernaculo\" class=\"yoast-seo-meta-tag\" \/>\n<meta name=\"twitter:card\" content=\"summary_large_image\" class=\"yoast-seo-meta-tag\" \/>\n<meta name=\"twitter:creator\" content=\"@PrensadeDios\" class=\"yoast-seo-meta-tag\" \/>\n<meta name=\"twitter:site\" content=\"@PrensadeDios\" class=\"yoast-seo-meta-tag\" \/>\n<meta name=\"twitter:label1\" content=\"Escrito por\" class=\"yoast-seo-meta-tag\" \/>\n\t<meta name=\"twitter:data1\" content=\"tabernaculo\" class=\"yoast-seo-meta-tag\" \/>\n\t<meta name=\"twitter:label2\" content=\"Tiempo de lectura\" class=\"yoast-seo-meta-tag\" \/>\n\t<meta name=\"twitter:data2\" content=\"3 minutos\" class=\"yoast-seo-meta-tag\" \/>\n<script type=\"application\/ld+json\" class=\"yoast-schema-graph\">{\"@context\":\"https:\/\/schema.org\",\"@graph\":[{\"@type\":\"Article\",\"@id\":\"https:\/\/tabernaculoprensadedios.com\/web\/el-toque-de-dios\/#article\",\"isPartOf\":{\"@id\":\"https:\/\/tabernaculoprensadedios.com\/web\/el-toque-de-dios\/\"},\"author\":{\"name\":\"tabernaculo\",\"@id\":\"https:\/\/tabernaculoprensadedios.com\/web\/#\/schema\/person\/bc0e069fef56b38e177db6f098ae0b6e\"},\"headline\":\"El toque de Dios\",\"datePublished\":\"2026-03-02T16:04:35+00:00\",\"dateModified\":\"2026-03-02T17:05:27+00:00\",\"mainEntityOfPage\":{\"@id\":\"https:\/\/tabernaculoprensadedios.com\/web\/el-toque-de-dios\/\"},\"wordCount\":633,\"commentCount\":0,\"publisher\":{\"@id\":\"https:\/\/tabernaculoprensadedios.com\/web\/#\/schema\/person\/bc0e069fef56b38e177db6f098ae0b6e\"},\"image\":{\"@id\":\"https:\/\/tabernaculoprensadedios.com\/web\/el-toque-de-dios\/#primaryimage\"},\"thumbnailUrl\":\"https:\/\/tabernaculoprensadedios.com\/web\/wp-content\/uploads\/2021\/06\/Faustino2014-e1625338249256.jpg\",\"articleSection\":[\"Articulos\"],\"inLanguage\":\"es\",\"potentialAction\":[{\"@type\":\"CommentAction\",\"name\":\"Comment\",\"target\":[\"https:\/\/tabernaculoprensadedios.com\/web\/el-toque-de-dios\/#respond\"]}]},{\"@type\":\"WebPage\",\"@id\":\"https:\/\/tabernaculoprensadedios.com\/web\/el-toque-de-dios\/\",\"url\":\"https:\/\/tabernaculoprensadedios.com\/web\/el-toque-de-dios\/\",\"name\":\"El toque de Dios - Tabernaculo Prensa de Dios\",\"isPartOf\":{\"@id\":\"https:\/\/tabernaculoprensadedios.com\/web\/#website\"},\"primaryImageOfPage\":{\"@id\":\"https:\/\/tabernaculoprensadedios.com\/web\/el-toque-de-dios\/#primaryimage\"},\"image\":{\"@id\":\"https:\/\/tabernaculoprensadedios.com\/web\/el-toque-de-dios\/#primaryimage\"},\"thumbnailUrl\":\"https:\/\/tabernaculoprensadedios.com\/web\/wp-content\/uploads\/2021\/06\/Faustino2014-e1625338249256.jpg\",\"datePublished\":\"2026-03-02T16:04:35+00:00\",\"dateModified\":\"2026-03-02T17:05:27+00:00\",\"breadcrumb\":{\"@id\":\"https:\/\/tabernaculoprensadedios.com\/web\/el-toque-de-dios\/#breadcrumb\"},\"inLanguage\":\"es\",\"potentialAction\":[{\"@type\":\"ReadAction\",\"target\":[\"https:\/\/tabernaculoprensadedios.com\/web\/el-toque-de-dios\/\"]}]},{\"@type\":\"ImageObject\",\"inLanguage\":\"es\",\"@id\":\"https:\/\/tabernaculoprensadedios.com\/web\/el-toque-de-dios\/#primaryimage\",\"url\":\"https:\/\/tabernaculoprensadedios.com\/web\/wp-content\/uploads\/2021\/06\/Faustino2014-e1625338249256.jpg\",\"contentUrl\":\"https:\/\/tabernaculoprensadedios.com\/web\/wp-content\/uploads\/2021\/06\/Faustino2014-e1625338249256.jpg\",\"width\":384,\"height\":308,\"caption\":\"Faustino de Jes\u00fas Zamora Vargas.\"},{\"@type\":\"BreadcrumbList\",\"@id\":\"https:\/\/tabernaculoprensadedios.com\/web\/el-toque-de-dios\/#breadcrumb\",\"itemListElement\":[{\"@type\":\"ListItem\",\"position\":1,\"name\":\"Portada\",\"item\":\"https:\/\/tabernaculoprensadedios.com\/web\/\"},{\"@type\":\"ListItem\",\"position\":2,\"name\":\"El toque de Dios\"}]},{\"@type\":\"WebSite\",\"@id\":\"https:\/\/tabernaculoprensadedios.com\/web\/#website\",\"url\":\"https:\/\/tabernaculoprensadedios.com\/web\/\",\"name\":\"Tabernaculo Prensa de Dios\",\"description\":\"Un medio a la manera de Dios\",\"publisher\":{\"@id\":\"https:\/\/tabernaculoprensadedios.com\/web\/#\/schema\/person\/bc0e069fef56b38e177db6f098ae0b6e\"},\"potentialAction\":[{\"@type\":\"SearchAction\",\"target\":{\"@type\":\"EntryPoint\",\"urlTemplate\":\"https:\/\/tabernaculoprensadedios.com\/web\/?s={search_term_string}\"},\"query-input\":{\"@type\":\"PropertyValueSpecification\",\"valueRequired\":true,\"valueName\":\"search_term_string\"}}],\"inLanguage\":\"es\"},{\"@type\":[\"Person\",\"Organization\"],\"@id\":\"https:\/\/tabernaculoprensadedios.com\/web\/#\/schema\/person\/bc0e069fef56b38e177db6f098ae0b6e\",\"name\":\"tabernaculo\",\"image\":{\"@type\":\"ImageObject\",\"inLanguage\":\"es\",\"@id\":\"https:\/\/tabernaculoprensadedios.com\/web\/#\/schema\/person\/image\/\",\"url\":\"https:\/\/tabernaculoprensadedios.com\/web\/wp-content\/uploads\/2015\/06\/login-logo1.png\",\"contentUrl\":\"https:\/\/tabernaculoprensadedios.com\/web\/wp-content\/uploads\/2015\/06\/login-logo1.png\",\"width\":300,\"height\":118,\"caption\":\"tabernaculo\"},\"logo\":{\"@id\":\"https:\/\/tabernaculoprensadedios.com\/web\/#\/schema\/person\/image\/\"},\"url\":\"https:\/\/tabernaculoprensadedios.com\/web\/author\/tabernaculo\/\"}]}<\/script>\n<!-- \/ Yoast SEO Premium plugin. -->","yoast_head_json":{"title":"El toque de Dios - Tabernaculo Prensa de Dios","robots":{"index":"index","follow":"follow","max-snippet":"max-snippet:-1","max-image-preview":"max-image-preview:large","max-video-preview":"max-video-preview:-1"},"canonical":"https:\/\/tabernaculoprensadedios.com\/web\/el-toque-de-dios\/","og_locale":"es_ES","og_type":"article","og_title":"El toque de Dios","og_description":"Durante a\u00f1os he orado por personas, seres queridos, amigos, parientes y vecinos suplicando a Dios el milagro de su salvaci\u00f3n. Tengo vecinos humildes, religiosos, hura\u00f1os, simp\u00e1ticos, antip\u00e1ticos, indiferentes, serviciales, pol\u00edticos, apol\u00edticos, recatados y extrovertidos. Todas criaturas de Dios, todos necesitados de Dios. A diferencia de Europa u otras regiones del mundo, el Caribe, y Cuba &hellip;","og_url":"https:\/\/tabernaculoprensadedios.com\/web\/el-toque-de-dios\/","og_site_name":"Tabernaculo Prensa de Dios","article_published_time":"2026-03-02T16:04:35+00:00","article_modified_time":"2026-03-02T17:05:27+00:00","og_image":[{"width":384,"height":308,"url":"https:\/\/tabernaculoprensadedios.com\/web\/wp-content\/uploads\/2021\/06\/Faustino2014-e1625338249256.jpg","type":"image\/jpeg"}],"author":"tabernaculo","twitter_card":"summary_large_image","twitter_creator":"@PrensadeDios","twitter_site":"@PrensadeDios","twitter_misc":{"Escrito por":"tabernaculo","Tiempo de lectura":"3 minutos"},"schema":{"@context":"https:\/\/schema.org","@graph":[{"@type":"Article","@id":"https:\/\/tabernaculoprensadedios.com\/web\/el-toque-de-dios\/#article","isPartOf":{"@id":"https:\/\/tabernaculoprensadedios.com\/web\/el-toque-de-dios\/"},"author":{"name":"tabernaculo","@id":"https:\/\/tabernaculoprensadedios.com\/web\/#\/schema\/person\/bc0e069fef56b38e177db6f098ae0b6e"},"headline":"El toque de Dios","datePublished":"2026-03-02T16:04:35+00:00","dateModified":"2026-03-02T17:05:27+00:00","mainEntityOfPage":{"@id":"https:\/\/tabernaculoprensadedios.com\/web\/el-toque-de-dios\/"},"wordCount":633,"commentCount":0,"publisher":{"@id":"https:\/\/tabernaculoprensadedios.com\/web\/#\/schema\/person\/bc0e069fef56b38e177db6f098ae0b6e"},"image":{"@id":"https:\/\/tabernaculoprensadedios.com\/web\/el-toque-de-dios\/#primaryimage"},"thumbnailUrl":"https:\/\/tabernaculoprensadedios.com\/web\/wp-content\/uploads\/2021\/06\/Faustino2014-e1625338249256.jpg","articleSection":["Articulos"],"inLanguage":"es","potentialAction":[{"@type":"CommentAction","name":"Comment","target":["https:\/\/tabernaculoprensadedios.com\/web\/el-toque-de-dios\/#respond"]}]},{"@type":"WebPage","@id":"https:\/\/tabernaculoprensadedios.com\/web\/el-toque-de-dios\/","url":"https:\/\/tabernaculoprensadedios.com\/web\/el-toque-de-dios\/","name":"El toque de Dios - Tabernaculo Prensa de Dios","isPartOf":{"@id":"https:\/\/tabernaculoprensadedios.com\/web\/#website"},"primaryImageOfPage":{"@id":"https:\/\/tabernaculoprensadedios.com\/web\/el-toque-de-dios\/#primaryimage"},"image":{"@id":"https:\/\/tabernaculoprensadedios.com\/web\/el-toque-de-dios\/#primaryimage"},"thumbnailUrl":"https:\/\/tabernaculoprensadedios.com\/web\/wp-content\/uploads\/2021\/06\/Faustino2014-e1625338249256.jpg","datePublished":"2026-03-02T16:04:35+00:00","dateModified":"2026-03-02T17:05:27+00:00","breadcrumb":{"@id":"https:\/\/tabernaculoprensadedios.com\/web\/el-toque-de-dios\/#breadcrumb"},"inLanguage":"es","potentialAction":[{"@type":"ReadAction","target":["https:\/\/tabernaculoprensadedios.com\/web\/el-toque-de-dios\/"]}]},{"@type":"ImageObject","inLanguage":"es","@id":"https:\/\/tabernaculoprensadedios.com\/web\/el-toque-de-dios\/#primaryimage","url":"https:\/\/tabernaculoprensadedios.com\/web\/wp-content\/uploads\/2021\/06\/Faustino2014-e1625338249256.jpg","contentUrl":"https:\/\/tabernaculoprensadedios.com\/web\/wp-content\/uploads\/2021\/06\/Faustino2014-e1625338249256.jpg","width":384,"height":308,"caption":"Faustino de Jes\u00fas Zamora Vargas."},{"@type":"BreadcrumbList","@id":"https:\/\/tabernaculoprensadedios.com\/web\/el-toque-de-dios\/#breadcrumb","itemListElement":[{"@type":"ListItem","position":1,"name":"Portada","item":"https:\/\/tabernaculoprensadedios.com\/web\/"},{"@type":"ListItem","position":2,"name":"El toque de Dios"}]},{"@type":"WebSite","@id":"https:\/\/tabernaculoprensadedios.com\/web\/#website","url":"https:\/\/tabernaculoprensadedios.com\/web\/","name":"Tabernaculo Prensa de Dios","description":"Un medio a la manera de Dios","publisher":{"@id":"https:\/\/tabernaculoprensadedios.com\/web\/#\/schema\/person\/bc0e069fef56b38e177db6f098ae0b6e"},"potentialAction":[{"@type":"SearchAction","target":{"@type":"EntryPoint","urlTemplate":"https:\/\/tabernaculoprensadedios.com\/web\/?s={search_term_string}"},"query-input":{"@type":"PropertyValueSpecification","valueRequired":true,"valueName":"search_term_string"}}],"inLanguage":"es"},{"@type":["Person","Organization"],"@id":"https:\/\/tabernaculoprensadedios.com\/web\/#\/schema\/person\/bc0e069fef56b38e177db6f098ae0b6e","name":"tabernaculo","image":{"@type":"ImageObject","inLanguage":"es","@id":"https:\/\/tabernaculoprensadedios.com\/web\/#\/schema\/person\/image\/","url":"https:\/\/tabernaculoprensadedios.com\/web\/wp-content\/uploads\/2015\/06\/login-logo1.png","contentUrl":"https:\/\/tabernaculoprensadedios.com\/web\/wp-content\/uploads\/2015\/06\/login-logo1.png","width":300,"height":118,"caption":"tabernaculo"},"logo":{"@id":"https:\/\/tabernaculoprensadedios.com\/web\/#\/schema\/person\/image\/"},"url":"https:\/\/tabernaculoprensadedios.com\/web\/author\/tabernaculo\/"}]}},"_links":{"self":[{"href":"https:\/\/tabernaculoprensadedios.com\/web\/wp-json\/wp\/v2\/posts\/37309","targetHints":{"allow":["GET"]}}],"collection":[{"href":"https:\/\/tabernaculoprensadedios.com\/web\/wp-json\/wp\/v2\/posts"}],"about":[{"href":"https:\/\/tabernaculoprensadedios.com\/web\/wp-json\/wp\/v2\/types\/post"}],"author":[{"embeddable":true,"href":"https:\/\/tabernaculoprensadedios.com\/web\/wp-json\/wp\/v2\/users\/1"}],"replies":[{"embeddable":true,"href":"https:\/\/tabernaculoprensadedios.com\/web\/wp-json\/wp\/v2\/comments?post=37309"}],"version-history":[{"count":2,"href":"https:\/\/tabernaculoprensadedios.com\/web\/wp-json\/wp\/v2\/posts\/37309\/revisions"}],"predecessor-version":[{"id":37311,"href":"https:\/\/tabernaculoprensadedios.com\/web\/wp-json\/wp\/v2\/posts\/37309\/revisions\/37311"}],"wp:featuredmedia":[{"embeddable":true,"href":"https:\/\/tabernaculoprensadedios.com\/web\/wp-json\/wp\/v2\/media\/22112"}],"wp:attachment":[{"href":"https:\/\/tabernaculoprensadedios.com\/web\/wp-json\/wp\/v2\/media?parent=37309"}],"wp:term":[{"taxonomy":"category","embeddable":true,"href":"https:\/\/tabernaculoprensadedios.com\/web\/wp-json\/wp\/v2\/categories?post=37309"},{"taxonomy":"post_tag","embeddable":true,"href":"https:\/\/tabernaculoprensadedios.com\/web\/wp-json\/wp\/v2\/tags?post=37309"}],"curies":[{"name":"wp","href":"https:\/\/api.w.org\/{rel}","templated":true}]}}