{"id":36996,"date":"2026-01-30T16:41:10","date_gmt":"2026-01-30T16:41:10","guid":{"rendered":"https:\/\/tabernaculoprensadedios.com\/web\/?p=36996"},"modified":"2026-01-30T16:41:10","modified_gmt":"2026-01-30T16:41:10","slug":"una-vida-productiva-en-el-poder-del-espiritu-santo","status":"publish","type":"post","link":"https:\/\/tabernaculoprensadedios.com\/web\/una-vida-productiva-en-el-poder-del-espiritu-santo\/","title":{"rendered":"Una Vida Productiva en el Poder del Esp\u00edritu Santo"},"content":{"rendered":"<p>Terminamos nuestro largo estudio de los dones del Esp\u00edritu Santo con una meditaci\u00f3n final del cap\u00edtulo 14 de Primera de Corintios, donde el ap\u00f3stol Pablo contin\u00faa estableciendo lo que debe ser el orden y la metodolog\u00eda que se emplee para administrar los dones en la vida de la Iglesia.<\/p>\n<p>Y vemos a trav\u00e9s de todo este cap\u00edtulo que Pablo est\u00e1 interesado en una cosa, y es que los dones que se manifiestan en un servicio en particular, sean de provecho, en alguna manera, sea para los nuevos creyentes que est\u00e1n visitando, o para los miembros regulares de la Congregaci\u00f3n. Y que en realidad la prioridad de la Iglesia no debe ser simplemente que haya manifestaciones sobrenaturales sino que haya provecho y avance para el Reino de Jesucristo.<\/p>\n<p>Y Pablo dice que, una de las consideraciones principales cuando estamos canalizando y manejando los dones debe ser el considerar qui\u00e9nes est\u00e1n presentes en la reuni\u00f3n, y si por ejemplo hay personas que no son maduras en la fe, y si hay visitantes, o personas que est\u00e1n apenas comenzando a explorar los caminos del Evangelio, nosotros tenemos que subyugar el uso de los dones a la consideraci\u00f3n de que tenemos que ministrar a esa gente, y de que debemos hacer todo lo posible por no asustarlos o escandalizarnos para que se puedan quedar c\u00f3modos y recibir lo que Dios tiene para ellos.<\/p>\n<p>Una de las cosas que Pablo dice continuamente es que: \u00abEl esp\u00edritu de los profetas est\u00e1 sujeto a los profetas.\u00bb Y lo que quiere decir Pablo con eso es que no podemos decir que no tenemos control del Esp\u00edritu Santo. Hay gente que tiene como un respeto excesivo al Esp\u00edritu Santo y piensan como que la iniciativa humana, y los valores humanos no tienen nada que decir en c\u00f3mo se administran los dones en el contexto de un servicio, y no es as\u00ed.<\/p>\n<blockquote><p>Pero hay un esp\u00edritu en el hombre, y el soplo del Todopoderoso le da entendimiento. \u2014<strong> Job 32:8<\/strong><\/p><\/blockquote>\n<p>Dios da Sus dones y entonces nos delega a nosotros la libertad, en el marco b\u00edblico, de saber cu\u00e1ndo operar en los dones y cu\u00e1ndo a veces limitarlos, porque hay un orden que tiene que seguirse tambi\u00e9n, y ese orden generalmente est\u00e1 administrado por el Pastor, a veces el orden del servicio est\u00e1 administrado por los ancianos de la Iglesia o por la persona que est\u00e1 presidiendo, y los que est\u00e1n sentados en la Congregaci\u00f3n o los que est\u00e1n participando en el servicio tienen que sujetarse a ese orden establecido para que todo el servicio proceda en una forma coherente. Porque en el \u00e1mbito del Reino de Dios hay orden, hay armon\u00eda, hay coherencia, hay belleza.<\/p>\n<p>A veces esos servicios desordenados, donde no se sabe qui\u00e9n est\u00e1 hablando y qui\u00e9n est\u00e1 presidiendo, porque todo el mundo est\u00e1 hablando y hay un griter\u00eda y un desorden continuo, Pablo dice: eso no es de Dios. Se necesita establecer un orden, se necesitan tener consideraciones evangel\u00edsticas. Hay que pensar en qui\u00e9n est\u00e1 presente, hay que pensar en si la gente se est\u00e1 beneficiando de lo que est\u00e1 sucediendo, hay que darle espacio a la doctrina.<\/p>\n<p>Los Pastores tenemos una carga muy grande cuando estamos dirigiendo un servicio, y es que tenemos que asegurarnos que los prop\u00f3sitos de Dios sean cumplidos y no necesariamente los impulsos emocionales de un hermanito o una hermanita que tiene supuestos dotes de profeta y que quiere hablar en una forma indisciplinada. Los Pastores est\u00e1n designados por Dios para mantener el orden y ese orden tiene que estar establecido, y nadie puede decir: no me puedo controlar, sino que hay que esperar el momento adecuado.<\/p>\n<p>Pablo inclusive dice que, si hay varios profetas que van a profetizar, que sean dos o a lo m\u00e1ximo tres que profeticen y que sea en orden. Si alguien est\u00e1 hablando en lenguas y no hay int\u00e9rprete, entonces en vez de estar hablando todo el mundo y que nadie entienda lo que se dijo si es una lengua angelical, entonces, si no hay interpretaci\u00f3n, que la persona hable en una voz para s\u00ed, en vez de una voz que domine toda la reuni\u00f3n, para que de esa manera haya orden y haya bendici\u00f3n en todo.<\/p>\n<p>Pablo dice que tenemos que tener cuidado con esa gente nueva que no conoce de los misterios del Evangelio, que si entran a la Iglesia y ven ese grupo de cristianos simplemente teniendo all\u00ed una fiesta incoherente, dir\u00edan: bueno esta gente est\u00e1 loca, y entonces esa manifestaci\u00f3n del Esp\u00edritu, en vez de ser de bendici\u00f3n para ellos, de inspiraci\u00f3n para sus vidas, vendr\u00eda a ser entonces una piedra de tropiezo para ellos no continuar en el camino del Evangelio.<\/p>\n<p>Los que somos m\u00e1s maduros en la fe tenemos que sujetarnos y pensar en los que son menos maduros, y tambi\u00e9n pensar en el orden del servicio, y en la edificaci\u00f3n del pueblo de Dios, en vez de simplemente satisfacer nuestros propios impulsos.<\/p>\n<p>Y esto es lo que glorifica a Dios. Ah\u00ed interviene entonces la madurez del creyente, su humildad, su sujeci\u00f3n a las autoridades, su amor por los incr\u00e9dulos, su amor por los que son m\u00e1s d\u00e9biles en la fe. Y cuando hay esas consideraciones, entonces el Esp\u00edritu de Dios se mueve con mucho m\u00e1s poder y m\u00e1s efectividad.<\/p>\n<blockquote><p>Los esp\u00edritus de los profetas est\u00e1n sujetos a los profetas. \u2014 <strong>1 Corintios 14:32<\/strong><\/p><\/blockquote>\n<p>Lo que Pablo nos anima a tener en mente es esta idea de que lo m\u00e1s importante es que haya fruto, haya progreso, haya avance, haya fortalecimiento del Reino de Dios. Los dones en s\u00ed no son un fin en s\u00ed mismos, sino que son simplemente un medio.<\/p>\n<p>Las lenguas son muy importantes y Pablo dice: yo hablo en lenguas m\u00e1s que todos ustedes, pero dice: yo prefiero hablar un poquito solamente en un lenguaje que la gente me entienda, inspirado por el Esp\u00edritu Santo, en este caso profec\u00eda seg\u00fan \u00e9l la llama, que hablar diez mil palabras en una lengua extra\u00f1a que nadie puede entender.<\/p>\n<p>Y al final de su discurso, en el cap\u00edtulo 14, Pablo dice con este pasaje bien conocido: \u00abAs\u00ed que hermanos, procurad profetizar\u00bb es decir: procurad hablar en un lenguaje entendible, en un lenguaje que sea una comunicaci\u00f3n comprensible para los que est\u00e1n oyendo; sea una meditaci\u00f3n movida por el Esp\u00edritu Santo, una exhortaci\u00f3n, una consolaci\u00f3n, una Palabra de \u00e1nimo y de esperanza, \u00abprocuren eso y no impidan el hablar en lenguas\u00bb porque claro, las lenguas son bellas, son importantes, son edificantes pero sobre todo cuando hay interpretaci\u00f3n, y entonces dice las famosas palabras: \u00abPero h\u00e1gase todo decentemente y con orden.\u00bb<\/p>\n<p>Eso no quiere decir que tengamos que estancar el Esp\u00edritu Santo. La Biblia habla de que no menospreciemos las profec\u00edas. Eso no quiere decir tampoco que si, en medio del servicio hay exaltaci\u00f3n, hay gozo, hay danza, hay amenes bien sentidos y aleluya, y gloria a Dios congregacional, y levantarse las manos, y puede haber hasta danza, eso no quiere decir que hay desorden. La efusividad y la pasi\u00f3n, y el entusiasmo no quiere decir desorden necesariamente.<\/p>\n<p>Lo que Pablo quiere decir es que, dentro de ese entusiasmo, dentro de ese dinamismo de un culto pentecostal donde pueden estar pasando muchas cosas bastante din\u00e1micas, tiene que haber un sentido de prop\u00f3sito, tiene que haber una secuencia ordenada, tiene que haber una persona que presida y que gobierne todo dirigido inclusive por el Esp\u00edritu Santo, tiene que haber un final y una meta, y tiene que haber un provecho para la Iglesia cuando los dones se manifiestan. Eso es lo que hace posible una verdadera vida productiva en el Poder del Esp\u00edritu Santo.<\/p>\n<p>Mis amados hermanos, hemos llegado al final de esta larga meditaci\u00f3n. Yo espero que haya sido de bendici\u00f3n para sus vidas, les animo a estudiar estos pasajes, no menosprecien la importancia de estas cosas. Quiz\u00e1s estos temas que hemos tratado no parezcan tan sensacionales o de tanto provecho personal como otros temas que quiz\u00e1s hemos tratado en el pasado, pero yo les aseguro que es doctrina de Dios muy importante para sus vidas y les animo a meditar en estas cosas y a buscar los dones.<\/p>\n<p>Recordemos las palabras del ap\u00f3stol Pablo: \u00abHermanos m\u00edos, no quiero que ignor\u00e9is acerca de los dones espirituales.\u00bb Que el Se\u00f1or les bendiga y continuaremos con otras meditaciones en el futuro, les amo en el Se\u00f1or y es un privilegio para m\u00ed compartir mi vida con ustedes.<\/p>\n<p>Me despido de ustedes, el Pastor Roberto Miranda para Dios Habla Hoy. Muchas bendiciones.<\/p>\n","protected":false},"excerpt":{"rendered":"<p>Terminamos nuestro largo estudio de los dones del Esp\u00edritu Santo con una meditaci\u00f3n final del cap\u00edtulo 14 de Primera de Corintios, donde el ap\u00f3stol Pablo contin\u00faa estableciendo lo que debe ser el orden y la metodolog\u00eda que se emplee para administrar los dones en la vida de la Iglesia. Y vemos a trav\u00e9s de todo &hellip;<\/p>\n","protected":false},"author":1,"featured_media":36997,"comment_status":"open","ping_status":"open","sticky":false,"template":"","format":"standard","meta":{"footnotes":""},"categories":[38],"tags":[],"class_list":["post-36996","post","type-post","status-publish","format-standard","has-post-thumbnail","hentry","category-principal"],"yoast_head":"<!-- This site is optimized with the Yoast SEO Premium plugin v24.2 (Yoast SEO v27.1.1) - https:\/\/yoast.com\/product\/yoast-seo-premium-wordpress\/ -->\n<title>Una Vida Productiva en el Poder del Esp\u00edritu Santo - Tabernaculo Prensa de Dios<\/title>\n<meta name=\"robots\" content=\"index, follow, max-snippet:-1, max-image-preview:large, max-video-preview:-1\" \/>\n<link rel=\"canonical\" href=\"https:\/\/tabernaculoprensadedios.com\/web\/una-vida-productiva-en-el-poder-del-espiritu-santo\/\" class=\"yoast-seo-meta-tag\" \/>\n<meta property=\"og:locale\" content=\"es_ES\" class=\"yoast-seo-meta-tag\" \/>\n<meta property=\"og:type\" content=\"article\" class=\"yoast-seo-meta-tag\" \/>\n<meta property=\"og:title\" content=\"Una Vida Productiva en el Poder del Esp\u00edritu Santo\" class=\"yoast-seo-meta-tag\" \/>\n<meta property=\"og:description\" content=\"Terminamos nuestro largo estudio de los dones del Esp\u00edritu Santo con una meditaci\u00f3n final del cap\u00edtulo 14 de Primera de Corintios, donde el ap\u00f3stol Pablo contin\u00faa estableciendo lo que debe ser el orden y la metodolog\u00eda que se emplee para administrar los dones en la vida de la Iglesia. Y vemos a trav\u00e9s de todo &hellip;\" class=\"yoast-seo-meta-tag\" \/>\n<meta property=\"og:url\" content=\"https:\/\/tabernaculoprensadedios.com\/web\/una-vida-productiva-en-el-poder-del-espiritu-santo\/\" class=\"yoast-seo-meta-tag\" \/>\n<meta property=\"og:site_name\" content=\"Tabernaculo Prensa de Dios\" class=\"yoast-seo-meta-tag\" \/>\n<meta property=\"article:published_time\" content=\"2026-01-30T16:41:10+00:00\" class=\"yoast-seo-meta-tag\" \/>\n<meta property=\"og:image\" content=\"https:\/\/tabernaculoprensadedios.com\/web\/wp-content\/uploads\/2026\/01\/9295186.avif\" class=\"yoast-seo-meta-tag\" \/>\n\t<meta property=\"og:image:width\" content=\"1280\" class=\"yoast-seo-meta-tag\" \/>\n\t<meta property=\"og:image:height\" content=\"720\" class=\"yoast-seo-meta-tag\" \/>\n\t<meta property=\"og:image:type\" content=\"image\/jpeg\" class=\"yoast-seo-meta-tag\" \/>\n<meta name=\"author\" content=\"tabernaculo\" class=\"yoast-seo-meta-tag\" \/>\n<meta name=\"twitter:card\" content=\"summary_large_image\" class=\"yoast-seo-meta-tag\" \/>\n<meta name=\"twitter:creator\" content=\"@PrensadeDios\" class=\"yoast-seo-meta-tag\" \/>\n<meta name=\"twitter:site\" content=\"@PrensadeDios\" class=\"yoast-seo-meta-tag\" \/>\n<meta name=\"twitter:label1\" content=\"Escrito por\" class=\"yoast-seo-meta-tag\" \/>\n\t<meta name=\"twitter:data1\" content=\"tabernaculo\" class=\"yoast-seo-meta-tag\" \/>\n\t<meta name=\"twitter:label2\" content=\"Tiempo de lectura\" class=\"yoast-seo-meta-tag\" \/>\n\t<meta name=\"twitter:data2\" content=\"7 minutos\" class=\"yoast-seo-meta-tag\" \/>\n<script type=\"application\/ld+json\" class=\"yoast-schema-graph\">{\"@context\":\"https:\/\/schema.org\",\"@graph\":[{\"@type\":\"Article\",\"@id\":\"https:\/\/tabernaculoprensadedios.com\/web\/una-vida-productiva-en-el-poder-del-espiritu-santo\/#article\",\"isPartOf\":{\"@id\":\"https:\/\/tabernaculoprensadedios.com\/web\/una-vida-productiva-en-el-poder-del-espiritu-santo\/\"},\"author\":{\"name\":\"tabernaculo\",\"@id\":\"https:\/\/tabernaculoprensadedios.com\/web\/#\/schema\/person\/bc0e069fef56b38e177db6f098ae0b6e\"},\"headline\":\"Una Vida Productiva en el Poder del Esp\u00edritu Santo\",\"datePublished\":\"2026-01-30T16:41:10+00:00\",\"mainEntityOfPage\":{\"@id\":\"https:\/\/tabernaculoprensadedios.com\/web\/una-vida-productiva-en-el-poder-del-espiritu-santo\/\"},\"wordCount\":1512,\"commentCount\":0,\"publisher\":{\"@id\":\"https:\/\/tabernaculoprensadedios.com\/web\/#\/schema\/person\/bc0e069fef56b38e177db6f098ae0b6e\"},\"image\":{\"@id\":\"https:\/\/tabernaculoprensadedios.com\/web\/una-vida-productiva-en-el-poder-del-espiritu-santo\/#primaryimage\"},\"thumbnailUrl\":\"https:\/\/tabernaculoprensadedios.com\/web\/wp-content\/uploads\/2026\/01\/9295186.avif\",\"articleSection\":[\"Principal\"],\"inLanguage\":\"es\",\"potentialAction\":[{\"@type\":\"CommentAction\",\"name\":\"Comment\",\"target\":[\"https:\/\/tabernaculoprensadedios.com\/web\/una-vida-productiva-en-el-poder-del-espiritu-santo\/#respond\"]}]},{\"@type\":\"WebPage\",\"@id\":\"https:\/\/tabernaculoprensadedios.com\/web\/una-vida-productiva-en-el-poder-del-espiritu-santo\/\",\"url\":\"https:\/\/tabernaculoprensadedios.com\/web\/una-vida-productiva-en-el-poder-del-espiritu-santo\/\",\"name\":\"Una Vida Productiva en el Poder del Esp\u00edritu Santo - Tabernaculo Prensa de Dios\",\"isPartOf\":{\"@id\":\"https:\/\/tabernaculoprensadedios.com\/web\/#website\"},\"primaryImageOfPage\":{\"@id\":\"https:\/\/tabernaculoprensadedios.com\/web\/una-vida-productiva-en-el-poder-del-espiritu-santo\/#primaryimage\"},\"image\":{\"@id\":\"https:\/\/tabernaculoprensadedios.com\/web\/una-vida-productiva-en-el-poder-del-espiritu-santo\/#primaryimage\"},\"thumbnailUrl\":\"https:\/\/tabernaculoprensadedios.com\/web\/wp-content\/uploads\/2026\/01\/9295186.avif\",\"datePublished\":\"2026-01-30T16:41:10+00:00\",\"breadcrumb\":{\"@id\":\"https:\/\/tabernaculoprensadedios.com\/web\/una-vida-productiva-en-el-poder-del-espiritu-santo\/#breadcrumb\"},\"inLanguage\":\"es\",\"potentialAction\":[{\"@type\":\"ReadAction\",\"target\":[\"https:\/\/tabernaculoprensadedios.com\/web\/una-vida-productiva-en-el-poder-del-espiritu-santo\/\"]}]},{\"@type\":\"ImageObject\",\"inLanguage\":\"es\",\"@id\":\"https:\/\/tabernaculoprensadedios.com\/web\/una-vida-productiva-en-el-poder-del-espiritu-santo\/#primaryimage\",\"url\":\"https:\/\/tabernaculoprensadedios.com\/web\/wp-content\/uploads\/2026\/01\/9295186.avif\",\"contentUrl\":\"https:\/\/tabernaculoprensadedios.com\/web\/wp-content\/uploads\/2026\/01\/9295186.avif\",\"width\":1280,\"height\":720,\"caption\":\"field, nature, sunlight\"},{\"@type\":\"BreadcrumbList\",\"@id\":\"https:\/\/tabernaculoprensadedios.com\/web\/una-vida-productiva-en-el-poder-del-espiritu-santo\/#breadcrumb\",\"itemListElement\":[{\"@type\":\"ListItem\",\"position\":1,\"name\":\"Portada\",\"item\":\"https:\/\/tabernaculoprensadedios.com\/web\/\"},{\"@type\":\"ListItem\",\"position\":2,\"name\":\"Una Vida Productiva en el Poder del Esp\u00edritu Santo\"}]},{\"@type\":\"WebSite\",\"@id\":\"https:\/\/tabernaculoprensadedios.com\/web\/#website\",\"url\":\"https:\/\/tabernaculoprensadedios.com\/web\/\",\"name\":\"Tabernaculo Prensa de Dios\",\"description\":\"Un medio a la manera de Dios\",\"publisher\":{\"@id\":\"https:\/\/tabernaculoprensadedios.com\/web\/#\/schema\/person\/bc0e069fef56b38e177db6f098ae0b6e\"},\"potentialAction\":[{\"@type\":\"SearchAction\",\"target\":{\"@type\":\"EntryPoint\",\"urlTemplate\":\"https:\/\/tabernaculoprensadedios.com\/web\/?s={search_term_string}\"},\"query-input\":{\"@type\":\"PropertyValueSpecification\",\"valueRequired\":true,\"valueName\":\"search_term_string\"}}],\"inLanguage\":\"es\"},{\"@type\":[\"Person\",\"Organization\"],\"@id\":\"https:\/\/tabernaculoprensadedios.com\/web\/#\/schema\/person\/bc0e069fef56b38e177db6f098ae0b6e\",\"name\":\"tabernaculo\",\"image\":{\"@type\":\"ImageObject\",\"inLanguage\":\"es\",\"@id\":\"https:\/\/tabernaculoprensadedios.com\/web\/#\/schema\/person\/image\/\",\"url\":\"https:\/\/tabernaculoprensadedios.com\/web\/wp-content\/uploads\/2015\/06\/login-logo1.png\",\"contentUrl\":\"https:\/\/tabernaculoprensadedios.com\/web\/wp-content\/uploads\/2015\/06\/login-logo1.png\",\"width\":300,\"height\":118,\"caption\":\"tabernaculo\"},\"logo\":{\"@id\":\"https:\/\/tabernaculoprensadedios.com\/web\/#\/schema\/person\/image\/\"},\"url\":\"https:\/\/tabernaculoprensadedios.com\/web\/author\/tabernaculo\/\"}]}<\/script>\n<!-- \/ Yoast SEO Premium plugin. -->","yoast_head_json":{"title":"Una Vida Productiva en el Poder del Esp\u00edritu Santo - Tabernaculo Prensa de Dios","robots":{"index":"index","follow":"follow","max-snippet":"max-snippet:-1","max-image-preview":"max-image-preview:large","max-video-preview":"max-video-preview:-1"},"canonical":"https:\/\/tabernaculoprensadedios.com\/web\/una-vida-productiva-en-el-poder-del-espiritu-santo\/","og_locale":"es_ES","og_type":"article","og_title":"Una Vida Productiva en el Poder del Esp\u00edritu Santo","og_description":"Terminamos nuestro largo estudio de los dones del Esp\u00edritu Santo con una meditaci\u00f3n final del cap\u00edtulo 14 de Primera de Corintios, donde el ap\u00f3stol Pablo contin\u00faa estableciendo lo que debe ser el orden y la metodolog\u00eda que se emplee para administrar los dones en la vida de la Iglesia. Y vemos a trav\u00e9s de todo &hellip;","og_url":"https:\/\/tabernaculoprensadedios.com\/web\/una-vida-productiva-en-el-poder-del-espiritu-santo\/","og_site_name":"Tabernaculo Prensa de Dios","article_published_time":"2026-01-30T16:41:10+00:00","og_image":[{"width":1280,"height":720,"url":"https:\/\/tabernaculoprensadedios.com\/web\/wp-content\/uploads\/2026\/01\/9295186.avif","type":"image\/jpeg"}],"author":"tabernaculo","twitter_card":"summary_large_image","twitter_creator":"@PrensadeDios","twitter_site":"@PrensadeDios","twitter_misc":{"Escrito por":"tabernaculo","Tiempo de lectura":"7 minutos"},"schema":{"@context":"https:\/\/schema.org","@graph":[{"@type":"Article","@id":"https:\/\/tabernaculoprensadedios.com\/web\/una-vida-productiva-en-el-poder-del-espiritu-santo\/#article","isPartOf":{"@id":"https:\/\/tabernaculoprensadedios.com\/web\/una-vida-productiva-en-el-poder-del-espiritu-santo\/"},"author":{"name":"tabernaculo","@id":"https:\/\/tabernaculoprensadedios.com\/web\/#\/schema\/person\/bc0e069fef56b38e177db6f098ae0b6e"},"headline":"Una Vida Productiva en el Poder del Esp\u00edritu Santo","datePublished":"2026-01-30T16:41:10+00:00","mainEntityOfPage":{"@id":"https:\/\/tabernaculoprensadedios.com\/web\/una-vida-productiva-en-el-poder-del-espiritu-santo\/"},"wordCount":1512,"commentCount":0,"publisher":{"@id":"https:\/\/tabernaculoprensadedios.com\/web\/#\/schema\/person\/bc0e069fef56b38e177db6f098ae0b6e"},"image":{"@id":"https:\/\/tabernaculoprensadedios.com\/web\/una-vida-productiva-en-el-poder-del-espiritu-santo\/#primaryimage"},"thumbnailUrl":"https:\/\/tabernaculoprensadedios.com\/web\/wp-content\/uploads\/2026\/01\/9295186.avif","articleSection":["Principal"],"inLanguage":"es","potentialAction":[{"@type":"CommentAction","name":"Comment","target":["https:\/\/tabernaculoprensadedios.com\/web\/una-vida-productiva-en-el-poder-del-espiritu-santo\/#respond"]}]},{"@type":"WebPage","@id":"https:\/\/tabernaculoprensadedios.com\/web\/una-vida-productiva-en-el-poder-del-espiritu-santo\/","url":"https:\/\/tabernaculoprensadedios.com\/web\/una-vida-productiva-en-el-poder-del-espiritu-santo\/","name":"Una Vida Productiva en el Poder del Esp\u00edritu Santo - Tabernaculo Prensa de Dios","isPartOf":{"@id":"https:\/\/tabernaculoprensadedios.com\/web\/#website"},"primaryImageOfPage":{"@id":"https:\/\/tabernaculoprensadedios.com\/web\/una-vida-productiva-en-el-poder-del-espiritu-santo\/#primaryimage"},"image":{"@id":"https:\/\/tabernaculoprensadedios.com\/web\/una-vida-productiva-en-el-poder-del-espiritu-santo\/#primaryimage"},"thumbnailUrl":"https:\/\/tabernaculoprensadedios.com\/web\/wp-content\/uploads\/2026\/01\/9295186.avif","datePublished":"2026-01-30T16:41:10+00:00","breadcrumb":{"@id":"https:\/\/tabernaculoprensadedios.com\/web\/una-vida-productiva-en-el-poder-del-espiritu-santo\/#breadcrumb"},"inLanguage":"es","potentialAction":[{"@type":"ReadAction","target":["https:\/\/tabernaculoprensadedios.com\/web\/una-vida-productiva-en-el-poder-del-espiritu-santo\/"]}]},{"@type":"ImageObject","inLanguage":"es","@id":"https:\/\/tabernaculoprensadedios.com\/web\/una-vida-productiva-en-el-poder-del-espiritu-santo\/#primaryimage","url":"https:\/\/tabernaculoprensadedios.com\/web\/wp-content\/uploads\/2026\/01\/9295186.avif","contentUrl":"https:\/\/tabernaculoprensadedios.com\/web\/wp-content\/uploads\/2026\/01\/9295186.avif","width":1280,"height":720,"caption":"field, nature, sunlight"},{"@type":"BreadcrumbList","@id":"https:\/\/tabernaculoprensadedios.com\/web\/una-vida-productiva-en-el-poder-del-espiritu-santo\/#breadcrumb","itemListElement":[{"@type":"ListItem","position":1,"name":"Portada","item":"https:\/\/tabernaculoprensadedios.com\/web\/"},{"@type":"ListItem","position":2,"name":"Una Vida Productiva en el Poder del Esp\u00edritu Santo"}]},{"@type":"WebSite","@id":"https:\/\/tabernaculoprensadedios.com\/web\/#website","url":"https:\/\/tabernaculoprensadedios.com\/web\/","name":"Tabernaculo Prensa de Dios","description":"Un medio a la manera de Dios","publisher":{"@id":"https:\/\/tabernaculoprensadedios.com\/web\/#\/schema\/person\/bc0e069fef56b38e177db6f098ae0b6e"},"potentialAction":[{"@type":"SearchAction","target":{"@type":"EntryPoint","urlTemplate":"https:\/\/tabernaculoprensadedios.com\/web\/?s={search_term_string}"},"query-input":{"@type":"PropertyValueSpecification","valueRequired":true,"valueName":"search_term_string"}}],"inLanguage":"es"},{"@type":["Person","Organization"],"@id":"https:\/\/tabernaculoprensadedios.com\/web\/#\/schema\/person\/bc0e069fef56b38e177db6f098ae0b6e","name":"tabernaculo","image":{"@type":"ImageObject","inLanguage":"es","@id":"https:\/\/tabernaculoprensadedios.com\/web\/#\/schema\/person\/image\/","url":"https:\/\/tabernaculoprensadedios.com\/web\/wp-content\/uploads\/2015\/06\/login-logo1.png","contentUrl":"https:\/\/tabernaculoprensadedios.com\/web\/wp-content\/uploads\/2015\/06\/login-logo1.png","width":300,"height":118,"caption":"tabernaculo"},"logo":{"@id":"https:\/\/tabernaculoprensadedios.com\/web\/#\/schema\/person\/image\/"},"url":"https:\/\/tabernaculoprensadedios.com\/web\/author\/tabernaculo\/"}]}},"_links":{"self":[{"href":"https:\/\/tabernaculoprensadedios.com\/web\/wp-json\/wp\/v2\/posts\/36996","targetHints":{"allow":["GET"]}}],"collection":[{"href":"https:\/\/tabernaculoprensadedios.com\/web\/wp-json\/wp\/v2\/posts"}],"about":[{"href":"https:\/\/tabernaculoprensadedios.com\/web\/wp-json\/wp\/v2\/types\/post"}],"author":[{"embeddable":true,"href":"https:\/\/tabernaculoprensadedios.com\/web\/wp-json\/wp\/v2\/users\/1"}],"replies":[{"embeddable":true,"href":"https:\/\/tabernaculoprensadedios.com\/web\/wp-json\/wp\/v2\/comments?post=36996"}],"version-history":[{"count":1,"href":"https:\/\/tabernaculoprensadedios.com\/web\/wp-json\/wp\/v2\/posts\/36996\/revisions"}],"predecessor-version":[{"id":36998,"href":"https:\/\/tabernaculoprensadedios.com\/web\/wp-json\/wp\/v2\/posts\/36996\/revisions\/36998"}],"wp:featuredmedia":[{"embeddable":true,"href":"https:\/\/tabernaculoprensadedios.com\/web\/wp-json\/wp\/v2\/media\/36997"}],"wp:attachment":[{"href":"https:\/\/tabernaculoprensadedios.com\/web\/wp-json\/wp\/v2\/media?parent=36996"}],"wp:term":[{"taxonomy":"category","embeddable":true,"href":"https:\/\/tabernaculoprensadedios.com\/web\/wp-json\/wp\/v2\/categories?post=36996"},{"taxonomy":"post_tag","embeddable":true,"href":"https:\/\/tabernaculoprensadedios.com\/web\/wp-json\/wp\/v2\/tags?post=36996"}],"curies":[{"name":"wp","href":"https:\/\/api.w.org\/{rel}","templated":true}]}}