{"id":36989,"date":"2026-01-29T02:46:12","date_gmt":"2026-01-29T02:46:12","guid":{"rendered":"https:\/\/tabernaculoprensadedios.com\/web\/?p=36989"},"modified":"2026-01-29T02:46:12","modified_gmt":"2026-01-29T02:46:12","slug":"ramon-santiago-destaca-trabajo-colectivo-tras-coronacion-del-escogido","status":"publish","type":"post","link":"https:\/\/tabernaculoprensadedios.com\/web\/ramon-santiago-destaca-trabajo-colectivo-tras-coronacion-del-escogido\/","title":{"rendered":"Ram\u00f3n Santiago destaca trabajo colectivo tras coronaci\u00f3n del Escogido"},"content":{"rendered":"<p>Ram\u00f3n Santiago, dirigente de los Leones del Escogido, resalt\u00f3 el esfuerzo colectivo de toda la organizaci\u00f3n luego de conquistar el campeonato nacional, el n\u00famero 18 en la historia del conjunto rojo, durante una entrevista en la transmisi\u00f3n oficial del equipo.<\/p>\n<p>Santiago agradeci\u00f3 el respaldo recibido a lo largo de la temporada y se\u00f1al\u00f3 que el \u00e9xito fue producto del trabajo en conjunto. Reconoci\u00f3 el apoyo de la directiva encabezada por Carlos Pe\u00f1a y Jos\u00e9 Miguel Bonetti, as\u00ed como la oportunidad brindada por Alex Cintr\u00f3n para asumir la direcci\u00f3n del club.<\/p>\n<p>El dirigente campe\u00f3n tambi\u00e9n valor\u00f3 el trabajo del cuerpo t\u00e9cnico, al que calific\u00f3 como fundamental para alcanzar el t\u00edtulo. Mencion\u00f3 a coaches como Ronnie Paulino, Chuy, Abreu, Mej\u00eda y Ren\u00e9, y extendi\u00f3 su gratitud a todo el staff por el compromiso y la entrega durante la campa\u00f1a.<\/p>\n<p>Durante la conversaci\u00f3n, Santiago fue informado de que igual\u00f3 la marca hist\u00f3rica de 16 victorias para un dirigente del Escogido, establecida por Ken Orfelk, y que adem\u00e1s implant\u00f3 un r\u00e9cord entre dirigentes dominicanos al sumar m\u00e1s triunfos incluyendo la postemporada.<\/p>\n<p>Al reaccionar a la informaci\u00f3n, Santiago atribuy\u00f3 el logro a la fe y al trabajo colectivo. Indic\u00f3 que desconoc\u00eda la marca, pero expres\u00f3 satisfacci\u00f3n por el reconocimiento y agradeci\u00f3 de manera especial el respaldo constante de la fanaticada roja.<\/p>\n<p>Sobre el desempe\u00f1o de los jugadores, el dirigente no escatim\u00f3 elogios y calific\u00f3 la entrega del equipo como \u201cexcepcional\u201d. Se\u00f1al\u00f3 que los peloteros se presentaron a competir con intensidad cada d\u00eda y que fueron los principales responsables del campeonato obtenido.<\/p>\n<p>Santiago asegur\u00f3 que el plantel merec\u00eda el t\u00edtulo por la forma en que enfrent\u00f3 cada reto de la temporada, destacando la disciplina y el compromiso mostrados tanto en la serie regular como en la postemporada.<\/p>\n<p>Finalmente, el dirigente campe\u00f3n agradeci\u00f3 el trato recibido por la prensa y el apoyo permanente de los aficionados, antes de unirse a la celebraci\u00f3n oficial por la entrega de la copa a los ahora 18 veces campeones nacionales, los Leones del Escogido.<\/p>\n","protected":false},"excerpt":{"rendered":"<p>Ram\u00f3n Santiago, dirigente de los Leones del Escogido, resalt\u00f3 el esfuerzo colectivo de toda la organizaci\u00f3n luego de conquistar el campeonato nacional, el n\u00famero 18 en la historia del conjunto rojo, durante una entrevista en la transmisi\u00f3n oficial del equipo. Santiago agradeci\u00f3 el respaldo recibido a lo largo de la temporada y se\u00f1al\u00f3 que el &hellip;<\/p>\n","protected":false},"author":1,"featured_media":36990,"comment_status":"open","ping_status":"open","sticky":false,"template":"","format":"standard","meta":{"footnotes":""},"categories":[20],"tags":[],"class_list":["post-36989","post","type-post","status-publish","format-standard","has-post-thumbnail","hentry","category-deporte"],"yoast_head":"<!-- This site is optimized with the Yoast SEO Premium plugin v24.2 (Yoast SEO v27.1.1) - https:\/\/yoast.com\/product\/yoast-seo-premium-wordpress\/ -->\n<title>Ram\u00f3n Santiago destaca trabajo colectivo tras coronaci\u00f3n del Escogido - Tabernaculo Prensa de Dios<\/title>\n<meta name=\"robots\" content=\"index, follow, max-snippet:-1, max-image-preview:large, max-video-preview:-1\" \/>\n<link rel=\"canonical\" href=\"https:\/\/tabernaculoprensadedios.com\/web\/ramon-santiago-destaca-trabajo-colectivo-tras-coronacion-del-escogido\/\" class=\"yoast-seo-meta-tag\" \/>\n<meta property=\"og:locale\" content=\"es_ES\" class=\"yoast-seo-meta-tag\" \/>\n<meta property=\"og:type\" content=\"article\" class=\"yoast-seo-meta-tag\" \/>\n<meta property=\"og:title\" content=\"Ram\u00f3n Santiago destaca trabajo colectivo tras coronaci\u00f3n del Escogido\" class=\"yoast-seo-meta-tag\" \/>\n<meta property=\"og:description\" content=\"Ram\u00f3n Santiago, dirigente de los Leones del Escogido, resalt\u00f3 el esfuerzo colectivo de toda la organizaci\u00f3n luego de conquistar el campeonato nacional, el n\u00famero 18 en la historia del conjunto rojo, durante una entrevista en la transmisi\u00f3n oficial del equipo. Santiago agradeci\u00f3 el respaldo recibido a lo largo de la temporada y se\u00f1al\u00f3 que el &hellip;\" class=\"yoast-seo-meta-tag\" \/>\n<meta property=\"og:url\" content=\"https:\/\/tabernaculoprensadedios.com\/web\/ramon-santiago-destaca-trabajo-colectivo-tras-coronacion-del-escogido\/\" class=\"yoast-seo-meta-tag\" \/>\n<meta property=\"og:site_name\" content=\"Tabernaculo Prensa de Dios\" class=\"yoast-seo-meta-tag\" \/>\n<meta property=\"article:published_time\" content=\"2026-01-29T02:46:12+00:00\" class=\"yoast-seo-meta-tag\" \/>\n<meta property=\"og:image\" content=\"https:\/\/tabernaculoprensadedios.com\/web\/wp-content\/uploads\/2026\/01\/Ramon-Leones-728x410-1.avif\" class=\"yoast-seo-meta-tag\" \/>\n\t<meta property=\"og:image:width\" content=\"728\" class=\"yoast-seo-meta-tag\" \/>\n\t<meta property=\"og:image:height\" content=\"410\" class=\"yoast-seo-meta-tag\" \/>\n\t<meta property=\"og:image:type\" content=\"image\/webp\" class=\"yoast-seo-meta-tag\" \/>\n<meta name=\"author\" content=\"tabernaculo\" class=\"yoast-seo-meta-tag\" \/>\n<meta name=\"twitter:card\" content=\"summary_large_image\" class=\"yoast-seo-meta-tag\" \/>\n<meta name=\"twitter:creator\" content=\"@PrensadeDios\" class=\"yoast-seo-meta-tag\" \/>\n<meta name=\"twitter:site\" content=\"@PrensadeDios\" class=\"yoast-seo-meta-tag\" \/>\n<meta name=\"twitter:label1\" content=\"Escrito por\" class=\"yoast-seo-meta-tag\" \/>\n\t<meta name=\"twitter:data1\" content=\"tabernaculo\" class=\"yoast-seo-meta-tag\" \/>\n\t<meta name=\"twitter:label2\" content=\"Tiempo de lectura\" class=\"yoast-seo-meta-tag\" \/>\n\t<meta name=\"twitter:data2\" content=\"2 minutos\" class=\"yoast-seo-meta-tag\" \/>\n<script type=\"application\/ld+json\" class=\"yoast-schema-graph\">{\"@context\":\"https:\/\/schema.org\",\"@graph\":[{\"@type\":\"Article\",\"@id\":\"https:\/\/tabernaculoprensadedios.com\/web\/ramon-santiago-destaca-trabajo-colectivo-tras-coronacion-del-escogido\/#article\",\"isPartOf\":{\"@id\":\"https:\/\/tabernaculoprensadedios.com\/web\/ramon-santiago-destaca-trabajo-colectivo-tras-coronacion-del-escogido\/\"},\"author\":{\"name\":\"tabernaculo\",\"@id\":\"https:\/\/tabernaculoprensadedios.com\/web\/#\/schema\/person\/bc0e069fef56b38e177db6f098ae0b6e\"},\"headline\":\"Ram\u00f3n Santiago destaca trabajo colectivo tras coronaci\u00f3n del Escogido\",\"datePublished\":\"2026-01-29T02:46:12+00:00\",\"mainEntityOfPage\":{\"@id\":\"https:\/\/tabernaculoprensadedios.com\/web\/ramon-santiago-destaca-trabajo-colectivo-tras-coronacion-del-escogido\/\"},\"wordCount\":370,\"commentCount\":0,\"publisher\":{\"@id\":\"https:\/\/tabernaculoprensadedios.com\/web\/#\/schema\/person\/bc0e069fef56b38e177db6f098ae0b6e\"},\"image\":{\"@id\":\"https:\/\/tabernaculoprensadedios.com\/web\/ramon-santiago-destaca-trabajo-colectivo-tras-coronacion-del-escogido\/#primaryimage\"},\"thumbnailUrl\":\"https:\/\/tabernaculoprensadedios.com\/web\/wp-content\/uploads\/2026\/01\/Ramon-Leones-728x410-1.avif\",\"articleSection\":[\"Deporte\"],\"inLanguage\":\"es\",\"potentialAction\":[{\"@type\":\"CommentAction\",\"name\":\"Comment\",\"target\":[\"https:\/\/tabernaculoprensadedios.com\/web\/ramon-santiago-destaca-trabajo-colectivo-tras-coronacion-del-escogido\/#respond\"]}]},{\"@type\":\"WebPage\",\"@id\":\"https:\/\/tabernaculoprensadedios.com\/web\/ramon-santiago-destaca-trabajo-colectivo-tras-coronacion-del-escogido\/\",\"url\":\"https:\/\/tabernaculoprensadedios.com\/web\/ramon-santiago-destaca-trabajo-colectivo-tras-coronacion-del-escogido\/\",\"name\":\"Ram\u00f3n Santiago destaca trabajo colectivo tras coronaci\u00f3n del Escogido - Tabernaculo Prensa de Dios\",\"isPartOf\":{\"@id\":\"https:\/\/tabernaculoprensadedios.com\/web\/#website\"},\"primaryImageOfPage\":{\"@id\":\"https:\/\/tabernaculoprensadedios.com\/web\/ramon-santiago-destaca-trabajo-colectivo-tras-coronacion-del-escogido\/#primaryimage\"},\"image\":{\"@id\":\"https:\/\/tabernaculoprensadedios.com\/web\/ramon-santiago-destaca-trabajo-colectivo-tras-coronacion-del-escogido\/#primaryimage\"},\"thumbnailUrl\":\"https:\/\/tabernaculoprensadedios.com\/web\/wp-content\/uploads\/2026\/01\/Ramon-Leones-728x410-1.avif\",\"datePublished\":\"2026-01-29T02:46:12+00:00\",\"breadcrumb\":{\"@id\":\"https:\/\/tabernaculoprensadedios.com\/web\/ramon-santiago-destaca-trabajo-colectivo-tras-coronacion-del-escogido\/#breadcrumb\"},\"inLanguage\":\"es\",\"potentialAction\":[{\"@type\":\"ReadAction\",\"target\":[\"https:\/\/tabernaculoprensadedios.com\/web\/ramon-santiago-destaca-trabajo-colectivo-tras-coronacion-del-escogido\/\"]}]},{\"@type\":\"ImageObject\",\"inLanguage\":\"es\",\"@id\":\"https:\/\/tabernaculoprensadedios.com\/web\/ramon-santiago-destaca-trabajo-colectivo-tras-coronacion-del-escogido\/#primaryimage\",\"url\":\"https:\/\/tabernaculoprensadedios.com\/web\/wp-content\/uploads\/2026\/01\/Ramon-Leones-728x410-1.avif\",\"contentUrl\":\"https:\/\/tabernaculoprensadedios.com\/web\/wp-content\/uploads\/2026\/01\/Ramon-Leones-728x410-1.avif\",\"width\":728,\"height\":410},{\"@type\":\"BreadcrumbList\",\"@id\":\"https:\/\/tabernaculoprensadedios.com\/web\/ramon-santiago-destaca-trabajo-colectivo-tras-coronacion-del-escogido\/#breadcrumb\",\"itemListElement\":[{\"@type\":\"ListItem\",\"position\":1,\"name\":\"Portada\",\"item\":\"https:\/\/tabernaculoprensadedios.com\/web\/\"},{\"@type\":\"ListItem\",\"position\":2,\"name\":\"Ram\u00f3n Santiago destaca trabajo colectivo tras coronaci\u00f3n del Escogido\"}]},{\"@type\":\"WebSite\",\"@id\":\"https:\/\/tabernaculoprensadedios.com\/web\/#website\",\"url\":\"https:\/\/tabernaculoprensadedios.com\/web\/\",\"name\":\"Tabernaculo Prensa de Dios\",\"description\":\"Un medio a la manera de Dios\",\"publisher\":{\"@id\":\"https:\/\/tabernaculoprensadedios.com\/web\/#\/schema\/person\/bc0e069fef56b38e177db6f098ae0b6e\"},\"potentialAction\":[{\"@type\":\"SearchAction\",\"target\":{\"@type\":\"EntryPoint\",\"urlTemplate\":\"https:\/\/tabernaculoprensadedios.com\/web\/?s={search_term_string}\"},\"query-input\":{\"@type\":\"PropertyValueSpecification\",\"valueRequired\":true,\"valueName\":\"search_term_string\"}}],\"inLanguage\":\"es\"},{\"@type\":[\"Person\",\"Organization\"],\"@id\":\"https:\/\/tabernaculoprensadedios.com\/web\/#\/schema\/person\/bc0e069fef56b38e177db6f098ae0b6e\",\"name\":\"tabernaculo\",\"image\":{\"@type\":\"ImageObject\",\"inLanguage\":\"es\",\"@id\":\"https:\/\/tabernaculoprensadedios.com\/web\/#\/schema\/person\/image\/\",\"url\":\"https:\/\/tabernaculoprensadedios.com\/web\/wp-content\/uploads\/2015\/06\/login-logo1.png\",\"contentUrl\":\"https:\/\/tabernaculoprensadedios.com\/web\/wp-content\/uploads\/2015\/06\/login-logo1.png\",\"width\":300,\"height\":118,\"caption\":\"tabernaculo\"},\"logo\":{\"@id\":\"https:\/\/tabernaculoprensadedios.com\/web\/#\/schema\/person\/image\/\"},\"url\":\"https:\/\/tabernaculoprensadedios.com\/web\/author\/tabernaculo\/\"}]}<\/script>\n<!-- \/ Yoast SEO Premium plugin. -->","yoast_head_json":{"title":"Ram\u00f3n Santiago destaca trabajo colectivo tras coronaci\u00f3n del Escogido - Tabernaculo Prensa de Dios","robots":{"index":"index","follow":"follow","max-snippet":"max-snippet:-1","max-image-preview":"max-image-preview:large","max-video-preview":"max-video-preview:-1"},"canonical":"https:\/\/tabernaculoprensadedios.com\/web\/ramon-santiago-destaca-trabajo-colectivo-tras-coronacion-del-escogido\/","og_locale":"es_ES","og_type":"article","og_title":"Ram\u00f3n Santiago destaca trabajo colectivo tras coronaci\u00f3n del Escogido","og_description":"Ram\u00f3n Santiago, dirigente de los Leones del Escogido, resalt\u00f3 el esfuerzo colectivo de toda la organizaci\u00f3n luego de conquistar el campeonato nacional, el n\u00famero 18 en la historia del conjunto rojo, durante una entrevista en la transmisi\u00f3n oficial del equipo. Santiago agradeci\u00f3 el respaldo recibido a lo largo de la temporada y se\u00f1al\u00f3 que el &hellip;","og_url":"https:\/\/tabernaculoprensadedios.com\/web\/ramon-santiago-destaca-trabajo-colectivo-tras-coronacion-del-escogido\/","og_site_name":"Tabernaculo Prensa de Dios","article_published_time":"2026-01-29T02:46:12+00:00","og_image":[{"width":728,"height":410,"url":"https:\/\/tabernaculoprensadedios.com\/web\/wp-content\/uploads\/2026\/01\/Ramon-Leones-728x410-1.avif","type":"image\/webp"}],"author":"tabernaculo","twitter_card":"summary_large_image","twitter_creator":"@PrensadeDios","twitter_site":"@PrensadeDios","twitter_misc":{"Escrito por":"tabernaculo","Tiempo de lectura":"2 minutos"},"schema":{"@context":"https:\/\/schema.org","@graph":[{"@type":"Article","@id":"https:\/\/tabernaculoprensadedios.com\/web\/ramon-santiago-destaca-trabajo-colectivo-tras-coronacion-del-escogido\/#article","isPartOf":{"@id":"https:\/\/tabernaculoprensadedios.com\/web\/ramon-santiago-destaca-trabajo-colectivo-tras-coronacion-del-escogido\/"},"author":{"name":"tabernaculo","@id":"https:\/\/tabernaculoprensadedios.com\/web\/#\/schema\/person\/bc0e069fef56b38e177db6f098ae0b6e"},"headline":"Ram\u00f3n Santiago destaca trabajo colectivo tras coronaci\u00f3n del Escogido","datePublished":"2026-01-29T02:46:12+00:00","mainEntityOfPage":{"@id":"https:\/\/tabernaculoprensadedios.com\/web\/ramon-santiago-destaca-trabajo-colectivo-tras-coronacion-del-escogido\/"},"wordCount":370,"commentCount":0,"publisher":{"@id":"https:\/\/tabernaculoprensadedios.com\/web\/#\/schema\/person\/bc0e069fef56b38e177db6f098ae0b6e"},"image":{"@id":"https:\/\/tabernaculoprensadedios.com\/web\/ramon-santiago-destaca-trabajo-colectivo-tras-coronacion-del-escogido\/#primaryimage"},"thumbnailUrl":"https:\/\/tabernaculoprensadedios.com\/web\/wp-content\/uploads\/2026\/01\/Ramon-Leones-728x410-1.avif","articleSection":["Deporte"],"inLanguage":"es","potentialAction":[{"@type":"CommentAction","name":"Comment","target":["https:\/\/tabernaculoprensadedios.com\/web\/ramon-santiago-destaca-trabajo-colectivo-tras-coronacion-del-escogido\/#respond"]}]},{"@type":"WebPage","@id":"https:\/\/tabernaculoprensadedios.com\/web\/ramon-santiago-destaca-trabajo-colectivo-tras-coronacion-del-escogido\/","url":"https:\/\/tabernaculoprensadedios.com\/web\/ramon-santiago-destaca-trabajo-colectivo-tras-coronacion-del-escogido\/","name":"Ram\u00f3n Santiago destaca trabajo colectivo tras coronaci\u00f3n del Escogido - Tabernaculo Prensa de Dios","isPartOf":{"@id":"https:\/\/tabernaculoprensadedios.com\/web\/#website"},"primaryImageOfPage":{"@id":"https:\/\/tabernaculoprensadedios.com\/web\/ramon-santiago-destaca-trabajo-colectivo-tras-coronacion-del-escogido\/#primaryimage"},"image":{"@id":"https:\/\/tabernaculoprensadedios.com\/web\/ramon-santiago-destaca-trabajo-colectivo-tras-coronacion-del-escogido\/#primaryimage"},"thumbnailUrl":"https:\/\/tabernaculoprensadedios.com\/web\/wp-content\/uploads\/2026\/01\/Ramon-Leones-728x410-1.avif","datePublished":"2026-01-29T02:46:12+00:00","breadcrumb":{"@id":"https:\/\/tabernaculoprensadedios.com\/web\/ramon-santiago-destaca-trabajo-colectivo-tras-coronacion-del-escogido\/#breadcrumb"},"inLanguage":"es","potentialAction":[{"@type":"ReadAction","target":["https:\/\/tabernaculoprensadedios.com\/web\/ramon-santiago-destaca-trabajo-colectivo-tras-coronacion-del-escogido\/"]}]},{"@type":"ImageObject","inLanguage":"es","@id":"https:\/\/tabernaculoprensadedios.com\/web\/ramon-santiago-destaca-trabajo-colectivo-tras-coronacion-del-escogido\/#primaryimage","url":"https:\/\/tabernaculoprensadedios.com\/web\/wp-content\/uploads\/2026\/01\/Ramon-Leones-728x410-1.avif","contentUrl":"https:\/\/tabernaculoprensadedios.com\/web\/wp-content\/uploads\/2026\/01\/Ramon-Leones-728x410-1.avif","width":728,"height":410},{"@type":"BreadcrumbList","@id":"https:\/\/tabernaculoprensadedios.com\/web\/ramon-santiago-destaca-trabajo-colectivo-tras-coronacion-del-escogido\/#breadcrumb","itemListElement":[{"@type":"ListItem","position":1,"name":"Portada","item":"https:\/\/tabernaculoprensadedios.com\/web\/"},{"@type":"ListItem","position":2,"name":"Ram\u00f3n Santiago destaca trabajo colectivo tras coronaci\u00f3n del Escogido"}]},{"@type":"WebSite","@id":"https:\/\/tabernaculoprensadedios.com\/web\/#website","url":"https:\/\/tabernaculoprensadedios.com\/web\/","name":"Tabernaculo Prensa de Dios","description":"Un medio a la manera de Dios","publisher":{"@id":"https:\/\/tabernaculoprensadedios.com\/web\/#\/schema\/person\/bc0e069fef56b38e177db6f098ae0b6e"},"potentialAction":[{"@type":"SearchAction","target":{"@type":"EntryPoint","urlTemplate":"https:\/\/tabernaculoprensadedios.com\/web\/?s={search_term_string}"},"query-input":{"@type":"PropertyValueSpecification","valueRequired":true,"valueName":"search_term_string"}}],"inLanguage":"es"},{"@type":["Person","Organization"],"@id":"https:\/\/tabernaculoprensadedios.com\/web\/#\/schema\/person\/bc0e069fef56b38e177db6f098ae0b6e","name":"tabernaculo","image":{"@type":"ImageObject","inLanguage":"es","@id":"https:\/\/tabernaculoprensadedios.com\/web\/#\/schema\/person\/image\/","url":"https:\/\/tabernaculoprensadedios.com\/web\/wp-content\/uploads\/2015\/06\/login-logo1.png","contentUrl":"https:\/\/tabernaculoprensadedios.com\/web\/wp-content\/uploads\/2015\/06\/login-logo1.png","width":300,"height":118,"caption":"tabernaculo"},"logo":{"@id":"https:\/\/tabernaculoprensadedios.com\/web\/#\/schema\/person\/image\/"},"url":"https:\/\/tabernaculoprensadedios.com\/web\/author\/tabernaculo\/"}]}},"_links":{"self":[{"href":"https:\/\/tabernaculoprensadedios.com\/web\/wp-json\/wp\/v2\/posts\/36989","targetHints":{"allow":["GET"]}}],"collection":[{"href":"https:\/\/tabernaculoprensadedios.com\/web\/wp-json\/wp\/v2\/posts"}],"about":[{"href":"https:\/\/tabernaculoprensadedios.com\/web\/wp-json\/wp\/v2\/types\/post"}],"author":[{"embeddable":true,"href":"https:\/\/tabernaculoprensadedios.com\/web\/wp-json\/wp\/v2\/users\/1"}],"replies":[{"embeddable":true,"href":"https:\/\/tabernaculoprensadedios.com\/web\/wp-json\/wp\/v2\/comments?post=36989"}],"version-history":[{"count":1,"href":"https:\/\/tabernaculoprensadedios.com\/web\/wp-json\/wp\/v2\/posts\/36989\/revisions"}],"predecessor-version":[{"id":36991,"href":"https:\/\/tabernaculoprensadedios.com\/web\/wp-json\/wp\/v2\/posts\/36989\/revisions\/36991"}],"wp:featuredmedia":[{"embeddable":true,"href":"https:\/\/tabernaculoprensadedios.com\/web\/wp-json\/wp\/v2\/media\/36990"}],"wp:attachment":[{"href":"https:\/\/tabernaculoprensadedios.com\/web\/wp-json\/wp\/v2\/media?parent=36989"}],"wp:term":[{"taxonomy":"category","embeddable":true,"href":"https:\/\/tabernaculoprensadedios.com\/web\/wp-json\/wp\/v2\/categories?post=36989"},{"taxonomy":"post_tag","embeddable":true,"href":"https:\/\/tabernaculoprensadedios.com\/web\/wp-json\/wp\/v2\/tags?post=36989"}],"curies":[{"name":"wp","href":"https:\/\/api.w.org\/{rel}","templated":true}]}}