{"id":36987,"date":"2026-01-29T02:43:29","date_gmt":"2026-01-29T02:43:29","guid":{"rendered":"https:\/\/tabernaculoprensadedios.com\/web\/?p=36987"},"modified":"2026-01-29T02:43:29","modified_gmt":"2026-01-29T02:43:29","slug":"vuelvanse-a-mi-y-yo-me-volvere-a-vosotros","status":"publish","type":"post","link":"https:\/\/tabernaculoprensadedios.com\/web\/vuelvanse-a-mi-y-yo-me-volvere-a-vosotros\/","title":{"rendered":"Vu\u00e9lvanse a M\u00ed y Yo Me Volver\u00e9 a Vosotros"},"content":{"rendered":"<p>Dios nos dice con voz firme y llena de misericordia:\u00a0<strong>\u201cVu\u00e9lvanse a M\u00ed, y Yo me volver\u00e9 a vosotros\u201d<\/strong>. No es solo una invitaci\u00f3n, es un llamado urgente del cielo. Es tiempo de\u00a0<strong>detenernos<\/strong>, de examinar nuestros caminos y\u00a0<strong>volvernos a Dios con un coraz\u00f3n sincero<\/strong>.<\/p>\n<p>Hoy el Esp\u00edritu nos confronta con amor: necesitamos\u00a0<strong>arrepentirnos<\/strong>, apartarnos de nuestros malos caminos y\u00a0<strong>humillarnos delante del Se\u00f1or<\/strong>. No con palabras vac\u00edas, sino con un coraz\u00f3n quebrantado y dispuesto a ser transformado.<\/p>\n<p>Es momento de\u00a0<strong>levantarnos desde lo m\u00e1s profundo del alma<\/strong>\u00a0y clamar al Padre con un grito que nace del esp\u00edritu:<br \/>\n<em>\u201cSe\u00f1or, dame un coraz\u00f3n nuevo. Quita el coraz\u00f3n endurecido y renueva mi interior.\u201d<\/em><\/p>\n<p>Si hay una alabanza que expresa ese clamor,\u00a0<strong>c\u00e1ntala una y otra vez<\/strong>, hasta que el Esp\u00edritu Santo de Dios descienda sobre ti, te envuelva y sientas c\u00f3mo\u00a0<strong>tu coraz\u00f3n es tocado, limpiado y transformado por Su presencia<\/strong>. All\u00ed, en ese lugar de rendici\u00f3n, ocurre el verdadero cambio.<\/p>\n<p>Hoy es el d\u00eda de volver al Se\u00f1or. Hoy es el tiempo de responder a Su llamado.<br \/>\n<strong>Aleluya.<\/strong><\/p>\n<p><em>\u201cDesde los d\u00edas de vuestros padres os hab\u00e9is apartado de Mis leyes y no las guard\u00e1is. Volveros a M\u00ed, y Yo me volver\u00e9 a vosotros, ha dicho Jehov\u00e1 de los ej\u00e9rcitos.\u201d<\/em>\u00a0\u00a0<strong>Malaqu\u00edas 3:7<\/strong><\/p>\n\n\t\t<div class=\"clearfix\"><\/div>\n\t\t<div class=\"about-author about-author-box container-wrapper\">\n\t\t\t<div class=\"author-avatar\">\n\t\t\t\t<img loading=\"lazy\" decoding=\"async\" src=\"https:\/\/tabernaculoprensadedios.com\/web\/wp-content\/uploads\/2023\/06\/country-3880741_1280.jpg\" alt=\"Margarita Garc\u00eda\" class=\"author-avatar-img\" width=\"111\" height=\"111\" \/>\n\t\t\t<\/div>\n\t\t\t<div class=\"author-info\">\n\t\t\t\t<h4>Margarita Garc\u00eda<\/h4>Directora del Tabern\u00e1culo Prensa de Dios\n\t\t\t<\/div>\n\t\t<\/div>\n\t\n","protected":false},"excerpt":{"rendered":"<p>Dios nos dice con voz firme y llena de misericordia:\u00a0\u201cVu\u00e9lvanse a M\u00ed, y Yo me volver\u00e9 a vosotros\u201d. No es solo una invitaci\u00f3n, es un llamado urgente del cielo. Es tiempo de\u00a0detenernos, de examinar nuestros caminos y\u00a0volvernos a Dios con un coraz\u00f3n sincero. Hoy el Esp\u00edritu nos confronta con amor: necesitamos\u00a0arrepentirnos, apartarnos de nuestros malos &hellip;<\/p>\n","protected":false},"author":1,"featured_media":28361,"comment_status":"open","ping_status":"open","sticky":false,"template":"","format":"standard","meta":{"footnotes":""},"categories":[790],"tags":[],"class_list":["post-36987","post","type-post","status-publish","format-standard","has-post-thumbnail","hentry","category-voz-del-tabernaculo"],"yoast_head":"<!-- This site is optimized with the Yoast SEO Premium plugin v24.2 (Yoast SEO v27.1.1) - https:\/\/yoast.com\/product\/yoast-seo-premium-wordpress\/ -->\n<title>Vu\u00e9lvanse a M\u00ed y Yo Me Volver\u00e9 a Vosotros - Tabernaculo Prensa de Dios<\/title>\n<meta name=\"robots\" content=\"index, follow, max-snippet:-1, max-image-preview:large, max-video-preview:-1\" \/>\n<link rel=\"canonical\" href=\"https:\/\/tabernaculoprensadedios.com\/web\/vuelvanse-a-mi-y-yo-me-volvere-a-vosotros\/\" class=\"yoast-seo-meta-tag\" \/>\n<meta property=\"og:locale\" content=\"es_ES\" class=\"yoast-seo-meta-tag\" \/>\n<meta property=\"og:type\" content=\"article\" class=\"yoast-seo-meta-tag\" \/>\n<meta property=\"og:title\" content=\"Vu\u00e9lvanse a M\u00ed y Yo Me Volver\u00e9 a Vosotros\" class=\"yoast-seo-meta-tag\" \/>\n<meta property=\"og:description\" content=\"Dios nos dice con voz firme y llena de misericordia:\u00a0\u201cVu\u00e9lvanse a M\u00ed, y Yo me volver\u00e9 a vosotros\u201d. No es solo una invitaci\u00f3n, es un llamado urgente del cielo. Es tiempo de\u00a0detenernos, de examinar nuestros caminos y\u00a0volvernos a Dios con un coraz\u00f3n sincero. Hoy el Esp\u00edritu nos confronta con amor: necesitamos\u00a0arrepentirnos, apartarnos de nuestros malos &hellip;\" class=\"yoast-seo-meta-tag\" \/>\n<meta property=\"og:url\" content=\"https:\/\/tabernaculoprensadedios.com\/web\/vuelvanse-a-mi-y-yo-me-volvere-a-vosotros\/\" class=\"yoast-seo-meta-tag\" \/>\n<meta property=\"og:site_name\" content=\"Tabernaculo Prensa de Dios\" class=\"yoast-seo-meta-tag\" \/>\n<meta property=\"article:published_time\" content=\"2026-01-29T02:43:29+00:00\" class=\"yoast-seo-meta-tag\" \/>\n<meta property=\"og:image\" content=\"https:\/\/tabernaculoprensadedios.com\/web\/wp-content\/uploads\/2023\/06\/country-3880741_1280.jpg\" class=\"yoast-seo-meta-tag\" \/>\n\t<meta property=\"og:image:width\" content=\"1280\" class=\"yoast-seo-meta-tag\" \/>\n\t<meta property=\"og:image:height\" content=\"853\" class=\"yoast-seo-meta-tag\" \/>\n\t<meta property=\"og:image:type\" content=\"image\/jpeg\" class=\"yoast-seo-meta-tag\" \/>\n<meta name=\"author\" content=\"tabernaculo\" class=\"yoast-seo-meta-tag\" \/>\n<meta name=\"twitter:card\" content=\"summary_large_image\" class=\"yoast-seo-meta-tag\" \/>\n<meta name=\"twitter:creator\" content=\"@PrensadeDios\" class=\"yoast-seo-meta-tag\" \/>\n<meta name=\"twitter:site\" content=\"@PrensadeDios\" class=\"yoast-seo-meta-tag\" \/>\n<meta name=\"twitter:label1\" content=\"Escrito por\" class=\"yoast-seo-meta-tag\" \/>\n\t<meta name=\"twitter:data1\" content=\"tabernaculo\" class=\"yoast-seo-meta-tag\" \/>\n\t<meta name=\"twitter:label2\" content=\"Tiempo de lectura\" class=\"yoast-seo-meta-tag\" \/>\n\t<meta name=\"twitter:data2\" content=\"2 minutos\" class=\"yoast-seo-meta-tag\" \/>\n<script type=\"application\/ld+json\" class=\"yoast-schema-graph\">{\"@context\":\"https:\/\/schema.org\",\"@graph\":[{\"@type\":\"Article\",\"@id\":\"https:\/\/tabernaculoprensadedios.com\/web\/vuelvanse-a-mi-y-yo-me-volvere-a-vosotros\/#article\",\"isPartOf\":{\"@id\":\"https:\/\/tabernaculoprensadedios.com\/web\/vuelvanse-a-mi-y-yo-me-volvere-a-vosotros\/\"},\"author\":{\"name\":\"tabernaculo\",\"@id\":\"https:\/\/tabernaculoprensadedios.com\/web\/#\/schema\/person\/bc0e069fef56b38e177db6f098ae0b6e\"},\"headline\":\"Vu\u00e9lvanse a M\u00ed y Yo Me Volver\u00e9 a Vosotros\",\"datePublished\":\"2026-01-29T02:43:29+00:00\",\"mainEntityOfPage\":{\"@id\":\"https:\/\/tabernaculoprensadedios.com\/web\/vuelvanse-a-mi-y-yo-me-volvere-a-vosotros\/\"},\"wordCount\":267,\"commentCount\":0,\"publisher\":{\"@id\":\"https:\/\/tabernaculoprensadedios.com\/web\/#\/schema\/person\/bc0e069fef56b38e177db6f098ae0b6e\"},\"image\":{\"@id\":\"https:\/\/tabernaculoprensadedios.com\/web\/vuelvanse-a-mi-y-yo-me-volvere-a-vosotros\/#primaryimage\"},\"thumbnailUrl\":\"https:\/\/tabernaculoprensadedios.com\/web\/wp-content\/uploads\/2023\/06\/country-3880741_1280.jpg\",\"articleSection\":[\"Voz del Tabern\u00e1culo\"],\"inLanguage\":\"es\",\"potentialAction\":[{\"@type\":\"CommentAction\",\"name\":\"Comment\",\"target\":[\"https:\/\/tabernaculoprensadedios.com\/web\/vuelvanse-a-mi-y-yo-me-volvere-a-vosotros\/#respond\"]}]},{\"@type\":\"WebPage\",\"@id\":\"https:\/\/tabernaculoprensadedios.com\/web\/vuelvanse-a-mi-y-yo-me-volvere-a-vosotros\/\",\"url\":\"https:\/\/tabernaculoprensadedios.com\/web\/vuelvanse-a-mi-y-yo-me-volvere-a-vosotros\/\",\"name\":\"Vu\u00e9lvanse a M\u00ed y Yo Me Volver\u00e9 a Vosotros - Tabernaculo Prensa de Dios\",\"isPartOf\":{\"@id\":\"https:\/\/tabernaculoprensadedios.com\/web\/#website\"},\"primaryImageOfPage\":{\"@id\":\"https:\/\/tabernaculoprensadedios.com\/web\/vuelvanse-a-mi-y-yo-me-volvere-a-vosotros\/#primaryimage\"},\"image\":{\"@id\":\"https:\/\/tabernaculoprensadedios.com\/web\/vuelvanse-a-mi-y-yo-me-volvere-a-vosotros\/#primaryimage\"},\"thumbnailUrl\":\"https:\/\/tabernaculoprensadedios.com\/web\/wp-content\/uploads\/2023\/06\/country-3880741_1280.jpg\",\"datePublished\":\"2026-01-29T02:43:29+00:00\",\"breadcrumb\":{\"@id\":\"https:\/\/tabernaculoprensadedios.com\/web\/vuelvanse-a-mi-y-yo-me-volvere-a-vosotros\/#breadcrumb\"},\"inLanguage\":\"es\",\"potentialAction\":[{\"@type\":\"ReadAction\",\"target\":[\"https:\/\/tabernaculoprensadedios.com\/web\/vuelvanse-a-mi-y-yo-me-volvere-a-vosotros\/\"]}]},{\"@type\":\"ImageObject\",\"inLanguage\":\"es\",\"@id\":\"https:\/\/tabernaculoprensadedios.com\/web\/vuelvanse-a-mi-y-yo-me-volvere-a-vosotros\/#primaryimage\",\"url\":\"https:\/\/tabernaculoprensadedios.com\/web\/wp-content\/uploads\/2023\/06\/country-3880741_1280.jpg\",\"contentUrl\":\"https:\/\/tabernaculoprensadedios.com\/web\/wp-content\/uploads\/2023\/06\/country-3880741_1280.jpg\",\"width\":1280,\"height\":853},{\"@type\":\"BreadcrumbList\",\"@id\":\"https:\/\/tabernaculoprensadedios.com\/web\/vuelvanse-a-mi-y-yo-me-volvere-a-vosotros\/#breadcrumb\",\"itemListElement\":[{\"@type\":\"ListItem\",\"position\":1,\"name\":\"Portada\",\"item\":\"https:\/\/tabernaculoprensadedios.com\/web\/\"},{\"@type\":\"ListItem\",\"position\":2,\"name\":\"Vu\u00e9lvanse a M\u00ed y Yo Me Volver\u00e9 a Vosotros\"}]},{\"@type\":\"WebSite\",\"@id\":\"https:\/\/tabernaculoprensadedios.com\/web\/#website\",\"url\":\"https:\/\/tabernaculoprensadedios.com\/web\/\",\"name\":\"Tabernaculo Prensa de Dios\",\"description\":\"Un medio a la manera de Dios\",\"publisher\":{\"@id\":\"https:\/\/tabernaculoprensadedios.com\/web\/#\/schema\/person\/bc0e069fef56b38e177db6f098ae0b6e\"},\"potentialAction\":[{\"@type\":\"SearchAction\",\"target\":{\"@type\":\"EntryPoint\",\"urlTemplate\":\"https:\/\/tabernaculoprensadedios.com\/web\/?s={search_term_string}\"},\"query-input\":{\"@type\":\"PropertyValueSpecification\",\"valueRequired\":true,\"valueName\":\"search_term_string\"}}],\"inLanguage\":\"es\"},{\"@type\":[\"Person\",\"Organization\"],\"@id\":\"https:\/\/tabernaculoprensadedios.com\/web\/#\/schema\/person\/bc0e069fef56b38e177db6f098ae0b6e\",\"name\":\"tabernaculo\",\"image\":{\"@type\":\"ImageObject\",\"inLanguage\":\"es\",\"@id\":\"https:\/\/tabernaculoprensadedios.com\/web\/#\/schema\/person\/image\/\",\"url\":\"https:\/\/tabernaculoprensadedios.com\/web\/wp-content\/uploads\/2015\/06\/login-logo1.png\",\"contentUrl\":\"https:\/\/tabernaculoprensadedios.com\/web\/wp-content\/uploads\/2015\/06\/login-logo1.png\",\"width\":300,\"height\":118,\"caption\":\"tabernaculo\"},\"logo\":{\"@id\":\"https:\/\/tabernaculoprensadedios.com\/web\/#\/schema\/person\/image\/\"},\"url\":\"https:\/\/tabernaculoprensadedios.com\/web\/author\/tabernaculo\/\"}]}<\/script>\n<!-- \/ Yoast SEO Premium plugin. -->","yoast_head_json":{"title":"Vu\u00e9lvanse a M\u00ed y Yo Me Volver\u00e9 a Vosotros - Tabernaculo Prensa de Dios","robots":{"index":"index","follow":"follow","max-snippet":"max-snippet:-1","max-image-preview":"max-image-preview:large","max-video-preview":"max-video-preview:-1"},"canonical":"https:\/\/tabernaculoprensadedios.com\/web\/vuelvanse-a-mi-y-yo-me-volvere-a-vosotros\/","og_locale":"es_ES","og_type":"article","og_title":"Vu\u00e9lvanse a M\u00ed y Yo Me Volver\u00e9 a Vosotros","og_description":"Dios nos dice con voz firme y llena de misericordia:\u00a0\u201cVu\u00e9lvanse a M\u00ed, y Yo me volver\u00e9 a vosotros\u201d. No es solo una invitaci\u00f3n, es un llamado urgente del cielo. Es tiempo de\u00a0detenernos, de examinar nuestros caminos y\u00a0volvernos a Dios con un coraz\u00f3n sincero. Hoy el Esp\u00edritu nos confronta con amor: necesitamos\u00a0arrepentirnos, apartarnos de nuestros malos &hellip;","og_url":"https:\/\/tabernaculoprensadedios.com\/web\/vuelvanse-a-mi-y-yo-me-volvere-a-vosotros\/","og_site_name":"Tabernaculo Prensa de Dios","article_published_time":"2026-01-29T02:43:29+00:00","og_image":[{"width":1280,"height":853,"url":"https:\/\/tabernaculoprensadedios.com\/web\/wp-content\/uploads\/2023\/06\/country-3880741_1280.jpg","type":"image\/jpeg"}],"author":"tabernaculo","twitter_card":"summary_large_image","twitter_creator":"@PrensadeDios","twitter_site":"@PrensadeDios","twitter_misc":{"Escrito por":"tabernaculo","Tiempo de lectura":"2 minutos"},"schema":{"@context":"https:\/\/schema.org","@graph":[{"@type":"Article","@id":"https:\/\/tabernaculoprensadedios.com\/web\/vuelvanse-a-mi-y-yo-me-volvere-a-vosotros\/#article","isPartOf":{"@id":"https:\/\/tabernaculoprensadedios.com\/web\/vuelvanse-a-mi-y-yo-me-volvere-a-vosotros\/"},"author":{"name":"tabernaculo","@id":"https:\/\/tabernaculoprensadedios.com\/web\/#\/schema\/person\/bc0e069fef56b38e177db6f098ae0b6e"},"headline":"Vu\u00e9lvanse a M\u00ed y Yo Me Volver\u00e9 a Vosotros","datePublished":"2026-01-29T02:43:29+00:00","mainEntityOfPage":{"@id":"https:\/\/tabernaculoprensadedios.com\/web\/vuelvanse-a-mi-y-yo-me-volvere-a-vosotros\/"},"wordCount":267,"commentCount":0,"publisher":{"@id":"https:\/\/tabernaculoprensadedios.com\/web\/#\/schema\/person\/bc0e069fef56b38e177db6f098ae0b6e"},"image":{"@id":"https:\/\/tabernaculoprensadedios.com\/web\/vuelvanse-a-mi-y-yo-me-volvere-a-vosotros\/#primaryimage"},"thumbnailUrl":"https:\/\/tabernaculoprensadedios.com\/web\/wp-content\/uploads\/2023\/06\/country-3880741_1280.jpg","articleSection":["Voz del Tabern\u00e1culo"],"inLanguage":"es","potentialAction":[{"@type":"CommentAction","name":"Comment","target":["https:\/\/tabernaculoprensadedios.com\/web\/vuelvanse-a-mi-y-yo-me-volvere-a-vosotros\/#respond"]}]},{"@type":"WebPage","@id":"https:\/\/tabernaculoprensadedios.com\/web\/vuelvanse-a-mi-y-yo-me-volvere-a-vosotros\/","url":"https:\/\/tabernaculoprensadedios.com\/web\/vuelvanse-a-mi-y-yo-me-volvere-a-vosotros\/","name":"Vu\u00e9lvanse a M\u00ed y Yo Me Volver\u00e9 a Vosotros - Tabernaculo Prensa de Dios","isPartOf":{"@id":"https:\/\/tabernaculoprensadedios.com\/web\/#website"},"primaryImageOfPage":{"@id":"https:\/\/tabernaculoprensadedios.com\/web\/vuelvanse-a-mi-y-yo-me-volvere-a-vosotros\/#primaryimage"},"image":{"@id":"https:\/\/tabernaculoprensadedios.com\/web\/vuelvanse-a-mi-y-yo-me-volvere-a-vosotros\/#primaryimage"},"thumbnailUrl":"https:\/\/tabernaculoprensadedios.com\/web\/wp-content\/uploads\/2023\/06\/country-3880741_1280.jpg","datePublished":"2026-01-29T02:43:29+00:00","breadcrumb":{"@id":"https:\/\/tabernaculoprensadedios.com\/web\/vuelvanse-a-mi-y-yo-me-volvere-a-vosotros\/#breadcrumb"},"inLanguage":"es","potentialAction":[{"@type":"ReadAction","target":["https:\/\/tabernaculoprensadedios.com\/web\/vuelvanse-a-mi-y-yo-me-volvere-a-vosotros\/"]}]},{"@type":"ImageObject","inLanguage":"es","@id":"https:\/\/tabernaculoprensadedios.com\/web\/vuelvanse-a-mi-y-yo-me-volvere-a-vosotros\/#primaryimage","url":"https:\/\/tabernaculoprensadedios.com\/web\/wp-content\/uploads\/2023\/06\/country-3880741_1280.jpg","contentUrl":"https:\/\/tabernaculoprensadedios.com\/web\/wp-content\/uploads\/2023\/06\/country-3880741_1280.jpg","width":1280,"height":853},{"@type":"BreadcrumbList","@id":"https:\/\/tabernaculoprensadedios.com\/web\/vuelvanse-a-mi-y-yo-me-volvere-a-vosotros\/#breadcrumb","itemListElement":[{"@type":"ListItem","position":1,"name":"Portada","item":"https:\/\/tabernaculoprensadedios.com\/web\/"},{"@type":"ListItem","position":2,"name":"Vu\u00e9lvanse a M\u00ed y Yo Me Volver\u00e9 a Vosotros"}]},{"@type":"WebSite","@id":"https:\/\/tabernaculoprensadedios.com\/web\/#website","url":"https:\/\/tabernaculoprensadedios.com\/web\/","name":"Tabernaculo Prensa de Dios","description":"Un medio a la manera de Dios","publisher":{"@id":"https:\/\/tabernaculoprensadedios.com\/web\/#\/schema\/person\/bc0e069fef56b38e177db6f098ae0b6e"},"potentialAction":[{"@type":"SearchAction","target":{"@type":"EntryPoint","urlTemplate":"https:\/\/tabernaculoprensadedios.com\/web\/?s={search_term_string}"},"query-input":{"@type":"PropertyValueSpecification","valueRequired":true,"valueName":"search_term_string"}}],"inLanguage":"es"},{"@type":["Person","Organization"],"@id":"https:\/\/tabernaculoprensadedios.com\/web\/#\/schema\/person\/bc0e069fef56b38e177db6f098ae0b6e","name":"tabernaculo","image":{"@type":"ImageObject","inLanguage":"es","@id":"https:\/\/tabernaculoprensadedios.com\/web\/#\/schema\/person\/image\/","url":"https:\/\/tabernaculoprensadedios.com\/web\/wp-content\/uploads\/2015\/06\/login-logo1.png","contentUrl":"https:\/\/tabernaculoprensadedios.com\/web\/wp-content\/uploads\/2015\/06\/login-logo1.png","width":300,"height":118,"caption":"tabernaculo"},"logo":{"@id":"https:\/\/tabernaculoprensadedios.com\/web\/#\/schema\/person\/image\/"},"url":"https:\/\/tabernaculoprensadedios.com\/web\/author\/tabernaculo\/"}]}},"_links":{"self":[{"href":"https:\/\/tabernaculoprensadedios.com\/web\/wp-json\/wp\/v2\/posts\/36987","targetHints":{"allow":["GET"]}}],"collection":[{"href":"https:\/\/tabernaculoprensadedios.com\/web\/wp-json\/wp\/v2\/posts"}],"about":[{"href":"https:\/\/tabernaculoprensadedios.com\/web\/wp-json\/wp\/v2\/types\/post"}],"author":[{"embeddable":true,"href":"https:\/\/tabernaculoprensadedios.com\/web\/wp-json\/wp\/v2\/users\/1"}],"replies":[{"embeddable":true,"href":"https:\/\/tabernaculoprensadedios.com\/web\/wp-json\/wp\/v2\/comments?post=36987"}],"version-history":[{"count":1,"href":"https:\/\/tabernaculoprensadedios.com\/web\/wp-json\/wp\/v2\/posts\/36987\/revisions"}],"predecessor-version":[{"id":36988,"href":"https:\/\/tabernaculoprensadedios.com\/web\/wp-json\/wp\/v2\/posts\/36987\/revisions\/36988"}],"wp:featuredmedia":[{"embeddable":true,"href":"https:\/\/tabernaculoprensadedios.com\/web\/wp-json\/wp\/v2\/media\/28361"}],"wp:attachment":[{"href":"https:\/\/tabernaculoprensadedios.com\/web\/wp-json\/wp\/v2\/media?parent=36987"}],"wp:term":[{"taxonomy":"category","embeddable":true,"href":"https:\/\/tabernaculoprensadedios.com\/web\/wp-json\/wp\/v2\/categories?post=36987"},{"taxonomy":"post_tag","embeddable":true,"href":"https:\/\/tabernaculoprensadedios.com\/web\/wp-json\/wp\/v2\/tags?post=36987"}],"curies":[{"name":"wp","href":"https:\/\/api.w.org\/{rel}","templated":true}]}}