{"id":36975,"date":"2026-01-29T02:17:37","date_gmt":"2026-01-29T02:17:37","guid":{"rendered":"https:\/\/tabernaculoprensadedios.com\/web\/?p=36975"},"modified":"2026-01-29T02:17:37","modified_gmt":"2026-01-29T02:17:37","slug":"cuando-bajamos-el-volumen-del-ruido-interior-y-exterior-hacemos-espacio-para-la-voz-de-dios","status":"publish","type":"post","link":"https:\/\/tabernaculoprensadedios.com\/web\/cuando-bajamos-el-volumen-del-ruido-interior-y-exterior-hacemos-espacio-para-la-voz-de-dios\/","title":{"rendered":"Cuando bajamos el volumen del ruido interior y exterior, hacemos espacio para la voz de Dios"},"content":{"rendered":"<p>Noventa y seis horas despu\u00e9s de la cirug\u00eda a coraz\u00f3n abierto de mi madre, ella todav\u00eda no hab\u00eda abierto los ojos. El procedimiento para reemplazar su v\u00e1lvula a\u00f3rtica hab\u00eda sido exitoso, pero sufri\u00f3 una fuerte hemorragia, adem\u00e1s de otros problemas. As\u00ed que el equipo de la UCI card\u00edaca opt\u00f3 por la sedaci\u00f3n para permitir que su cuerpo se estabilizara. Durante cuatro d\u00edas, mi padre y yo nos turnamos en su habitaci\u00f3n, pendiente de sus signos vitales a la espera de cualquier cambio. Estaba rodeada de un mar de m\u00e1quinas, soportes de suero, tubos y cables que era dif\u00edcil comprender. As\u00ed que esperamos, observando impotentes c\u00f3mo una m\u00e1quina de respiraci\u00f3n forzaba ox\u00edgeno en sus pulmones.<\/p>\n<p>En la ma\u00f1ana del quinto d\u00eda, los m\u00e9dicos consideraron seguro despertarla. Poco a poco recobr\u00f3 la conciencia y, como era de esperarse, estaba muy confundida y desorientada. Sin sus gafas, mam\u00e1 apenas pod\u00eda ver, pero reconoci\u00f3 de inmediato la voz de pap\u00e1 y la m\u00eda, girando la cabeza en nuestra direcci\u00f3n cada vez que habl\u00e1bamos. Y aunque nosotros pod\u00edamos hacerle preguntas, ella no pod\u00eda responder porque la m\u00e1quina de respiraci\u00f3n todav\u00eda segu\u00eda conectada.<\/p>\n<p>Los intentos de usar un tablero de mensajes a menudo terminaban en frustraci\u00f3n. Su cuerpo estaba demasiado d\u00e9bil para se\u00f1alar, y no pod\u00eda concentrarse por m\u00e1s de uno o dos minutos continuos. Una tarde, mientras dorm\u00eda en el sill\u00f3n reclinable que alguien nos hab\u00eda conseguido, me despert\u00e9 y vi a mam\u00e1 con los ojos abiertos y fijos en m\u00ed.<\/p>\n<p>\u201c\u00bfQuieres que traiga el tablero?\u201d le pregunt\u00e9, bostezando. Pero ella solo neg\u00f3 con la cabeza, sabiendo que lo que necesitaba decir no val\u00eda el esfuerzo que implicar\u00eda. As\u00ed que nos conformamos con tomarnos de la mano en silencio hasta que ambas volvimos a dormirnos.<\/p>\n<p>As\u00ed transcurrieron diez d\u00edas.<\/p>\n<p>No pude evitar pensar en Zacar\u00edas, el padre de Juan el Bautista. Un d\u00eda, sin aparente importancia, \u201cejerciendo Zacar\u00edas el sacerdocio delante de Dios\u201d en el templo, fue visitado por el \u00e1ngel Gabriel \u2014una experiencia aterradora en cualquier sentido. Y Gabriel le dijo algo maravilloso: que su esposa, que no hab\u00eda podido concebir, le dar\u00eda un hijo llamado Juan (vea Lc 1.8-19).<\/p>\n<p>Zacar\u00edas, desde luego confundido, dado que tanto \u00e9l como Elisabet eran \u201cde edad avanzada\u201d (Lc 1.18), expres\u00f3 sus dudas. Gabriel no consol\u00f3 al hombre, no sonri\u00f3 con tono tranquilizador, ni repiti\u00f3 el mensaje. En su lugar, dijo que Zacar\u00edas jugar\u00eda lo que tal vez fue la ronda m\u00e1s larga del \u201cjuego del silencio\u201d registrada. Durante nueve meses, no pudo pronunciar palabra.<\/p>\n<p>Es f\u00e1cil pensar en esto solo como un castigo divino por su falta de confianza en la promesa de Dios sobre un hijo, pero mi tiempo en esa habitaci\u00f3n de hospital me ayud\u00f3 a verlo como algo m\u00e1s. El silencio es una oportunidad. Ya sea que se cultive con intenci\u00f3n o que nos sea impuesto sin nuestro consentimiento, no debemos olvidar que Dios est\u00e1 en \u00e9l y est\u00e1 creando algo bueno.<\/p>\n<blockquote><p>El silencio es una oportunidad. Ya sea que se cultive con intenci\u00f3n o que nos sea impuesto sin nuestro consentimiento, no debemos olvidar que Dios est\u00e1 en \u00e9l y est\u00e1 creando algo bueno.<\/p><\/blockquote>\n<p>Vivo en Atlanta, una ciudad bulliciosa que rebosa de actividad y ruido. Y hoy en d\u00eda tengo dos adolescentes bajo mi techo, as\u00ed que no hay fin para los pitidos y zumbidos electr\u00f3nicos que salen de las pantallas de las computadoras, tel\u00e9fonos y consolas de videojuegos. Incluso mi masajeador ocular t\u00e9rmico habla, dici\u00e9ndome que me relaje antes de comenzar. Buscar silencio y soledad en la cacofon\u00eda puede parecer imposible, pero he descubierto que hacerlo es transformador.<\/p>\n<p>Tambi\u00e9n he llegado a reconocer que no todos los silencios son iguales. La quietud de una biblioteca, por ejemplo, es una cortes\u00eda impuesta con gentileza. Los usuarios respetan el espacio compartido, la b\u00fasqueda de conocimiento que ocurre a su alrededor. Prestan atenci\u00f3n a sus cuerpos: se mueven m\u00e1s despacio, colocan las cosas con suavidad y hablan con los ojos m\u00e1s que con la boca. Es un mundo de calma texturizada, una manta c\u00e1lida de conversaciones con susurros, el zumbido del aire acondicionado y el suave pasar de las p\u00e1ginas.<\/p>\n<p>El mundo natural tiene su propio tipo de silencio. Si eliminamos todos los ruidos creados por el hombre, quedan los sonidos m\u00e1s suaves del canto de los p\u00e1jaros y la vida que se desplaza por el suelo del bosque. Podemos o\u00edr ramas de los \u00e1rboles crujir a cientos de metros y el calmante ritmo del agua bailando sobre la piedra. En lugar de envolvernos como lo hace una biblioteca, el bosque abre nuestros o\u00eddos a la inmensidad de los \u201catributos invisibles\u201d de Dios que se pierden cuando estamos distra\u00eddos (Ro 1.20 LBLA).<\/p>\n<p>Y luego est\u00e1 el verdadero silencio del coraz\u00f3n.<\/p>\n<p>Incluso cuando estoy en un lugar tranquilo \u2014una habitaci\u00f3n silenciosa, un porche soleado, un museo\u2014 contin\u00fao con el ruido de los pensamientos triviales que abarrotan mi cabeza. \u00bfRecord\u00e9 descongelar el pollo? Espero no haber ofendido a nadie por faltar al club de lectura. En realidad, deber\u00eda ir al gimnasio. \u00bfC\u00f3mo se llamaba ese podcast del que me habl\u00f3 Tammy? Oooh, podr\u00eda escucharlo mientras hago ejercicio y\u2026<\/p>\n<p>Si cada cent\u00edmetro de mi coraz\u00f3n est\u00e1 lleno, no hay espacio para que habite el Esp\u00edritu de Verdad. As\u00ed que debo crear un silencio interior que me ayude a escuchar el lenguaje inefable de Dios, esas palabras intraducibles que \u00c9l usa para tocarme, guiarme y sanarme en el momento presente.<\/p>\n<blockquote><p>Si cada cent\u00edmetro de mi coraz\u00f3n est\u00e1 lleno, no hay espacio para que habite el Esp\u00edritu de Verdad. As\u00ed que debo crear un silencio interior que me ayude a escuchar el lenguaje inefable de Dios.<\/p><\/blockquote>\n<p>Cuando mam\u00e1 dorm\u00eda la siesta y yo pod\u00eda escaparme unos minutos, siempre me sent\u00eda atra\u00edda por un jard\u00edn muy bien cuidado en el terreno del hospital. Me sentaba junto al lago o bajo la p\u00e9rgola de uvas, escuchaba el zumbido de las abejas y observaba a las lagartijas correteando entre las flores. Despu\u00e9s de ello, estaba lo bastante tranquila como para cerrar los ojos y concentrarme en mi respiraci\u00f3n: inhala contando hasta cuatro, mantener el aire, exhalar contando hasta cuatro; y dejar que eso me centrara.<\/p>\n<p>Hab\u00eda seguido al Se\u00f1or Jes\u00fas durante a\u00f1os. Conoc\u00eda muchas de las promesas de liberaci\u00f3n y protecci\u00f3n en las Sagradas Escrituras, pod\u00eda recitarlas de memoria e intentaba encontrar consuelo en ellas. Pero no fue hasta que cre\u00e9 ese lugar de silencio en m\u00ed, que las escuch\u00e9. Que las cre\u00ed.<\/p>\n<p>Dios estuvo tan cerca de m\u00ed en ese jard\u00edn como lo estuvo de mi madre en la habitaci\u00f3n.<\/p>\n<p>Mi madre tuvo que pasar diez d\u00edas en silencio, mucho menos que los nueve meses que soport\u00f3 Zacar\u00edas. El Evangelio de Lucas no da detalles, pero me gusta imaginar que se volvi\u00f3 m\u00e1s atento a sus seres queridos y a la belleza del mundo que lo rodeaba, y quiz\u00e1s reconoci\u00f3 que sus palabras eran menos esenciales de lo que antes pensaba.<\/p>\n<p>Solo puedo imaginar lo que Dios le ense\u00f1\u00f3 durante esos largos meses, las cosas que debi\u00f3 revelarle y que transformaron a Zacar\u00edas de un hombre que dud\u00f3 \u2014e incluso pudo haberse opuesto a\u2014 la revelaci\u00f3n de Gabriel, a un hombre que habl\u00f3 una gloriosa profec\u00eda sobre su hijo (vea Lc 1.68-79). A veces el silencio es la \u00fanica manera de mostrarnos nuestras propias limitaciones y ayudarnos a hacer espacio para Dios.<\/p>\n<p>En el d\u00e9cimo primer d\u00eda despu\u00e9s de que mi madre hab\u00eda estado sedada, los m\u00e9dicos le retiraron el tubo de la garganta. Durante las semanas siguientes a\u00fan necesitar\u00eda una m\u00e1scara de ox\u00edgeno para respirar, lo que mantendr\u00eda las conversaciones al m\u00ednimo. Pero en el instante antes de que se la pusieran, nos habl\u00f3. Su mensaje fue de solo cuatro palabras, dichas en voz baja y sin vacilaci\u00f3n. Despu\u00e9s de todo, hab\u00eda tenido tiempo para pensarlo. Los amo a ambos.<\/p>\n<p><strong>FUENTE:<\/strong> Jamie A. Hughes Ministerio El contacto.<\/p>\n","protected":false},"excerpt":{"rendered":"<p>Noventa y seis horas despu\u00e9s de la cirug\u00eda a coraz\u00f3n abierto de mi madre, ella todav\u00eda no hab\u00eda abierto los ojos. El procedimiento para reemplazar su v\u00e1lvula a\u00f3rtica hab\u00eda sido exitoso, pero sufri\u00f3 una fuerte hemorragia, adem\u00e1s de otros problemas. As\u00ed que el equipo de la UCI card\u00edaca opt\u00f3 por la sedaci\u00f3n para permitir que &hellip;<\/p>\n","protected":false},"author":1,"featured_media":36976,"comment_status":"open","ping_status":"open","sticky":false,"template":"","format":"standard","meta":{"footnotes":""},"categories":[34],"tags":[],"class_list":["post-36975","post","type-post","status-publish","format-standard","has-post-thumbnail","hentry","category-articulos"],"yoast_head":"<!-- This site is optimized with the Yoast SEO Premium plugin v24.2 (Yoast SEO v27.1.1) - https:\/\/yoast.com\/product\/yoast-seo-premium-wordpress\/ -->\n<title>Cuando bajamos el volumen del ruido interior y exterior, hacemos espacio para la voz de Dios - Tabernaculo Prensa de Dios<\/title>\n<meta name=\"robots\" content=\"index, follow, max-snippet:-1, max-image-preview:large, max-video-preview:-1\" \/>\n<link rel=\"canonical\" href=\"https:\/\/tabernaculoprensadedios.com\/web\/cuando-bajamos-el-volumen-del-ruido-interior-y-exterior-hacemos-espacio-para-la-voz-de-dios\/\" class=\"yoast-seo-meta-tag\" \/>\n<meta property=\"og:locale\" content=\"es_ES\" class=\"yoast-seo-meta-tag\" \/>\n<meta property=\"og:type\" content=\"article\" class=\"yoast-seo-meta-tag\" \/>\n<meta property=\"og:title\" content=\"Cuando bajamos el volumen del ruido interior y exterior, hacemos espacio para la voz de Dios\" class=\"yoast-seo-meta-tag\" \/>\n<meta property=\"og:description\" content=\"Noventa y seis horas despu\u00e9s de la cirug\u00eda a coraz\u00f3n abierto de mi madre, ella todav\u00eda no hab\u00eda abierto los ojos. El procedimiento para reemplazar su v\u00e1lvula a\u00f3rtica hab\u00eda sido exitoso, pero sufri\u00f3 una fuerte hemorragia, adem\u00e1s de otros problemas. As\u00ed que el equipo de la UCI card\u00edaca opt\u00f3 por la sedaci\u00f3n para permitir que &hellip;\" class=\"yoast-seo-meta-tag\" \/>\n<meta property=\"og:url\" content=\"https:\/\/tabernaculoprensadedios.com\/web\/cuando-bajamos-el-volumen-del-ruido-interior-y-exterior-hacemos-espacio-para-la-voz-de-dios\/\" class=\"yoast-seo-meta-tag\" \/>\n<meta property=\"og:site_name\" content=\"Tabernaculo Prensa de Dios\" class=\"yoast-seo-meta-tag\" \/>\n<meta property=\"article:published_time\" content=\"2026-01-29T02:17:37+00:00\" class=\"yoast-seo-meta-tag\" \/>\n<meta property=\"og:image\" content=\"https:\/\/tabernaculoprensadedios.com\/web\/wp-content\/uploads\/2026\/01\/unnamed.avif\" class=\"yoast-seo-meta-tag\" \/>\n\t<meta property=\"og:image:width\" content=\"945\" class=\"yoast-seo-meta-tag\" \/>\n\t<meta property=\"og:image:height\" content=\"630\" class=\"yoast-seo-meta-tag\" \/>\n\t<meta property=\"og:image:type\" content=\"image\/jpeg\" class=\"yoast-seo-meta-tag\" \/>\n<meta name=\"author\" content=\"tabernaculo\" class=\"yoast-seo-meta-tag\" \/>\n<meta name=\"twitter:card\" content=\"summary_large_image\" class=\"yoast-seo-meta-tag\" \/>\n<meta name=\"twitter:creator\" content=\"@PrensadeDios\" class=\"yoast-seo-meta-tag\" \/>\n<meta name=\"twitter:site\" content=\"@PrensadeDios\" class=\"yoast-seo-meta-tag\" \/>\n<meta name=\"twitter:label1\" content=\"Escrito por\" class=\"yoast-seo-meta-tag\" \/>\n\t<meta name=\"twitter:data1\" content=\"tabernaculo\" class=\"yoast-seo-meta-tag\" \/>\n\t<meta name=\"twitter:label2\" content=\"Tiempo de lectura\" class=\"yoast-seo-meta-tag\" \/>\n\t<meta name=\"twitter:data2\" content=\"6 minutos\" class=\"yoast-seo-meta-tag\" \/>\n<script type=\"application\/ld+json\" class=\"yoast-schema-graph\">{\"@context\":\"https:\/\/schema.org\",\"@graph\":[{\"@type\":\"Article\",\"@id\":\"https:\/\/tabernaculoprensadedios.com\/web\/cuando-bajamos-el-volumen-del-ruido-interior-y-exterior-hacemos-espacio-para-la-voz-de-dios\/#article\",\"isPartOf\":{\"@id\":\"https:\/\/tabernaculoprensadedios.com\/web\/cuando-bajamos-el-volumen-del-ruido-interior-y-exterior-hacemos-espacio-para-la-voz-de-dios\/\"},\"author\":{\"name\":\"tabernaculo\",\"@id\":\"https:\/\/tabernaculoprensadedios.com\/web\/#\/schema\/person\/bc0e069fef56b38e177db6f098ae0b6e\"},\"headline\":\"Cuando bajamos el volumen del ruido interior y exterior, hacemos espacio para la voz de Dios\",\"datePublished\":\"2026-01-29T02:17:37+00:00\",\"mainEntityOfPage\":{\"@id\":\"https:\/\/tabernaculoprensadedios.com\/web\/cuando-bajamos-el-volumen-del-ruido-interior-y-exterior-hacemos-espacio-para-la-voz-de-dios\/\"},\"wordCount\":1448,\"commentCount\":0,\"publisher\":{\"@id\":\"https:\/\/tabernaculoprensadedios.com\/web\/#\/schema\/person\/bc0e069fef56b38e177db6f098ae0b6e\"},\"image\":{\"@id\":\"https:\/\/tabernaculoprensadedios.com\/web\/cuando-bajamos-el-volumen-del-ruido-interior-y-exterior-hacemos-espacio-para-la-voz-de-dios\/#primaryimage\"},\"thumbnailUrl\":\"https:\/\/tabernaculoprensadedios.com\/web\/wp-content\/uploads\/2026\/01\/unnamed.avif\",\"articleSection\":[\"Articulos\"],\"inLanguage\":\"es\",\"potentialAction\":[{\"@type\":\"CommentAction\",\"name\":\"Comment\",\"target\":[\"https:\/\/tabernaculoprensadedios.com\/web\/cuando-bajamos-el-volumen-del-ruido-interior-y-exterior-hacemos-espacio-para-la-voz-de-dios\/#respond\"]}]},{\"@type\":\"WebPage\",\"@id\":\"https:\/\/tabernaculoprensadedios.com\/web\/cuando-bajamos-el-volumen-del-ruido-interior-y-exterior-hacemos-espacio-para-la-voz-de-dios\/\",\"url\":\"https:\/\/tabernaculoprensadedios.com\/web\/cuando-bajamos-el-volumen-del-ruido-interior-y-exterior-hacemos-espacio-para-la-voz-de-dios\/\",\"name\":\"Cuando bajamos el volumen del ruido interior y exterior, hacemos espacio para la voz de Dios - Tabernaculo Prensa de Dios\",\"isPartOf\":{\"@id\":\"https:\/\/tabernaculoprensadedios.com\/web\/#website\"},\"primaryImageOfPage\":{\"@id\":\"https:\/\/tabernaculoprensadedios.com\/web\/cuando-bajamos-el-volumen-del-ruido-interior-y-exterior-hacemos-espacio-para-la-voz-de-dios\/#primaryimage\"},\"image\":{\"@id\":\"https:\/\/tabernaculoprensadedios.com\/web\/cuando-bajamos-el-volumen-del-ruido-interior-y-exterior-hacemos-espacio-para-la-voz-de-dios\/#primaryimage\"},\"thumbnailUrl\":\"https:\/\/tabernaculoprensadedios.com\/web\/wp-content\/uploads\/2026\/01\/unnamed.avif\",\"datePublished\":\"2026-01-29T02:17:37+00:00\",\"breadcrumb\":{\"@id\":\"https:\/\/tabernaculoprensadedios.com\/web\/cuando-bajamos-el-volumen-del-ruido-interior-y-exterior-hacemos-espacio-para-la-voz-de-dios\/#breadcrumb\"},\"inLanguage\":\"es\",\"potentialAction\":[{\"@type\":\"ReadAction\",\"target\":[\"https:\/\/tabernaculoprensadedios.com\/web\/cuando-bajamos-el-volumen-del-ruido-interior-y-exterior-hacemos-espacio-para-la-voz-de-dios\/\"]}]},{\"@type\":\"ImageObject\",\"inLanguage\":\"es\",\"@id\":\"https:\/\/tabernaculoprensadedios.com\/web\/cuando-bajamos-el-volumen-del-ruido-interior-y-exterior-hacemos-espacio-para-la-voz-de-dios\/#primaryimage\",\"url\":\"https:\/\/tabernaculoprensadedios.com\/web\/wp-content\/uploads\/2026\/01\/unnamed.avif\",\"contentUrl\":\"https:\/\/tabernaculoprensadedios.com\/web\/wp-content\/uploads\/2026\/01\/unnamed.avif\",\"width\":945,\"height\":630,\"caption\":\"Ilustraci\u00f3n por Jeff Gregory\"},{\"@type\":\"BreadcrumbList\",\"@id\":\"https:\/\/tabernaculoprensadedios.com\/web\/cuando-bajamos-el-volumen-del-ruido-interior-y-exterior-hacemos-espacio-para-la-voz-de-dios\/#breadcrumb\",\"itemListElement\":[{\"@type\":\"ListItem\",\"position\":1,\"name\":\"Portada\",\"item\":\"https:\/\/tabernaculoprensadedios.com\/web\/\"},{\"@type\":\"ListItem\",\"position\":2,\"name\":\"Cuando bajamos el volumen del ruido interior y exterior, hacemos espacio para la voz de Dios\"}]},{\"@type\":\"WebSite\",\"@id\":\"https:\/\/tabernaculoprensadedios.com\/web\/#website\",\"url\":\"https:\/\/tabernaculoprensadedios.com\/web\/\",\"name\":\"Tabernaculo Prensa de Dios\",\"description\":\"Un medio a la manera de Dios\",\"publisher\":{\"@id\":\"https:\/\/tabernaculoprensadedios.com\/web\/#\/schema\/person\/bc0e069fef56b38e177db6f098ae0b6e\"},\"potentialAction\":[{\"@type\":\"SearchAction\",\"target\":{\"@type\":\"EntryPoint\",\"urlTemplate\":\"https:\/\/tabernaculoprensadedios.com\/web\/?s={search_term_string}\"},\"query-input\":{\"@type\":\"PropertyValueSpecification\",\"valueRequired\":true,\"valueName\":\"search_term_string\"}}],\"inLanguage\":\"es\"},{\"@type\":[\"Person\",\"Organization\"],\"@id\":\"https:\/\/tabernaculoprensadedios.com\/web\/#\/schema\/person\/bc0e069fef56b38e177db6f098ae0b6e\",\"name\":\"tabernaculo\",\"image\":{\"@type\":\"ImageObject\",\"inLanguage\":\"es\",\"@id\":\"https:\/\/tabernaculoprensadedios.com\/web\/#\/schema\/person\/image\/\",\"url\":\"https:\/\/tabernaculoprensadedios.com\/web\/wp-content\/uploads\/2015\/06\/login-logo1.png\",\"contentUrl\":\"https:\/\/tabernaculoprensadedios.com\/web\/wp-content\/uploads\/2015\/06\/login-logo1.png\",\"width\":300,\"height\":118,\"caption\":\"tabernaculo\"},\"logo\":{\"@id\":\"https:\/\/tabernaculoprensadedios.com\/web\/#\/schema\/person\/image\/\"},\"url\":\"https:\/\/tabernaculoprensadedios.com\/web\/author\/tabernaculo\/\"}]}<\/script>\n<!-- \/ Yoast SEO Premium plugin. -->","yoast_head_json":{"title":"Cuando bajamos el volumen del ruido interior y exterior, hacemos espacio para la voz de Dios - Tabernaculo Prensa de Dios","robots":{"index":"index","follow":"follow","max-snippet":"max-snippet:-1","max-image-preview":"max-image-preview:large","max-video-preview":"max-video-preview:-1"},"canonical":"https:\/\/tabernaculoprensadedios.com\/web\/cuando-bajamos-el-volumen-del-ruido-interior-y-exterior-hacemos-espacio-para-la-voz-de-dios\/","og_locale":"es_ES","og_type":"article","og_title":"Cuando bajamos el volumen del ruido interior y exterior, hacemos espacio para la voz de Dios","og_description":"Noventa y seis horas despu\u00e9s de la cirug\u00eda a coraz\u00f3n abierto de mi madre, ella todav\u00eda no hab\u00eda abierto los ojos. El procedimiento para reemplazar su v\u00e1lvula a\u00f3rtica hab\u00eda sido exitoso, pero sufri\u00f3 una fuerte hemorragia, adem\u00e1s de otros problemas. As\u00ed que el equipo de la UCI card\u00edaca opt\u00f3 por la sedaci\u00f3n para permitir que &hellip;","og_url":"https:\/\/tabernaculoprensadedios.com\/web\/cuando-bajamos-el-volumen-del-ruido-interior-y-exterior-hacemos-espacio-para-la-voz-de-dios\/","og_site_name":"Tabernaculo Prensa de Dios","article_published_time":"2026-01-29T02:17:37+00:00","og_image":[{"width":945,"height":630,"url":"https:\/\/tabernaculoprensadedios.com\/web\/wp-content\/uploads\/2026\/01\/unnamed.avif","type":"image\/jpeg"}],"author":"tabernaculo","twitter_card":"summary_large_image","twitter_creator":"@PrensadeDios","twitter_site":"@PrensadeDios","twitter_misc":{"Escrito por":"tabernaculo","Tiempo de lectura":"6 minutos"},"schema":{"@context":"https:\/\/schema.org","@graph":[{"@type":"Article","@id":"https:\/\/tabernaculoprensadedios.com\/web\/cuando-bajamos-el-volumen-del-ruido-interior-y-exterior-hacemos-espacio-para-la-voz-de-dios\/#article","isPartOf":{"@id":"https:\/\/tabernaculoprensadedios.com\/web\/cuando-bajamos-el-volumen-del-ruido-interior-y-exterior-hacemos-espacio-para-la-voz-de-dios\/"},"author":{"name":"tabernaculo","@id":"https:\/\/tabernaculoprensadedios.com\/web\/#\/schema\/person\/bc0e069fef56b38e177db6f098ae0b6e"},"headline":"Cuando bajamos el volumen del ruido interior y exterior, hacemos espacio para la voz de Dios","datePublished":"2026-01-29T02:17:37+00:00","mainEntityOfPage":{"@id":"https:\/\/tabernaculoprensadedios.com\/web\/cuando-bajamos-el-volumen-del-ruido-interior-y-exterior-hacemos-espacio-para-la-voz-de-dios\/"},"wordCount":1448,"commentCount":0,"publisher":{"@id":"https:\/\/tabernaculoprensadedios.com\/web\/#\/schema\/person\/bc0e069fef56b38e177db6f098ae0b6e"},"image":{"@id":"https:\/\/tabernaculoprensadedios.com\/web\/cuando-bajamos-el-volumen-del-ruido-interior-y-exterior-hacemos-espacio-para-la-voz-de-dios\/#primaryimage"},"thumbnailUrl":"https:\/\/tabernaculoprensadedios.com\/web\/wp-content\/uploads\/2026\/01\/unnamed.avif","articleSection":["Articulos"],"inLanguage":"es","potentialAction":[{"@type":"CommentAction","name":"Comment","target":["https:\/\/tabernaculoprensadedios.com\/web\/cuando-bajamos-el-volumen-del-ruido-interior-y-exterior-hacemos-espacio-para-la-voz-de-dios\/#respond"]}]},{"@type":"WebPage","@id":"https:\/\/tabernaculoprensadedios.com\/web\/cuando-bajamos-el-volumen-del-ruido-interior-y-exterior-hacemos-espacio-para-la-voz-de-dios\/","url":"https:\/\/tabernaculoprensadedios.com\/web\/cuando-bajamos-el-volumen-del-ruido-interior-y-exterior-hacemos-espacio-para-la-voz-de-dios\/","name":"Cuando bajamos el volumen del ruido interior y exterior, hacemos espacio para la voz de Dios - Tabernaculo Prensa de Dios","isPartOf":{"@id":"https:\/\/tabernaculoprensadedios.com\/web\/#website"},"primaryImageOfPage":{"@id":"https:\/\/tabernaculoprensadedios.com\/web\/cuando-bajamos-el-volumen-del-ruido-interior-y-exterior-hacemos-espacio-para-la-voz-de-dios\/#primaryimage"},"image":{"@id":"https:\/\/tabernaculoprensadedios.com\/web\/cuando-bajamos-el-volumen-del-ruido-interior-y-exterior-hacemos-espacio-para-la-voz-de-dios\/#primaryimage"},"thumbnailUrl":"https:\/\/tabernaculoprensadedios.com\/web\/wp-content\/uploads\/2026\/01\/unnamed.avif","datePublished":"2026-01-29T02:17:37+00:00","breadcrumb":{"@id":"https:\/\/tabernaculoprensadedios.com\/web\/cuando-bajamos-el-volumen-del-ruido-interior-y-exterior-hacemos-espacio-para-la-voz-de-dios\/#breadcrumb"},"inLanguage":"es","potentialAction":[{"@type":"ReadAction","target":["https:\/\/tabernaculoprensadedios.com\/web\/cuando-bajamos-el-volumen-del-ruido-interior-y-exterior-hacemos-espacio-para-la-voz-de-dios\/"]}]},{"@type":"ImageObject","inLanguage":"es","@id":"https:\/\/tabernaculoprensadedios.com\/web\/cuando-bajamos-el-volumen-del-ruido-interior-y-exterior-hacemos-espacio-para-la-voz-de-dios\/#primaryimage","url":"https:\/\/tabernaculoprensadedios.com\/web\/wp-content\/uploads\/2026\/01\/unnamed.avif","contentUrl":"https:\/\/tabernaculoprensadedios.com\/web\/wp-content\/uploads\/2026\/01\/unnamed.avif","width":945,"height":630,"caption":"Ilustraci\u00f3n por Jeff Gregory"},{"@type":"BreadcrumbList","@id":"https:\/\/tabernaculoprensadedios.com\/web\/cuando-bajamos-el-volumen-del-ruido-interior-y-exterior-hacemos-espacio-para-la-voz-de-dios\/#breadcrumb","itemListElement":[{"@type":"ListItem","position":1,"name":"Portada","item":"https:\/\/tabernaculoprensadedios.com\/web\/"},{"@type":"ListItem","position":2,"name":"Cuando bajamos el volumen del ruido interior y exterior, hacemos espacio para la voz de Dios"}]},{"@type":"WebSite","@id":"https:\/\/tabernaculoprensadedios.com\/web\/#website","url":"https:\/\/tabernaculoprensadedios.com\/web\/","name":"Tabernaculo Prensa de Dios","description":"Un medio a la manera de Dios","publisher":{"@id":"https:\/\/tabernaculoprensadedios.com\/web\/#\/schema\/person\/bc0e069fef56b38e177db6f098ae0b6e"},"potentialAction":[{"@type":"SearchAction","target":{"@type":"EntryPoint","urlTemplate":"https:\/\/tabernaculoprensadedios.com\/web\/?s={search_term_string}"},"query-input":{"@type":"PropertyValueSpecification","valueRequired":true,"valueName":"search_term_string"}}],"inLanguage":"es"},{"@type":["Person","Organization"],"@id":"https:\/\/tabernaculoprensadedios.com\/web\/#\/schema\/person\/bc0e069fef56b38e177db6f098ae0b6e","name":"tabernaculo","image":{"@type":"ImageObject","inLanguage":"es","@id":"https:\/\/tabernaculoprensadedios.com\/web\/#\/schema\/person\/image\/","url":"https:\/\/tabernaculoprensadedios.com\/web\/wp-content\/uploads\/2015\/06\/login-logo1.png","contentUrl":"https:\/\/tabernaculoprensadedios.com\/web\/wp-content\/uploads\/2015\/06\/login-logo1.png","width":300,"height":118,"caption":"tabernaculo"},"logo":{"@id":"https:\/\/tabernaculoprensadedios.com\/web\/#\/schema\/person\/image\/"},"url":"https:\/\/tabernaculoprensadedios.com\/web\/author\/tabernaculo\/"}]}},"_links":{"self":[{"href":"https:\/\/tabernaculoprensadedios.com\/web\/wp-json\/wp\/v2\/posts\/36975","targetHints":{"allow":["GET"]}}],"collection":[{"href":"https:\/\/tabernaculoprensadedios.com\/web\/wp-json\/wp\/v2\/posts"}],"about":[{"href":"https:\/\/tabernaculoprensadedios.com\/web\/wp-json\/wp\/v2\/types\/post"}],"author":[{"embeddable":true,"href":"https:\/\/tabernaculoprensadedios.com\/web\/wp-json\/wp\/v2\/users\/1"}],"replies":[{"embeddable":true,"href":"https:\/\/tabernaculoprensadedios.com\/web\/wp-json\/wp\/v2\/comments?post=36975"}],"version-history":[{"count":1,"href":"https:\/\/tabernaculoprensadedios.com\/web\/wp-json\/wp\/v2\/posts\/36975\/revisions"}],"predecessor-version":[{"id":36977,"href":"https:\/\/tabernaculoprensadedios.com\/web\/wp-json\/wp\/v2\/posts\/36975\/revisions\/36977"}],"wp:featuredmedia":[{"embeddable":true,"href":"https:\/\/tabernaculoprensadedios.com\/web\/wp-json\/wp\/v2\/media\/36976"}],"wp:attachment":[{"href":"https:\/\/tabernaculoprensadedios.com\/web\/wp-json\/wp\/v2\/media?parent=36975"}],"wp:term":[{"taxonomy":"category","embeddable":true,"href":"https:\/\/tabernaculoprensadedios.com\/web\/wp-json\/wp\/v2\/categories?post=36975"},{"taxonomy":"post_tag","embeddable":true,"href":"https:\/\/tabernaculoprensadedios.com\/web\/wp-json\/wp\/v2\/tags?post=36975"}],"curies":[{"name":"wp","href":"https:\/\/api.w.org\/{rel}","templated":true}]}}