{"id":36958,"date":"2026-01-27T12:13:24","date_gmt":"2026-01-27T12:13:24","guid":{"rendered":"https:\/\/tabernaculoprensadedios.com\/web\/?p=36958"},"modified":"2026-01-27T12:13:24","modified_gmt":"2026-01-27T12:13:24","slug":"los-dones-son-de-fortalecimiento-y-de-provecho-para-la-vida-de-la-iglesia","status":"publish","type":"post","link":"https:\/\/tabernaculoprensadedios.com\/web\/los-dones-son-de-fortalecimiento-y-de-provecho-para-la-vida-de-la-iglesia\/","title":{"rendered":"Los Dones Son de Fortalecimiento y de Provecho para la Vida de la Iglesia"},"content":{"rendered":"<p>Todo el cap\u00edtulo 14 de Primera de Corintios es una elaboraci\u00f3n detallada de la importancia de que haya balance tambi\u00e9n entre las diferentes consideraciones que una Iglesia debe tener en cuenta cuando est\u00e1 movi\u00e9ndose en la efusividad y el car\u00e1cter explosivos de los dones del Esp\u00edritu Santo.<\/p>\n<p>Vemos que esa efusividad de la cual hemos hablado est\u00e1 en manifestaci\u00f3n al inicio del cap\u00edtulo 14 donde Pablo dice: \u00abSeguid el amor\u00bb y ah\u00ed \u00e9l est\u00e1 empalmando con el cap\u00edtulo anterior, el cap\u00edtulo 13 donde habla acerca de la preminencia del amor: \u00abSeguid el amor y procurad los dones espirituales.\u00bb Ah\u00ed est\u00e1 el cap\u00edtulo 12 \u00bfno? \u00abno quiero que ignor\u00e9is los dones espirituales. Entonces Pablo dice: \u00abPero sobre todo, que profetic\u00e9is\u00bb y ah\u00ed nos entra directamente en el cap\u00edtulo 14.<\/p>\n<p>\u00bfPor qu\u00e9 Pablo dice esto de que sobre todo, aparte de los dones y la importancia del amor, que nosotros, si vamos a usar alg\u00fan don o algo de las cosas que se pueden usar en la vida cristiana, esto de que sea mas bien profetizar? Y ah\u00ed tenemos que entender la complejidad de ese concepto de la profec\u00eda.<\/p>\n<p>Muchos cristianos estamos bajo la idea de que profec\u00eda es solamente cuando uno dice: hijo m\u00edo as\u00ed dice el Se\u00f1or, y entonces uno entra en una predicci\u00f3n acerca del futuro o una direcci\u00f3n sobrenaturalmente dada por Dios que habla de algo que est\u00e1 totalmente oculto a la mente humana, etc. Y la verdad es que ese es uno de los aspectos de la profec\u00eda, pero no es el \u00fanico.<\/p>\n<p>El tema de la profec\u00eda tiene muchos diferentes aspectos y complejidades. Vemos a trav\u00e9s de la Escritura que profetizar puede tambi\u00e9n querer decir: hablar s\u00ed bajo la inspiraci\u00f3n del Esp\u00edritu Santo, pero puede ser simplemente exhortar, puede ser confrontar a una persona con algo que viene de la Palabra de Dios, puede incluso tener sobretonos de una proclamaci\u00f3n de ense\u00f1anza b\u00edblica, inspirada por Dios en un momento dado.<\/p>\n<p>Profec\u00eda es todo aqu\u00e9llo que viene de parte del Esp\u00edritu Santo en un momento dado para una persona o un grupo dado, y que tiene un prop\u00f3sito muy espec\u00edfico y est\u00e1 evidentemente dirigido por el Esp\u00edritu Santo.<\/p>\n<p>Entonces aqu\u00ed vemos algo y es que cuando Pablo habla de profec\u00eda, que profeticemos, es aqu\u00e9lla comunicaci\u00f3n de parte de Dios para una Iglesia en este caso, que es comprensible. A diferencia de por ejemplo: hablar en lenguas, donde uno puede hablar en lenguas y estar hablando en lenguas angelicales que no son comprensibles para nadie alrededor de uno, y entonces todo el mundo se queda, pues, sin entendimiento de lo que se est\u00e1 diciendo, aunque la persona que est\u00e1 hablando en las lenguas se est\u00e1 edificando espiritualmente porque evidentemente el Esp\u00edritu de Dios est\u00e1 corriendo a trav\u00e9s de \u00e9l o de ella.<\/p>\n<p>Y por eso Pablo en el cap\u00edtulo 14 dice: \u00abPorque el que habla en lenguas no habla a los hombres, sino a Dios, pues nadie le entiende, aunque por el Esp\u00edritu habla misterios; pero el que profetiza habla a los hombres para edificaci\u00f3n, exhortaci\u00f3n y consolaci\u00f3n.\u00bb<\/p>\n<p>Vemos aqu\u00ed algunas de las razones por las cuales es importante la profec\u00eda, porque sirve para esas dimensiones de la vida cristiana cuando necesitamos \u00e1nimo o cuando necesitamos ser confrontados, o cuando necesitamos ser animados a buscar la Voluntad de Dios para nuestras vidas.<\/p>\n<p>Entonces Pablo est\u00e1 diciendo que esas cosas, que son de beneficio para el pueblo de Dios y que son inmediatamente accesibles porque se habla en un idioma comprensible, en un sentido son m\u00e1s importantes que aqu\u00e9llas que no edifican a la gente, aunque est\u00e1n expresando cosas misteriosas de parte del Esp\u00edritu Santo.<\/p>\n<p>Pablo hace una pregunta ret\u00f3rica en el vers\u00edculo 6, dice: \u00abAhora pues hermanos: si yo voy a vosotros hablando en lenguas \u00bfqu\u00e9 os aprovechar\u00e1? si no os hablase con revelaci\u00f3n o con ciencia, o con profec\u00eda, o con doctrina?\u00bb<\/p>\n<p>Lo que m\u00e1s me importa a m\u00ed de todo esto es ver que la preocupaci\u00f3n del ap\u00f3stol Pablo est\u00e1 en aqu\u00e9llas cosas que son de fortalecimiento y de provecho para la vida de la Iglesia. \u00c9l no est\u00e1 tan preocupado en que sean manifestaciones sensacionales, espectaculares, obviamente sobrenaturales, sino que su preocupaci\u00f3n es una preocupaci\u00f3n muy pastoral y muy pr\u00e1ctica: \u00bfde qu\u00e9 provecho es a la Iglesia esa manifestaci\u00f3n? Y eso nos invita a pensar que en la Iglesia tenemos que buscar sobre todo lo que produce resultados, lo que edifica al pueblo, lo que avanza a las cosas de Dios.<\/p>\n<p>Muchas veces las iglesias se preocupan m\u00e1s en tener servicios ruidosos y que hayan supuestas manifestaciones del Esp\u00edritu, y que haya mucho movimiento, mucha gente cay\u00e9ndose al piso y creemos que porque eso sucedi\u00f3, ya se di\u00f3 el prop\u00f3sito de Dios en el servicio. Pero la pregunta que tenemos que hacernos es: \u00bfqu\u00e9 resultado produce, qu\u00e9 beneficio y qu\u00e9 provecho da al final de cuentas?<\/p>\n<p>Muchas iglesias son iglesias inmaduras porque glorifican tanto los dones y no se preocupan lo suficiente del aspecto del crecimiento espiritual, el Evangelismo efectivo, la organizaci\u00f3n de la Iglesia, el discipulamiento de los creyentes, el crecimiento en el car\u00e1cter de Jesucristo; estas cosas son tan importantes como las supuestas manifestaciones sobrenaturales. Por eso es que Pablo una y otra vez trae esto a colaci\u00f3n.<\/p>\n<p>En la Iglesia de Corinto por ejemplo hab\u00edan muchas manifestaciones sobrenaturales, pero hab\u00eda inmoralidad, hab\u00edan pugnas entre creyentes, y Pablo dice: \u00bfde qu\u00e9 utilizad son esas cosas si ustedes est\u00e1n divididos entre s\u00ed y est\u00e1n peleando que yo soy de Pablo, que yo soy de Apolos y este, y lo otro?<\/p>\n<p>Entonces una y otra vez vemos eso \u00bfno? que en la vida congregacional, lo que m\u00e1s le importa al Esp\u00edritu Santo es: \u00bfqu\u00e9 provecho le est\u00e1 rindiendo al Reino de Dios o a los hijos de Dios las manifestaciones espirituales? Y esa debe ser la consideraci\u00f3n n\u00famero uno para determinar la forma en que administramos el mover de los dones en nuestras congregaciones. M\u00e1s adelante continuaremos con este estudio. Que el Se\u00f1or les bendiga.<\/p>\n","protected":false},"excerpt":{"rendered":"<p>Todo el cap\u00edtulo 14 de Primera de Corintios es una elaboraci\u00f3n detallada de la importancia de que haya balance tambi\u00e9n entre las diferentes consideraciones que una Iglesia debe tener en cuenta cuando est\u00e1 movi\u00e9ndose en la efusividad y el car\u00e1cter explosivos de los dones del Esp\u00edritu Santo. Vemos que esa efusividad de la cual hemos &hellip;<\/p>\n","protected":false},"author":1,"featured_media":36959,"comment_status":"open","ping_status":"open","sticky":false,"template":"","format":"standard","meta":{"footnotes":""},"categories":[34],"tags":[],"class_list":["post-36958","post","type-post","status-publish","format-standard","has-post-thumbnail","hentry","category-articulos"],"yoast_head":"<!-- This site is optimized with the Yoast SEO Premium plugin v24.2 (Yoast SEO v27.1.1) - https:\/\/yoast.com\/product\/yoast-seo-premium-wordpress\/ -->\n<title>Los Dones Son de Fortalecimiento y de Provecho para la Vida de la Iglesia - Tabernaculo Prensa de Dios<\/title>\n<meta name=\"robots\" content=\"index, follow, max-snippet:-1, max-image-preview:large, max-video-preview:-1\" \/>\n<link rel=\"canonical\" href=\"https:\/\/tabernaculoprensadedios.com\/web\/los-dones-son-de-fortalecimiento-y-de-provecho-para-la-vida-de-la-iglesia\/\" class=\"yoast-seo-meta-tag\" \/>\n<meta property=\"og:locale\" content=\"es_ES\" class=\"yoast-seo-meta-tag\" \/>\n<meta property=\"og:type\" content=\"article\" class=\"yoast-seo-meta-tag\" \/>\n<meta property=\"og:title\" content=\"Los Dones Son de Fortalecimiento y de Provecho para la Vida de la Iglesia\" class=\"yoast-seo-meta-tag\" \/>\n<meta property=\"og:description\" content=\"Todo el cap\u00edtulo 14 de Primera de Corintios es una elaboraci\u00f3n detallada de la importancia de que haya balance tambi\u00e9n entre las diferentes consideraciones que una Iglesia debe tener en cuenta cuando est\u00e1 movi\u00e9ndose en la efusividad y el car\u00e1cter explosivos de los dones del Esp\u00edritu Santo. Vemos que esa efusividad de la cual hemos &hellip;\" class=\"yoast-seo-meta-tag\" \/>\n<meta property=\"og:url\" content=\"https:\/\/tabernaculoprensadedios.com\/web\/los-dones-son-de-fortalecimiento-y-de-provecho-para-la-vida-de-la-iglesia\/\" class=\"yoast-seo-meta-tag\" \/>\n<meta property=\"og:site_name\" content=\"Tabernaculo Prensa de Dios\" class=\"yoast-seo-meta-tag\" \/>\n<meta property=\"article:published_time\" content=\"2026-01-27T12:13:24+00:00\" class=\"yoast-seo-meta-tag\" \/>\n<meta property=\"og:image\" content=\"https:\/\/tabernaculoprensadedios.com\/web\/wp-content\/uploads\/2026\/01\/dones.avif\" class=\"yoast-seo-meta-tag\" \/>\n\t<meta property=\"og:image:width\" content=\"1280\" class=\"yoast-seo-meta-tag\" \/>\n\t<meta property=\"og:image:height\" content=\"853\" class=\"yoast-seo-meta-tag\" \/>\n\t<meta property=\"og:image:type\" content=\"image\/jpeg\" class=\"yoast-seo-meta-tag\" \/>\n<meta name=\"author\" content=\"tabernaculo\" class=\"yoast-seo-meta-tag\" \/>\n<meta name=\"twitter:card\" content=\"summary_large_image\" class=\"yoast-seo-meta-tag\" \/>\n<meta name=\"twitter:creator\" content=\"@PrensadeDios\" class=\"yoast-seo-meta-tag\" \/>\n<meta name=\"twitter:site\" content=\"@PrensadeDios\" class=\"yoast-seo-meta-tag\" \/>\n<meta name=\"twitter:label1\" content=\"Escrito por\" class=\"yoast-seo-meta-tag\" \/>\n\t<meta name=\"twitter:data1\" content=\"tabernaculo\" class=\"yoast-seo-meta-tag\" \/>\n\t<meta name=\"twitter:label2\" content=\"Tiempo de lectura\" class=\"yoast-seo-meta-tag\" \/>\n\t<meta name=\"twitter:data2\" content=\"5 minutos\" class=\"yoast-seo-meta-tag\" \/>\n<script type=\"application\/ld+json\" class=\"yoast-schema-graph\">{\"@context\":\"https:\/\/schema.org\",\"@graph\":[{\"@type\":\"Article\",\"@id\":\"https:\/\/tabernaculoprensadedios.com\/web\/los-dones-son-de-fortalecimiento-y-de-provecho-para-la-vida-de-la-iglesia\/#article\",\"isPartOf\":{\"@id\":\"https:\/\/tabernaculoprensadedios.com\/web\/los-dones-son-de-fortalecimiento-y-de-provecho-para-la-vida-de-la-iglesia\/\"},\"author\":{\"name\":\"tabernaculo\",\"@id\":\"https:\/\/tabernaculoprensadedios.com\/web\/#\/schema\/person\/bc0e069fef56b38e177db6f098ae0b6e\"},\"headline\":\"Los Dones Son de Fortalecimiento y de Provecho para la Vida de la Iglesia\",\"datePublished\":\"2026-01-27T12:13:24+00:00\",\"mainEntityOfPage\":{\"@id\":\"https:\/\/tabernaculoprensadedios.com\/web\/los-dones-son-de-fortalecimiento-y-de-provecho-para-la-vida-de-la-iglesia\/\"},\"wordCount\":1088,\"commentCount\":0,\"publisher\":{\"@id\":\"https:\/\/tabernaculoprensadedios.com\/web\/#\/schema\/person\/bc0e069fef56b38e177db6f098ae0b6e\"},\"image\":{\"@id\":\"https:\/\/tabernaculoprensadedios.com\/web\/los-dones-son-de-fortalecimiento-y-de-provecho-para-la-vida-de-la-iglesia\/#primaryimage\"},\"thumbnailUrl\":\"https:\/\/tabernaculoprensadedios.com\/web\/wp-content\/uploads\/2026\/01\/dones.avif\",\"articleSection\":[\"Articulos\"],\"inLanguage\":\"es\",\"potentialAction\":[{\"@type\":\"CommentAction\",\"name\":\"Comment\",\"target\":[\"https:\/\/tabernaculoprensadedios.com\/web\/los-dones-son-de-fortalecimiento-y-de-provecho-para-la-vida-de-la-iglesia\/#respond\"]}]},{\"@type\":\"WebPage\",\"@id\":\"https:\/\/tabernaculoprensadedios.com\/web\/los-dones-son-de-fortalecimiento-y-de-provecho-para-la-vida-de-la-iglesia\/\",\"url\":\"https:\/\/tabernaculoprensadedios.com\/web\/los-dones-son-de-fortalecimiento-y-de-provecho-para-la-vida-de-la-iglesia\/\",\"name\":\"Los Dones Son de Fortalecimiento y de Provecho para la Vida de la Iglesia - Tabernaculo Prensa de Dios\",\"isPartOf\":{\"@id\":\"https:\/\/tabernaculoprensadedios.com\/web\/#website\"},\"primaryImageOfPage\":{\"@id\":\"https:\/\/tabernaculoprensadedios.com\/web\/los-dones-son-de-fortalecimiento-y-de-provecho-para-la-vida-de-la-iglesia\/#primaryimage\"},\"image\":{\"@id\":\"https:\/\/tabernaculoprensadedios.com\/web\/los-dones-son-de-fortalecimiento-y-de-provecho-para-la-vida-de-la-iglesia\/#primaryimage\"},\"thumbnailUrl\":\"https:\/\/tabernaculoprensadedios.com\/web\/wp-content\/uploads\/2026\/01\/dones.avif\",\"datePublished\":\"2026-01-27T12:13:24+00:00\",\"breadcrumb\":{\"@id\":\"https:\/\/tabernaculoprensadedios.com\/web\/los-dones-son-de-fortalecimiento-y-de-provecho-para-la-vida-de-la-iglesia\/#breadcrumb\"},\"inLanguage\":\"es\",\"potentialAction\":[{\"@type\":\"ReadAction\",\"target\":[\"https:\/\/tabernaculoprensadedios.com\/web\/los-dones-son-de-fortalecimiento-y-de-provecho-para-la-vida-de-la-iglesia\/\"]}]},{\"@type\":\"ImageObject\",\"inLanguage\":\"es\",\"@id\":\"https:\/\/tabernaculoprensadedios.com\/web\/los-dones-son-de-fortalecimiento-y-de-provecho-para-la-vida-de-la-iglesia\/#primaryimage\",\"url\":\"https:\/\/tabernaculoprensadedios.com\/web\/wp-content\/uploads\/2026\/01\/dones.avif\",\"contentUrl\":\"https:\/\/tabernaculoprensadedios.com\/web\/wp-content\/uploads\/2026\/01\/dones.avif\",\"width\":1280,\"height\":853},{\"@type\":\"BreadcrumbList\",\"@id\":\"https:\/\/tabernaculoprensadedios.com\/web\/los-dones-son-de-fortalecimiento-y-de-provecho-para-la-vida-de-la-iglesia\/#breadcrumb\",\"itemListElement\":[{\"@type\":\"ListItem\",\"position\":1,\"name\":\"Portada\",\"item\":\"https:\/\/tabernaculoprensadedios.com\/web\/\"},{\"@type\":\"ListItem\",\"position\":2,\"name\":\"Los Dones Son de Fortalecimiento y de Provecho para la Vida de la Iglesia\"}]},{\"@type\":\"WebSite\",\"@id\":\"https:\/\/tabernaculoprensadedios.com\/web\/#website\",\"url\":\"https:\/\/tabernaculoprensadedios.com\/web\/\",\"name\":\"Tabernaculo Prensa de Dios\",\"description\":\"Un medio a la manera de Dios\",\"publisher\":{\"@id\":\"https:\/\/tabernaculoprensadedios.com\/web\/#\/schema\/person\/bc0e069fef56b38e177db6f098ae0b6e\"},\"potentialAction\":[{\"@type\":\"SearchAction\",\"target\":{\"@type\":\"EntryPoint\",\"urlTemplate\":\"https:\/\/tabernaculoprensadedios.com\/web\/?s={search_term_string}\"},\"query-input\":{\"@type\":\"PropertyValueSpecification\",\"valueRequired\":true,\"valueName\":\"search_term_string\"}}],\"inLanguage\":\"es\"},{\"@type\":[\"Person\",\"Organization\"],\"@id\":\"https:\/\/tabernaculoprensadedios.com\/web\/#\/schema\/person\/bc0e069fef56b38e177db6f098ae0b6e\",\"name\":\"tabernaculo\",\"image\":{\"@type\":\"ImageObject\",\"inLanguage\":\"es\",\"@id\":\"https:\/\/tabernaculoprensadedios.com\/web\/#\/schema\/person\/image\/\",\"url\":\"https:\/\/tabernaculoprensadedios.com\/web\/wp-content\/uploads\/2015\/06\/login-logo1.png\",\"contentUrl\":\"https:\/\/tabernaculoprensadedios.com\/web\/wp-content\/uploads\/2015\/06\/login-logo1.png\",\"width\":300,\"height\":118,\"caption\":\"tabernaculo\"},\"logo\":{\"@id\":\"https:\/\/tabernaculoprensadedios.com\/web\/#\/schema\/person\/image\/\"},\"url\":\"https:\/\/tabernaculoprensadedios.com\/web\/author\/tabernaculo\/\"}]}<\/script>\n<!-- \/ Yoast SEO Premium plugin. -->","yoast_head_json":{"title":"Los Dones Son de Fortalecimiento y de Provecho para la Vida de la Iglesia - Tabernaculo Prensa de Dios","robots":{"index":"index","follow":"follow","max-snippet":"max-snippet:-1","max-image-preview":"max-image-preview:large","max-video-preview":"max-video-preview:-1"},"canonical":"https:\/\/tabernaculoprensadedios.com\/web\/los-dones-son-de-fortalecimiento-y-de-provecho-para-la-vida-de-la-iglesia\/","og_locale":"es_ES","og_type":"article","og_title":"Los Dones Son de Fortalecimiento y de Provecho para la Vida de la Iglesia","og_description":"Todo el cap\u00edtulo 14 de Primera de Corintios es una elaboraci\u00f3n detallada de la importancia de que haya balance tambi\u00e9n entre las diferentes consideraciones que una Iglesia debe tener en cuenta cuando est\u00e1 movi\u00e9ndose en la efusividad y el car\u00e1cter explosivos de los dones del Esp\u00edritu Santo. Vemos que esa efusividad de la cual hemos &hellip;","og_url":"https:\/\/tabernaculoprensadedios.com\/web\/los-dones-son-de-fortalecimiento-y-de-provecho-para-la-vida-de-la-iglesia\/","og_site_name":"Tabernaculo Prensa de Dios","article_published_time":"2026-01-27T12:13:24+00:00","og_image":[{"width":1280,"height":853,"url":"https:\/\/tabernaculoprensadedios.com\/web\/wp-content\/uploads\/2026\/01\/dones.avif","type":"image\/jpeg"}],"author":"tabernaculo","twitter_card":"summary_large_image","twitter_creator":"@PrensadeDios","twitter_site":"@PrensadeDios","twitter_misc":{"Escrito por":"tabernaculo","Tiempo de lectura":"5 minutos"},"schema":{"@context":"https:\/\/schema.org","@graph":[{"@type":"Article","@id":"https:\/\/tabernaculoprensadedios.com\/web\/los-dones-son-de-fortalecimiento-y-de-provecho-para-la-vida-de-la-iglesia\/#article","isPartOf":{"@id":"https:\/\/tabernaculoprensadedios.com\/web\/los-dones-son-de-fortalecimiento-y-de-provecho-para-la-vida-de-la-iglesia\/"},"author":{"name":"tabernaculo","@id":"https:\/\/tabernaculoprensadedios.com\/web\/#\/schema\/person\/bc0e069fef56b38e177db6f098ae0b6e"},"headline":"Los Dones Son de Fortalecimiento y de Provecho para la Vida de la Iglesia","datePublished":"2026-01-27T12:13:24+00:00","mainEntityOfPage":{"@id":"https:\/\/tabernaculoprensadedios.com\/web\/los-dones-son-de-fortalecimiento-y-de-provecho-para-la-vida-de-la-iglesia\/"},"wordCount":1088,"commentCount":0,"publisher":{"@id":"https:\/\/tabernaculoprensadedios.com\/web\/#\/schema\/person\/bc0e069fef56b38e177db6f098ae0b6e"},"image":{"@id":"https:\/\/tabernaculoprensadedios.com\/web\/los-dones-son-de-fortalecimiento-y-de-provecho-para-la-vida-de-la-iglesia\/#primaryimage"},"thumbnailUrl":"https:\/\/tabernaculoprensadedios.com\/web\/wp-content\/uploads\/2026\/01\/dones.avif","articleSection":["Articulos"],"inLanguage":"es","potentialAction":[{"@type":"CommentAction","name":"Comment","target":["https:\/\/tabernaculoprensadedios.com\/web\/los-dones-son-de-fortalecimiento-y-de-provecho-para-la-vida-de-la-iglesia\/#respond"]}]},{"@type":"WebPage","@id":"https:\/\/tabernaculoprensadedios.com\/web\/los-dones-son-de-fortalecimiento-y-de-provecho-para-la-vida-de-la-iglesia\/","url":"https:\/\/tabernaculoprensadedios.com\/web\/los-dones-son-de-fortalecimiento-y-de-provecho-para-la-vida-de-la-iglesia\/","name":"Los Dones Son de Fortalecimiento y de Provecho para la Vida de la Iglesia - Tabernaculo Prensa de Dios","isPartOf":{"@id":"https:\/\/tabernaculoprensadedios.com\/web\/#website"},"primaryImageOfPage":{"@id":"https:\/\/tabernaculoprensadedios.com\/web\/los-dones-son-de-fortalecimiento-y-de-provecho-para-la-vida-de-la-iglesia\/#primaryimage"},"image":{"@id":"https:\/\/tabernaculoprensadedios.com\/web\/los-dones-son-de-fortalecimiento-y-de-provecho-para-la-vida-de-la-iglesia\/#primaryimage"},"thumbnailUrl":"https:\/\/tabernaculoprensadedios.com\/web\/wp-content\/uploads\/2026\/01\/dones.avif","datePublished":"2026-01-27T12:13:24+00:00","breadcrumb":{"@id":"https:\/\/tabernaculoprensadedios.com\/web\/los-dones-son-de-fortalecimiento-y-de-provecho-para-la-vida-de-la-iglesia\/#breadcrumb"},"inLanguage":"es","potentialAction":[{"@type":"ReadAction","target":["https:\/\/tabernaculoprensadedios.com\/web\/los-dones-son-de-fortalecimiento-y-de-provecho-para-la-vida-de-la-iglesia\/"]}]},{"@type":"ImageObject","inLanguage":"es","@id":"https:\/\/tabernaculoprensadedios.com\/web\/los-dones-son-de-fortalecimiento-y-de-provecho-para-la-vida-de-la-iglesia\/#primaryimage","url":"https:\/\/tabernaculoprensadedios.com\/web\/wp-content\/uploads\/2026\/01\/dones.avif","contentUrl":"https:\/\/tabernaculoprensadedios.com\/web\/wp-content\/uploads\/2026\/01\/dones.avif","width":1280,"height":853},{"@type":"BreadcrumbList","@id":"https:\/\/tabernaculoprensadedios.com\/web\/los-dones-son-de-fortalecimiento-y-de-provecho-para-la-vida-de-la-iglesia\/#breadcrumb","itemListElement":[{"@type":"ListItem","position":1,"name":"Portada","item":"https:\/\/tabernaculoprensadedios.com\/web\/"},{"@type":"ListItem","position":2,"name":"Los Dones Son de Fortalecimiento y de Provecho para la Vida de la Iglesia"}]},{"@type":"WebSite","@id":"https:\/\/tabernaculoprensadedios.com\/web\/#website","url":"https:\/\/tabernaculoprensadedios.com\/web\/","name":"Tabernaculo Prensa de Dios","description":"Un medio a la manera de Dios","publisher":{"@id":"https:\/\/tabernaculoprensadedios.com\/web\/#\/schema\/person\/bc0e069fef56b38e177db6f098ae0b6e"},"potentialAction":[{"@type":"SearchAction","target":{"@type":"EntryPoint","urlTemplate":"https:\/\/tabernaculoprensadedios.com\/web\/?s={search_term_string}"},"query-input":{"@type":"PropertyValueSpecification","valueRequired":true,"valueName":"search_term_string"}}],"inLanguage":"es"},{"@type":["Person","Organization"],"@id":"https:\/\/tabernaculoprensadedios.com\/web\/#\/schema\/person\/bc0e069fef56b38e177db6f098ae0b6e","name":"tabernaculo","image":{"@type":"ImageObject","inLanguage":"es","@id":"https:\/\/tabernaculoprensadedios.com\/web\/#\/schema\/person\/image\/","url":"https:\/\/tabernaculoprensadedios.com\/web\/wp-content\/uploads\/2015\/06\/login-logo1.png","contentUrl":"https:\/\/tabernaculoprensadedios.com\/web\/wp-content\/uploads\/2015\/06\/login-logo1.png","width":300,"height":118,"caption":"tabernaculo"},"logo":{"@id":"https:\/\/tabernaculoprensadedios.com\/web\/#\/schema\/person\/image\/"},"url":"https:\/\/tabernaculoprensadedios.com\/web\/author\/tabernaculo\/"}]}},"_links":{"self":[{"href":"https:\/\/tabernaculoprensadedios.com\/web\/wp-json\/wp\/v2\/posts\/36958","targetHints":{"allow":["GET"]}}],"collection":[{"href":"https:\/\/tabernaculoprensadedios.com\/web\/wp-json\/wp\/v2\/posts"}],"about":[{"href":"https:\/\/tabernaculoprensadedios.com\/web\/wp-json\/wp\/v2\/types\/post"}],"author":[{"embeddable":true,"href":"https:\/\/tabernaculoprensadedios.com\/web\/wp-json\/wp\/v2\/users\/1"}],"replies":[{"embeddable":true,"href":"https:\/\/tabernaculoprensadedios.com\/web\/wp-json\/wp\/v2\/comments?post=36958"}],"version-history":[{"count":1,"href":"https:\/\/tabernaculoprensadedios.com\/web\/wp-json\/wp\/v2\/posts\/36958\/revisions"}],"predecessor-version":[{"id":36960,"href":"https:\/\/tabernaculoprensadedios.com\/web\/wp-json\/wp\/v2\/posts\/36958\/revisions\/36960"}],"wp:featuredmedia":[{"embeddable":true,"href":"https:\/\/tabernaculoprensadedios.com\/web\/wp-json\/wp\/v2\/media\/36959"}],"wp:attachment":[{"href":"https:\/\/tabernaculoprensadedios.com\/web\/wp-json\/wp\/v2\/media?parent=36958"}],"wp:term":[{"taxonomy":"category","embeddable":true,"href":"https:\/\/tabernaculoprensadedios.com\/web\/wp-json\/wp\/v2\/categories?post=36958"},{"taxonomy":"post_tag","embeddable":true,"href":"https:\/\/tabernaculoprensadedios.com\/web\/wp-json\/wp\/v2\/tags?post=36958"}],"curies":[{"name":"wp","href":"https:\/\/api.w.org\/{rel}","templated":true}]}}