{"id":36918,"date":"2026-01-21T11:13:46","date_gmt":"2026-01-21T11:13:46","guid":{"rendered":"https:\/\/tabernaculoprensadedios.com\/web\/?p=36918"},"modified":"2026-01-21T11:13:46","modified_gmt":"2026-01-21T11:13:46","slug":"cuando-la-fe-discierne-mas-alla-de-las-tradiciones","status":"publish","type":"post","link":"https:\/\/tabernaculoprensadedios.com\/web\/cuando-la-fe-discierne-mas-alla-de-las-tradiciones\/","title":{"rendered":"Cuando la Fe Discierne M\u00e1s All\u00e1 de las Tradiciones"},"content":{"rendered":"<p>Hoy nuestra naci\u00f3n celebra un d\u00eda feriado, sin embargo, desde la fe cristiana entendemos que espiritualmente sigue siendo un d\u00eda plenamente activo. No todos los descansos del calendario coinciden con los tiempos del esp\u00edritu, y es precisamente en esos momentos cuando la reflexi\u00f3n se vuelve necesaria.<\/p>\n<p>Como creyentes, afirmamos que nuestra adoraci\u00f3n pertenece \u00fanicamente a Dios, el Creador del cielo y de la tierra. La Escritura nos ense\u00f1a que el Padre busca adoradores que le adoren en esp\u00edritu y en verdad<strong> (Juan 4:23\u201324).<\/strong> Jes\u00fas mismo fue claro al declarar: <strong>\u201cAl Se\u00f1or tu Dios adorar\u00e1s, y a \u00c9l solo servir\u00e1s\u201d (Mateo 4:10).<\/strong><\/p>\n<p>Respetamos las expresiones culturales y las tradiciones que forman parte de la historia de los pueblos. No obstante, la fe cristiana encuentra su centro y su sentido en Jesucristo. \u00c9l es quien entreg\u00f3 su vida para darnos salvaci\u00f3n y vida eterna, y es reconocido en las Escrituras como el Rey de reyes y Se\u00f1or de se\u00f1ores, digno de toda honra y alabanza<strong> (Apocalipsis 5:12).<\/strong><\/p>\n<p>Este tiempo nos invita a una reflexi\u00f3n personal y sincera: \u00bfd\u00f3nde est\u00e1 puesta nuestra devoci\u00f3n?<br \/>\nLa Biblia afirma que solo en Cristo encontramos el camino, la verdad y la vida <strong>(Juan 14:6),<\/strong> y que \u00c9l es el \u00fanico mediador entre Dios y los hombres <strong>(1 Timoteo 2:5).<\/strong><\/p>\n<p>M\u00e1s all\u00e1 de fechas y costumbres, la fe cristiana nos recuerda que el prop\u00f3sito eterno es glorificar a Dios en todo. Con gratitud y reverencia, exaltamos al que vive por los siglos de los siglos.<br \/>\nA \u00c9l sea la gloria, el honor y el poder para siempre.<br \/>\n<strong>Gloria a Dios.<\/strong><\/p>\n<p><strong>La verdad no compite con las tradiciones; permanece firme en Cristo.<\/strong><\/p>\n\n\t\t<div class=\"clearfix\"><\/div>\n\t\t<div class=\"about-author about-author-box container-wrapper\">\n\t\t\t<div class=\"author-avatar\">\n\t\t\t\t<img loading=\"lazy\" decoding=\"async\" src=\"https:\/\/tabernaculoprensadedios.com\/web\/wp-content\/uploads\/2023\/06\/country-3880741_1280.jpg\" alt=\"Margarita Garc\u00eda\" class=\"author-avatar-img\" width=\"111\" height=\"111\" \/>\n\t\t\t<\/div>\n\t\t\t<div class=\"author-info\">\n\t\t\t\t<h4>Margarita Garc\u00eda<\/h4>Directora del Tabern\u00e1culo Prensa de Dios\n\t\t\t<\/div>\n\t\t<\/div>\n\t\n","protected":false},"excerpt":{"rendered":"<p>Hoy nuestra naci\u00f3n celebra un d\u00eda feriado, sin embargo, desde la fe cristiana entendemos que espiritualmente sigue siendo un d\u00eda plenamente activo. No todos los descansos del calendario coinciden con los tiempos del esp\u00edritu, y es precisamente en esos momentos cuando la reflexi\u00f3n se vuelve necesaria. Como creyentes, afirmamos que nuestra adoraci\u00f3n pertenece \u00fanicamente a &hellip;<\/p>\n","protected":false},"author":1,"featured_media":28361,"comment_status":"open","ping_status":"open","sticky":false,"template":"","format":"standard","meta":{"footnotes":""},"categories":[790],"tags":[],"class_list":["post-36918","post","type-post","status-publish","format-standard","has-post-thumbnail","hentry","category-voz-del-tabernaculo"],"yoast_head":"<!-- This site is optimized with the Yoast SEO Premium plugin v24.2 (Yoast SEO v27.1.1) - https:\/\/yoast.com\/product\/yoast-seo-premium-wordpress\/ -->\n<title>Cuando la Fe Discierne M\u00e1s All\u00e1 de las Tradiciones - Tabernaculo Prensa de Dios<\/title>\n<meta name=\"robots\" content=\"index, follow, max-snippet:-1, max-image-preview:large, max-video-preview:-1\" \/>\n<link rel=\"canonical\" href=\"https:\/\/tabernaculoprensadedios.com\/web\/cuando-la-fe-discierne-mas-alla-de-las-tradiciones\/\" class=\"yoast-seo-meta-tag\" \/>\n<meta property=\"og:locale\" content=\"es_ES\" class=\"yoast-seo-meta-tag\" \/>\n<meta property=\"og:type\" content=\"article\" class=\"yoast-seo-meta-tag\" \/>\n<meta property=\"og:title\" content=\"Cuando la Fe Discierne M\u00e1s All\u00e1 de las Tradiciones\" class=\"yoast-seo-meta-tag\" \/>\n<meta property=\"og:description\" content=\"Hoy nuestra naci\u00f3n celebra un d\u00eda feriado, sin embargo, desde la fe cristiana entendemos que espiritualmente sigue siendo un d\u00eda plenamente activo. No todos los descansos del calendario coinciden con los tiempos del esp\u00edritu, y es precisamente en esos momentos cuando la reflexi\u00f3n se vuelve necesaria. Como creyentes, afirmamos que nuestra adoraci\u00f3n pertenece \u00fanicamente a &hellip;\" class=\"yoast-seo-meta-tag\" \/>\n<meta property=\"og:url\" content=\"https:\/\/tabernaculoprensadedios.com\/web\/cuando-la-fe-discierne-mas-alla-de-las-tradiciones\/\" class=\"yoast-seo-meta-tag\" \/>\n<meta property=\"og:site_name\" content=\"Tabernaculo Prensa de Dios\" class=\"yoast-seo-meta-tag\" \/>\n<meta property=\"article:published_time\" content=\"2026-01-21T11:13:46+00:00\" class=\"yoast-seo-meta-tag\" \/>\n<meta property=\"og:image\" content=\"https:\/\/tabernaculoprensadedios.com\/web\/wp-content\/uploads\/2023\/06\/country-3880741_1280.jpg\" class=\"yoast-seo-meta-tag\" \/>\n\t<meta property=\"og:image:width\" content=\"1280\" class=\"yoast-seo-meta-tag\" \/>\n\t<meta property=\"og:image:height\" content=\"853\" class=\"yoast-seo-meta-tag\" \/>\n\t<meta property=\"og:image:type\" content=\"image\/jpeg\" class=\"yoast-seo-meta-tag\" \/>\n<meta name=\"author\" content=\"tabernaculo\" class=\"yoast-seo-meta-tag\" \/>\n<meta name=\"twitter:card\" content=\"summary_large_image\" class=\"yoast-seo-meta-tag\" \/>\n<meta name=\"twitter:creator\" content=\"@PrensadeDios\" class=\"yoast-seo-meta-tag\" \/>\n<meta name=\"twitter:site\" content=\"@PrensadeDios\" class=\"yoast-seo-meta-tag\" \/>\n<meta name=\"twitter:label1\" content=\"Escrito por\" class=\"yoast-seo-meta-tag\" \/>\n\t<meta name=\"twitter:data1\" content=\"tabernaculo\" class=\"yoast-seo-meta-tag\" \/>\n\t<meta name=\"twitter:label2\" content=\"Tiempo de lectura\" class=\"yoast-seo-meta-tag\" \/>\n\t<meta name=\"twitter:data2\" content=\"2 minutos\" class=\"yoast-seo-meta-tag\" \/>\n<script type=\"application\/ld+json\" class=\"yoast-schema-graph\">{\"@context\":\"https:\/\/schema.org\",\"@graph\":[{\"@type\":\"Article\",\"@id\":\"https:\/\/tabernaculoprensadedios.com\/web\/cuando-la-fe-discierne-mas-alla-de-las-tradiciones\/#article\",\"isPartOf\":{\"@id\":\"https:\/\/tabernaculoprensadedios.com\/web\/cuando-la-fe-discierne-mas-alla-de-las-tradiciones\/\"},\"author\":{\"name\":\"tabernaculo\",\"@id\":\"https:\/\/tabernaculoprensadedios.com\/web\/#\/schema\/person\/bc0e069fef56b38e177db6f098ae0b6e\"},\"headline\":\"Cuando la Fe Discierne M\u00e1s All\u00e1 de las Tradiciones\",\"datePublished\":\"2026-01-21T11:13:46+00:00\",\"mainEntityOfPage\":{\"@id\":\"https:\/\/tabernaculoprensadedios.com\/web\/cuando-la-fe-discierne-mas-alla-de-las-tradiciones\/\"},\"wordCount\":319,\"commentCount\":0,\"publisher\":{\"@id\":\"https:\/\/tabernaculoprensadedios.com\/web\/#\/schema\/person\/bc0e069fef56b38e177db6f098ae0b6e\"},\"image\":{\"@id\":\"https:\/\/tabernaculoprensadedios.com\/web\/cuando-la-fe-discierne-mas-alla-de-las-tradiciones\/#primaryimage\"},\"thumbnailUrl\":\"https:\/\/tabernaculoprensadedios.com\/web\/wp-content\/uploads\/2023\/06\/country-3880741_1280.jpg\",\"articleSection\":[\"Voz del Tabern\u00e1culo\"],\"inLanguage\":\"es\",\"potentialAction\":[{\"@type\":\"CommentAction\",\"name\":\"Comment\",\"target\":[\"https:\/\/tabernaculoprensadedios.com\/web\/cuando-la-fe-discierne-mas-alla-de-las-tradiciones\/#respond\"]}]},{\"@type\":\"WebPage\",\"@id\":\"https:\/\/tabernaculoprensadedios.com\/web\/cuando-la-fe-discierne-mas-alla-de-las-tradiciones\/\",\"url\":\"https:\/\/tabernaculoprensadedios.com\/web\/cuando-la-fe-discierne-mas-alla-de-las-tradiciones\/\",\"name\":\"Cuando la Fe Discierne M\u00e1s All\u00e1 de las Tradiciones - Tabernaculo Prensa de Dios\",\"isPartOf\":{\"@id\":\"https:\/\/tabernaculoprensadedios.com\/web\/#website\"},\"primaryImageOfPage\":{\"@id\":\"https:\/\/tabernaculoprensadedios.com\/web\/cuando-la-fe-discierne-mas-alla-de-las-tradiciones\/#primaryimage\"},\"image\":{\"@id\":\"https:\/\/tabernaculoprensadedios.com\/web\/cuando-la-fe-discierne-mas-alla-de-las-tradiciones\/#primaryimage\"},\"thumbnailUrl\":\"https:\/\/tabernaculoprensadedios.com\/web\/wp-content\/uploads\/2023\/06\/country-3880741_1280.jpg\",\"datePublished\":\"2026-01-21T11:13:46+00:00\",\"breadcrumb\":{\"@id\":\"https:\/\/tabernaculoprensadedios.com\/web\/cuando-la-fe-discierne-mas-alla-de-las-tradiciones\/#breadcrumb\"},\"inLanguage\":\"es\",\"potentialAction\":[{\"@type\":\"ReadAction\",\"target\":[\"https:\/\/tabernaculoprensadedios.com\/web\/cuando-la-fe-discierne-mas-alla-de-las-tradiciones\/\"]}]},{\"@type\":\"ImageObject\",\"inLanguage\":\"es\",\"@id\":\"https:\/\/tabernaculoprensadedios.com\/web\/cuando-la-fe-discierne-mas-alla-de-las-tradiciones\/#primaryimage\",\"url\":\"https:\/\/tabernaculoprensadedios.com\/web\/wp-content\/uploads\/2023\/06\/country-3880741_1280.jpg\",\"contentUrl\":\"https:\/\/tabernaculoprensadedios.com\/web\/wp-content\/uploads\/2023\/06\/country-3880741_1280.jpg\",\"width\":1280,\"height\":853},{\"@type\":\"BreadcrumbList\",\"@id\":\"https:\/\/tabernaculoprensadedios.com\/web\/cuando-la-fe-discierne-mas-alla-de-las-tradiciones\/#breadcrumb\",\"itemListElement\":[{\"@type\":\"ListItem\",\"position\":1,\"name\":\"Portada\",\"item\":\"https:\/\/tabernaculoprensadedios.com\/web\/\"},{\"@type\":\"ListItem\",\"position\":2,\"name\":\"Cuando la Fe Discierne M\u00e1s All\u00e1 de las Tradiciones\"}]},{\"@type\":\"WebSite\",\"@id\":\"https:\/\/tabernaculoprensadedios.com\/web\/#website\",\"url\":\"https:\/\/tabernaculoprensadedios.com\/web\/\",\"name\":\"Tabernaculo Prensa de Dios\",\"description\":\"Un medio a la manera de Dios\",\"publisher\":{\"@id\":\"https:\/\/tabernaculoprensadedios.com\/web\/#\/schema\/person\/bc0e069fef56b38e177db6f098ae0b6e\"},\"potentialAction\":[{\"@type\":\"SearchAction\",\"target\":{\"@type\":\"EntryPoint\",\"urlTemplate\":\"https:\/\/tabernaculoprensadedios.com\/web\/?s={search_term_string}\"},\"query-input\":{\"@type\":\"PropertyValueSpecification\",\"valueRequired\":true,\"valueName\":\"search_term_string\"}}],\"inLanguage\":\"es\"},{\"@type\":[\"Person\",\"Organization\"],\"@id\":\"https:\/\/tabernaculoprensadedios.com\/web\/#\/schema\/person\/bc0e069fef56b38e177db6f098ae0b6e\",\"name\":\"tabernaculo\",\"image\":{\"@type\":\"ImageObject\",\"inLanguage\":\"es\",\"@id\":\"https:\/\/tabernaculoprensadedios.com\/web\/#\/schema\/person\/image\/\",\"url\":\"https:\/\/tabernaculoprensadedios.com\/web\/wp-content\/uploads\/2015\/06\/login-logo1.png\",\"contentUrl\":\"https:\/\/tabernaculoprensadedios.com\/web\/wp-content\/uploads\/2015\/06\/login-logo1.png\",\"width\":300,\"height\":118,\"caption\":\"tabernaculo\"},\"logo\":{\"@id\":\"https:\/\/tabernaculoprensadedios.com\/web\/#\/schema\/person\/image\/\"},\"url\":\"https:\/\/tabernaculoprensadedios.com\/web\/author\/tabernaculo\/\"}]}<\/script>\n<!-- \/ Yoast SEO Premium plugin. -->","yoast_head_json":{"title":"Cuando la Fe Discierne M\u00e1s All\u00e1 de las Tradiciones - Tabernaculo Prensa de Dios","robots":{"index":"index","follow":"follow","max-snippet":"max-snippet:-1","max-image-preview":"max-image-preview:large","max-video-preview":"max-video-preview:-1"},"canonical":"https:\/\/tabernaculoprensadedios.com\/web\/cuando-la-fe-discierne-mas-alla-de-las-tradiciones\/","og_locale":"es_ES","og_type":"article","og_title":"Cuando la Fe Discierne M\u00e1s All\u00e1 de las Tradiciones","og_description":"Hoy nuestra naci\u00f3n celebra un d\u00eda feriado, sin embargo, desde la fe cristiana entendemos que espiritualmente sigue siendo un d\u00eda plenamente activo. No todos los descansos del calendario coinciden con los tiempos del esp\u00edritu, y es precisamente en esos momentos cuando la reflexi\u00f3n se vuelve necesaria. Como creyentes, afirmamos que nuestra adoraci\u00f3n pertenece \u00fanicamente a &hellip;","og_url":"https:\/\/tabernaculoprensadedios.com\/web\/cuando-la-fe-discierne-mas-alla-de-las-tradiciones\/","og_site_name":"Tabernaculo Prensa de Dios","article_published_time":"2026-01-21T11:13:46+00:00","og_image":[{"width":1280,"height":853,"url":"https:\/\/tabernaculoprensadedios.com\/web\/wp-content\/uploads\/2023\/06\/country-3880741_1280.jpg","type":"image\/jpeg"}],"author":"tabernaculo","twitter_card":"summary_large_image","twitter_creator":"@PrensadeDios","twitter_site":"@PrensadeDios","twitter_misc":{"Escrito por":"tabernaculo","Tiempo de lectura":"2 minutos"},"schema":{"@context":"https:\/\/schema.org","@graph":[{"@type":"Article","@id":"https:\/\/tabernaculoprensadedios.com\/web\/cuando-la-fe-discierne-mas-alla-de-las-tradiciones\/#article","isPartOf":{"@id":"https:\/\/tabernaculoprensadedios.com\/web\/cuando-la-fe-discierne-mas-alla-de-las-tradiciones\/"},"author":{"name":"tabernaculo","@id":"https:\/\/tabernaculoprensadedios.com\/web\/#\/schema\/person\/bc0e069fef56b38e177db6f098ae0b6e"},"headline":"Cuando la Fe Discierne M\u00e1s All\u00e1 de las Tradiciones","datePublished":"2026-01-21T11:13:46+00:00","mainEntityOfPage":{"@id":"https:\/\/tabernaculoprensadedios.com\/web\/cuando-la-fe-discierne-mas-alla-de-las-tradiciones\/"},"wordCount":319,"commentCount":0,"publisher":{"@id":"https:\/\/tabernaculoprensadedios.com\/web\/#\/schema\/person\/bc0e069fef56b38e177db6f098ae0b6e"},"image":{"@id":"https:\/\/tabernaculoprensadedios.com\/web\/cuando-la-fe-discierne-mas-alla-de-las-tradiciones\/#primaryimage"},"thumbnailUrl":"https:\/\/tabernaculoprensadedios.com\/web\/wp-content\/uploads\/2023\/06\/country-3880741_1280.jpg","articleSection":["Voz del Tabern\u00e1culo"],"inLanguage":"es","potentialAction":[{"@type":"CommentAction","name":"Comment","target":["https:\/\/tabernaculoprensadedios.com\/web\/cuando-la-fe-discierne-mas-alla-de-las-tradiciones\/#respond"]}]},{"@type":"WebPage","@id":"https:\/\/tabernaculoprensadedios.com\/web\/cuando-la-fe-discierne-mas-alla-de-las-tradiciones\/","url":"https:\/\/tabernaculoprensadedios.com\/web\/cuando-la-fe-discierne-mas-alla-de-las-tradiciones\/","name":"Cuando la Fe Discierne M\u00e1s All\u00e1 de las Tradiciones - Tabernaculo Prensa de Dios","isPartOf":{"@id":"https:\/\/tabernaculoprensadedios.com\/web\/#website"},"primaryImageOfPage":{"@id":"https:\/\/tabernaculoprensadedios.com\/web\/cuando-la-fe-discierne-mas-alla-de-las-tradiciones\/#primaryimage"},"image":{"@id":"https:\/\/tabernaculoprensadedios.com\/web\/cuando-la-fe-discierne-mas-alla-de-las-tradiciones\/#primaryimage"},"thumbnailUrl":"https:\/\/tabernaculoprensadedios.com\/web\/wp-content\/uploads\/2023\/06\/country-3880741_1280.jpg","datePublished":"2026-01-21T11:13:46+00:00","breadcrumb":{"@id":"https:\/\/tabernaculoprensadedios.com\/web\/cuando-la-fe-discierne-mas-alla-de-las-tradiciones\/#breadcrumb"},"inLanguage":"es","potentialAction":[{"@type":"ReadAction","target":["https:\/\/tabernaculoprensadedios.com\/web\/cuando-la-fe-discierne-mas-alla-de-las-tradiciones\/"]}]},{"@type":"ImageObject","inLanguage":"es","@id":"https:\/\/tabernaculoprensadedios.com\/web\/cuando-la-fe-discierne-mas-alla-de-las-tradiciones\/#primaryimage","url":"https:\/\/tabernaculoprensadedios.com\/web\/wp-content\/uploads\/2023\/06\/country-3880741_1280.jpg","contentUrl":"https:\/\/tabernaculoprensadedios.com\/web\/wp-content\/uploads\/2023\/06\/country-3880741_1280.jpg","width":1280,"height":853},{"@type":"BreadcrumbList","@id":"https:\/\/tabernaculoprensadedios.com\/web\/cuando-la-fe-discierne-mas-alla-de-las-tradiciones\/#breadcrumb","itemListElement":[{"@type":"ListItem","position":1,"name":"Portada","item":"https:\/\/tabernaculoprensadedios.com\/web\/"},{"@type":"ListItem","position":2,"name":"Cuando la Fe Discierne M\u00e1s All\u00e1 de las Tradiciones"}]},{"@type":"WebSite","@id":"https:\/\/tabernaculoprensadedios.com\/web\/#website","url":"https:\/\/tabernaculoprensadedios.com\/web\/","name":"Tabernaculo Prensa de Dios","description":"Un medio a la manera de Dios","publisher":{"@id":"https:\/\/tabernaculoprensadedios.com\/web\/#\/schema\/person\/bc0e069fef56b38e177db6f098ae0b6e"},"potentialAction":[{"@type":"SearchAction","target":{"@type":"EntryPoint","urlTemplate":"https:\/\/tabernaculoprensadedios.com\/web\/?s={search_term_string}"},"query-input":{"@type":"PropertyValueSpecification","valueRequired":true,"valueName":"search_term_string"}}],"inLanguage":"es"},{"@type":["Person","Organization"],"@id":"https:\/\/tabernaculoprensadedios.com\/web\/#\/schema\/person\/bc0e069fef56b38e177db6f098ae0b6e","name":"tabernaculo","image":{"@type":"ImageObject","inLanguage":"es","@id":"https:\/\/tabernaculoprensadedios.com\/web\/#\/schema\/person\/image\/","url":"https:\/\/tabernaculoprensadedios.com\/web\/wp-content\/uploads\/2015\/06\/login-logo1.png","contentUrl":"https:\/\/tabernaculoprensadedios.com\/web\/wp-content\/uploads\/2015\/06\/login-logo1.png","width":300,"height":118,"caption":"tabernaculo"},"logo":{"@id":"https:\/\/tabernaculoprensadedios.com\/web\/#\/schema\/person\/image\/"},"url":"https:\/\/tabernaculoprensadedios.com\/web\/author\/tabernaculo\/"}]}},"_links":{"self":[{"href":"https:\/\/tabernaculoprensadedios.com\/web\/wp-json\/wp\/v2\/posts\/36918","targetHints":{"allow":["GET"]}}],"collection":[{"href":"https:\/\/tabernaculoprensadedios.com\/web\/wp-json\/wp\/v2\/posts"}],"about":[{"href":"https:\/\/tabernaculoprensadedios.com\/web\/wp-json\/wp\/v2\/types\/post"}],"author":[{"embeddable":true,"href":"https:\/\/tabernaculoprensadedios.com\/web\/wp-json\/wp\/v2\/users\/1"}],"replies":[{"embeddable":true,"href":"https:\/\/tabernaculoprensadedios.com\/web\/wp-json\/wp\/v2\/comments?post=36918"}],"version-history":[{"count":1,"href":"https:\/\/tabernaculoprensadedios.com\/web\/wp-json\/wp\/v2\/posts\/36918\/revisions"}],"predecessor-version":[{"id":36919,"href":"https:\/\/tabernaculoprensadedios.com\/web\/wp-json\/wp\/v2\/posts\/36918\/revisions\/36919"}],"wp:featuredmedia":[{"embeddable":true,"href":"https:\/\/tabernaculoprensadedios.com\/web\/wp-json\/wp\/v2\/media\/28361"}],"wp:attachment":[{"href":"https:\/\/tabernaculoprensadedios.com\/web\/wp-json\/wp\/v2\/media?parent=36918"}],"wp:term":[{"taxonomy":"category","embeddable":true,"href":"https:\/\/tabernaculoprensadedios.com\/web\/wp-json\/wp\/v2\/categories?post=36918"},{"taxonomy":"post_tag","embeddable":true,"href":"https:\/\/tabernaculoprensadedios.com\/web\/wp-json\/wp\/v2\/tags?post=36918"}],"curies":[{"name":"wp","href":"https:\/\/api.w.org\/{rel}","templated":true}]}}