{"id":36896,"date":"2026-01-20T00:50:49","date_gmt":"2026-01-20T00:50:49","guid":{"rendered":"https:\/\/tabernaculoprensadedios.com\/web\/?p=36896"},"modified":"2026-01-20T00:50:49","modified_gmt":"2026-01-20T00:50:49","slug":"en-tiempos-dificiles-refugiemonos-en-la-presencia-de-dios","status":"publish","type":"post","link":"https:\/\/tabernaculoprensadedios.com\/web\/en-tiempos-dificiles-refugiemonos-en-la-presencia-de-dios\/","title":{"rendered":"En tiempos dif\u00edciles refugi\u00e9monos en la Presencia de Dios"},"content":{"rendered":"<p>El Salmo 27-5 atribuido al rey David, refleja una profunda conexi\u00f3n y confianza en Dios en medio de las adversidades. En el vers\u00edculo 5, David expresa su seguridad en la protecci\u00f3n divina incluso en tiempos dif\u00edciles. La met\u00e1fora de ser escondido en el Tabern\u00e1culo de Dios evoca la imagen de refugiarse en la presencia misma del Creador.<\/p>\n<p>La referencia al \u00abd\u00eda del mal\u00bb sugiere momentos de prueba y dificultad que todos enfrentamos en nuestras vidas. En esos momentos, David conf\u00eda en que Dios actuar\u00e1 como su protector, ofreciendo refugio y seguridad en el Tabern\u00e1culo divino. Este simbolismo destaca la idea de que en la cercan\u00eda con Dios encontramos resguardo y paz.<\/p>\n<p>La expresi\u00f3n \u00abme ocultar\u00e1 en lo reservado de su morada\u00bb sugiere un lugar especial y apartado, se\u00f1alando la intimidad de la relaci\u00f3n entre el salmista y su creador. Este \u00abesconderijo\u00bb no solo proporciona seguridad f\u00edsica, sino tambi\u00e9n un refugio espiritual donde el alma encuentra consuelo y fortaleza.<\/p>\n<p>La imagen de ser colocado \u00absobre una roca\u00bb refuerza la idea de solidez y estabilidad. En medio de las tormentas de la vida, Dios es representado como la roca firme sobre la cual podemos permanecer elevados y seguros. Esta roca simboliza la inquebrantable fidelidad y fortaleza de Dios, que sostiene al creyente en momentos dif\u00edciles.<\/p>\n<p>En resumen, el Salmo 27-5 nos invita a confiar en la protecci\u00f3n divina, a refugiarnos en la presencia de Dios en tiempos dif\u00edciles y a encontrar nuestra seguridad en la roca inmutable de su fidelidad.<\/p>\n","protected":false},"excerpt":{"rendered":"<p>El Salmo 27-5 atribuido al rey David, refleja una profunda conexi\u00f3n y confianza en Dios en medio de las adversidades. En el vers\u00edculo 5, David expresa su seguridad en la protecci\u00f3n divina incluso en tiempos dif\u00edciles. La met\u00e1fora de ser escondido en el Tabern\u00e1culo de Dios evoca la imagen de refugiarse en la presencia misma &hellip;<\/p>\n","protected":false},"author":1,"featured_media":36899,"comment_status":"open","ping_status":"open","sticky":false,"template":"","format":"standard","meta":{"footnotes":""},"categories":[34],"tags":[],"class_list":["post-36896","post","type-post","status-publish","format-standard","has-post-thumbnail","hentry","category-articulos"],"yoast_head":"<!-- This site is optimized with the Yoast SEO Premium plugin v24.2 (Yoast SEO v27.1.1) - https:\/\/yoast.com\/product\/yoast-seo-premium-wordpress\/ -->\n<title>En tiempos dif\u00edciles refugi\u00e9monos en la Presencia de Dios - Tabernaculo Prensa de Dios<\/title>\n<meta name=\"robots\" content=\"index, follow, max-snippet:-1, max-image-preview:large, max-video-preview:-1\" \/>\n<link rel=\"canonical\" href=\"https:\/\/tabernaculoprensadedios.com\/web\/en-tiempos-dificiles-refugiemonos-en-la-presencia-de-dios\/\" class=\"yoast-seo-meta-tag\" \/>\n<meta property=\"og:locale\" content=\"es_ES\" class=\"yoast-seo-meta-tag\" \/>\n<meta property=\"og:type\" content=\"article\" class=\"yoast-seo-meta-tag\" \/>\n<meta property=\"og:title\" content=\"En tiempos dif\u00edciles refugi\u00e9monos en la Presencia de Dios\" class=\"yoast-seo-meta-tag\" \/>\n<meta property=\"og:description\" content=\"El Salmo 27-5 atribuido al rey David, refleja una profunda conexi\u00f3n y confianza en Dios en medio de las adversidades. En el vers\u00edculo 5, David expresa su seguridad en la protecci\u00f3n divina incluso en tiempos dif\u00edciles. La met\u00e1fora de ser escondido en el Tabern\u00e1culo de Dios evoca la imagen de refugiarse en la presencia misma &hellip;\" class=\"yoast-seo-meta-tag\" \/>\n<meta property=\"og:url\" content=\"https:\/\/tabernaculoprensadedios.com\/web\/en-tiempos-dificiles-refugiemonos-en-la-presencia-de-dios\/\" class=\"yoast-seo-meta-tag\" \/>\n<meta property=\"og:site_name\" content=\"Tabernaculo Prensa de Dios\" class=\"yoast-seo-meta-tag\" \/>\n<meta property=\"article:published_time\" content=\"2026-01-20T00:50:49+00:00\" class=\"yoast-seo-meta-tag\" \/>\n<meta property=\"og:image\" content=\"https:\/\/tabernaculoprensadedios.com\/web\/wp-content\/uploads\/2026\/01\/refugio.avif\" class=\"yoast-seo-meta-tag\" \/>\n\t<meta property=\"og:image:width\" content=\"1280\" class=\"yoast-seo-meta-tag\" \/>\n\t<meta property=\"og:image:height\" content=\"851\" class=\"yoast-seo-meta-tag\" \/>\n\t<meta property=\"og:image:type\" content=\"image\/jpeg\" class=\"yoast-seo-meta-tag\" \/>\n<meta name=\"author\" content=\"tabernaculo\" class=\"yoast-seo-meta-tag\" \/>\n<meta name=\"twitter:card\" content=\"summary_large_image\" class=\"yoast-seo-meta-tag\" \/>\n<meta name=\"twitter:creator\" content=\"@PrensadeDios\" class=\"yoast-seo-meta-tag\" \/>\n<meta name=\"twitter:site\" content=\"@PrensadeDios\" class=\"yoast-seo-meta-tag\" \/>\n<meta name=\"twitter:label1\" content=\"Escrito por\" class=\"yoast-seo-meta-tag\" \/>\n\t<meta name=\"twitter:data1\" content=\"tabernaculo\" class=\"yoast-seo-meta-tag\" \/>\n\t<meta name=\"twitter:label2\" content=\"Tiempo de lectura\" class=\"yoast-seo-meta-tag\" \/>\n\t<meta name=\"twitter:data2\" content=\"2 minutos\" class=\"yoast-seo-meta-tag\" \/>\n<script type=\"application\/ld+json\" class=\"yoast-schema-graph\">{\"@context\":\"https:\/\/schema.org\",\"@graph\":[{\"@type\":\"Article\",\"@id\":\"https:\/\/tabernaculoprensadedios.com\/web\/en-tiempos-dificiles-refugiemonos-en-la-presencia-de-dios\/#article\",\"isPartOf\":{\"@id\":\"https:\/\/tabernaculoprensadedios.com\/web\/en-tiempos-dificiles-refugiemonos-en-la-presencia-de-dios\/\"},\"author\":{\"name\":\"tabernaculo\",\"@id\":\"https:\/\/tabernaculoprensadedios.com\/web\/#\/schema\/person\/bc0e069fef56b38e177db6f098ae0b6e\"},\"headline\":\"En tiempos dif\u00edciles refugi\u00e9monos en la Presencia de Dios\",\"datePublished\":\"2026-01-20T00:50:49+00:00\",\"mainEntityOfPage\":{\"@id\":\"https:\/\/tabernaculoprensadedios.com\/web\/en-tiempos-dificiles-refugiemonos-en-la-presencia-de-dios\/\"},\"wordCount\":276,\"commentCount\":0,\"publisher\":{\"@id\":\"https:\/\/tabernaculoprensadedios.com\/web\/#\/schema\/person\/bc0e069fef56b38e177db6f098ae0b6e\"},\"image\":{\"@id\":\"https:\/\/tabernaculoprensadedios.com\/web\/en-tiempos-dificiles-refugiemonos-en-la-presencia-de-dios\/#primaryimage\"},\"thumbnailUrl\":\"https:\/\/tabernaculoprensadedios.com\/web\/wp-content\/uploads\/2026\/01\/refugio.avif\",\"articleSection\":[\"Articulos\"],\"inLanguage\":\"es\",\"potentialAction\":[{\"@type\":\"CommentAction\",\"name\":\"Comment\",\"target\":[\"https:\/\/tabernaculoprensadedios.com\/web\/en-tiempos-dificiles-refugiemonos-en-la-presencia-de-dios\/#respond\"]}]},{\"@type\":\"WebPage\",\"@id\":\"https:\/\/tabernaculoprensadedios.com\/web\/en-tiempos-dificiles-refugiemonos-en-la-presencia-de-dios\/\",\"url\":\"https:\/\/tabernaculoprensadedios.com\/web\/en-tiempos-dificiles-refugiemonos-en-la-presencia-de-dios\/\",\"name\":\"En tiempos dif\u00edciles refugi\u00e9monos en la Presencia de Dios - Tabernaculo Prensa de Dios\",\"isPartOf\":{\"@id\":\"https:\/\/tabernaculoprensadedios.com\/web\/#website\"},\"primaryImageOfPage\":{\"@id\":\"https:\/\/tabernaculoprensadedios.com\/web\/en-tiempos-dificiles-refugiemonos-en-la-presencia-de-dios\/#primaryimage\"},\"image\":{\"@id\":\"https:\/\/tabernaculoprensadedios.com\/web\/en-tiempos-dificiles-refugiemonos-en-la-presencia-de-dios\/#primaryimage\"},\"thumbnailUrl\":\"https:\/\/tabernaculoprensadedios.com\/web\/wp-content\/uploads\/2026\/01\/refugio.avif\",\"datePublished\":\"2026-01-20T00:50:49+00:00\",\"breadcrumb\":{\"@id\":\"https:\/\/tabernaculoprensadedios.com\/web\/en-tiempos-dificiles-refugiemonos-en-la-presencia-de-dios\/#breadcrumb\"},\"inLanguage\":\"es\",\"potentialAction\":[{\"@type\":\"ReadAction\",\"target\":[\"https:\/\/tabernaculoprensadedios.com\/web\/en-tiempos-dificiles-refugiemonos-en-la-presencia-de-dios\/\"]}]},{\"@type\":\"ImageObject\",\"inLanguage\":\"es\",\"@id\":\"https:\/\/tabernaculoprensadedios.com\/web\/en-tiempos-dificiles-refugiemonos-en-la-presencia-de-dios\/#primaryimage\",\"url\":\"https:\/\/tabernaculoprensadedios.com\/web\/wp-content\/uploads\/2026\/01\/refugio.avif\",\"contentUrl\":\"https:\/\/tabernaculoprensadedios.com\/web\/wp-content\/uploads\/2026\/01\/refugio.avif\",\"width\":1280,\"height\":851},{\"@type\":\"BreadcrumbList\",\"@id\":\"https:\/\/tabernaculoprensadedios.com\/web\/en-tiempos-dificiles-refugiemonos-en-la-presencia-de-dios\/#breadcrumb\",\"itemListElement\":[{\"@type\":\"ListItem\",\"position\":1,\"name\":\"Portada\",\"item\":\"https:\/\/tabernaculoprensadedios.com\/web\/\"},{\"@type\":\"ListItem\",\"position\":2,\"name\":\"En tiempos dif\u00edciles refugi\u00e9monos en la Presencia de Dios\"}]},{\"@type\":\"WebSite\",\"@id\":\"https:\/\/tabernaculoprensadedios.com\/web\/#website\",\"url\":\"https:\/\/tabernaculoprensadedios.com\/web\/\",\"name\":\"Tabernaculo Prensa de Dios\",\"description\":\"Un medio a la manera de Dios\",\"publisher\":{\"@id\":\"https:\/\/tabernaculoprensadedios.com\/web\/#\/schema\/person\/bc0e069fef56b38e177db6f098ae0b6e\"},\"potentialAction\":[{\"@type\":\"SearchAction\",\"target\":{\"@type\":\"EntryPoint\",\"urlTemplate\":\"https:\/\/tabernaculoprensadedios.com\/web\/?s={search_term_string}\"},\"query-input\":{\"@type\":\"PropertyValueSpecification\",\"valueRequired\":true,\"valueName\":\"search_term_string\"}}],\"inLanguage\":\"es\"},{\"@type\":[\"Person\",\"Organization\"],\"@id\":\"https:\/\/tabernaculoprensadedios.com\/web\/#\/schema\/person\/bc0e069fef56b38e177db6f098ae0b6e\",\"name\":\"tabernaculo\",\"image\":{\"@type\":\"ImageObject\",\"inLanguage\":\"es\",\"@id\":\"https:\/\/tabernaculoprensadedios.com\/web\/#\/schema\/person\/image\/\",\"url\":\"https:\/\/tabernaculoprensadedios.com\/web\/wp-content\/uploads\/2015\/06\/login-logo1.png\",\"contentUrl\":\"https:\/\/tabernaculoprensadedios.com\/web\/wp-content\/uploads\/2015\/06\/login-logo1.png\",\"width\":300,\"height\":118,\"caption\":\"tabernaculo\"},\"logo\":{\"@id\":\"https:\/\/tabernaculoprensadedios.com\/web\/#\/schema\/person\/image\/\"},\"url\":\"https:\/\/tabernaculoprensadedios.com\/web\/author\/tabernaculo\/\"}]}<\/script>\n<!-- \/ Yoast SEO Premium plugin. -->","yoast_head_json":{"title":"En tiempos dif\u00edciles refugi\u00e9monos en la Presencia de Dios - Tabernaculo Prensa de Dios","robots":{"index":"index","follow":"follow","max-snippet":"max-snippet:-1","max-image-preview":"max-image-preview:large","max-video-preview":"max-video-preview:-1"},"canonical":"https:\/\/tabernaculoprensadedios.com\/web\/en-tiempos-dificiles-refugiemonos-en-la-presencia-de-dios\/","og_locale":"es_ES","og_type":"article","og_title":"En tiempos dif\u00edciles refugi\u00e9monos en la Presencia de Dios","og_description":"El Salmo 27-5 atribuido al rey David, refleja una profunda conexi\u00f3n y confianza en Dios en medio de las adversidades. En el vers\u00edculo 5, David expresa su seguridad en la protecci\u00f3n divina incluso en tiempos dif\u00edciles. La met\u00e1fora de ser escondido en el Tabern\u00e1culo de Dios evoca la imagen de refugiarse en la presencia misma &hellip;","og_url":"https:\/\/tabernaculoprensadedios.com\/web\/en-tiempos-dificiles-refugiemonos-en-la-presencia-de-dios\/","og_site_name":"Tabernaculo Prensa de Dios","article_published_time":"2026-01-20T00:50:49+00:00","og_image":[{"width":1280,"height":851,"url":"https:\/\/tabernaculoprensadedios.com\/web\/wp-content\/uploads\/2026\/01\/refugio.avif","type":"image\/jpeg"}],"author":"tabernaculo","twitter_card":"summary_large_image","twitter_creator":"@PrensadeDios","twitter_site":"@PrensadeDios","twitter_misc":{"Escrito por":"tabernaculo","Tiempo de lectura":"2 minutos"},"schema":{"@context":"https:\/\/schema.org","@graph":[{"@type":"Article","@id":"https:\/\/tabernaculoprensadedios.com\/web\/en-tiempos-dificiles-refugiemonos-en-la-presencia-de-dios\/#article","isPartOf":{"@id":"https:\/\/tabernaculoprensadedios.com\/web\/en-tiempos-dificiles-refugiemonos-en-la-presencia-de-dios\/"},"author":{"name":"tabernaculo","@id":"https:\/\/tabernaculoprensadedios.com\/web\/#\/schema\/person\/bc0e069fef56b38e177db6f098ae0b6e"},"headline":"En tiempos dif\u00edciles refugi\u00e9monos en la Presencia de Dios","datePublished":"2026-01-20T00:50:49+00:00","mainEntityOfPage":{"@id":"https:\/\/tabernaculoprensadedios.com\/web\/en-tiempos-dificiles-refugiemonos-en-la-presencia-de-dios\/"},"wordCount":276,"commentCount":0,"publisher":{"@id":"https:\/\/tabernaculoprensadedios.com\/web\/#\/schema\/person\/bc0e069fef56b38e177db6f098ae0b6e"},"image":{"@id":"https:\/\/tabernaculoprensadedios.com\/web\/en-tiempos-dificiles-refugiemonos-en-la-presencia-de-dios\/#primaryimage"},"thumbnailUrl":"https:\/\/tabernaculoprensadedios.com\/web\/wp-content\/uploads\/2026\/01\/refugio.avif","articleSection":["Articulos"],"inLanguage":"es","potentialAction":[{"@type":"CommentAction","name":"Comment","target":["https:\/\/tabernaculoprensadedios.com\/web\/en-tiempos-dificiles-refugiemonos-en-la-presencia-de-dios\/#respond"]}]},{"@type":"WebPage","@id":"https:\/\/tabernaculoprensadedios.com\/web\/en-tiempos-dificiles-refugiemonos-en-la-presencia-de-dios\/","url":"https:\/\/tabernaculoprensadedios.com\/web\/en-tiempos-dificiles-refugiemonos-en-la-presencia-de-dios\/","name":"En tiempos dif\u00edciles refugi\u00e9monos en la Presencia de Dios - Tabernaculo Prensa de Dios","isPartOf":{"@id":"https:\/\/tabernaculoprensadedios.com\/web\/#website"},"primaryImageOfPage":{"@id":"https:\/\/tabernaculoprensadedios.com\/web\/en-tiempos-dificiles-refugiemonos-en-la-presencia-de-dios\/#primaryimage"},"image":{"@id":"https:\/\/tabernaculoprensadedios.com\/web\/en-tiempos-dificiles-refugiemonos-en-la-presencia-de-dios\/#primaryimage"},"thumbnailUrl":"https:\/\/tabernaculoprensadedios.com\/web\/wp-content\/uploads\/2026\/01\/refugio.avif","datePublished":"2026-01-20T00:50:49+00:00","breadcrumb":{"@id":"https:\/\/tabernaculoprensadedios.com\/web\/en-tiempos-dificiles-refugiemonos-en-la-presencia-de-dios\/#breadcrumb"},"inLanguage":"es","potentialAction":[{"@type":"ReadAction","target":["https:\/\/tabernaculoprensadedios.com\/web\/en-tiempos-dificiles-refugiemonos-en-la-presencia-de-dios\/"]}]},{"@type":"ImageObject","inLanguage":"es","@id":"https:\/\/tabernaculoprensadedios.com\/web\/en-tiempos-dificiles-refugiemonos-en-la-presencia-de-dios\/#primaryimage","url":"https:\/\/tabernaculoprensadedios.com\/web\/wp-content\/uploads\/2026\/01\/refugio.avif","contentUrl":"https:\/\/tabernaculoprensadedios.com\/web\/wp-content\/uploads\/2026\/01\/refugio.avif","width":1280,"height":851},{"@type":"BreadcrumbList","@id":"https:\/\/tabernaculoprensadedios.com\/web\/en-tiempos-dificiles-refugiemonos-en-la-presencia-de-dios\/#breadcrumb","itemListElement":[{"@type":"ListItem","position":1,"name":"Portada","item":"https:\/\/tabernaculoprensadedios.com\/web\/"},{"@type":"ListItem","position":2,"name":"En tiempos dif\u00edciles refugi\u00e9monos en la Presencia de Dios"}]},{"@type":"WebSite","@id":"https:\/\/tabernaculoprensadedios.com\/web\/#website","url":"https:\/\/tabernaculoprensadedios.com\/web\/","name":"Tabernaculo Prensa de Dios","description":"Un medio a la manera de Dios","publisher":{"@id":"https:\/\/tabernaculoprensadedios.com\/web\/#\/schema\/person\/bc0e069fef56b38e177db6f098ae0b6e"},"potentialAction":[{"@type":"SearchAction","target":{"@type":"EntryPoint","urlTemplate":"https:\/\/tabernaculoprensadedios.com\/web\/?s={search_term_string}"},"query-input":{"@type":"PropertyValueSpecification","valueRequired":true,"valueName":"search_term_string"}}],"inLanguage":"es"},{"@type":["Person","Organization"],"@id":"https:\/\/tabernaculoprensadedios.com\/web\/#\/schema\/person\/bc0e069fef56b38e177db6f098ae0b6e","name":"tabernaculo","image":{"@type":"ImageObject","inLanguage":"es","@id":"https:\/\/tabernaculoprensadedios.com\/web\/#\/schema\/person\/image\/","url":"https:\/\/tabernaculoprensadedios.com\/web\/wp-content\/uploads\/2015\/06\/login-logo1.png","contentUrl":"https:\/\/tabernaculoprensadedios.com\/web\/wp-content\/uploads\/2015\/06\/login-logo1.png","width":300,"height":118,"caption":"tabernaculo"},"logo":{"@id":"https:\/\/tabernaculoprensadedios.com\/web\/#\/schema\/person\/image\/"},"url":"https:\/\/tabernaculoprensadedios.com\/web\/author\/tabernaculo\/"}]}},"_links":{"self":[{"href":"https:\/\/tabernaculoprensadedios.com\/web\/wp-json\/wp\/v2\/posts\/36896","targetHints":{"allow":["GET"]}}],"collection":[{"href":"https:\/\/tabernaculoprensadedios.com\/web\/wp-json\/wp\/v2\/posts"}],"about":[{"href":"https:\/\/tabernaculoprensadedios.com\/web\/wp-json\/wp\/v2\/types\/post"}],"author":[{"embeddable":true,"href":"https:\/\/tabernaculoprensadedios.com\/web\/wp-json\/wp\/v2\/users\/1"}],"replies":[{"embeddable":true,"href":"https:\/\/tabernaculoprensadedios.com\/web\/wp-json\/wp\/v2\/comments?post=36896"}],"version-history":[{"count":1,"href":"https:\/\/tabernaculoprensadedios.com\/web\/wp-json\/wp\/v2\/posts\/36896\/revisions"}],"predecessor-version":[{"id":36900,"href":"https:\/\/tabernaculoprensadedios.com\/web\/wp-json\/wp\/v2\/posts\/36896\/revisions\/36900"}],"wp:featuredmedia":[{"embeddable":true,"href":"https:\/\/tabernaculoprensadedios.com\/web\/wp-json\/wp\/v2\/media\/36899"}],"wp:attachment":[{"href":"https:\/\/tabernaculoprensadedios.com\/web\/wp-json\/wp\/v2\/media?parent=36896"}],"wp:term":[{"taxonomy":"category","embeddable":true,"href":"https:\/\/tabernaculoprensadedios.com\/web\/wp-json\/wp\/v2\/categories?post=36896"},{"taxonomy":"post_tag","embeddable":true,"href":"https:\/\/tabernaculoprensadedios.com\/web\/wp-json\/wp\/v2\/tags?post=36896"}],"curies":[{"name":"wp","href":"https:\/\/api.w.org\/{rel}","templated":true}]}}